{"id":249451,"date":"2021-01-24T17:52:44","date_gmt":"2021-01-24T16:52:44","guid":{"rendered":"https:\/\/acefootball.com\/da\/?p=249451"},"modified":"2021-01-24T17:56:34","modified_gmt":"2021-01-24T16:56:34","slug":"ny-frisure-zlatan-antaender-sociale-medier-med-instagram-billede","status":"publish","type":"post","link":"https:\/\/acefootball.com\/da\/fodboldnyheder\/ny-frisure-zlatan-antaender-sociale-medier-med-instagram-billede\/","title":{"rendered":"Ny frisure? &#8211; Zlatan ant\u00e6nder sociale medier med Instagram-billede"},"content":{"rendered":"\n<h2 id=\"h-zlatan-ibrahimovic-har-lagt-et-nyt-billede-p-sin-instagram-story-og-det-er-med-en-mindre-beh-ret-udgave-af-den-svenske-stjerne\">Zlatan Ibrahimovic har lagt et nyt billede p\u00e5 sin Instagram-story, og det er med en mindre beh\u00e5ret udgave af den svenske stjerne<\/h2>\n\n\n\n<div class=\"wp-block-si-widget wp-block-si-widget--center\"><si-lb-widget widget-id=\"MatchInfoWithOdds\" data-nopadding=\"true\" data-card=\"true\" width=\"440\" data-event-id=\"3429132\"><\/si-lb-widget><\/div>\n\n\n\n<p>Der var ikke meget, der lykkedes for Zlatan Ibrahimovic og AC Milan l\u00f8rdag aften, hvor man l\u00f8b ind i et 0-3-nederlag hjemme til Atalanta.<\/p>\n\n\n\n<p>Dagen efter har den store svensker muligvis f\u00f8lt, at der skulle tages fokus v\u00e6k fra nederlaget, og det har han i sandhed form\u00e5et.<\/p>\n\n\n\n<p>Zlatan har s\u00e5ledes lagt et billede p\u00e5 sin Instagram-profil, hvor den ellers s\u00e5 karakteristiske h\u00e5rpragt er r\u00f8get af, og det har f\u00e5et de fleste f\u00f8lgere p\u00e5 sociale medier til at tabe underk\u00e6ben.<\/p>\n\n\n\n<div class=\"wp-block-image\"><figure class=\"aligncenter size-large\"><img loading=\"lazy\" width=\"472\" height=\"663\" src=\"https:\/\/acefootball.com\/da\/wp-content\/uploads\/sites\/2\/2021\/01\/image-131.png\" alt=\"\" class=\"wp-image-249453\" srcset=\"https:\/\/acefootball.com\/da\/wp-content\/uploads\/sites\/2\/2021\/01\/image-131.png 472w, https:\/\/acefootball.com\/da\/wp-content\/uploads\/sites\/2\/2021\/01\/image-131-214x300.png 214w\" sizes=\"(max-width: 472px) 100vw, 472px\" \/><\/figure><\/div>\n\n\n\n<p>Flere f\u00f8ler sig dog ret sikre p\u00e5, at der er tale om billedredigering, og det skulle da ogs\u00e5 v\u00e6re m\u00e6rkeligt, om angrebsprofilen kunne finde p\u00e5 noget s\u00e5 drastisk.<\/p>\n\n\n\n<p>Ibrahimovic har tidligere udtalt, at hans styrke l\u00e5 i h\u00e5ret, s\u00e5 der er formentlig tale om endnu et af svenskerens mange numre. Om end ikke andet har vi nu f\u00e5et at se, hvordan en blank isse ville kl\u00e6de ham.<\/p>\n","protected":false},"excerpt":{"rendered":"<p>Zlatan Ibrahimovic har lagt et nyt billede p\u00e5 sin Instagram-story, og det er med en mindre beh\u00e5ret udgave af den svenske stjerne<\/p>\n","protected":false},"author":705,"featured_media":235420,"comment_status":"open","ping_status":"closed","sticky":false,"template":"","format":"standard","meta":{"om_disable_all_campaigns":false,"push_articles_ronaldo":{"active":false,"canonical":0,"publish":false},"force_updates":null},"categories":[2470],"tags":[66,131,1015,283],"enet_tags":{"team":["8564","8520"],"league":["55"],"player":["35724"],"sport_events":[3429132]},"yoast_head":"<!-- This site is optimized with the Yoast SEO plugin v18.3 - https:\/\/yoast.com\/wordpress\/plugins\/seo\/ -->\n<title>Ny frisure? - Zlatan ant\u00e6nder sociale medier med Instagram-billede<\/title>\n<meta name=\"description\" content=\"Zlatan Ibrahimovic har lagt et nyt billede p\u00e5 sin Instagram-story, og det er med en mindre beh\u00e5ret udgave af den svenske stjerne\" \/>\n<meta name=\"robots\" content=\"index, follow, max-snippet:-1, max-image-preview:large, max-video-preview:-1\" \/>\n<link rel=\"canonical\" href=\"https:\/\/acefootball.com\/da\/fodboldnyheder\/ny-frisure-zlatan-antaender-sociale-medier-med-instagram-billede\/\" \/>\n<meta property=\"og:locale\" content=\"en_US\" \/>\n<meta property=\"og:type\" content=\"article\" \/>\n<meta property=\"og:title\" content=\"Ny frisure? - Zlatan ant\u00e6nder sociale medier med Instagram-billede\" \/>\n<meta property=\"og:description\" content=\"Zlatan Ibrahimovic har lagt et nyt billede p\u00e5 sin Instagram-story, og det er med en mindre beh\u00e5ret udgave af den svenske stjerne\" \/>\n<meta property=\"og:url\" content=\"https:\/\/acefootball.com\/da\/fodboldnyheder\/ny-frisure-zlatan-antaender-sociale-medier-med-instagram-billede\/\" \/>\n<meta property=\"og:site_name\" content=\"Ace Football Danmark\" \/>\n<meta property=\"article:publisher\" content=\"https:\/\/www.facebook.com\/acefootballdk\" \/>\n<meta property=\"article:published_time\" content=\"2021-01-24T16:52:44+00:00\" \/>\n<meta property=\"article:modified_time\" content=\"2021-01-24T16:56:34+00:00\" \/>\n<meta property=\"og:image\" content=\"https:\/\/acefootball.com\/da\/wp-content\/uploads\/sites\/2\/2021\/01\/Copy-of-Copy-of-Ace-3-8.jpg\" \/>\n\t<meta property=\"og:image:width\" content=\"1920\" \/>\n\t<meta property=\"og:image:height\" content=\"1008\" \/>\n\t<meta property=\"og:image:type\" content=\"image\/jpeg\" \/>\n<meta name=\"twitter:card\" content=\"summary_large_image\" \/>\n<meta name=\"twitter:label1\" content=\"Written by\" \/>\n\t<meta name=\"twitter:data1\" content=\"Mads Dreyer\" \/>\n\t<meta name=\"twitter:label2\" content=\"Est. reading time\" \/>\n\t<meta name=\"twitter:data2\" content=\"1 minute\" \/>\n<script type=\"application\/ld+json\" class=\"yoast-schema-graph\">{\"@context\":\"https:\/\/schema.org\",\"@graph\":[{\"@type\":\"Organization\",\"@id\":\"https:\/\/acefootball.com\/da\/#organization\",\"name\":\"Ace Football\",\"url\":\"https:\/\/acefootball.com\/da\/\",\"sameAs\":[\"https:\/\/www.facebook.com\/acefootballdk\"],\"logo\":{\"@type\":\"ImageObject\",\"@id\":\"https:\/\/acefootball.com\/da\/#logo\",\"inLanguage\":\"en-US\",\"url\":\"https:\/\/acefootball.com\/da\/wp-content\/uploads\/sites\/2\/2020\/07\/Ace-Football-30-07-2020-2.png\",\"contentUrl\":\"https:\/\/acefootball.com\/da\/wp-content\/uploads\/sites\/2\/2020\/07\/Ace-Football-30-07-2020-2.png\",\"width\":1200,\"height\":600,\"caption\":\"Ace Football\"},\"image\":{\"@id\":\"https:\/\/acefootball.com\/da\/#logo\"}},{\"@type\":\"WebSite\",\"@id\":\"https:\/\/acefootball.com\/da\/#website\",\"url\":\"https:\/\/acefootball.com\/da\/\",\"name\":\"Ace Football Danmark\",\"description\":\"Nyheder, Spiltips &amp; Livescore\",\"publisher\":{\"@id\":\"https:\/\/acefootball.com\/da\/#organization\"},\"potentialAction\":[{\"@type\":\"SearchAction\",\"target\":{\"@type\":\"EntryPoint\",\"urlTemplate\":\"https:\/\/acefootball.com\/da\/?s={search_term_string}\"},\"query-input\":\"required name=search_term_string\"}],\"inLanguage\":\"en-US\"},{\"@type\":\"ImageObject\",\"@id\":\"https:\/\/acefootball.com\/da\/fodboldnyheder\/ny-frisure-zlatan-antaender-sociale-medier-med-instagram-billede\/#primaryimage\",\"inLanguage\":\"en-US\",\"url\":\"https:\/\/acefootball.com\/da\/wp-content\/uploads\/sites\/2\/2021\/01\/Copy-of-Copy-of-Ace-3-8.jpg\",\"contentUrl\":\"https:\/\/acefootball.com\/da\/wp-content\/uploads\/sites\/2\/2021\/01\/Copy-of-Copy-of-Ace-3-8.jpg\",\"width\":1920,\"height\":1008},{\"@type\":\"WebPage\",\"@id\":\"https:\/\/acefootball.com\/da\/fodboldnyheder\/ny-frisure-zlatan-antaender-sociale-medier-med-instagram-billede\/#webpage\",\"url\":\"https:\/\/acefootball.com\/da\/fodboldnyheder\/ny-frisure-zlatan-antaender-sociale-medier-med-instagram-billede\/\",\"name\":\"Ny frisure? - Zlatan ant\u00e6nder sociale medier med Instagram-billede\",\"isPartOf\":{\"@id\":\"https:\/\/acefootball.com\/da\/#website\"},\"primaryImageOfPage\":{\"@id\":\"https:\/\/acefootball.com\/da\/fodboldnyheder\/ny-frisure-zlatan-antaender-sociale-medier-med-instagram-billede\/#primaryimage\"},\"datePublished\":\"2021-01-24T16:52:44+00:00\",\"dateModified\":\"2021-01-24T16:56:34+00:00\",\"description\":\"Zlatan Ibrahimovic har lagt et nyt billede p\u00e5 sin Instagram-story, og det er med en mindre beh\u00e5ret udgave af den svenske stjerne\",\"breadcrumb\":{\"@id\":\"https:\/\/acefootball.com\/da\/fodboldnyheder\/ny-frisure-zlatan-antaender-sociale-medier-med-instagram-billede\/#breadcrumb\"},\"inLanguage\":\"en-US\",\"potentialAction\":[{\"@type\":\"ReadAction\",\"target\":[\"https:\/\/acefootball.com\/da\/fodboldnyheder\/ny-frisure-zlatan-antaender-sociale-medier-med-instagram-billede\/\"]}]},{\"@type\":\"BreadcrumbList\",\"@id\":\"https:\/\/acefootball.com\/da\/fodboldnyheder\/ny-frisure-zlatan-antaender-sociale-medier-med-instagram-billede\/#breadcrumb\",\"itemListElement\":[{\"@type\":\"ListItem\",\"position\":1,\"name\":\"Home\",\"item\":\"https:\/\/acefootball.com\/da\/\"},{\"@type\":\"ListItem\",\"position\":2,\"name\":\"Ny frisure? &#8211; Zlatan ant\u00e6nder sociale medier med Instagram-billede\"}]},{\"@type\":\"Article\",\"@id\":\"https:\/\/acefootball.com\/da\/fodboldnyheder\/ny-frisure-zlatan-antaender-sociale-medier-med-instagram-billede\/#article\",\"isPartOf\":{\"@id\":\"https:\/\/acefootball.com\/da\/fodboldnyheder\/ny-frisure-zlatan-antaender-sociale-medier-med-instagram-billede\/#webpage\"},\"author\":{\"@id\":\"https:\/\/acefootball.com\/da\/#\/schema\/person\/ee67e9cf04a276f144100ffa722f10cd\"},\"headline\":\"Ny frisure? &#8211; Zlatan ant\u00e6nder sociale medier med Instagram-billede\",\"datePublished\":\"2021-01-24T16:52:44+00:00\",\"dateModified\":\"2021-01-24T16:56:34+00:00\",\"mainEntityOfPage\":{\"@id\":\"https:\/\/acefootball.com\/da\/fodboldnyheder\/ny-frisure-zlatan-antaender-sociale-medier-med-instagram-billede\/#webpage\"},\"wordCount\":197,\"commentCount\":0,\"publisher\":{\"@id\":\"https:\/\/acefootball.com\/da\/#organization\"},\"image\":{\"@id\":\"https:\/\/acefootball.com\/da\/fodboldnyheder\/ny-frisure-zlatan-antaender-sociale-medier-med-instagram-billede\/#primaryimage\"},\"thumbnailUrl\":\"https:\/\/acefootball.com\/da\/wp-content\/uploads\/sites\/2\/2020\/08\/GettyImages-1263343855-1.jpg\",\"keywords\":[\"AC Milan\",\"Serie A\",\"Sverige\",\"Zlatan Ibrahimovic\"],\"articleSection\":[\"Offsite\"],\"inLanguage\":\"en-US\",\"potentialAction\":[{\"@type\":\"CommentAction\",\"name\":\"Comment\",\"target\":[\"https:\/\/acefootball.com\/da\/fodboldnyheder\/ny-frisure-zlatan-antaender-sociale-medier-med-instagram-billede\/#respond\"]}]},{\"@type\":\"Person\",\"@id\":\"https:\/\/acefootball.com\/da\/#\/schema\/person\/ee67e9cf04a276f144100ffa722f10cd\",\"name\":\"Mads Dreyer\",\"image\":{\"@type\":\"ImageObject\",\"@id\":\"https:\/\/acefootball.com\/da\/#personlogo\",\"inLanguage\":\"en-US\",\"url\":\"https:\/\/secure.gravatar.com\/avatar\/7c7abf72cfde9902b6a60efe60c88d4c?s=96&d=mm&r=g\",\"contentUrl\":\"https:\/\/secure.gravatar.com\/avatar\/7c7abf72cfde9902b6a60efe60c88d4c?s=96&d=mm&r=g\",\"caption\":\"Mads Dreyer\"},\"description\":\"Skribent og fodboldn\u00f8rd, der lige nu fort\u00e6ller om alt og intet i fodboldverdenen p\u00e5 acefootball.com. Uddannet i kommunikation fra Aalborg Universitet.\",\"sameAs\":[\"https:\/\/www.linkedin.com\/in\/mads-dreyer-b9b08266\/\"],\"url\":\"https:\/\/acefootball.com\/da\/fodboldnyheder\/author\/mdnronaldo\/\"}]}<\/script>\n<!-- \/ Yoast SEO plugin. -->","yoast_head_json":{"title":"Ny frisure? - Zlatan ant\u00e6nder sociale medier med Instagram-billede","description":"Zlatan Ibrahimovic har lagt et nyt billede p\u00e5 sin Instagram-story, og det er med en mindre beh\u00e5ret udgave af den svenske stjerne","robots":{"index":"index","follow":"follow","max-snippet":"max-snippet:-1","max-image-preview":"max-image-preview:large","max-video-preview":"max-video-preview:-1"},"canonical":"https:\/\/acefootball.com\/da\/fodboldnyheder\/ny-frisure-zlatan-antaender-sociale-medier-med-instagram-billede\/","og_locale":"en_US","og_type":"article","og_title":"Ny frisure? - Zlatan ant\u00e6nder sociale medier med Instagram-billede","og_description":"Zlatan Ibrahimovic har lagt et nyt billede p\u00e5 sin Instagram-story, og det er med en mindre beh\u00e5ret udgave af den svenske stjerne","og_url":"https:\/\/acefootball.com\/da\/fodboldnyheder\/ny-frisure-zlatan-antaender-sociale-medier-med-instagram-billede\/","og_site_name":"Ace Football Danmark","article_publisher":"https:\/\/www.facebook.com\/acefootballdk","article_published_time":"2021-01-24T16:52:44+00:00","article_modified_time":"2021-01-24T16:56:34+00:00","og_image":[{"width":1920,"height":1008,"url":"https:\/\/acefootball.com\/da\/wp-content\/uploads\/sites\/2\/2021\/01\/Copy-of-Copy-of-Ace-3-8.jpg","type":"image\/jpeg"}],"twitter_card":"summary_large_image","twitter_misc":{"Written by":"Mads Dreyer","Est. reading time":"1 minute"},"schema":{"@context":"https:\/\/schema.org","@graph":[{"@type":"Organization","@id":"https:\/\/acefootball.com\/da\/#organization","name":"Ace Football","url":"https:\/\/acefootball.com\/da\/","sameAs":["https:\/\/www.facebook.com\/acefootballdk"],"logo":{"@type":"ImageObject","@id":"https:\/\/acefootball.com\/da\/#logo","inLanguage":"en-US","url":"https:\/\/acefootball.com\/da\/wp-content\/uploads\/sites\/2\/2020\/07\/Ace-Football-30-07-2020-2.png","contentUrl":"https:\/\/acefootball.com\/da\/wp-content\/uploads\/sites\/2\/2020\/07\/Ace-Football-30-07-2020-2.png","width":1200,"height":600,"caption":"Ace Football"},"image":{"@id":"https:\/\/acefootball.com\/da\/#logo"}},{"@type":"WebSite","@id":"https:\/\/acefootball.com\/da\/#website","url":"https:\/\/acefootball.com\/da\/","name":"Ace Football Danmark","description":"Nyheder, Spiltips &amp; Livescore","publisher":{"@id":"https:\/\/acefootball.com\/da\/#organization"},"potentialAction":[{"@type":"SearchAction","target":{"@type":"EntryPoint","urlTemplate":"https:\/\/acefootball.com\/da\/?s={search_term_string}"},"query-input":"required name=search_term_string"}],"inLanguage":"en-US"},{"@type":"ImageObject","@id":"https:\/\/acefootball.com\/da\/fodboldnyheder\/ny-frisure-zlatan-antaender-sociale-medier-med-instagram-billede\/#primaryimage","inLanguage":"en-US","url":"https:\/\/acefootball.com\/da\/wp-content\/uploads\/sites\/2\/2021\/01\/Copy-of-Copy-of-Ace-3-8.jpg","contentUrl":"https:\/\/acefootball.com\/da\/wp-content\/uploads\/sites\/2\/2021\/01\/Copy-of-Copy-of-Ace-3-8.jpg","width":1920,"height":1008},{"@type":"WebPage","@id":"https:\/\/acefootball.com\/da\/fodboldnyheder\/ny-frisure-zlatan-antaender-sociale-medier-med-instagram-billede\/#webpage","url":"https:\/\/acefootball.com\/da\/fodboldnyheder\/ny-frisure-zlatan-antaender-sociale-medier-med-instagram-billede\/","name":"Ny frisure? - Zlatan ant\u00e6nder sociale medier med Instagram-billede","isPartOf":{"@id":"https:\/\/acefootball.com\/da\/#website"},"primaryImageOfPage":{"@id":"https:\/\/acefootball.com\/da\/fodboldnyheder\/ny-frisure-zlatan-antaender-sociale-medier-med-instagram-billede\/#primaryimage"},"datePublished":"2021-01-24T16:52:44+00:00","dateModified":"2021-01-24T16:56:34+00:00","description":"Zlatan Ibrahimovic har lagt et nyt billede p\u00e5 sin Instagram-story, og det er med en mindre beh\u00e5ret udgave af den svenske stjerne","breadcrumb":{"@id":"https:\/\/acefootball.com\/da\/fodboldnyheder\/ny-frisure-zlatan-antaender-sociale-medier-med-instagram-billede\/#breadcrumb"},"inLanguage":"en-US","potentialAction":[{"@type":"ReadAction","target":["https:\/\/acefootball.com\/da\/fodboldnyheder\/ny-frisure-zlatan-antaender-sociale-medier-med-instagram-billede\/"]}]},{"@type":"BreadcrumbList","@id":"https:\/\/acefootball.com\/da\/fodboldnyheder\/ny-frisure-zlatan-antaender-sociale-medier-med-instagram-billede\/#breadcrumb","itemListElement":[{"@type":"ListItem","position":1,"name":"Home","item":"https:\/\/acefootball.com\/da\/"},{"@type":"ListItem","position":2,"name":"Ny frisure? &#8211; Zlatan ant\u00e6nder sociale medier med Instagram-billede"}]},{"@type":"Article","@id":"https:\/\/acefootball.com\/da\/fodboldnyheder\/ny-frisure-zlatan-antaender-sociale-medier-med-instagram-billede\/#article","isPartOf":{"@id":"https:\/\/acefootball.com\/da\/fodboldnyheder\/ny-frisure-zlatan-antaender-sociale-medier-med-instagram-billede\/#webpage"},"author":{"@id":"https:\/\/acefootball.com\/da\/#\/schema\/person\/ee67e9cf04a276f144100ffa722f10cd"},"headline":"Ny frisure? &#8211; Zlatan ant\u00e6nder sociale medier med Instagram-billede","datePublished":"2021-01-24T16:52:44+00:00","dateModified":"2021-01-24T16:56:34+00:00","mainEntityOfPage":{"@id":"https:\/\/acefootball.com\/da\/fodboldnyheder\/ny-frisure-zlatan-antaender-sociale-medier-med-instagram-billede\/#webpage"},"wordCount":197,"commentCount":0,"publisher":{"@id":"https:\/\/acefootball.com\/da\/#organization"},"image":{"@id":"https:\/\/acefootball.com\/da\/fodboldnyheder\/ny-frisure-zlatan-antaender-sociale-medier-med-instagram-billede\/#primaryimage"},"thumbnailUrl":"https:\/\/acefootball.com\/da\/wp-content\/uploads\/sites\/2\/2020\/08\/GettyImages-1263343855-1.jpg","keywords":["AC Milan","Serie A","Sverige","Zlatan Ibrahimovic"],"articleSection":["Offsite"],"inLanguage":"en-US","potentialAction":[{"@type":"CommentAction","name":"Comment","target":["https:\/\/acefootball.com\/da\/fodboldnyheder\/ny-frisure-zlatan-antaender-sociale-medier-med-instagram-billede\/#respond"]}]},{"@type":"Person","@id":"https:\/\/acefootball.com\/da\/#\/schema\/person\/ee67e9cf04a276f144100ffa722f10cd","name":"Mads Dreyer","image":{"@type":"ImageObject","@id":"https:\/\/acefootball.com\/da\/#personlogo","inLanguage":"en-US","url":"https:\/\/secure.gravatar.com\/avatar\/7c7abf72cfde9902b6a60efe60c88d4c?s=96&d=mm&r=g","contentUrl":"https:\/\/secure.gravatar.com\/avatar\/7c7abf72cfde9902b6a60efe60c88d4c?s=96&d=mm&r=g","caption":"Mads Dreyer"},"description":"Skribent og fodboldn\u00f8rd, der lige nu fort\u00e6ller om alt og intet i fodboldverdenen p\u00e5 acefootball.com. Uddannet i kommunikation fra Aalborg Universitet.","sameAs":["https:\/\/www.linkedin.com\/in\/mads-dreyer-b9b08266\/"],"url":"https:\/\/acefootball.com\/da\/fodboldnyheder\/author\/mdnronaldo\/"}]}},"fimg_url":"https:\/\/acefootball.com\/da\/wp-content\/uploads\/sites\/2\/2020\/08\/GettyImages-1263343855-1.jpg","_links":{"self":[{"href":"https:\/\/acefootball.com\/da\/wp-json\/wp\/v2\/posts\/249451"}],"collection":[{"href":"https:\/\/acefootball.com\/da\/wp-json\/wp\/v2\/posts"}],"about":[{"href":"https:\/\/acefootball.com\/da\/wp-json\/wp\/v2\/types\/post"}],"author":[{"embeddable":true,"href":"https:\/\/acefootball.com\/da\/wp-json\/wp\/v2\/users\/705"}],"replies":[{"embeddable":true,"href":"https:\/\/acefootball.com\/da\/wp-json\/wp\/v2\/comments?post=249451"}],"version-history":[{"count":0,"href":"https:\/\/acefootball.com\/da\/wp-json\/wp\/v2\/posts\/249451\/revisions"}],"wp:featuredmedia":[{"embeddable":true,"href":"https:\/\/acefootball.com\/da\/wp-json\/wp\/v2\/media\/235420"}],"wp:attachment":[{"href":"https:\/\/acefootball.com\/da\/wp-json\/wp\/v2\/media?parent=249451"}],"wp:term":[{"taxonomy":"category","embeddable":true,"href":"https:\/\/acefootball.com\/da\/wp-json\/wp\/v2\/categories?post=249451"},{"taxonomy":"post_tag","embeddable":true,"href":"https:\/\/acefootball.com\/da\/wp-json\/wp\/v2\/tags?post=249451"}],"curies":[{"name":"wp","href":"https:\/\/api.w.org\/{rel}","templated":true}]}}