{"id":249213,"date":"2021-01-21T14:15:44","date_gmt":"2021-01-21T13:15:44","guid":{"rendered":"https:\/\/acefootball.com\/da\/?p=249213"},"modified":"2021-01-21T14:21:36","modified_gmt":"2021-01-21T13:21:36","slug":"officielt-fc-koebenhavn-saelger-offensivt-talent","status":"publish","type":"post","link":"https:\/\/acefootball.com\/da\/fodboldnyheder\/officielt-fc-koebenhavn-saelger-offensivt-talent\/","title":{"rendered":"Officielt: FC K\u00f8benhavn s\u00e6lger offensivt talent"},"content":{"rendered":"\n<h2 id=\"h-fc-k-benhavn-har-solgt-19-rige-ahmed-daghim-til-1-divisionsklubben-kolding-if-oplyser-hovedstadsklubben\">FC K\u00f8benhavn har solgt 19-\u00e5rige Ahmed Daghim til 1. Divisionsklubben Kolding IF, oplyser hovedstadsklubben<\/h2>\n\n\n\n<p>Flere spillere bliver i \u00f8jeblikket rygtet v\u00e6k fra FC K\u00f8benhavn, men nu er et nyt navn officielt blevet solgt.<\/p>\n\n\n\n<p>Klubben oplyser p\u00e5 sin hjemmeside, at man har solgt den 19-\u00e5rige offensivspiller, Ahmed Daghim, til 1. Divisionsholdet Kolding IF.<\/p>\n\n\n\n<figure class=\"wp-block-embed is-type-rich is-provider-twitter wp-block-embed-twitter\"><div class=\"wp-block-embed__wrapper\">\n<blockquote class=\"twitter-tweet\" data-width=\"550\" data-dnt=\"true\"><p lang=\"da\" dir=\"ltr\">F.C. K\u00f8benhavn har solgt offensivspilleren Ahmed Daghim til 1. divisionsklubben Kolding IF med \u00f8jeblikkelig virkning.<br> <br>Alle i FCK \u00f8nsker Ahmed alt det bedste i fremtiden og takker for hans tid i klubben <a href=\"https:\/\/twitter.com\/hashtag\/fcklive?src=hash&amp;ref_src=twsrc%5Etfw\">#fcklive<\/a><a href=\"https:\/\/t.co\/Jj0GyvUGWs\">https:\/\/t.co\/Jj0GyvUGWs<\/a><\/p>&mdash; F.C. K\u00f8benhavn (@FCKobenhavn) <a href=\"https:\/\/twitter.com\/FCKobenhavn\/status\/1352242205281411074?ref_src=twsrc%5Etfw\">January 21, 2021<\/a><\/blockquote><script async src=\"https:\/\/platform.twitter.com\/widgets.js\" charset=\"utf-8\"><\/script>\n<\/div><\/figure>\n\n\n\n<p>&#8220;Ahmed er en talentfuld spiller, men han har stadig et stykke vej, f\u00f8r han ville blive kandidat til fast spilletid hos os. Derfor giver det rigtig god mening for alle parter, at han nu skifter til en velfungerende 1. divisionsklub som Kolding, hvor han f\u00e5r mulighed for at bygge sig op stille og roligt,&#8221; lyder det fra William Kvist.<\/p>\n\n\n\n<p>Ahmed Daghim var i hele 2020 udlejet til norske HamKam fra den n\u00e6stbedste r\u00e6kke. Her blev det dog kun til otte kampe.<\/p>\n","protected":false},"excerpt":{"rendered":"<p>FC K\u00f8benhavn har solgt 19-\u00e5rige Ahmed Daghim til 1. Divisionsklubben Kolding IF, oplyser hovedstadsklubben<\/p>\n","protected":false},"author":705,"featured_media":249215,"comment_status":"open","ping_status":"closed","sticky":false,"template":"","format":"standard","meta":{"om_disable_all_campaigns":false,"push_articles_ronaldo":{"active":false,"canonical":0,"publish":false},"force_updates":null},"categories":[7],"tags":[750,7132,16,5341,588],"enet_tags":{"league":["862329","46"],"player":["1017528"],"team":["8391","6308"],"sport_events":[]},"yoast_head":"<!-- This site is optimized with the Yoast SEO plugin v18.3 - https:\/\/yoast.com\/wordpress\/plugins\/seo\/ -->\n<title>Officielt: FC K\u00f8benhavn s\u00e6lger offensivt talent<\/title>\n<meta name=\"description\" content=\"FC K\u00f8benhavn har solgt 19-\u00e5rige Ahmed Daghim til 1. Divisionsklubben Kolding IF, oplyser hovedstadsklubben\" \/>\n<meta name=\"robots\" content=\"index, follow, max-snippet:-1, max-image-preview:large, max-video-preview:-1\" \/>\n<link rel=\"canonical\" href=\"https:\/\/acefootball.com\/da\/fodboldnyheder\/officielt-fc-koebenhavn-saelger-offensivt-talent\/\" \/>\n<meta property=\"og:locale\" content=\"en_US\" \/>\n<meta property=\"og:type\" content=\"article\" \/>\n<meta property=\"og:title\" content=\"Officielt: FC K\u00f8benhavn s\u00e6lger offensivt talent\" \/>\n<meta property=\"og:description\" content=\"FC K\u00f8benhavn har solgt 19-\u00e5rige Ahmed Daghim til 1. Divisionsklubben Kolding IF, oplyser hovedstadsklubben\" \/>\n<meta property=\"og:url\" content=\"https:\/\/acefootball.com\/da\/fodboldnyheder\/officielt-fc-koebenhavn-saelger-offensivt-talent\/\" \/>\n<meta property=\"og:site_name\" content=\"Ace Football Danmark\" \/>\n<meta property=\"article:publisher\" content=\"https:\/\/www.facebook.com\/acefootballdk\" \/>\n<meta property=\"article:published_time\" content=\"2021-01-21T13:15:44+00:00\" \/>\n<meta property=\"article:modified_time\" content=\"2021-01-21T13:21:36+00:00\" \/>\n<meta property=\"og:image\" content=\"https:\/\/acefootball.com\/da\/wp-content\/uploads\/sites\/2\/2021\/01\/FCK-20-1.jpg\" \/>\n\t<meta property=\"og:image:width\" content=\"1920\" \/>\n\t<meta property=\"og:image:height\" content=\"1008\" \/>\n\t<meta property=\"og:image:type\" content=\"image\/jpeg\" \/>\n<meta name=\"twitter:card\" content=\"summary_large_image\" \/>\n<meta name=\"twitter:label1\" content=\"Written by\" \/>\n\t<meta name=\"twitter:data1\" content=\"Mads Dreyer\" \/>\n\t<meta name=\"twitter:label2\" content=\"Est. reading time\" \/>\n\t<meta name=\"twitter:data2\" content=\"1 minute\" \/>\n<script type=\"application\/ld+json\" class=\"yoast-schema-graph\">{\"@context\":\"https:\/\/schema.org\",\"@graph\":[{\"@type\":\"Organization\",\"@id\":\"https:\/\/acefootball.com\/da\/#organization\",\"name\":\"Ace Football\",\"url\":\"https:\/\/acefootball.com\/da\/\",\"sameAs\":[\"https:\/\/www.facebook.com\/acefootballdk\"],\"logo\":{\"@type\":\"ImageObject\",\"@id\":\"https:\/\/acefootball.com\/da\/#logo\",\"inLanguage\":\"en-US\",\"url\":\"https:\/\/acefootball.com\/da\/wp-content\/uploads\/sites\/2\/2020\/07\/Ace-Football-30-07-2020-2.png\",\"contentUrl\":\"https:\/\/acefootball.com\/da\/wp-content\/uploads\/sites\/2\/2020\/07\/Ace-Football-30-07-2020-2.png\",\"width\":1200,\"height\":600,\"caption\":\"Ace Football\"},\"image\":{\"@id\":\"https:\/\/acefootball.com\/da\/#logo\"}},{\"@type\":\"WebSite\",\"@id\":\"https:\/\/acefootball.com\/da\/#website\",\"url\":\"https:\/\/acefootball.com\/da\/\",\"name\":\"Ace Football Danmark\",\"description\":\"Nyheder, Spiltips &amp; Livescore\",\"publisher\":{\"@id\":\"https:\/\/acefootball.com\/da\/#organization\"},\"potentialAction\":[{\"@type\":\"SearchAction\",\"target\":{\"@type\":\"EntryPoint\",\"urlTemplate\":\"https:\/\/acefootball.com\/da\/?s={search_term_string}\"},\"query-input\":\"required name=search_term_string\"}],\"inLanguage\":\"en-US\"},{\"@type\":\"ImageObject\",\"@id\":\"https:\/\/acefootball.com\/da\/fodboldnyheder\/officielt-fc-koebenhavn-saelger-offensivt-talent\/#primaryimage\",\"inLanguage\":\"en-US\",\"url\":\"https:\/\/acefootball.com\/da\/wp-content\/uploads\/sites\/2\/2021\/01\/FCK-20-1.jpg\",\"contentUrl\":\"https:\/\/acefootball.com\/da\/wp-content\/uploads\/sites\/2\/2021\/01\/FCK-20-1.jpg\",\"width\":1920,\"height\":1008},{\"@type\":\"WebPage\",\"@id\":\"https:\/\/acefootball.com\/da\/fodboldnyheder\/officielt-fc-koebenhavn-saelger-offensivt-talent\/#webpage\",\"url\":\"https:\/\/acefootball.com\/da\/fodboldnyheder\/officielt-fc-koebenhavn-saelger-offensivt-talent\/\",\"name\":\"Officielt: FC K\u00f8benhavn s\u00e6lger offensivt talent\",\"isPartOf\":{\"@id\":\"https:\/\/acefootball.com\/da\/#website\"},\"primaryImageOfPage\":{\"@id\":\"https:\/\/acefootball.com\/da\/fodboldnyheder\/officielt-fc-koebenhavn-saelger-offensivt-talent\/#primaryimage\"},\"datePublished\":\"2021-01-21T13:15:44+00:00\",\"dateModified\":\"2021-01-21T13:21:36+00:00\",\"description\":\"FC K\u00f8benhavn har solgt 19-\u00e5rige Ahmed Daghim til 1. Divisionsklubben Kolding IF, oplyser hovedstadsklubben\",\"breadcrumb\":{\"@id\":\"https:\/\/acefootball.com\/da\/fodboldnyheder\/officielt-fc-koebenhavn-saelger-offensivt-talent\/#breadcrumb\"},\"inLanguage\":\"en-US\",\"potentialAction\":[{\"@type\":\"ReadAction\",\"target\":[\"https:\/\/acefootball.com\/da\/fodboldnyheder\/officielt-fc-koebenhavn-saelger-offensivt-talent\/\"]}]},{\"@type\":\"BreadcrumbList\",\"@id\":\"https:\/\/acefootball.com\/da\/fodboldnyheder\/officielt-fc-koebenhavn-saelger-offensivt-talent\/#breadcrumb\",\"itemListElement\":[{\"@type\":\"ListItem\",\"position\":1,\"name\":\"Home\",\"item\":\"https:\/\/acefootball.com\/da\/\"},{\"@type\":\"ListItem\",\"position\":2,\"name\":\"Officielt: FC K\u00f8benhavn s\u00e6lger offensivt talent\"}]},{\"@type\":\"Article\",\"@id\":\"https:\/\/acefootball.com\/da\/fodboldnyheder\/officielt-fc-koebenhavn-saelger-offensivt-talent\/#article\",\"isPartOf\":{\"@id\":\"https:\/\/acefootball.com\/da\/fodboldnyheder\/officielt-fc-koebenhavn-saelger-offensivt-talent\/#webpage\"},\"author\":{\"@id\":\"https:\/\/acefootball.com\/da\/#\/schema\/person\/ee67e9cf04a276f144100ffa722f10cd\"},\"headline\":\"Officielt: FC K\u00f8benhavn s\u00e6lger offensivt talent\",\"datePublished\":\"2021-01-21T13:15:44+00:00\",\"dateModified\":\"2021-01-21T13:21:36+00:00\",\"mainEntityOfPage\":{\"@id\":\"https:\/\/acefootball.com\/da\/fodboldnyheder\/officielt-fc-koebenhavn-saelger-offensivt-talent\/#webpage\"},\"wordCount\":151,\"commentCount\":0,\"publisher\":{\"@id\":\"https:\/\/acefootball.com\/da\/#organization\"},\"image\":{\"@id\":\"https:\/\/acefootball.com\/da\/fodboldnyheder\/officielt-fc-koebenhavn-saelger-offensivt-talent\/#primaryimage\"},\"thumbnailUrl\":\"https:\/\/acefootball.com\/da\/wp-content\/uploads\/sites\/2\/2021\/01\/GettyImages-1158914311.jpg\",\"keywords\":[\"1. Division\",\"Ahmed Daghim\",\"FC K\u00f8benhavn\",\"Kolding IF\",\"Superligaen\"],\"articleSection\":[\"Transfer\"],\"inLanguage\":\"en-US\",\"potentialAction\":[{\"@type\":\"CommentAction\",\"name\":\"Comment\",\"target\":[\"https:\/\/acefootball.com\/da\/fodboldnyheder\/officielt-fc-koebenhavn-saelger-offensivt-talent\/#respond\"]}]},{\"@type\":\"Person\",\"@id\":\"https:\/\/acefootball.com\/da\/#\/schema\/person\/ee67e9cf04a276f144100ffa722f10cd\",\"name\":\"Mads Dreyer\",\"image\":{\"@type\":\"ImageObject\",\"@id\":\"https:\/\/acefootball.com\/da\/#personlogo\",\"inLanguage\":\"en-US\",\"url\":\"https:\/\/secure.gravatar.com\/avatar\/7c7abf72cfde9902b6a60efe60c88d4c?s=96&d=mm&r=g\",\"contentUrl\":\"https:\/\/secure.gravatar.com\/avatar\/7c7abf72cfde9902b6a60efe60c88d4c?s=96&d=mm&r=g\",\"caption\":\"Mads Dreyer\"},\"description\":\"Skribent og fodboldn\u00f8rd, der lige nu fort\u00e6ller om alt og intet i fodboldverdenen p\u00e5 acefootball.com. Uddannet i kommunikation fra Aalborg Universitet.\",\"sameAs\":[\"https:\/\/www.linkedin.com\/in\/mads-dreyer-b9b08266\/\"],\"url\":\"https:\/\/acefootball.com\/da\/fodboldnyheder\/author\/mdnronaldo\/\"}]}<\/script>\n<!-- \/ Yoast SEO plugin. -->","yoast_head_json":{"title":"Officielt: FC K\u00f8benhavn s\u00e6lger offensivt talent","description":"FC K\u00f8benhavn har solgt 19-\u00e5rige Ahmed Daghim til 1. Divisionsklubben Kolding IF, oplyser hovedstadsklubben","robots":{"index":"index","follow":"follow","max-snippet":"max-snippet:-1","max-image-preview":"max-image-preview:large","max-video-preview":"max-video-preview:-1"},"canonical":"https:\/\/acefootball.com\/da\/fodboldnyheder\/officielt-fc-koebenhavn-saelger-offensivt-talent\/","og_locale":"en_US","og_type":"article","og_title":"Officielt: FC K\u00f8benhavn s\u00e6lger offensivt talent","og_description":"FC K\u00f8benhavn har solgt 19-\u00e5rige Ahmed Daghim til 1. Divisionsklubben Kolding IF, oplyser hovedstadsklubben","og_url":"https:\/\/acefootball.com\/da\/fodboldnyheder\/officielt-fc-koebenhavn-saelger-offensivt-talent\/","og_site_name":"Ace Football Danmark","article_publisher":"https:\/\/www.facebook.com\/acefootballdk","article_published_time":"2021-01-21T13:15:44+00:00","article_modified_time":"2021-01-21T13:21:36+00:00","og_image":[{"width":1920,"height":1008,"url":"https:\/\/acefootball.com\/da\/wp-content\/uploads\/sites\/2\/2021\/01\/FCK-20-1.jpg","type":"image\/jpeg"}],"twitter_card":"summary_large_image","twitter_misc":{"Written by":"Mads Dreyer","Est. reading time":"1 minute"},"schema":{"@context":"https:\/\/schema.org","@graph":[{"@type":"Organization","@id":"https:\/\/acefootball.com\/da\/#organization","name":"Ace Football","url":"https:\/\/acefootball.com\/da\/","sameAs":["https:\/\/www.facebook.com\/acefootballdk"],"logo":{"@type":"ImageObject","@id":"https:\/\/acefootball.com\/da\/#logo","inLanguage":"en-US","url":"https:\/\/acefootball.com\/da\/wp-content\/uploads\/sites\/2\/2020\/07\/Ace-Football-30-07-2020-2.png","contentUrl":"https:\/\/acefootball.com\/da\/wp-content\/uploads\/sites\/2\/2020\/07\/Ace-Football-30-07-2020-2.png","width":1200,"height":600,"caption":"Ace Football"},"image":{"@id":"https:\/\/acefootball.com\/da\/#logo"}},{"@type":"WebSite","@id":"https:\/\/acefootball.com\/da\/#website","url":"https:\/\/acefootball.com\/da\/","name":"Ace Football Danmark","description":"Nyheder, Spiltips &amp; Livescore","publisher":{"@id":"https:\/\/acefootball.com\/da\/#organization"},"potentialAction":[{"@type":"SearchAction","target":{"@type":"EntryPoint","urlTemplate":"https:\/\/acefootball.com\/da\/?s={search_term_string}"},"query-input":"required name=search_term_string"}],"inLanguage":"en-US"},{"@type":"ImageObject","@id":"https:\/\/acefootball.com\/da\/fodboldnyheder\/officielt-fc-koebenhavn-saelger-offensivt-talent\/#primaryimage","inLanguage":"en-US","url":"https:\/\/acefootball.com\/da\/wp-content\/uploads\/sites\/2\/2021\/01\/FCK-20-1.jpg","contentUrl":"https:\/\/acefootball.com\/da\/wp-content\/uploads\/sites\/2\/2021\/01\/FCK-20-1.jpg","width":1920,"height":1008},{"@type":"WebPage","@id":"https:\/\/acefootball.com\/da\/fodboldnyheder\/officielt-fc-koebenhavn-saelger-offensivt-talent\/#webpage","url":"https:\/\/acefootball.com\/da\/fodboldnyheder\/officielt-fc-koebenhavn-saelger-offensivt-talent\/","name":"Officielt: FC K\u00f8benhavn s\u00e6lger offensivt talent","isPartOf":{"@id":"https:\/\/acefootball.com\/da\/#website"},"primaryImageOfPage":{"@id":"https:\/\/acefootball.com\/da\/fodboldnyheder\/officielt-fc-koebenhavn-saelger-offensivt-talent\/#primaryimage"},"datePublished":"2021-01-21T13:15:44+00:00","dateModified":"2021-01-21T13:21:36+00:00","description":"FC K\u00f8benhavn har solgt 19-\u00e5rige Ahmed Daghim til 1. Divisionsklubben Kolding IF, oplyser hovedstadsklubben","breadcrumb":{"@id":"https:\/\/acefootball.com\/da\/fodboldnyheder\/officielt-fc-koebenhavn-saelger-offensivt-talent\/#breadcrumb"},"inLanguage":"en-US","potentialAction":[{"@type":"ReadAction","target":["https:\/\/acefootball.com\/da\/fodboldnyheder\/officielt-fc-koebenhavn-saelger-offensivt-talent\/"]}]},{"@type":"BreadcrumbList","@id":"https:\/\/acefootball.com\/da\/fodboldnyheder\/officielt-fc-koebenhavn-saelger-offensivt-talent\/#breadcrumb","itemListElement":[{"@type":"ListItem","position":1,"name":"Home","item":"https:\/\/acefootball.com\/da\/"},{"@type":"ListItem","position":2,"name":"Officielt: FC K\u00f8benhavn s\u00e6lger offensivt talent"}]},{"@type":"Article","@id":"https:\/\/acefootball.com\/da\/fodboldnyheder\/officielt-fc-koebenhavn-saelger-offensivt-talent\/#article","isPartOf":{"@id":"https:\/\/acefootball.com\/da\/fodboldnyheder\/officielt-fc-koebenhavn-saelger-offensivt-talent\/#webpage"},"author":{"@id":"https:\/\/acefootball.com\/da\/#\/schema\/person\/ee67e9cf04a276f144100ffa722f10cd"},"headline":"Officielt: FC K\u00f8benhavn s\u00e6lger offensivt talent","datePublished":"2021-01-21T13:15:44+00:00","dateModified":"2021-01-21T13:21:36+00:00","mainEntityOfPage":{"@id":"https:\/\/acefootball.com\/da\/fodboldnyheder\/officielt-fc-koebenhavn-saelger-offensivt-talent\/#webpage"},"wordCount":151,"commentCount":0,"publisher":{"@id":"https:\/\/acefootball.com\/da\/#organization"},"image":{"@id":"https:\/\/acefootball.com\/da\/fodboldnyheder\/officielt-fc-koebenhavn-saelger-offensivt-talent\/#primaryimage"},"thumbnailUrl":"https:\/\/acefootball.com\/da\/wp-content\/uploads\/sites\/2\/2021\/01\/GettyImages-1158914311.jpg","keywords":["1. Division","Ahmed Daghim","FC K\u00f8benhavn","Kolding IF","Superligaen"],"articleSection":["Transfer"],"inLanguage":"en-US","potentialAction":[{"@type":"CommentAction","name":"Comment","target":["https:\/\/acefootball.com\/da\/fodboldnyheder\/officielt-fc-koebenhavn-saelger-offensivt-talent\/#respond"]}]},{"@type":"Person","@id":"https:\/\/acefootball.com\/da\/#\/schema\/person\/ee67e9cf04a276f144100ffa722f10cd","name":"Mads Dreyer","image":{"@type":"ImageObject","@id":"https:\/\/acefootball.com\/da\/#personlogo","inLanguage":"en-US","url":"https:\/\/secure.gravatar.com\/avatar\/7c7abf72cfde9902b6a60efe60c88d4c?s=96&d=mm&r=g","contentUrl":"https:\/\/secure.gravatar.com\/avatar\/7c7abf72cfde9902b6a60efe60c88d4c?s=96&d=mm&r=g","caption":"Mads Dreyer"},"description":"Skribent og fodboldn\u00f8rd, der lige nu fort\u00e6ller om alt og intet i fodboldverdenen p\u00e5 acefootball.com. Uddannet i kommunikation fra Aalborg Universitet.","sameAs":["https:\/\/www.linkedin.com\/in\/mads-dreyer-b9b08266\/"],"url":"https:\/\/acefootball.com\/da\/fodboldnyheder\/author\/mdnronaldo\/"}]}},"fimg_url":"https:\/\/acefootball.com\/da\/wp-content\/uploads\/sites\/2\/2021\/01\/GettyImages-1158914311.jpg","_links":{"self":[{"href":"https:\/\/acefootball.com\/da\/wp-json\/wp\/v2\/posts\/249213"}],"collection":[{"href":"https:\/\/acefootball.com\/da\/wp-json\/wp\/v2\/posts"}],"about":[{"href":"https:\/\/acefootball.com\/da\/wp-json\/wp\/v2\/types\/post"}],"author":[{"embeddable":true,"href":"https:\/\/acefootball.com\/da\/wp-json\/wp\/v2\/users\/705"}],"replies":[{"embeddable":true,"href":"https:\/\/acefootball.com\/da\/wp-json\/wp\/v2\/comments?post=249213"}],"version-history":[{"count":0,"href":"https:\/\/acefootball.com\/da\/wp-json\/wp\/v2\/posts\/249213\/revisions"}],"wp:featuredmedia":[{"embeddable":true,"href":"https:\/\/acefootball.com\/da\/wp-json\/wp\/v2\/media\/249215"}],"wp:attachment":[{"href":"https:\/\/acefootball.com\/da\/wp-json\/wp\/v2\/media?parent=249213"}],"wp:term":[{"taxonomy":"category","embeddable":true,"href":"https:\/\/acefootball.com\/da\/wp-json\/wp\/v2\/categories?post=249213"},{"taxonomy":"post_tag","embeddable":true,"href":"https:\/\/acefootball.com\/da\/wp-json\/wp\/v2\/tags?post=249213"}],"curies":[{"name":"wp","href":"https:\/\/api.w.org\/{rel}","templated":true}]}}