{"id":249132,"date":"2021-01-20T17:32:10","date_gmt":"2021-01-20T16:32:10","guid":{"rendered":"https:\/\/acefootball.com\/da\/?p=249132"},"modified":"2021-01-20T17:34:14","modified_gmt":"2021-01-20T16:34:14","slug":"forlaengede-i-december-nu-er-agf-spiller-ude-i-hele-2021","status":"publish","type":"post","link":"https:\/\/acefootball.com\/da\/fodboldnyheder\/forlaengede-i-december-nu-er-agf-spiller-ude-i-hele-2021\/","title":{"rendered":"Forl\u00e6ngede i december: Nu er AGF-spiller ude i hele 2021"},"content":{"rendered":"\n<h2 id=\"h-agf-anf-rer-niklas-backman-er-blevet-kn-skadet-under-holdets-tr-ningslejr-og-forventes-nu-ude-resten-af-ret\">AGF-anf\u00f8rer Niklas Backman er blevet kn\u00e6skadet under holdets tr\u00e6ningslejr og forventes nu ude resten af \u00e5ret<\/h2>\n\n\n\n<p>Tilbage i december forl\u00e6ngede AGF aftalen med anf\u00f8rer Niklas Backman, som skrev under p\u00e5 at blive i klubben frem til sommeren 2022, men nu er svenskeren igen ude med en skade.<\/p>\n\n\n\n<p>Som s\u00e5 mange gange tidligere m\u00e5 forsvarskrumtappen tage plads p\u00e5 tribunen, men denne gang er udsigterne til et comeback v\u00e6sentligt l\u00e6ngere end tidligere.<\/p>\n\n\n\n<figure class=\"wp-block-embed is-type-wp-embed is-provider-ace-football-danmark wp-block-embed-ace-football-danmark\"><div class=\"wp-block-embed__wrapper\">\n<blockquote class=\"wp-embedded-content\" data-secret=\"zkVarDwJJr\"><a href=\"https:\/\/acefootball.com\/da\/fodboldnyheder\/quiz-i-hvilken-superliga-klub-finder-vi-disse-spillere\/\">QUIZ: I hvilken Superliga-klub finder vi disse spillere?<\/a><\/blockquote><iframe class=\"wp-embedded-content\" sandbox=\"allow-scripts\" security=\"restricted\" style=\"position: absolute; clip: rect(1px, 1px, 1px, 1px);\" title=\"&#8220;QUIZ: I hvilken Superliga-klub finder vi disse spillere?&#8221; &#8212; Ace Football Danmark\" src=\"https:\/\/acefootball.com\/da\/fodboldnyheder\/quiz-i-hvilken-superliga-klub-finder-vi-disse-spillere\/embed\/#?secret=zkVarDwJJr\" data-secret=\"zkVarDwJJr\" width=\"600\" height=\"338\" frameborder=\"0\" marginwidth=\"0\" marginheight=\"0\" scrolling=\"no\"><\/iframe>\n<\/div><\/figure>\n\n\n\n<p>AGF oplyser s\u00e5ledes p\u00e5 sin <a href=\"https:\/\/www.agf.dk\/klubben\/nyhedsarkiv\/2021\/januar\/laengere-skadespause-for-niklas-backman\/\" target=\"_blank\" rel=\"noreferrer noopener\">hjemmeside<\/a>, at Backman er blevet ramt af en alvorlig kn\u00e6skade, som formentlig kommer til at holde ham ude i hele 2021.<\/p>\n\n\n\n<p>Der gives ikke yderligere informationer om skadens art, men blot at den 32-\u00e5rige stopper nu skal i gennem en operation og efterf\u00f8lgende genoptr\u00e6ning.<\/p>\n","protected":false},"excerpt":{"rendered":"<p>AGF-anf\u00f8rer Niklas Backman er blevet kn\u00e6skadet under holdets tr\u00e6ningslejr og forventes nu ude resten af \u00e5ret<\/p>\n","protected":false},"author":705,"featured_media":249133,"comment_status":"open","ping_status":"closed","sticky":false,"template":"","format":"standard","meta":{"om_disable_all_campaigns":false,"push_articles_ronaldo":{"active":false,"canonical":0,"publish":false},"force_updates":null},"categories":[1],"tags":[18,369,588],"enet_tags":{"team":["8071"],"player":["21151"],"league":["46"],"sport_events":[]},"yoast_head":"<!-- This site is optimized with the Yoast SEO plugin v18.3 - https:\/\/yoast.com\/wordpress\/plugins\/seo\/ -->\n<title>Forl\u00e6ngede i december: Nu er AGF-spiller ude i hele 2021<\/title>\n<meta name=\"description\" content=\"AGF-anf\u00f8rer Niklas Backman er blevet kn\u00e6skadet under holdets tr\u00e6ningslejr og forventes nu ude resten af \u00e5ret\" \/>\n<meta name=\"robots\" content=\"index, follow, max-snippet:-1, max-image-preview:large, max-video-preview:-1\" \/>\n<link rel=\"canonical\" href=\"https:\/\/acefootball.com\/da\/fodboldnyheder\/forlaengede-i-december-nu-er-agf-spiller-ude-i-hele-2021\/\" \/>\n<meta property=\"og:locale\" content=\"en_US\" \/>\n<meta property=\"og:type\" content=\"article\" \/>\n<meta property=\"og:title\" content=\"Forl\u00e6ngede i december: Nu er AGF-spiller ude i hele 2021\" \/>\n<meta property=\"og:description\" content=\"AGF-anf\u00f8rer Niklas Backman er blevet kn\u00e6skadet under holdets tr\u00e6ningslejr og forventes nu ude resten af \u00e5ret\" \/>\n<meta property=\"og:url\" content=\"https:\/\/acefootball.com\/da\/fodboldnyheder\/forlaengede-i-december-nu-er-agf-spiller-ude-i-hele-2021\/\" \/>\n<meta property=\"og:site_name\" content=\"Ace Football Danmark\" \/>\n<meta property=\"article:publisher\" content=\"https:\/\/www.facebook.com\/acefootballdk\" \/>\n<meta property=\"article:published_time\" content=\"2021-01-20T16:32:10+00:00\" \/>\n<meta property=\"article:modified_time\" content=\"2021-01-20T16:34:14+00:00\" \/>\n<meta property=\"og:image\" content=\"https:\/\/acefootball.com\/da\/wp-content\/uploads\/sites\/2\/2021\/01\/Copy-of-Copy-of-Ace-1-8.jpg\" \/>\n\t<meta property=\"og:image:width\" content=\"1920\" \/>\n\t<meta property=\"og:image:height\" content=\"1008\" \/>\n\t<meta property=\"og:image:type\" content=\"image\/jpeg\" \/>\n<meta name=\"twitter:card\" content=\"summary_large_image\" \/>\n<meta name=\"twitter:label1\" content=\"Written by\" \/>\n\t<meta name=\"twitter:data1\" content=\"Mads Dreyer\" \/>\n\t<meta name=\"twitter:label2\" content=\"Est. reading time\" \/>\n\t<meta name=\"twitter:data2\" content=\"1 minute\" \/>\n<script type=\"application\/ld+json\" class=\"yoast-schema-graph\">{\"@context\":\"https:\/\/schema.org\",\"@graph\":[{\"@type\":\"Organization\",\"@id\":\"https:\/\/acefootball.com\/da\/#organization\",\"name\":\"Ace Football\",\"url\":\"https:\/\/acefootball.com\/da\/\",\"sameAs\":[\"https:\/\/www.facebook.com\/acefootballdk\"],\"logo\":{\"@type\":\"ImageObject\",\"@id\":\"https:\/\/acefootball.com\/da\/#logo\",\"inLanguage\":\"en-US\",\"url\":\"https:\/\/acefootball.com\/da\/wp-content\/uploads\/sites\/2\/2020\/07\/Ace-Football-30-07-2020-2.png\",\"contentUrl\":\"https:\/\/acefootball.com\/da\/wp-content\/uploads\/sites\/2\/2020\/07\/Ace-Football-30-07-2020-2.png\",\"width\":1200,\"height\":600,\"caption\":\"Ace Football\"},\"image\":{\"@id\":\"https:\/\/acefootball.com\/da\/#logo\"}},{\"@type\":\"WebSite\",\"@id\":\"https:\/\/acefootball.com\/da\/#website\",\"url\":\"https:\/\/acefootball.com\/da\/\",\"name\":\"Ace Football Danmark\",\"description\":\"Nyheder, Spiltips &amp; Livescore\",\"publisher\":{\"@id\":\"https:\/\/acefootball.com\/da\/#organization\"},\"potentialAction\":[{\"@type\":\"SearchAction\",\"target\":{\"@type\":\"EntryPoint\",\"urlTemplate\":\"https:\/\/acefootball.com\/da\/?s={search_term_string}\"},\"query-input\":\"required name=search_term_string\"}],\"inLanguage\":\"en-US\"},{\"@type\":\"ImageObject\",\"@id\":\"https:\/\/acefootball.com\/da\/fodboldnyheder\/forlaengede-i-december-nu-er-agf-spiller-ude-i-hele-2021\/#primaryimage\",\"inLanguage\":\"en-US\",\"url\":\"https:\/\/acefootball.com\/da\/wp-content\/uploads\/sites\/2\/2021\/01\/Copy-of-Copy-of-Ace-1-8.jpg\",\"contentUrl\":\"https:\/\/acefootball.com\/da\/wp-content\/uploads\/sites\/2\/2021\/01\/Copy-of-Copy-of-Ace-1-8.jpg\",\"width\":1920,\"height\":1008},{\"@type\":\"WebPage\",\"@id\":\"https:\/\/acefootball.com\/da\/fodboldnyheder\/forlaengede-i-december-nu-er-agf-spiller-ude-i-hele-2021\/#webpage\",\"url\":\"https:\/\/acefootball.com\/da\/fodboldnyheder\/forlaengede-i-december-nu-er-agf-spiller-ude-i-hele-2021\/\",\"name\":\"Forl\u00e6ngede i december: Nu er AGF-spiller ude i hele 2021\",\"isPartOf\":{\"@id\":\"https:\/\/acefootball.com\/da\/#website\"},\"primaryImageOfPage\":{\"@id\":\"https:\/\/acefootball.com\/da\/fodboldnyheder\/forlaengede-i-december-nu-er-agf-spiller-ude-i-hele-2021\/#primaryimage\"},\"datePublished\":\"2021-01-20T16:32:10+00:00\",\"dateModified\":\"2021-01-20T16:34:14+00:00\",\"description\":\"AGF-anf\u00f8rer Niklas Backman er blevet kn\u00e6skadet under holdets tr\u00e6ningslejr og forventes nu ude resten af \u00e5ret\",\"breadcrumb\":{\"@id\":\"https:\/\/acefootball.com\/da\/fodboldnyheder\/forlaengede-i-december-nu-er-agf-spiller-ude-i-hele-2021\/#breadcrumb\"},\"inLanguage\":\"en-US\",\"potentialAction\":[{\"@type\":\"ReadAction\",\"target\":[\"https:\/\/acefootball.com\/da\/fodboldnyheder\/forlaengede-i-december-nu-er-agf-spiller-ude-i-hele-2021\/\"]}]},{\"@type\":\"BreadcrumbList\",\"@id\":\"https:\/\/acefootball.com\/da\/fodboldnyheder\/forlaengede-i-december-nu-er-agf-spiller-ude-i-hele-2021\/#breadcrumb\",\"itemListElement\":[{\"@type\":\"ListItem\",\"position\":1,\"name\":\"Home\",\"item\":\"https:\/\/acefootball.com\/da\/\"},{\"@type\":\"ListItem\",\"position\":2,\"name\":\"Forl\u00e6ngede i december: Nu er AGF-spiller ude i hele 2021\"}]},{\"@type\":\"Article\",\"@id\":\"https:\/\/acefootball.com\/da\/fodboldnyheder\/forlaengede-i-december-nu-er-agf-spiller-ude-i-hele-2021\/#article\",\"isPartOf\":{\"@id\":\"https:\/\/acefootball.com\/da\/fodboldnyheder\/forlaengede-i-december-nu-er-agf-spiller-ude-i-hele-2021\/#webpage\"},\"author\":{\"@id\":\"https:\/\/acefootball.com\/da\/#\/schema\/person\/ee67e9cf04a276f144100ffa722f10cd\"},\"headline\":\"Forl\u00e6ngede i december: Nu er AGF-spiller ude i hele 2021\",\"datePublished\":\"2021-01-20T16:32:10+00:00\",\"dateModified\":\"2021-01-20T16:34:14+00:00\",\"mainEntityOfPage\":{\"@id\":\"https:\/\/acefootball.com\/da\/fodboldnyheder\/forlaengede-i-december-nu-er-agf-spiller-ude-i-hele-2021\/#webpage\"},\"wordCount\":145,\"commentCount\":0,\"publisher\":{\"@id\":\"https:\/\/acefootball.com\/da\/#organization\"},\"image\":{\"@id\":\"https:\/\/acefootball.com\/da\/fodboldnyheder\/forlaengede-i-december-nu-er-agf-spiller-ude-i-hele-2021\/#primaryimage\"},\"thumbnailUrl\":\"https:\/\/acefootball.com\/da\/wp-content\/uploads\/sites\/2\/2021\/01\/GettyImages-1228623476.jpg\",\"keywords\":[\"AGF\",\"Niklas Backman\",\"Superligaen\"],\"articleSection\":[\"Nyhed\"],\"inLanguage\":\"en-US\",\"potentialAction\":[{\"@type\":\"CommentAction\",\"name\":\"Comment\",\"target\":[\"https:\/\/acefootball.com\/da\/fodboldnyheder\/forlaengede-i-december-nu-er-agf-spiller-ude-i-hele-2021\/#respond\"]}]},{\"@type\":\"Person\",\"@id\":\"https:\/\/acefootball.com\/da\/#\/schema\/person\/ee67e9cf04a276f144100ffa722f10cd\",\"name\":\"Mads Dreyer\",\"image\":{\"@type\":\"ImageObject\",\"@id\":\"https:\/\/acefootball.com\/da\/#personlogo\",\"inLanguage\":\"en-US\",\"url\":\"https:\/\/secure.gravatar.com\/avatar\/7c7abf72cfde9902b6a60efe60c88d4c?s=96&d=mm&r=g\",\"contentUrl\":\"https:\/\/secure.gravatar.com\/avatar\/7c7abf72cfde9902b6a60efe60c88d4c?s=96&d=mm&r=g\",\"caption\":\"Mads Dreyer\"},\"description\":\"Skribent og fodboldn\u00f8rd, der lige nu fort\u00e6ller om alt og intet i fodboldverdenen p\u00e5 acefootball.com. Uddannet i kommunikation fra Aalborg Universitet.\",\"sameAs\":[\"https:\/\/www.linkedin.com\/in\/mads-dreyer-b9b08266\/\"],\"url\":\"https:\/\/acefootball.com\/da\/fodboldnyheder\/author\/mdnronaldo\/\"}]}<\/script>\n<!-- \/ Yoast SEO plugin. -->","yoast_head_json":{"title":"Forl\u00e6ngede i december: Nu er AGF-spiller ude i hele 2021","description":"AGF-anf\u00f8rer Niklas Backman er blevet kn\u00e6skadet under holdets tr\u00e6ningslejr og forventes nu ude resten af \u00e5ret","robots":{"index":"index","follow":"follow","max-snippet":"max-snippet:-1","max-image-preview":"max-image-preview:large","max-video-preview":"max-video-preview:-1"},"canonical":"https:\/\/acefootball.com\/da\/fodboldnyheder\/forlaengede-i-december-nu-er-agf-spiller-ude-i-hele-2021\/","og_locale":"en_US","og_type":"article","og_title":"Forl\u00e6ngede i december: Nu er AGF-spiller ude i hele 2021","og_description":"AGF-anf\u00f8rer Niklas Backman er blevet kn\u00e6skadet under holdets tr\u00e6ningslejr og forventes nu ude resten af \u00e5ret","og_url":"https:\/\/acefootball.com\/da\/fodboldnyheder\/forlaengede-i-december-nu-er-agf-spiller-ude-i-hele-2021\/","og_site_name":"Ace Football Danmark","article_publisher":"https:\/\/www.facebook.com\/acefootballdk","article_published_time":"2021-01-20T16:32:10+00:00","article_modified_time":"2021-01-20T16:34:14+00:00","og_image":[{"width":1920,"height":1008,"url":"https:\/\/acefootball.com\/da\/wp-content\/uploads\/sites\/2\/2021\/01\/Copy-of-Copy-of-Ace-1-8.jpg","type":"image\/jpeg"}],"twitter_card":"summary_large_image","twitter_misc":{"Written by":"Mads Dreyer","Est. reading time":"1 minute"},"schema":{"@context":"https:\/\/schema.org","@graph":[{"@type":"Organization","@id":"https:\/\/acefootball.com\/da\/#organization","name":"Ace Football","url":"https:\/\/acefootball.com\/da\/","sameAs":["https:\/\/www.facebook.com\/acefootballdk"],"logo":{"@type":"ImageObject","@id":"https:\/\/acefootball.com\/da\/#logo","inLanguage":"en-US","url":"https:\/\/acefootball.com\/da\/wp-content\/uploads\/sites\/2\/2020\/07\/Ace-Football-30-07-2020-2.png","contentUrl":"https:\/\/acefootball.com\/da\/wp-content\/uploads\/sites\/2\/2020\/07\/Ace-Football-30-07-2020-2.png","width":1200,"height":600,"caption":"Ace Football"},"image":{"@id":"https:\/\/acefootball.com\/da\/#logo"}},{"@type":"WebSite","@id":"https:\/\/acefootball.com\/da\/#website","url":"https:\/\/acefootball.com\/da\/","name":"Ace Football Danmark","description":"Nyheder, Spiltips &amp; Livescore","publisher":{"@id":"https:\/\/acefootball.com\/da\/#organization"},"potentialAction":[{"@type":"SearchAction","target":{"@type":"EntryPoint","urlTemplate":"https:\/\/acefootball.com\/da\/?s={search_term_string}"},"query-input":"required name=search_term_string"}],"inLanguage":"en-US"},{"@type":"ImageObject","@id":"https:\/\/acefootball.com\/da\/fodboldnyheder\/forlaengede-i-december-nu-er-agf-spiller-ude-i-hele-2021\/#primaryimage","inLanguage":"en-US","url":"https:\/\/acefootball.com\/da\/wp-content\/uploads\/sites\/2\/2021\/01\/Copy-of-Copy-of-Ace-1-8.jpg","contentUrl":"https:\/\/acefootball.com\/da\/wp-content\/uploads\/sites\/2\/2021\/01\/Copy-of-Copy-of-Ace-1-8.jpg","width":1920,"height":1008},{"@type":"WebPage","@id":"https:\/\/acefootball.com\/da\/fodboldnyheder\/forlaengede-i-december-nu-er-agf-spiller-ude-i-hele-2021\/#webpage","url":"https:\/\/acefootball.com\/da\/fodboldnyheder\/forlaengede-i-december-nu-er-agf-spiller-ude-i-hele-2021\/","name":"Forl\u00e6ngede i december: Nu er AGF-spiller ude i hele 2021","isPartOf":{"@id":"https:\/\/acefootball.com\/da\/#website"},"primaryImageOfPage":{"@id":"https:\/\/acefootball.com\/da\/fodboldnyheder\/forlaengede-i-december-nu-er-agf-spiller-ude-i-hele-2021\/#primaryimage"},"datePublished":"2021-01-20T16:32:10+00:00","dateModified":"2021-01-20T16:34:14+00:00","description":"AGF-anf\u00f8rer Niklas Backman er blevet kn\u00e6skadet under holdets tr\u00e6ningslejr og forventes nu ude resten af \u00e5ret","breadcrumb":{"@id":"https:\/\/acefootball.com\/da\/fodboldnyheder\/forlaengede-i-december-nu-er-agf-spiller-ude-i-hele-2021\/#breadcrumb"},"inLanguage":"en-US","potentialAction":[{"@type":"ReadAction","target":["https:\/\/acefootball.com\/da\/fodboldnyheder\/forlaengede-i-december-nu-er-agf-spiller-ude-i-hele-2021\/"]}]},{"@type":"BreadcrumbList","@id":"https:\/\/acefootball.com\/da\/fodboldnyheder\/forlaengede-i-december-nu-er-agf-spiller-ude-i-hele-2021\/#breadcrumb","itemListElement":[{"@type":"ListItem","position":1,"name":"Home","item":"https:\/\/acefootball.com\/da\/"},{"@type":"ListItem","position":2,"name":"Forl\u00e6ngede i december: Nu er AGF-spiller ude i hele 2021"}]},{"@type":"Article","@id":"https:\/\/acefootball.com\/da\/fodboldnyheder\/forlaengede-i-december-nu-er-agf-spiller-ude-i-hele-2021\/#article","isPartOf":{"@id":"https:\/\/acefootball.com\/da\/fodboldnyheder\/forlaengede-i-december-nu-er-agf-spiller-ude-i-hele-2021\/#webpage"},"author":{"@id":"https:\/\/acefootball.com\/da\/#\/schema\/person\/ee67e9cf04a276f144100ffa722f10cd"},"headline":"Forl\u00e6ngede i december: Nu er AGF-spiller ude i hele 2021","datePublished":"2021-01-20T16:32:10+00:00","dateModified":"2021-01-20T16:34:14+00:00","mainEntityOfPage":{"@id":"https:\/\/acefootball.com\/da\/fodboldnyheder\/forlaengede-i-december-nu-er-agf-spiller-ude-i-hele-2021\/#webpage"},"wordCount":145,"commentCount":0,"publisher":{"@id":"https:\/\/acefootball.com\/da\/#organization"},"image":{"@id":"https:\/\/acefootball.com\/da\/fodboldnyheder\/forlaengede-i-december-nu-er-agf-spiller-ude-i-hele-2021\/#primaryimage"},"thumbnailUrl":"https:\/\/acefootball.com\/da\/wp-content\/uploads\/sites\/2\/2021\/01\/GettyImages-1228623476.jpg","keywords":["AGF","Niklas Backman","Superligaen"],"articleSection":["Nyhed"],"inLanguage":"en-US","potentialAction":[{"@type":"CommentAction","name":"Comment","target":["https:\/\/acefootball.com\/da\/fodboldnyheder\/forlaengede-i-december-nu-er-agf-spiller-ude-i-hele-2021\/#respond"]}]},{"@type":"Person","@id":"https:\/\/acefootball.com\/da\/#\/schema\/person\/ee67e9cf04a276f144100ffa722f10cd","name":"Mads Dreyer","image":{"@type":"ImageObject","@id":"https:\/\/acefootball.com\/da\/#personlogo","inLanguage":"en-US","url":"https:\/\/secure.gravatar.com\/avatar\/7c7abf72cfde9902b6a60efe60c88d4c?s=96&d=mm&r=g","contentUrl":"https:\/\/secure.gravatar.com\/avatar\/7c7abf72cfde9902b6a60efe60c88d4c?s=96&d=mm&r=g","caption":"Mads Dreyer"},"description":"Skribent og fodboldn\u00f8rd, der lige nu fort\u00e6ller om alt og intet i fodboldverdenen p\u00e5 acefootball.com. Uddannet i kommunikation fra Aalborg Universitet.","sameAs":["https:\/\/www.linkedin.com\/in\/mads-dreyer-b9b08266\/"],"url":"https:\/\/acefootball.com\/da\/fodboldnyheder\/author\/mdnronaldo\/"}]}},"fimg_url":"https:\/\/acefootball.com\/da\/wp-content\/uploads\/sites\/2\/2021\/01\/GettyImages-1228623476.jpg","_links":{"self":[{"href":"https:\/\/acefootball.com\/da\/wp-json\/wp\/v2\/posts\/249132"}],"collection":[{"href":"https:\/\/acefootball.com\/da\/wp-json\/wp\/v2\/posts"}],"about":[{"href":"https:\/\/acefootball.com\/da\/wp-json\/wp\/v2\/types\/post"}],"author":[{"embeddable":true,"href":"https:\/\/acefootball.com\/da\/wp-json\/wp\/v2\/users\/705"}],"replies":[{"embeddable":true,"href":"https:\/\/acefootball.com\/da\/wp-json\/wp\/v2\/comments?post=249132"}],"version-history":[{"count":0,"href":"https:\/\/acefootball.com\/da\/wp-json\/wp\/v2\/posts\/249132\/revisions"}],"wp:featuredmedia":[{"embeddable":true,"href":"https:\/\/acefootball.com\/da\/wp-json\/wp\/v2\/media\/249133"}],"wp:attachment":[{"href":"https:\/\/acefootball.com\/da\/wp-json\/wp\/v2\/media?parent=249132"}],"wp:term":[{"taxonomy":"category","embeddable":true,"href":"https:\/\/acefootball.com\/da\/wp-json\/wp\/v2\/categories?post=249132"},{"taxonomy":"post_tag","embeddable":true,"href":"https:\/\/acefootball.com\/da\/wp-json\/wp\/v2\/tags?post=249132"}],"curies":[{"name":"wp","href":"https:\/\/api.w.org\/{rel}","templated":true}]}}