{"id":248905,"date":"2021-01-19T13:16:27","date_gmt":"2021-01-19T12:16:27","guid":{"rendered":"https:\/\/acefootball.com\/da\/?p=248905"},"modified":"2021-01-19T13:16:28","modified_gmt":"2021-01-19T12:16:28","slug":"ikke-plads-til-mike-jensen-aab-vil-holde-paa-eftertragtet-profil","status":"publish","type":"post","link":"https:\/\/acefootball.com\/da\/fodboldnyheder\/ikke-plads-til-mike-jensen-aab-vil-holde-paa-eftertragtet-profil\/","title":{"rendered":"Ikke plads til Mike Jensen: AaB vil holde p\u00e5 eftertragtet profil"},"content":{"rendered":"\n<h2 id=\"h-aab-lurede-i-sommer-p-at-hente-mike-jensen-hjem-til-danmark-men-nu-er-der-ikke-l-ngere-plads-til-den-tidligere-landsholdsspiller\">AaB lurede i sommer p\u00e5 at hente Mike Jensen hjem til Danmark, men nu er der ikke l\u00e6ngere plads til den tidligere landsholdsspiller<\/h2>\n\n\n\n<p>Sidste sommer var AaB p\u00e5 jagt efter forst\u00e6rkninger til den centrale midtbane, og her overvejede man blandt andre Mike Jensen, der p\u00e5 dav\u00e6rende tidspunkt spillede i APOEL.<\/p>\n\n\n\n<p>Valget faldt dog p\u00e5 Oscar Hiljemark, som har vist sig godt frem i l\u00f8bet af efter\u00e5ret, men da Mike Jensen nu er blevet l\u00f8st fra kontrakten p\u00e5 Cypern, var det n\u00e6rliggende at spekulere i, om nordjyderne igen vil henvende sig.<\/p>\n\n\n\n<p>Der er nemlig stor interesse for en anden af sommerens tilgange, Pedro Ferreira, men AaB forventer ikke et salg denne vinter, og derfor bliver der ikke plads til den tidligere danske landsholdsspiller.<\/p>\n\n\n\n<figure class=\"wp-block-embed is-type-wp-embed is-provider-ace-football-danmark wp-block-embed-ace-football-danmark\"><div class=\"wp-block-embed__wrapper\">\n<blockquote class=\"wp-embedded-content\" data-secret=\"8Buc2Ff1Wa\"><a href=\"https:\/\/acefootball.com\/da\/fodboldnyheder\/transferindtaegter-saa-meget-har-de-danske-klubber-tjent-de-seneste-fem-aar\/\">Transferindt\u00e6gter: S\u00e5 meget har de danske klubber tjent de seneste fem \u00e5r<\/a><\/blockquote><iframe class=\"wp-embedded-content\" sandbox=\"allow-scripts\" security=\"restricted\" style=\"position: absolute; clip: rect(1px, 1px, 1px, 1px);\" title=\"&#8220;Transferindt\u00e6gter: S\u00e5 meget har de danske klubber tjent de seneste fem \u00e5r&#8221; &#8212; Ace Football Danmark\" src=\"https:\/\/acefootball.com\/da\/fodboldnyheder\/transferindtaegter-saa-meget-har-de-danske-klubber-tjent-de-seneste-fem-aar\/embed\/#?secret=8Buc2Ff1Wa\" data-secret=\"8Buc2Ff1Wa\" width=\"600\" height=\"338\" frameborder=\"0\" marginwidth=\"0\" marginheight=\"0\" scrolling=\"no\"><\/iframe>\n<\/div><\/figure>\n\n\n\n<p>&#8220;F\u00f8rst og fremmest vil vi beholde Ferreira. Det er for tidligt at sende ham afsted. Men det vil altid v\u00e6re s\u00e5dan i en fodboldklub, at vi ikke kan holde ham tilbage, hvis pengene bliver store nok, og han gerne vil videre. Men vores udgangspunkt er, at han skal blive og forts\u00e6tte sin udvikling her,&#8221; udtaler sportschef Inge Andre Olsen til <a href=\"https:\/\/www.bold.dk\/fodbold\/nyheder\/aab-om-mike-j-ikke-ude-efter-central-midt\/\" target=\"_blank\" rel=\"noreferrer noopener\">bold.dk<\/a>.<\/p>\n\n\n\n<p>Mike Jensen har foruden AaB v\u00e6ret k\u00e6det sammen med et skifte til FC Nordsj\u00e6lland og OB, mens hans tidligere klub, Br\u00f8ndby IF, ogs\u00e5 har v\u00e6ret n\u00e6vnt.<\/p>\n","protected":false},"excerpt":{"rendered":"<p>AaB lurede i sommer p\u00e5 at hente Mike Jensen hjem til Danmark, men nu er der ikke l\u00e6ngere plads til den tidligere landsholdsspiller<\/p>\n","protected":false},"author":705,"featured_media":234741,"comment_status":"open","ping_status":"closed","sticky":false,"template":"","format":"standard","meta":{"om_disable_all_campaigns":false,"push_articles_ronaldo":{"active":false,"canonical":0,"publish":false},"force_updates":null},"categories":[7],"tags":[17,728,588],"enet_tags":{"team":["8470"],"player":["27781"],"league":["46"],"sport_events":[]},"yoast_head":"<!-- This site is optimized with the Yoast SEO plugin v18.3 - https:\/\/yoast.com\/wordpress\/plugins\/seo\/ -->\n<title>Ikke plads til Mike Jensen: AaB vil holde p\u00e5 eftertragtet profil<\/title>\n<meta name=\"description\" content=\"AaB lurede i sommer p\u00e5 at hente Mike Jensen hjem til Danmark, men nu er der ikke l\u00e6ngere plads til den tidligere landsholdsspiller\" \/>\n<meta name=\"robots\" content=\"index, follow, max-snippet:-1, max-image-preview:large, max-video-preview:-1\" \/>\n<link rel=\"canonical\" href=\"https:\/\/acefootball.com\/da\/fodboldnyheder\/ikke-plads-til-mike-jensen-aab-vil-holde-paa-eftertragtet-profil\/\" \/>\n<meta property=\"og:locale\" content=\"en_US\" \/>\n<meta property=\"og:type\" content=\"article\" \/>\n<meta property=\"og:title\" content=\"Ikke plads til Mike Jensen: AaB vil holde p\u00e5 eftertragtet profil\" \/>\n<meta property=\"og:description\" content=\"AaB lurede i sommer p\u00e5 at hente Mike Jensen hjem til Danmark, men nu er der ikke l\u00e6ngere plads til den tidligere landsholdsspiller\" \/>\n<meta property=\"og:url\" content=\"https:\/\/acefootball.com\/da\/fodboldnyheder\/ikke-plads-til-mike-jensen-aab-vil-holde-paa-eftertragtet-profil\/\" \/>\n<meta property=\"og:site_name\" content=\"Ace Football Danmark\" \/>\n<meta property=\"article:publisher\" content=\"https:\/\/www.facebook.com\/acefootballdk\" \/>\n<meta property=\"article:published_time\" content=\"2021-01-19T12:16:27+00:00\" \/>\n<meta property=\"article:modified_time\" content=\"2021-01-19T12:16:28+00:00\" \/>\n<meta property=\"og:image\" content=\"https:\/\/acefootball.com\/da\/wp-content\/uploads\/sites\/2\/2021\/01\/Copy-of-Copy-of-Ace-19.jpg\" \/>\n\t<meta property=\"og:image:width\" content=\"1920\" \/>\n\t<meta property=\"og:image:height\" content=\"1008\" \/>\n\t<meta property=\"og:image:type\" content=\"image\/jpeg\" \/>\n<meta name=\"twitter:card\" content=\"summary_large_image\" \/>\n<meta name=\"twitter:label1\" content=\"Written by\" \/>\n\t<meta name=\"twitter:data1\" content=\"Mads Dreyer\" \/>\n\t<meta name=\"twitter:label2\" content=\"Est. reading time\" \/>\n\t<meta name=\"twitter:data2\" content=\"1 minute\" \/>\n<script type=\"application\/ld+json\" class=\"yoast-schema-graph\">{\"@context\":\"https:\/\/schema.org\",\"@graph\":[{\"@type\":\"Organization\",\"@id\":\"https:\/\/acefootball.com\/da\/#organization\",\"name\":\"Ace Football\",\"url\":\"https:\/\/acefootball.com\/da\/\",\"sameAs\":[\"https:\/\/www.facebook.com\/acefootballdk\"],\"logo\":{\"@type\":\"ImageObject\",\"@id\":\"https:\/\/acefootball.com\/da\/#logo\",\"inLanguage\":\"en-US\",\"url\":\"https:\/\/acefootball.com\/da\/wp-content\/uploads\/sites\/2\/2020\/07\/Ace-Football-30-07-2020-2.png\",\"contentUrl\":\"https:\/\/acefootball.com\/da\/wp-content\/uploads\/sites\/2\/2020\/07\/Ace-Football-30-07-2020-2.png\",\"width\":1200,\"height\":600,\"caption\":\"Ace Football\"},\"image\":{\"@id\":\"https:\/\/acefootball.com\/da\/#logo\"}},{\"@type\":\"WebSite\",\"@id\":\"https:\/\/acefootball.com\/da\/#website\",\"url\":\"https:\/\/acefootball.com\/da\/\",\"name\":\"Ace Football Danmark\",\"description\":\"Nyheder, Spiltips &amp; Livescore\",\"publisher\":{\"@id\":\"https:\/\/acefootball.com\/da\/#organization\"},\"potentialAction\":[{\"@type\":\"SearchAction\",\"target\":{\"@type\":\"EntryPoint\",\"urlTemplate\":\"https:\/\/acefootball.com\/da\/?s={search_term_string}\"},\"query-input\":\"required name=search_term_string\"}],\"inLanguage\":\"en-US\"},{\"@type\":\"ImageObject\",\"@id\":\"https:\/\/acefootball.com\/da\/fodboldnyheder\/ikke-plads-til-mike-jensen-aab-vil-holde-paa-eftertragtet-profil\/#primaryimage\",\"inLanguage\":\"en-US\",\"url\":\"https:\/\/acefootball.com\/da\/wp-content\/uploads\/sites\/2\/2021\/01\/Copy-of-Copy-of-Ace-19.jpg\",\"contentUrl\":\"https:\/\/acefootball.com\/da\/wp-content\/uploads\/sites\/2\/2021\/01\/Copy-of-Copy-of-Ace-19.jpg\",\"width\":1920,\"height\":1008},{\"@type\":\"WebPage\",\"@id\":\"https:\/\/acefootball.com\/da\/fodboldnyheder\/ikke-plads-til-mike-jensen-aab-vil-holde-paa-eftertragtet-profil\/#webpage\",\"url\":\"https:\/\/acefootball.com\/da\/fodboldnyheder\/ikke-plads-til-mike-jensen-aab-vil-holde-paa-eftertragtet-profil\/\",\"name\":\"Ikke plads til Mike Jensen: AaB vil holde p\u00e5 eftertragtet profil\",\"isPartOf\":{\"@id\":\"https:\/\/acefootball.com\/da\/#website\"},\"primaryImageOfPage\":{\"@id\":\"https:\/\/acefootball.com\/da\/fodboldnyheder\/ikke-plads-til-mike-jensen-aab-vil-holde-paa-eftertragtet-profil\/#primaryimage\"},\"datePublished\":\"2021-01-19T12:16:27+00:00\",\"dateModified\":\"2021-01-19T12:16:28+00:00\",\"description\":\"AaB lurede i sommer p\u00e5 at hente Mike Jensen hjem til Danmark, men nu er der ikke l\u00e6ngere plads til den tidligere landsholdsspiller\",\"breadcrumb\":{\"@id\":\"https:\/\/acefootball.com\/da\/fodboldnyheder\/ikke-plads-til-mike-jensen-aab-vil-holde-paa-eftertragtet-profil\/#breadcrumb\"},\"inLanguage\":\"en-US\",\"potentialAction\":[{\"@type\":\"ReadAction\",\"target\":[\"https:\/\/acefootball.com\/da\/fodboldnyheder\/ikke-plads-til-mike-jensen-aab-vil-holde-paa-eftertragtet-profil\/\"]}]},{\"@type\":\"BreadcrumbList\",\"@id\":\"https:\/\/acefootball.com\/da\/fodboldnyheder\/ikke-plads-til-mike-jensen-aab-vil-holde-paa-eftertragtet-profil\/#breadcrumb\",\"itemListElement\":[{\"@type\":\"ListItem\",\"position\":1,\"name\":\"Home\",\"item\":\"https:\/\/acefootball.com\/da\/\"},{\"@type\":\"ListItem\",\"position\":2,\"name\":\"Ikke plads til Mike Jensen: AaB vil holde p\u00e5 eftertragtet profil\"}]},{\"@type\":\"Article\",\"@id\":\"https:\/\/acefootball.com\/da\/fodboldnyheder\/ikke-plads-til-mike-jensen-aab-vil-holde-paa-eftertragtet-profil\/#article\",\"isPartOf\":{\"@id\":\"https:\/\/acefootball.com\/da\/fodboldnyheder\/ikke-plads-til-mike-jensen-aab-vil-holde-paa-eftertragtet-profil\/#webpage\"},\"author\":{\"@id\":\"https:\/\/acefootball.com\/da\/#\/schema\/person\/ee67e9cf04a276f144100ffa722f10cd\"},\"headline\":\"Ikke plads til Mike Jensen: AaB vil holde p\u00e5 eftertragtet profil\",\"datePublished\":\"2021-01-19T12:16:27+00:00\",\"dateModified\":\"2021-01-19T12:16:28+00:00\",\"mainEntityOfPage\":{\"@id\":\"https:\/\/acefootball.com\/da\/fodboldnyheder\/ikke-plads-til-mike-jensen-aab-vil-holde-paa-eftertragtet-profil\/#webpage\"},\"wordCount\":244,\"commentCount\":0,\"publisher\":{\"@id\":\"https:\/\/acefootball.com\/da\/#organization\"},\"image\":{\"@id\":\"https:\/\/acefootball.com\/da\/fodboldnyheder\/ikke-plads-til-mike-jensen-aab-vil-holde-paa-eftertragtet-profil\/#primaryimage\"},\"thumbnailUrl\":\"https:\/\/acefootball.com\/da\/wp-content\/uploads\/sites\/2\/2020\/08\/GettyImages-938864820.jpg\",\"keywords\":[\"AaB\",\"Mike Jensen\",\"Superligaen\"],\"articleSection\":[\"Transfer\"],\"inLanguage\":\"en-US\",\"potentialAction\":[{\"@type\":\"CommentAction\",\"name\":\"Comment\",\"target\":[\"https:\/\/acefootball.com\/da\/fodboldnyheder\/ikke-plads-til-mike-jensen-aab-vil-holde-paa-eftertragtet-profil\/#respond\"]}]},{\"@type\":\"Person\",\"@id\":\"https:\/\/acefootball.com\/da\/#\/schema\/person\/ee67e9cf04a276f144100ffa722f10cd\",\"name\":\"Mads Dreyer\",\"image\":{\"@type\":\"ImageObject\",\"@id\":\"https:\/\/acefootball.com\/da\/#personlogo\",\"inLanguage\":\"en-US\",\"url\":\"https:\/\/secure.gravatar.com\/avatar\/7c7abf72cfde9902b6a60efe60c88d4c?s=96&d=mm&r=g\",\"contentUrl\":\"https:\/\/secure.gravatar.com\/avatar\/7c7abf72cfde9902b6a60efe60c88d4c?s=96&d=mm&r=g\",\"caption\":\"Mads Dreyer\"},\"description\":\"Skribent og fodboldn\u00f8rd, der lige nu fort\u00e6ller om alt og intet i fodboldverdenen p\u00e5 acefootball.com. Uddannet i kommunikation fra Aalborg Universitet.\",\"sameAs\":[\"https:\/\/www.linkedin.com\/in\/mads-dreyer-b9b08266\/\"],\"url\":\"https:\/\/acefootball.com\/da\/fodboldnyheder\/author\/mdnronaldo\/\"}]}<\/script>\n<!-- \/ Yoast SEO plugin. -->","yoast_head_json":{"title":"Ikke plads til Mike Jensen: AaB vil holde p\u00e5 eftertragtet profil","description":"AaB lurede i sommer p\u00e5 at hente Mike Jensen hjem til Danmark, men nu er der ikke l\u00e6ngere plads til den tidligere landsholdsspiller","robots":{"index":"index","follow":"follow","max-snippet":"max-snippet:-1","max-image-preview":"max-image-preview:large","max-video-preview":"max-video-preview:-1"},"canonical":"https:\/\/acefootball.com\/da\/fodboldnyheder\/ikke-plads-til-mike-jensen-aab-vil-holde-paa-eftertragtet-profil\/","og_locale":"en_US","og_type":"article","og_title":"Ikke plads til Mike Jensen: AaB vil holde p\u00e5 eftertragtet profil","og_description":"AaB lurede i sommer p\u00e5 at hente Mike Jensen hjem til Danmark, men nu er der ikke l\u00e6ngere plads til den tidligere landsholdsspiller","og_url":"https:\/\/acefootball.com\/da\/fodboldnyheder\/ikke-plads-til-mike-jensen-aab-vil-holde-paa-eftertragtet-profil\/","og_site_name":"Ace Football Danmark","article_publisher":"https:\/\/www.facebook.com\/acefootballdk","article_published_time":"2021-01-19T12:16:27+00:00","article_modified_time":"2021-01-19T12:16:28+00:00","og_image":[{"width":1920,"height":1008,"url":"https:\/\/acefootball.com\/da\/wp-content\/uploads\/sites\/2\/2021\/01\/Copy-of-Copy-of-Ace-19.jpg","type":"image\/jpeg"}],"twitter_card":"summary_large_image","twitter_misc":{"Written by":"Mads Dreyer","Est. reading time":"1 minute"},"schema":{"@context":"https:\/\/schema.org","@graph":[{"@type":"Organization","@id":"https:\/\/acefootball.com\/da\/#organization","name":"Ace Football","url":"https:\/\/acefootball.com\/da\/","sameAs":["https:\/\/www.facebook.com\/acefootballdk"],"logo":{"@type":"ImageObject","@id":"https:\/\/acefootball.com\/da\/#logo","inLanguage":"en-US","url":"https:\/\/acefootball.com\/da\/wp-content\/uploads\/sites\/2\/2020\/07\/Ace-Football-30-07-2020-2.png","contentUrl":"https:\/\/acefootball.com\/da\/wp-content\/uploads\/sites\/2\/2020\/07\/Ace-Football-30-07-2020-2.png","width":1200,"height":600,"caption":"Ace Football"},"image":{"@id":"https:\/\/acefootball.com\/da\/#logo"}},{"@type":"WebSite","@id":"https:\/\/acefootball.com\/da\/#website","url":"https:\/\/acefootball.com\/da\/","name":"Ace Football Danmark","description":"Nyheder, Spiltips &amp; Livescore","publisher":{"@id":"https:\/\/acefootball.com\/da\/#organization"},"potentialAction":[{"@type":"SearchAction","target":{"@type":"EntryPoint","urlTemplate":"https:\/\/acefootball.com\/da\/?s={search_term_string}"},"query-input":"required name=search_term_string"}],"inLanguage":"en-US"},{"@type":"ImageObject","@id":"https:\/\/acefootball.com\/da\/fodboldnyheder\/ikke-plads-til-mike-jensen-aab-vil-holde-paa-eftertragtet-profil\/#primaryimage","inLanguage":"en-US","url":"https:\/\/acefootball.com\/da\/wp-content\/uploads\/sites\/2\/2021\/01\/Copy-of-Copy-of-Ace-19.jpg","contentUrl":"https:\/\/acefootball.com\/da\/wp-content\/uploads\/sites\/2\/2021\/01\/Copy-of-Copy-of-Ace-19.jpg","width":1920,"height":1008},{"@type":"WebPage","@id":"https:\/\/acefootball.com\/da\/fodboldnyheder\/ikke-plads-til-mike-jensen-aab-vil-holde-paa-eftertragtet-profil\/#webpage","url":"https:\/\/acefootball.com\/da\/fodboldnyheder\/ikke-plads-til-mike-jensen-aab-vil-holde-paa-eftertragtet-profil\/","name":"Ikke plads til Mike Jensen: AaB vil holde p\u00e5 eftertragtet profil","isPartOf":{"@id":"https:\/\/acefootball.com\/da\/#website"},"primaryImageOfPage":{"@id":"https:\/\/acefootball.com\/da\/fodboldnyheder\/ikke-plads-til-mike-jensen-aab-vil-holde-paa-eftertragtet-profil\/#primaryimage"},"datePublished":"2021-01-19T12:16:27+00:00","dateModified":"2021-01-19T12:16:28+00:00","description":"AaB lurede i sommer p\u00e5 at hente Mike Jensen hjem til Danmark, men nu er der ikke l\u00e6ngere plads til den tidligere landsholdsspiller","breadcrumb":{"@id":"https:\/\/acefootball.com\/da\/fodboldnyheder\/ikke-plads-til-mike-jensen-aab-vil-holde-paa-eftertragtet-profil\/#breadcrumb"},"inLanguage":"en-US","potentialAction":[{"@type":"ReadAction","target":["https:\/\/acefootball.com\/da\/fodboldnyheder\/ikke-plads-til-mike-jensen-aab-vil-holde-paa-eftertragtet-profil\/"]}]},{"@type":"BreadcrumbList","@id":"https:\/\/acefootball.com\/da\/fodboldnyheder\/ikke-plads-til-mike-jensen-aab-vil-holde-paa-eftertragtet-profil\/#breadcrumb","itemListElement":[{"@type":"ListItem","position":1,"name":"Home","item":"https:\/\/acefootball.com\/da\/"},{"@type":"ListItem","position":2,"name":"Ikke plads til Mike Jensen: AaB vil holde p\u00e5 eftertragtet profil"}]},{"@type":"Article","@id":"https:\/\/acefootball.com\/da\/fodboldnyheder\/ikke-plads-til-mike-jensen-aab-vil-holde-paa-eftertragtet-profil\/#article","isPartOf":{"@id":"https:\/\/acefootball.com\/da\/fodboldnyheder\/ikke-plads-til-mike-jensen-aab-vil-holde-paa-eftertragtet-profil\/#webpage"},"author":{"@id":"https:\/\/acefootball.com\/da\/#\/schema\/person\/ee67e9cf04a276f144100ffa722f10cd"},"headline":"Ikke plads til Mike Jensen: AaB vil holde p\u00e5 eftertragtet profil","datePublished":"2021-01-19T12:16:27+00:00","dateModified":"2021-01-19T12:16:28+00:00","mainEntityOfPage":{"@id":"https:\/\/acefootball.com\/da\/fodboldnyheder\/ikke-plads-til-mike-jensen-aab-vil-holde-paa-eftertragtet-profil\/#webpage"},"wordCount":244,"commentCount":0,"publisher":{"@id":"https:\/\/acefootball.com\/da\/#organization"},"image":{"@id":"https:\/\/acefootball.com\/da\/fodboldnyheder\/ikke-plads-til-mike-jensen-aab-vil-holde-paa-eftertragtet-profil\/#primaryimage"},"thumbnailUrl":"https:\/\/acefootball.com\/da\/wp-content\/uploads\/sites\/2\/2020\/08\/GettyImages-938864820.jpg","keywords":["AaB","Mike Jensen","Superligaen"],"articleSection":["Transfer"],"inLanguage":"en-US","potentialAction":[{"@type":"CommentAction","name":"Comment","target":["https:\/\/acefootball.com\/da\/fodboldnyheder\/ikke-plads-til-mike-jensen-aab-vil-holde-paa-eftertragtet-profil\/#respond"]}]},{"@type":"Person","@id":"https:\/\/acefootball.com\/da\/#\/schema\/person\/ee67e9cf04a276f144100ffa722f10cd","name":"Mads Dreyer","image":{"@type":"ImageObject","@id":"https:\/\/acefootball.com\/da\/#personlogo","inLanguage":"en-US","url":"https:\/\/secure.gravatar.com\/avatar\/7c7abf72cfde9902b6a60efe60c88d4c?s=96&d=mm&r=g","contentUrl":"https:\/\/secure.gravatar.com\/avatar\/7c7abf72cfde9902b6a60efe60c88d4c?s=96&d=mm&r=g","caption":"Mads Dreyer"},"description":"Skribent og fodboldn\u00f8rd, der lige nu fort\u00e6ller om alt og intet i fodboldverdenen p\u00e5 acefootball.com. Uddannet i kommunikation fra Aalborg Universitet.","sameAs":["https:\/\/www.linkedin.com\/in\/mads-dreyer-b9b08266\/"],"url":"https:\/\/acefootball.com\/da\/fodboldnyheder\/author\/mdnronaldo\/"}]}},"fimg_url":"https:\/\/acefootball.com\/da\/wp-content\/uploads\/sites\/2\/2020\/08\/GettyImages-938864820.jpg","_links":{"self":[{"href":"https:\/\/acefootball.com\/da\/wp-json\/wp\/v2\/posts\/248905"}],"collection":[{"href":"https:\/\/acefootball.com\/da\/wp-json\/wp\/v2\/posts"}],"about":[{"href":"https:\/\/acefootball.com\/da\/wp-json\/wp\/v2\/types\/post"}],"author":[{"embeddable":true,"href":"https:\/\/acefootball.com\/da\/wp-json\/wp\/v2\/users\/705"}],"replies":[{"embeddable":true,"href":"https:\/\/acefootball.com\/da\/wp-json\/wp\/v2\/comments?post=248905"}],"version-history":[{"count":0,"href":"https:\/\/acefootball.com\/da\/wp-json\/wp\/v2\/posts\/248905\/revisions"}],"wp:featuredmedia":[{"embeddable":true,"href":"https:\/\/acefootball.com\/da\/wp-json\/wp\/v2\/media\/234741"}],"wp:attachment":[{"href":"https:\/\/acefootball.com\/da\/wp-json\/wp\/v2\/media?parent=248905"}],"wp:term":[{"taxonomy":"category","embeddable":true,"href":"https:\/\/acefootball.com\/da\/wp-json\/wp\/v2\/categories?post=248905"},{"taxonomy":"post_tag","embeddable":true,"href":"https:\/\/acefootball.com\/da\/wp-json\/wp\/v2\/tags?post=248905"}],"curies":[{"name":"wp","href":"https:\/\/api.w.org\/{rel}","templated":true}]}}