{"id":248637,"date":"2021-01-16T20:02:59","date_gmt":"2021-01-16T19:02:59","guid":{"rendered":"https:\/\/acefootball.com\/da\/?p=248637"},"modified":"2021-01-17T12:23:10","modified_gmt":"2021-01-17T11:23:10","slug":"journalist-fck-emne-bliver-loest-fra-kontrakten","status":"publish","type":"post","link":"https:\/\/acefootball.com\/da\/fodboldnyheder\/journalist-fck-emne-bliver-loest-fra-kontrakten\/","title":{"rendered":"Medie: FCK-emne bliver l\u00f8st fra kontrakten"},"content":{"rendered":"\n<h2 id=\"h-if-lge-et-tysk-medie-er-fc-k-ln-og-frederik-s-rensen-blevet-enige-om-at-oph-ve-kontrakten-og-danskeren-er-derfor-fri-p-markedet\">If\u00f8lge et tysk medie er FC K\u00f6ln og Frederik S\u00f8rensen blevet enige om at oph\u00e6ve kontrakten, og danskeren er derfor fri p\u00e5 markedet<\/h2>\n\n\n\n<p>Danske Frederik S\u00f8rensen er r\u00f8get helt ud i kulden hos FC K\u00f6ln, og klubben har offentligt meldt ud, at overskydende spillere skal v\u00e6k denne vinter for at sparre l\u00f8nkroner.<\/p>\n\n\n\n<p>Det formodes, at S\u00f8rensen er heriblandt, og nu tyder meget p\u00e5, at historien holder vand. Det lokale medie <a href=\"https:\/\/geissblog.koeln\/2021\/01\/exklusiv-vertrag-aufgeloest-soerensen-verlaesst-den-effzeh\/\" target=\"_blank\" rel=\"noreferrer noopener\">Geissblog.koeln<\/a> skriver nemlig, at S\u00f8rensen bliver l\u00f8st fra kontrakten i Bundesliga-klubben.<\/p>\n\n\n\n<p>Den 28-\u00e5rige forsvarsspiller har tidligere v\u00e6ret sat i forbindelse med et skifte tilbage til dansk fodbold, hvor FC K\u00f8benhavn efter sigende skulle ligge p\u00e5 lur. Nu kan han angiveligt erhverves helt gratis.<\/p>\n\n\n\n<p>Frederik S\u00f8rensen fik sin fodboldopdragelse i Lyngby Boldklub, inden han skiftede til Juventus i 2011. Han har en enkelt landskamp p\u00e5 CV&#8217;et.<\/p>\n","protected":false},"excerpt":{"rendered":"<p>If\u00f8lge et tysk medie er FC K\u00f6ln og Frederik S\u00f8rensen blevet enige om at oph\u00e6ve kontrakten, og danskeren er derfor fri p\u00e5 markedet<\/p>\n","protected":false},"author":705,"featured_media":247601,"comment_status":"open","ping_status":"closed","sticky":false,"template":"","format":"standard","meta":{"om_disable_all_campaigns":false,"push_articles_ronaldo":{"active":false,"canonical":0,"publish":false},"force_updates":null},"categories":[7],"tags":[1906,143,16,1909,588],"enet_tags":{"team":["8722","8391"],"league":["54","46"],"player":["231753"],"sport_events":[]},"yoast_head":"<!-- This site is optimized with the Yoast SEO plugin v18.3 - https:\/\/yoast.com\/wordpress\/plugins\/seo\/ -->\n<title>Medie: FCK-emne bliver l\u00f8st fra kontrakten<\/title>\n<meta name=\"description\" content=\"If\u00f8lge et tysk medie er FC K\u00f6ln og Frederik S\u00f8rensen blevet enige om at oph\u00e6ve kontrakten, og danskeren er derfor fri p\u00e5 markedet\" \/>\n<meta name=\"robots\" content=\"index, follow, max-snippet:-1, max-image-preview:large, max-video-preview:-1\" \/>\n<link rel=\"canonical\" href=\"https:\/\/acefootball.com\/da\/fodboldnyheder\/journalist-fck-emne-bliver-loest-fra-kontrakten\/\" \/>\n<meta property=\"og:locale\" content=\"en_US\" \/>\n<meta property=\"og:type\" content=\"article\" \/>\n<meta property=\"og:title\" content=\"Medie: FCK-emne bliver l\u00f8st fra kontrakten\" \/>\n<meta property=\"og:description\" content=\"If\u00f8lge et tysk medie er FC K\u00f6ln og Frederik S\u00f8rensen blevet enige om at oph\u00e6ve kontrakten, og danskeren er derfor fri p\u00e5 markedet\" \/>\n<meta property=\"og:url\" content=\"https:\/\/acefootball.com\/da\/fodboldnyheder\/journalist-fck-emne-bliver-loest-fra-kontrakten\/\" \/>\n<meta property=\"og:site_name\" content=\"Ace Football Danmark\" \/>\n<meta property=\"article:publisher\" content=\"https:\/\/www.facebook.com\/acefootballdk\" \/>\n<meta property=\"article:published_time\" content=\"2021-01-16T19:02:59+00:00\" \/>\n<meta property=\"article:modified_time\" content=\"2021-01-17T11:23:10+00:00\" \/>\n<meta property=\"og:image\" content=\"https:\/\/acefootball.com\/da\/wp-content\/uploads\/sites\/2\/2021\/01\/Copy-of-Ace-11-2.jpg\" \/>\n\t<meta property=\"og:image:width\" content=\"1920\" \/>\n\t<meta property=\"og:image:height\" content=\"1008\" \/>\n\t<meta property=\"og:image:type\" content=\"image\/jpeg\" \/>\n<meta name=\"twitter:card\" content=\"summary_large_image\" \/>\n<meta name=\"twitter:label1\" content=\"Written by\" \/>\n\t<meta name=\"twitter:data1\" content=\"Mads Dreyer\" \/>\n\t<meta name=\"twitter:label2\" content=\"Est. reading time\" \/>\n\t<meta name=\"twitter:data2\" content=\"1 minute\" \/>\n<script type=\"application\/ld+json\" class=\"yoast-schema-graph\">{\"@context\":\"https:\/\/schema.org\",\"@graph\":[{\"@type\":\"Organization\",\"@id\":\"https:\/\/acefootball.com\/da\/#organization\",\"name\":\"Ace Football\",\"url\":\"https:\/\/acefootball.com\/da\/\",\"sameAs\":[\"https:\/\/www.facebook.com\/acefootballdk\"],\"logo\":{\"@type\":\"ImageObject\",\"@id\":\"https:\/\/acefootball.com\/da\/#logo\",\"inLanguage\":\"en-US\",\"url\":\"https:\/\/acefootball.com\/da\/wp-content\/uploads\/sites\/2\/2020\/07\/Ace-Football-30-07-2020-2.png\",\"contentUrl\":\"https:\/\/acefootball.com\/da\/wp-content\/uploads\/sites\/2\/2020\/07\/Ace-Football-30-07-2020-2.png\",\"width\":1200,\"height\":600,\"caption\":\"Ace Football\"},\"image\":{\"@id\":\"https:\/\/acefootball.com\/da\/#logo\"}},{\"@type\":\"WebSite\",\"@id\":\"https:\/\/acefootball.com\/da\/#website\",\"url\":\"https:\/\/acefootball.com\/da\/\",\"name\":\"Ace Football Danmark\",\"description\":\"Nyheder, Spiltips &amp; Livescore\",\"publisher\":{\"@id\":\"https:\/\/acefootball.com\/da\/#organization\"},\"potentialAction\":[{\"@type\":\"SearchAction\",\"target\":{\"@type\":\"EntryPoint\",\"urlTemplate\":\"https:\/\/acefootball.com\/da\/?s={search_term_string}\"},\"query-input\":\"required name=search_term_string\"}],\"inLanguage\":\"en-US\"},{\"@type\":\"ImageObject\",\"@id\":\"https:\/\/acefootball.com\/da\/fodboldnyheder\/journalist-fck-emne-bliver-loest-fra-kontrakten\/#primaryimage\",\"inLanguage\":\"en-US\",\"url\":\"https:\/\/acefootball.com\/da\/wp-content\/uploads\/sites\/2\/2021\/01\/Copy-of-Ace-11-2.jpg\",\"contentUrl\":\"https:\/\/acefootball.com\/da\/wp-content\/uploads\/sites\/2\/2021\/01\/Copy-of-Ace-11-2.jpg\",\"width\":1920,\"height\":1008},{\"@type\":\"WebPage\",\"@id\":\"https:\/\/acefootball.com\/da\/fodboldnyheder\/journalist-fck-emne-bliver-loest-fra-kontrakten\/#webpage\",\"url\":\"https:\/\/acefootball.com\/da\/fodboldnyheder\/journalist-fck-emne-bliver-loest-fra-kontrakten\/\",\"name\":\"Medie: FCK-emne bliver l\u00f8st fra kontrakten\",\"isPartOf\":{\"@id\":\"https:\/\/acefootball.com\/da\/#website\"},\"primaryImageOfPage\":{\"@id\":\"https:\/\/acefootball.com\/da\/fodboldnyheder\/journalist-fck-emne-bliver-loest-fra-kontrakten\/#primaryimage\"},\"datePublished\":\"2021-01-16T19:02:59+00:00\",\"dateModified\":\"2021-01-17T11:23:10+00:00\",\"description\":\"If\u00f8lge et tysk medie er FC K\u00f6ln og Frederik S\u00f8rensen blevet enige om at oph\u00e6ve kontrakten, og danskeren er derfor fri p\u00e5 markedet\",\"breadcrumb\":{\"@id\":\"https:\/\/acefootball.com\/da\/fodboldnyheder\/journalist-fck-emne-bliver-loest-fra-kontrakten\/#breadcrumb\"},\"inLanguage\":\"en-US\",\"potentialAction\":[{\"@type\":\"ReadAction\",\"target\":[\"https:\/\/acefootball.com\/da\/fodboldnyheder\/journalist-fck-emne-bliver-loest-fra-kontrakten\/\"]}]},{\"@type\":\"BreadcrumbList\",\"@id\":\"https:\/\/acefootball.com\/da\/fodboldnyheder\/journalist-fck-emne-bliver-loest-fra-kontrakten\/#breadcrumb\",\"itemListElement\":[{\"@type\":\"ListItem\",\"position\":1,\"name\":\"Home\",\"item\":\"https:\/\/acefootball.com\/da\/\"},{\"@type\":\"ListItem\",\"position\":2,\"name\":\"Medie: FCK-emne bliver l\u00f8st fra kontrakten\"}]},{\"@type\":\"Article\",\"@id\":\"https:\/\/acefootball.com\/da\/fodboldnyheder\/journalist-fck-emne-bliver-loest-fra-kontrakten\/#article\",\"isPartOf\":{\"@id\":\"https:\/\/acefootball.com\/da\/fodboldnyheder\/journalist-fck-emne-bliver-loest-fra-kontrakten\/#webpage\"},\"author\":{\"@id\":\"https:\/\/acefootball.com\/da\/#\/schema\/person\/ee67e9cf04a276f144100ffa722f10cd\"},\"headline\":\"Medie: FCK-emne bliver l\u00f8st fra kontrakten\",\"datePublished\":\"2021-01-16T19:02:59+00:00\",\"dateModified\":\"2021-01-17T11:23:10+00:00\",\"mainEntityOfPage\":{\"@id\":\"https:\/\/acefootball.com\/da\/fodboldnyheder\/journalist-fck-emne-bliver-loest-fra-kontrakten\/#webpage\"},\"wordCount\":158,\"commentCount\":0,\"publisher\":{\"@id\":\"https:\/\/acefootball.com\/da\/#organization\"},\"image\":{\"@id\":\"https:\/\/acefootball.com\/da\/fodboldnyheder\/journalist-fck-emne-bliver-loest-fra-kontrakten\/#primaryimage\"},\"thumbnailUrl\":\"https:\/\/acefootball.com\/da\/wp-content\/uploads\/sites\/2\/2021\/01\/GettyImages-1276807618.jpg\",\"keywords\":[\"1. FC K\u00f6ln\",\"Bundesliga\",\"FC K\u00f8benhavn\",\"Frederik S\u00f8rensen\",\"Superligaen\"],\"articleSection\":[\"Transfer\"],\"inLanguage\":\"en-US\",\"potentialAction\":[{\"@type\":\"CommentAction\",\"name\":\"Comment\",\"target\":[\"https:\/\/acefootball.com\/da\/fodboldnyheder\/journalist-fck-emne-bliver-loest-fra-kontrakten\/#respond\"]}]},{\"@type\":\"Person\",\"@id\":\"https:\/\/acefootball.com\/da\/#\/schema\/person\/ee67e9cf04a276f144100ffa722f10cd\",\"name\":\"Mads Dreyer\",\"image\":{\"@type\":\"ImageObject\",\"@id\":\"https:\/\/acefootball.com\/da\/#personlogo\",\"inLanguage\":\"en-US\",\"url\":\"https:\/\/secure.gravatar.com\/avatar\/7c7abf72cfde9902b6a60efe60c88d4c?s=96&d=mm&r=g\",\"contentUrl\":\"https:\/\/secure.gravatar.com\/avatar\/7c7abf72cfde9902b6a60efe60c88d4c?s=96&d=mm&r=g\",\"caption\":\"Mads Dreyer\"},\"description\":\"Skribent og fodboldn\u00f8rd, der lige nu fort\u00e6ller om alt og intet i fodboldverdenen p\u00e5 acefootball.com. Uddannet i kommunikation fra Aalborg Universitet.\",\"sameAs\":[\"https:\/\/www.linkedin.com\/in\/mads-dreyer-b9b08266\/\"],\"url\":\"https:\/\/acefootball.com\/da\/fodboldnyheder\/author\/mdnronaldo\/\"}]}<\/script>\n<!-- \/ Yoast SEO plugin. -->","yoast_head_json":{"title":"Medie: FCK-emne bliver l\u00f8st fra kontrakten","description":"If\u00f8lge et tysk medie er FC K\u00f6ln og Frederik S\u00f8rensen blevet enige om at oph\u00e6ve kontrakten, og danskeren er derfor fri p\u00e5 markedet","robots":{"index":"index","follow":"follow","max-snippet":"max-snippet:-1","max-image-preview":"max-image-preview:large","max-video-preview":"max-video-preview:-1"},"canonical":"https:\/\/acefootball.com\/da\/fodboldnyheder\/journalist-fck-emne-bliver-loest-fra-kontrakten\/","og_locale":"en_US","og_type":"article","og_title":"Medie: FCK-emne bliver l\u00f8st fra kontrakten","og_description":"If\u00f8lge et tysk medie er FC K\u00f6ln og Frederik S\u00f8rensen blevet enige om at oph\u00e6ve kontrakten, og danskeren er derfor fri p\u00e5 markedet","og_url":"https:\/\/acefootball.com\/da\/fodboldnyheder\/journalist-fck-emne-bliver-loest-fra-kontrakten\/","og_site_name":"Ace Football Danmark","article_publisher":"https:\/\/www.facebook.com\/acefootballdk","article_published_time":"2021-01-16T19:02:59+00:00","article_modified_time":"2021-01-17T11:23:10+00:00","og_image":[{"width":1920,"height":1008,"url":"https:\/\/acefootball.com\/da\/wp-content\/uploads\/sites\/2\/2021\/01\/Copy-of-Ace-11-2.jpg","type":"image\/jpeg"}],"twitter_card":"summary_large_image","twitter_misc":{"Written by":"Mads Dreyer","Est. reading time":"1 minute"},"schema":{"@context":"https:\/\/schema.org","@graph":[{"@type":"Organization","@id":"https:\/\/acefootball.com\/da\/#organization","name":"Ace Football","url":"https:\/\/acefootball.com\/da\/","sameAs":["https:\/\/www.facebook.com\/acefootballdk"],"logo":{"@type":"ImageObject","@id":"https:\/\/acefootball.com\/da\/#logo","inLanguage":"en-US","url":"https:\/\/acefootball.com\/da\/wp-content\/uploads\/sites\/2\/2020\/07\/Ace-Football-30-07-2020-2.png","contentUrl":"https:\/\/acefootball.com\/da\/wp-content\/uploads\/sites\/2\/2020\/07\/Ace-Football-30-07-2020-2.png","width":1200,"height":600,"caption":"Ace Football"},"image":{"@id":"https:\/\/acefootball.com\/da\/#logo"}},{"@type":"WebSite","@id":"https:\/\/acefootball.com\/da\/#website","url":"https:\/\/acefootball.com\/da\/","name":"Ace Football Danmark","description":"Nyheder, Spiltips &amp; Livescore","publisher":{"@id":"https:\/\/acefootball.com\/da\/#organization"},"potentialAction":[{"@type":"SearchAction","target":{"@type":"EntryPoint","urlTemplate":"https:\/\/acefootball.com\/da\/?s={search_term_string}"},"query-input":"required name=search_term_string"}],"inLanguage":"en-US"},{"@type":"ImageObject","@id":"https:\/\/acefootball.com\/da\/fodboldnyheder\/journalist-fck-emne-bliver-loest-fra-kontrakten\/#primaryimage","inLanguage":"en-US","url":"https:\/\/acefootball.com\/da\/wp-content\/uploads\/sites\/2\/2021\/01\/Copy-of-Ace-11-2.jpg","contentUrl":"https:\/\/acefootball.com\/da\/wp-content\/uploads\/sites\/2\/2021\/01\/Copy-of-Ace-11-2.jpg","width":1920,"height":1008},{"@type":"WebPage","@id":"https:\/\/acefootball.com\/da\/fodboldnyheder\/journalist-fck-emne-bliver-loest-fra-kontrakten\/#webpage","url":"https:\/\/acefootball.com\/da\/fodboldnyheder\/journalist-fck-emne-bliver-loest-fra-kontrakten\/","name":"Medie: FCK-emne bliver l\u00f8st fra kontrakten","isPartOf":{"@id":"https:\/\/acefootball.com\/da\/#website"},"primaryImageOfPage":{"@id":"https:\/\/acefootball.com\/da\/fodboldnyheder\/journalist-fck-emne-bliver-loest-fra-kontrakten\/#primaryimage"},"datePublished":"2021-01-16T19:02:59+00:00","dateModified":"2021-01-17T11:23:10+00:00","description":"If\u00f8lge et tysk medie er FC K\u00f6ln og Frederik S\u00f8rensen blevet enige om at oph\u00e6ve kontrakten, og danskeren er derfor fri p\u00e5 markedet","breadcrumb":{"@id":"https:\/\/acefootball.com\/da\/fodboldnyheder\/journalist-fck-emne-bliver-loest-fra-kontrakten\/#breadcrumb"},"inLanguage":"en-US","potentialAction":[{"@type":"ReadAction","target":["https:\/\/acefootball.com\/da\/fodboldnyheder\/journalist-fck-emne-bliver-loest-fra-kontrakten\/"]}]},{"@type":"BreadcrumbList","@id":"https:\/\/acefootball.com\/da\/fodboldnyheder\/journalist-fck-emne-bliver-loest-fra-kontrakten\/#breadcrumb","itemListElement":[{"@type":"ListItem","position":1,"name":"Home","item":"https:\/\/acefootball.com\/da\/"},{"@type":"ListItem","position":2,"name":"Medie: FCK-emne bliver l\u00f8st fra kontrakten"}]},{"@type":"Article","@id":"https:\/\/acefootball.com\/da\/fodboldnyheder\/journalist-fck-emne-bliver-loest-fra-kontrakten\/#article","isPartOf":{"@id":"https:\/\/acefootball.com\/da\/fodboldnyheder\/journalist-fck-emne-bliver-loest-fra-kontrakten\/#webpage"},"author":{"@id":"https:\/\/acefootball.com\/da\/#\/schema\/person\/ee67e9cf04a276f144100ffa722f10cd"},"headline":"Medie: FCK-emne bliver l\u00f8st fra kontrakten","datePublished":"2021-01-16T19:02:59+00:00","dateModified":"2021-01-17T11:23:10+00:00","mainEntityOfPage":{"@id":"https:\/\/acefootball.com\/da\/fodboldnyheder\/journalist-fck-emne-bliver-loest-fra-kontrakten\/#webpage"},"wordCount":158,"commentCount":0,"publisher":{"@id":"https:\/\/acefootball.com\/da\/#organization"},"image":{"@id":"https:\/\/acefootball.com\/da\/fodboldnyheder\/journalist-fck-emne-bliver-loest-fra-kontrakten\/#primaryimage"},"thumbnailUrl":"https:\/\/acefootball.com\/da\/wp-content\/uploads\/sites\/2\/2021\/01\/GettyImages-1276807618.jpg","keywords":["1. FC K\u00f6ln","Bundesliga","FC K\u00f8benhavn","Frederik S\u00f8rensen","Superligaen"],"articleSection":["Transfer"],"inLanguage":"en-US","potentialAction":[{"@type":"CommentAction","name":"Comment","target":["https:\/\/acefootball.com\/da\/fodboldnyheder\/journalist-fck-emne-bliver-loest-fra-kontrakten\/#respond"]}]},{"@type":"Person","@id":"https:\/\/acefootball.com\/da\/#\/schema\/person\/ee67e9cf04a276f144100ffa722f10cd","name":"Mads Dreyer","image":{"@type":"ImageObject","@id":"https:\/\/acefootball.com\/da\/#personlogo","inLanguage":"en-US","url":"https:\/\/secure.gravatar.com\/avatar\/7c7abf72cfde9902b6a60efe60c88d4c?s=96&d=mm&r=g","contentUrl":"https:\/\/secure.gravatar.com\/avatar\/7c7abf72cfde9902b6a60efe60c88d4c?s=96&d=mm&r=g","caption":"Mads Dreyer"},"description":"Skribent og fodboldn\u00f8rd, der lige nu fort\u00e6ller om alt og intet i fodboldverdenen p\u00e5 acefootball.com. Uddannet i kommunikation fra Aalborg Universitet.","sameAs":["https:\/\/www.linkedin.com\/in\/mads-dreyer-b9b08266\/"],"url":"https:\/\/acefootball.com\/da\/fodboldnyheder\/author\/mdnronaldo\/"}]}},"fimg_url":"https:\/\/acefootball.com\/da\/wp-content\/uploads\/sites\/2\/2021\/01\/GettyImages-1276807618.jpg","_links":{"self":[{"href":"https:\/\/acefootball.com\/da\/wp-json\/wp\/v2\/posts\/248637"}],"collection":[{"href":"https:\/\/acefootball.com\/da\/wp-json\/wp\/v2\/posts"}],"about":[{"href":"https:\/\/acefootball.com\/da\/wp-json\/wp\/v2\/types\/post"}],"author":[{"embeddable":true,"href":"https:\/\/acefootball.com\/da\/wp-json\/wp\/v2\/users\/705"}],"replies":[{"embeddable":true,"href":"https:\/\/acefootball.com\/da\/wp-json\/wp\/v2\/comments?post=248637"}],"version-history":[{"count":0,"href":"https:\/\/acefootball.com\/da\/wp-json\/wp\/v2\/posts\/248637\/revisions"}],"wp:featuredmedia":[{"embeddable":true,"href":"https:\/\/acefootball.com\/da\/wp-json\/wp\/v2\/media\/247601"}],"wp:attachment":[{"href":"https:\/\/acefootball.com\/da\/wp-json\/wp\/v2\/media?parent=248637"}],"wp:term":[{"taxonomy":"category","embeddable":true,"href":"https:\/\/acefootball.com\/da\/wp-json\/wp\/v2\/categories?post=248637"},{"taxonomy":"post_tag","embeddable":true,"href":"https:\/\/acefootball.com\/da\/wp-json\/wp\/v2\/tags?post=248637"}],"curies":[{"name":"wp","href":"https:\/\/api.w.org\/{rel}","templated":true}]}}