{"id":248579,"date":"2021-01-15T20:17:47","date_gmt":"2021-01-15T19:17:47","guid":{"rendered":"https:\/\/acefootball.com\/da\/?p=248579"},"modified":"2021-01-15T20:19:58","modified_gmt":"2021-01-15T19:19:58","slug":"kold-velkomst-zlatan-sablede-20-aarig-ac-milan-debutant","status":"publish","type":"post","link":"https:\/\/acefootball.com\/da\/fodboldnyheder\/kold-velkomst-zlatan-sablede-20-aarig-ac-milan-debutant\/","title":{"rendered":"Kold velkomst: Zlatan sablede 20-\u00e5rig AC Milan-debutant"},"content":{"rendered":"\n<h2 id=\"h-zlatan-ibrahimovic-var-h-rd-ved-sin-20-rige-holdkammerat-pierre-kalulu-der-i-december-debuterede-for-ac-milan\">Zlatan Ibrahimovic var h\u00e5rd ved sin 20-\u00e5rige holdkammerat, Pierre Kalulu, der i december debuterede for AC Milan<\/h2>\n\n\n\n<p>Det kan umiddelbart godt virke gruv\u00e6kkende at skulle spille p\u00e5 hold med en s\u00e5 stor stjerne som Zlatan Ibrahimovic, og det har 20-\u00e5rige Pierre Kalulu formentlig ogs\u00e5 f\u00f8lt.<\/p>\n\n\n\n<p>Og hvis ikke franskmanden i forvejen m\u00e6rkede presset fra sin svenske holdkammerat, gjorde han det tilbage i december, da han stod foran sin debut i AC Milan i sidste kamp af Europa League-gruppespillet.<\/p>\n\n\n\n<p>Her gjaldt det en udekamp mod Sparta Prag i en god tjekkisk vinterkulde, og derfor havde Kalulu taget handsker p\u00e5 til lejligheden. Det kom han hurtigt til at fortryde.<\/p>\n\n\n\n<div class=\"wp-block-si-widget wp-block-si-widget--center\"><si-lb-widget widget-id=\"PlayerSeasonStatsSnap\" data-hide-controls=\"false\" width=\"440\" data-player-id=\"1131217\" data-card=\"true\"><\/si-lb-widget><\/div>\n\n\n\n<p>&#8220;Jeg sagde, han skulle tage dem af. Hvordan ser en ung midterforsvarer ud, n\u00e5r han spiller sin debut med handsker p\u00e5? Der er ikke ret mange angribere, der bliver bange for dig,&#8221; siger Zlatan om situationen til CorSport if\u00f8lge <a href=\"https:\/\/www.sportbible.com\/football\/football-news-legends-zlatan-slammed-a-20-year-old-defender-for-wearing-gloves-20210115\" target=\"_blank\" rel=\"noreferrer noopener\">Sportbible<\/a>.<\/p>\n\n\n\n<p>Om svenskerens r\u00e5d hjalp, vides ikke, men AC Milan endte trods alt med at vinde kampen med 1-0. Pierre Kalulu har siden debuten ogs\u00e5 f\u00e5et flere kampe i b\u00e5de Serie A og Coppa Italia.<\/p>\n","protected":false},"excerpt":{"rendered":"<p>Zlatan Ibrahimovic var h\u00e5rd ved sin 20-\u00e5rige holdkammerat, Pierre Kalulu, der i december debuterede for AC Milan<\/p>\n","protected":false},"author":705,"featured_media":235420,"comment_status":"open","ping_status":"closed","sticky":false,"template":"","format":"standard","meta":{"om_disable_all_campaigns":false,"push_articles_ronaldo":{"active":false,"canonical":0,"publish":false},"force_updates":null},"categories":[8204],"tags":[66,131,283],"enet_tags":{"team":["8564"],"league":["55"],"player":["35724"],"sport_events":[]},"yoast_head":"<!-- This site is optimized with the Yoast SEO plugin v18.3 - https:\/\/yoast.com\/wordpress\/plugins\/seo\/ -->\n<title>Kold velkomst: Zlatan sablede 20-\u00e5rig AC Milan-debutant<\/title>\n<meta name=\"description\" content=\"Zlatan Ibrahimovic var h\u00e5rd ved sin 20-\u00e5rige holdkammerat, Pierre Kalulu, der i december debuterede for AC Milan\" \/>\n<meta name=\"robots\" content=\"index, follow, max-snippet:-1, max-image-preview:large, max-video-preview:-1\" \/>\n<link rel=\"canonical\" href=\"https:\/\/acefootball.com\/da\/fodboldnyheder\/kold-velkomst-zlatan-sablede-20-aarig-ac-milan-debutant\/\" \/>\n<meta property=\"og:locale\" content=\"en_US\" \/>\n<meta property=\"og:type\" content=\"article\" \/>\n<meta property=\"og:title\" content=\"Kold velkomst: Zlatan sablede 20-\u00e5rig AC Milan-debutant\" \/>\n<meta property=\"og:description\" content=\"Zlatan Ibrahimovic var h\u00e5rd ved sin 20-\u00e5rige holdkammerat, Pierre Kalulu, der i december debuterede for AC Milan\" \/>\n<meta property=\"og:url\" content=\"https:\/\/acefootball.com\/da\/fodboldnyheder\/kold-velkomst-zlatan-sablede-20-aarig-ac-milan-debutant\/\" \/>\n<meta property=\"og:site_name\" content=\"Ace Football Danmark\" \/>\n<meta property=\"article:publisher\" content=\"https:\/\/www.facebook.com\/acefootballdk\" \/>\n<meta property=\"article:published_time\" content=\"2021-01-15T19:17:47+00:00\" \/>\n<meta property=\"article:modified_time\" content=\"2021-01-15T19:19:58+00:00\" \/>\n<meta property=\"og:image\" content=\"https:\/\/acefootball.com\/da\/wp-content\/uploads\/sites\/2\/2021\/01\/Copy-of-Ace-5-5.jpg\" \/>\n\t<meta property=\"og:image:width\" content=\"1920\" \/>\n\t<meta property=\"og:image:height\" content=\"1008\" \/>\n\t<meta property=\"og:image:type\" content=\"image\/jpeg\" \/>\n<meta name=\"twitter:card\" content=\"summary_large_image\" \/>\n<meta name=\"twitter:label1\" content=\"Written by\" \/>\n\t<meta name=\"twitter:data1\" content=\"Mads Dreyer\" \/>\n\t<meta name=\"twitter:label2\" content=\"Est. reading time\" \/>\n\t<meta name=\"twitter:data2\" content=\"1 minute\" \/>\n<script type=\"application\/ld+json\" class=\"yoast-schema-graph\">{\"@context\":\"https:\/\/schema.org\",\"@graph\":[{\"@type\":\"Organization\",\"@id\":\"https:\/\/acefootball.com\/da\/#organization\",\"name\":\"Ace Football\",\"url\":\"https:\/\/acefootball.com\/da\/\",\"sameAs\":[\"https:\/\/www.facebook.com\/acefootballdk\"],\"logo\":{\"@type\":\"ImageObject\",\"@id\":\"https:\/\/acefootball.com\/da\/#logo\",\"inLanguage\":\"en-US\",\"url\":\"https:\/\/acefootball.com\/da\/wp-content\/uploads\/sites\/2\/2020\/07\/Ace-Football-30-07-2020-2.png\",\"contentUrl\":\"https:\/\/acefootball.com\/da\/wp-content\/uploads\/sites\/2\/2020\/07\/Ace-Football-30-07-2020-2.png\",\"width\":1200,\"height\":600,\"caption\":\"Ace Football\"},\"image\":{\"@id\":\"https:\/\/acefootball.com\/da\/#logo\"}},{\"@type\":\"WebSite\",\"@id\":\"https:\/\/acefootball.com\/da\/#website\",\"url\":\"https:\/\/acefootball.com\/da\/\",\"name\":\"Ace Football Danmark\",\"description\":\"Nyheder, Spiltips &amp; Livescore\",\"publisher\":{\"@id\":\"https:\/\/acefootball.com\/da\/#organization\"},\"potentialAction\":[{\"@type\":\"SearchAction\",\"target\":{\"@type\":\"EntryPoint\",\"urlTemplate\":\"https:\/\/acefootball.com\/da\/?s={search_term_string}\"},\"query-input\":\"required name=search_term_string\"}],\"inLanguage\":\"en-US\"},{\"@type\":\"ImageObject\",\"@id\":\"https:\/\/acefootball.com\/da\/fodboldnyheder\/kold-velkomst-zlatan-sablede-20-aarig-ac-milan-debutant\/#primaryimage\",\"inLanguage\":\"en-US\",\"url\":\"https:\/\/acefootball.com\/da\/wp-content\/uploads\/sites\/2\/2021\/01\/Copy-of-Ace-5-5.jpg\",\"contentUrl\":\"https:\/\/acefootball.com\/da\/wp-content\/uploads\/sites\/2\/2021\/01\/Copy-of-Ace-5-5.jpg\",\"width\":1920,\"height\":1008},{\"@type\":\"WebPage\",\"@id\":\"https:\/\/acefootball.com\/da\/fodboldnyheder\/kold-velkomst-zlatan-sablede-20-aarig-ac-milan-debutant\/#webpage\",\"url\":\"https:\/\/acefootball.com\/da\/fodboldnyheder\/kold-velkomst-zlatan-sablede-20-aarig-ac-milan-debutant\/\",\"name\":\"Kold velkomst: Zlatan sablede 20-\u00e5rig AC Milan-debutant\",\"isPartOf\":{\"@id\":\"https:\/\/acefootball.com\/da\/#website\"},\"primaryImageOfPage\":{\"@id\":\"https:\/\/acefootball.com\/da\/fodboldnyheder\/kold-velkomst-zlatan-sablede-20-aarig-ac-milan-debutant\/#primaryimage\"},\"datePublished\":\"2021-01-15T19:17:47+00:00\",\"dateModified\":\"2021-01-15T19:19:58+00:00\",\"description\":\"Zlatan Ibrahimovic var h\u00e5rd ved sin 20-\u00e5rige holdkammerat, Pierre Kalulu, der i december debuterede for AC Milan\",\"breadcrumb\":{\"@id\":\"https:\/\/acefootball.com\/da\/fodboldnyheder\/kold-velkomst-zlatan-sablede-20-aarig-ac-milan-debutant\/#breadcrumb\"},\"inLanguage\":\"en-US\",\"potentialAction\":[{\"@type\":\"ReadAction\",\"target\":[\"https:\/\/acefootball.com\/da\/fodboldnyheder\/kold-velkomst-zlatan-sablede-20-aarig-ac-milan-debutant\/\"]}]},{\"@type\":\"BreadcrumbList\",\"@id\":\"https:\/\/acefootball.com\/da\/fodboldnyheder\/kold-velkomst-zlatan-sablede-20-aarig-ac-milan-debutant\/#breadcrumb\",\"itemListElement\":[{\"@type\":\"ListItem\",\"position\":1,\"name\":\"Home\",\"item\":\"https:\/\/acefootball.com\/da\/\"},{\"@type\":\"ListItem\",\"position\":2,\"name\":\"Kold velkomst: Zlatan sablede 20-\u00e5rig AC Milan-debutant\"}]},{\"@type\":\"Article\",\"@id\":\"https:\/\/acefootball.com\/da\/fodboldnyheder\/kold-velkomst-zlatan-sablede-20-aarig-ac-milan-debutant\/#article\",\"isPartOf\":{\"@id\":\"https:\/\/acefootball.com\/da\/fodboldnyheder\/kold-velkomst-zlatan-sablede-20-aarig-ac-milan-debutant\/#webpage\"},\"author\":{\"@id\":\"https:\/\/acefootball.com\/da\/#\/schema\/person\/ee67e9cf04a276f144100ffa722f10cd\"},\"headline\":\"Kold velkomst: Zlatan sablede 20-\u00e5rig AC Milan-debutant\",\"datePublished\":\"2021-01-15T19:17:47+00:00\",\"dateModified\":\"2021-01-15T19:19:58+00:00\",\"mainEntityOfPage\":{\"@id\":\"https:\/\/acefootball.com\/da\/fodboldnyheder\/kold-velkomst-zlatan-sablede-20-aarig-ac-milan-debutant\/#webpage\"},\"wordCount\":200,\"commentCount\":0,\"publisher\":{\"@id\":\"https:\/\/acefootball.com\/da\/#organization\"},\"image\":{\"@id\":\"https:\/\/acefootball.com\/da\/fodboldnyheder\/kold-velkomst-zlatan-sablede-20-aarig-ac-milan-debutant\/#primaryimage\"},\"thumbnailUrl\":\"https:\/\/acefootball.com\/da\/wp-content\/uploads\/sites\/2\/2020\/08\/GettyImages-1263343855-1.jpg\",\"keywords\":[\"AC Milan\",\"Serie A\",\"Zlatan Ibrahimovic\"],\"articleSection\":[\"Udtalelse\"],\"inLanguage\":\"en-US\",\"potentialAction\":[{\"@type\":\"CommentAction\",\"name\":\"Comment\",\"target\":[\"https:\/\/acefootball.com\/da\/fodboldnyheder\/kold-velkomst-zlatan-sablede-20-aarig-ac-milan-debutant\/#respond\"]}]},{\"@type\":\"Person\",\"@id\":\"https:\/\/acefootball.com\/da\/#\/schema\/person\/ee67e9cf04a276f144100ffa722f10cd\",\"name\":\"Mads Dreyer\",\"image\":{\"@type\":\"ImageObject\",\"@id\":\"https:\/\/acefootball.com\/da\/#personlogo\",\"inLanguage\":\"en-US\",\"url\":\"https:\/\/secure.gravatar.com\/avatar\/7c7abf72cfde9902b6a60efe60c88d4c?s=96&d=mm&r=g\",\"contentUrl\":\"https:\/\/secure.gravatar.com\/avatar\/7c7abf72cfde9902b6a60efe60c88d4c?s=96&d=mm&r=g\",\"caption\":\"Mads Dreyer\"},\"description\":\"Skribent og fodboldn\u00f8rd, der lige nu fort\u00e6ller om alt og intet i fodboldverdenen p\u00e5 acefootball.com. Uddannet i kommunikation fra Aalborg Universitet.\",\"sameAs\":[\"https:\/\/www.linkedin.com\/in\/mads-dreyer-b9b08266\/\"],\"url\":\"https:\/\/acefootball.com\/da\/fodboldnyheder\/author\/mdnronaldo\/\"}]}<\/script>\n<!-- \/ Yoast SEO plugin. -->","yoast_head_json":{"title":"Kold velkomst: Zlatan sablede 20-\u00e5rig AC Milan-debutant","description":"Zlatan Ibrahimovic var h\u00e5rd ved sin 20-\u00e5rige holdkammerat, Pierre Kalulu, der i december debuterede for AC Milan","robots":{"index":"index","follow":"follow","max-snippet":"max-snippet:-1","max-image-preview":"max-image-preview:large","max-video-preview":"max-video-preview:-1"},"canonical":"https:\/\/acefootball.com\/da\/fodboldnyheder\/kold-velkomst-zlatan-sablede-20-aarig-ac-milan-debutant\/","og_locale":"en_US","og_type":"article","og_title":"Kold velkomst: Zlatan sablede 20-\u00e5rig AC Milan-debutant","og_description":"Zlatan Ibrahimovic var h\u00e5rd ved sin 20-\u00e5rige holdkammerat, Pierre Kalulu, der i december debuterede for AC Milan","og_url":"https:\/\/acefootball.com\/da\/fodboldnyheder\/kold-velkomst-zlatan-sablede-20-aarig-ac-milan-debutant\/","og_site_name":"Ace Football Danmark","article_publisher":"https:\/\/www.facebook.com\/acefootballdk","article_published_time":"2021-01-15T19:17:47+00:00","article_modified_time":"2021-01-15T19:19:58+00:00","og_image":[{"width":1920,"height":1008,"url":"https:\/\/acefootball.com\/da\/wp-content\/uploads\/sites\/2\/2021\/01\/Copy-of-Ace-5-5.jpg","type":"image\/jpeg"}],"twitter_card":"summary_large_image","twitter_misc":{"Written by":"Mads Dreyer","Est. reading time":"1 minute"},"schema":{"@context":"https:\/\/schema.org","@graph":[{"@type":"Organization","@id":"https:\/\/acefootball.com\/da\/#organization","name":"Ace Football","url":"https:\/\/acefootball.com\/da\/","sameAs":["https:\/\/www.facebook.com\/acefootballdk"],"logo":{"@type":"ImageObject","@id":"https:\/\/acefootball.com\/da\/#logo","inLanguage":"en-US","url":"https:\/\/acefootball.com\/da\/wp-content\/uploads\/sites\/2\/2020\/07\/Ace-Football-30-07-2020-2.png","contentUrl":"https:\/\/acefootball.com\/da\/wp-content\/uploads\/sites\/2\/2020\/07\/Ace-Football-30-07-2020-2.png","width":1200,"height":600,"caption":"Ace Football"},"image":{"@id":"https:\/\/acefootball.com\/da\/#logo"}},{"@type":"WebSite","@id":"https:\/\/acefootball.com\/da\/#website","url":"https:\/\/acefootball.com\/da\/","name":"Ace Football Danmark","description":"Nyheder, Spiltips &amp; Livescore","publisher":{"@id":"https:\/\/acefootball.com\/da\/#organization"},"potentialAction":[{"@type":"SearchAction","target":{"@type":"EntryPoint","urlTemplate":"https:\/\/acefootball.com\/da\/?s={search_term_string}"},"query-input":"required name=search_term_string"}],"inLanguage":"en-US"},{"@type":"ImageObject","@id":"https:\/\/acefootball.com\/da\/fodboldnyheder\/kold-velkomst-zlatan-sablede-20-aarig-ac-milan-debutant\/#primaryimage","inLanguage":"en-US","url":"https:\/\/acefootball.com\/da\/wp-content\/uploads\/sites\/2\/2021\/01\/Copy-of-Ace-5-5.jpg","contentUrl":"https:\/\/acefootball.com\/da\/wp-content\/uploads\/sites\/2\/2021\/01\/Copy-of-Ace-5-5.jpg","width":1920,"height":1008},{"@type":"WebPage","@id":"https:\/\/acefootball.com\/da\/fodboldnyheder\/kold-velkomst-zlatan-sablede-20-aarig-ac-milan-debutant\/#webpage","url":"https:\/\/acefootball.com\/da\/fodboldnyheder\/kold-velkomst-zlatan-sablede-20-aarig-ac-milan-debutant\/","name":"Kold velkomst: Zlatan sablede 20-\u00e5rig AC Milan-debutant","isPartOf":{"@id":"https:\/\/acefootball.com\/da\/#website"},"primaryImageOfPage":{"@id":"https:\/\/acefootball.com\/da\/fodboldnyheder\/kold-velkomst-zlatan-sablede-20-aarig-ac-milan-debutant\/#primaryimage"},"datePublished":"2021-01-15T19:17:47+00:00","dateModified":"2021-01-15T19:19:58+00:00","description":"Zlatan Ibrahimovic var h\u00e5rd ved sin 20-\u00e5rige holdkammerat, Pierre Kalulu, der i december debuterede for AC Milan","breadcrumb":{"@id":"https:\/\/acefootball.com\/da\/fodboldnyheder\/kold-velkomst-zlatan-sablede-20-aarig-ac-milan-debutant\/#breadcrumb"},"inLanguage":"en-US","potentialAction":[{"@type":"ReadAction","target":["https:\/\/acefootball.com\/da\/fodboldnyheder\/kold-velkomst-zlatan-sablede-20-aarig-ac-milan-debutant\/"]}]},{"@type":"BreadcrumbList","@id":"https:\/\/acefootball.com\/da\/fodboldnyheder\/kold-velkomst-zlatan-sablede-20-aarig-ac-milan-debutant\/#breadcrumb","itemListElement":[{"@type":"ListItem","position":1,"name":"Home","item":"https:\/\/acefootball.com\/da\/"},{"@type":"ListItem","position":2,"name":"Kold velkomst: Zlatan sablede 20-\u00e5rig AC Milan-debutant"}]},{"@type":"Article","@id":"https:\/\/acefootball.com\/da\/fodboldnyheder\/kold-velkomst-zlatan-sablede-20-aarig-ac-milan-debutant\/#article","isPartOf":{"@id":"https:\/\/acefootball.com\/da\/fodboldnyheder\/kold-velkomst-zlatan-sablede-20-aarig-ac-milan-debutant\/#webpage"},"author":{"@id":"https:\/\/acefootball.com\/da\/#\/schema\/person\/ee67e9cf04a276f144100ffa722f10cd"},"headline":"Kold velkomst: Zlatan sablede 20-\u00e5rig AC Milan-debutant","datePublished":"2021-01-15T19:17:47+00:00","dateModified":"2021-01-15T19:19:58+00:00","mainEntityOfPage":{"@id":"https:\/\/acefootball.com\/da\/fodboldnyheder\/kold-velkomst-zlatan-sablede-20-aarig-ac-milan-debutant\/#webpage"},"wordCount":200,"commentCount":0,"publisher":{"@id":"https:\/\/acefootball.com\/da\/#organization"},"image":{"@id":"https:\/\/acefootball.com\/da\/fodboldnyheder\/kold-velkomst-zlatan-sablede-20-aarig-ac-milan-debutant\/#primaryimage"},"thumbnailUrl":"https:\/\/acefootball.com\/da\/wp-content\/uploads\/sites\/2\/2020\/08\/GettyImages-1263343855-1.jpg","keywords":["AC Milan","Serie A","Zlatan Ibrahimovic"],"articleSection":["Udtalelse"],"inLanguage":"en-US","potentialAction":[{"@type":"CommentAction","name":"Comment","target":["https:\/\/acefootball.com\/da\/fodboldnyheder\/kold-velkomst-zlatan-sablede-20-aarig-ac-milan-debutant\/#respond"]}]},{"@type":"Person","@id":"https:\/\/acefootball.com\/da\/#\/schema\/person\/ee67e9cf04a276f144100ffa722f10cd","name":"Mads Dreyer","image":{"@type":"ImageObject","@id":"https:\/\/acefootball.com\/da\/#personlogo","inLanguage":"en-US","url":"https:\/\/secure.gravatar.com\/avatar\/7c7abf72cfde9902b6a60efe60c88d4c?s=96&d=mm&r=g","contentUrl":"https:\/\/secure.gravatar.com\/avatar\/7c7abf72cfde9902b6a60efe60c88d4c?s=96&d=mm&r=g","caption":"Mads Dreyer"},"description":"Skribent og fodboldn\u00f8rd, der lige nu fort\u00e6ller om alt og intet i fodboldverdenen p\u00e5 acefootball.com. Uddannet i kommunikation fra Aalborg Universitet.","sameAs":["https:\/\/www.linkedin.com\/in\/mads-dreyer-b9b08266\/"],"url":"https:\/\/acefootball.com\/da\/fodboldnyheder\/author\/mdnronaldo\/"}]}},"fimg_url":"https:\/\/acefootball.com\/da\/wp-content\/uploads\/sites\/2\/2020\/08\/GettyImages-1263343855-1.jpg","_links":{"self":[{"href":"https:\/\/acefootball.com\/da\/wp-json\/wp\/v2\/posts\/248579"}],"collection":[{"href":"https:\/\/acefootball.com\/da\/wp-json\/wp\/v2\/posts"}],"about":[{"href":"https:\/\/acefootball.com\/da\/wp-json\/wp\/v2\/types\/post"}],"author":[{"embeddable":true,"href":"https:\/\/acefootball.com\/da\/wp-json\/wp\/v2\/users\/705"}],"replies":[{"embeddable":true,"href":"https:\/\/acefootball.com\/da\/wp-json\/wp\/v2\/comments?post=248579"}],"version-history":[{"count":0,"href":"https:\/\/acefootball.com\/da\/wp-json\/wp\/v2\/posts\/248579\/revisions"}],"wp:featuredmedia":[{"embeddable":true,"href":"https:\/\/acefootball.com\/da\/wp-json\/wp\/v2\/media\/235420"}],"wp:attachment":[{"href":"https:\/\/acefootball.com\/da\/wp-json\/wp\/v2\/media?parent=248579"}],"wp:term":[{"taxonomy":"category","embeddable":true,"href":"https:\/\/acefootball.com\/da\/wp-json\/wp\/v2\/categories?post=248579"},{"taxonomy":"post_tag","embeddable":true,"href":"https:\/\/acefootball.com\/da\/wp-json\/wp\/v2\/tags?post=248579"}],"curies":[{"name":"wp","href":"https:\/\/api.w.org\/{rel}","templated":true}]}}