{"id":248470,"date":"2021-01-14T14:51:15","date_gmt":"2021-01-14T13:51:15","guid":{"rendered":"https:\/\/acefootball.com\/da\/?p=248470"},"modified":"2021-01-14T14:52:27","modified_gmt":"2021-01-14T13:52:27","slug":"voldsomt-fans-i-chok-over-billede-af-wolves-spillers-ar","status":"publish","type":"post","link":"https:\/\/acefootball.com\/da\/fodboldnyheder\/voldsomt-fans-i-chok-over-billede-af-wolves-spillers-ar\/","title":{"rendered":"Voldsomt: Fans i chok over billede af Wolves-spillers ar"},"content":{"rendered":"\n<h2 id=\"h-wolves-stjernen-ra-l-jim-nez-var-tilbage-p-tribunen-til-onsdagens-kamp-mod-everton-efter-sin-grimme-hovedskade-tidligere-p-s-sonen\">Wolves-stjernen Ra\u00fal Jim\u00e9nez var tilbage p\u00e5 tribunen til onsdagens kamp mod Everton efter sin grimme hovedskade tidligere p\u00e5 s\u00e6sonen<\/h2>\n\n\n\n<p>I slutningen af november kom Wolves-stjernen Ra\u00fal Jim\u00e9nez ud for en alvorlig ulykke i en Premier League-kamp mod Arsenal.<\/p>\n\n\n\n<p>Mexicaneren slog efter et kvarters spil hovedet sammen med David Luiz og m\u00e5tte efterf\u00f8lgende b\u00e6res fra banen med kraniebrud.<\/p>\n\n\n\n<p>Det vides endnu ikke, hvorn\u00e5r Jim\u00e9nez er tilbage p\u00e5 gr\u00f8nsv\u00e6ren, men til onsdagens kamp mellem Wolves og Everton s\u00e5 han med fra tribunen p\u00e5 hjemmebanen Molineux.<\/p>\n\n\n\n<p>Her fik flere fans sig lidt af et chok, da kameraet fangede den 29-\u00e5rige angriber. Det afsl\u00f8rede nemlig det lange ar p\u00e5 siden af hovedet, som en overst\u00e5et operation har efterladt.<\/p>\n\n\n\n<p>Du kan se b\u00e5de billeder og reaktioner herunder:<\/p>\n\n\n\n<figure class=\"wp-block-embed is-type-rich is-provider-twitter wp-block-embed-twitter\"><div class=\"wp-block-embed__wrapper\">\n<blockquote class=\"twitter-tweet\" data-width=\"550\" data-dnt=\"true\"><p lang=\"en\" dir=\"ltr\">Recovering Jimenez watches team<br><br>Wolves 1-1 Everton<br><br>Wolves striker Raul Jimenez is watching his side at Molineux. The Mexican has been sidelined since a sickening head injury against Arsenal in November resulted in him needing surgery. The scar from the operation is visible. <a href=\"https:\/\/t.co\/kxvOuteFFD\">pic.twitter.com\/kxvOuteFFD<\/a><\/p>&mdash; ZB- AmpleFootball (@zurichbound) <a href=\"https:\/\/twitter.com\/zurichbound\/status\/1349098573045100552?ref_src=twsrc%5Etfw\">January 12, 2021<\/a><\/blockquote><script async src=\"https:\/\/platform.twitter.com\/widgets.js\" charset=\"utf-8\"><\/script>\n<\/div><\/figure>\n\n\n\n<figure class=\"wp-block-embed is-type-rich is-provider-twitter wp-block-embed-twitter\"><div class=\"wp-block-embed__wrapper\">\n<blockquote class=\"twitter-tweet\" data-width=\"550\" data-dnt=\"true\"><p lang=\"en\" dir=\"ltr\">Ouch! That scar. <a href=\"https:\/\/twitter.com\/hashtag\/Jimenez?src=hash&amp;ref_src=twsrc%5Etfw\">#Jimenez<\/a> <a href=\"https:\/\/t.co\/DMzCjH1TIo\">pic.twitter.com\/DMzCjH1TIo<\/a><\/p>&mdash; Spursview (@Vocalspurs) <a href=\"https:\/\/twitter.com\/Vocalspurs\/status\/1349093626043912193?ref_src=twsrc%5Etfw\">January 12, 2021<\/a><\/blockquote><script async src=\"https:\/\/platform.twitter.com\/widgets.js\" charset=\"utf-8\"><\/script>\n<\/div><\/figure>\n\n\n\n<figure class=\"wp-block-embed is-type-rich is-provider-twitter wp-block-embed-twitter\"><div class=\"wp-block-embed__wrapper\">\n<blockquote class=\"twitter-tweet\" data-width=\"550\" data-dnt=\"true\"><p lang=\"en\" dir=\"ltr\">1st time I&#39;ve seen Raul Jimenez&#39;s <br>scar good lord<\/p>&mdash; On The Point (@pointerdave) <a href=\"https:\/\/twitter.com\/pointerdave\/status\/1349094230770155520?ref_src=twsrc%5Etfw\">January 12, 2021<\/a><\/blockquote><script async src=\"https:\/\/platform.twitter.com\/widgets.js\" charset=\"utf-8\"><\/script>\n<\/div><\/figure>\n\n\n\n<figure class=\"wp-block-embed is-type-rich is-provider-twitter wp-block-embed-twitter\"><div class=\"wp-block-embed__wrapper\">\n<blockquote class=\"twitter-tweet\" data-width=\"550\" data-dnt=\"true\"><p lang=\"en\" dir=\"ltr\">Oh my days that scar on Raul Jimenez\u2019s head&#8230;<\/p>&mdash; Charlotte Henry (@charlotteahenry) <a href=\"https:\/\/twitter.com\/charlotteahenry\/status\/1349093180214538245?ref_src=twsrc%5Etfw\">January 12, 2021<\/a><\/blockquote><script async src=\"https:\/\/platform.twitter.com\/widgets.js\" charset=\"utf-8\"><\/script>\n<\/div><\/figure>\n\n\n\n<figure class=\"wp-block-embed is-type-rich is-provider-twitter wp-block-embed-twitter\"><div class=\"wp-block-embed__wrapper\">\n<blockquote class=\"twitter-tweet\" data-width=\"550\" data-dnt=\"true\"><p lang=\"en\" dir=\"ltr\">Just glanced over at Wolves game to see Raul Jimenez in the stands. Great to see him doing alright but fucking hell! That&#39;s one hell of a scar! Puts into perspective how bad that injury was<\/p>&mdash; FPL Dabby (@FPL_Dabby) <a href=\"https:\/\/twitter.com\/FPL_Dabby\/status\/1349094002335879170?ref_src=twsrc%5Etfw\">January 12, 2021<\/a><\/blockquote><script async src=\"https:\/\/platform.twitter.com\/widgets.js\" charset=\"utf-8\"><\/script>\n<\/div><\/figure>\n","protected":false},"excerpt":{"rendered":"<p>Wolves-stjernen Ra\u00fal Jim\u00e9nez var tilbage p\u00e5 tribunen til onsdagens kamp mod Everton efter sin grimme hovedskade tidligere p\u00e5 s\u00e6sonen<\/p>\n","protected":false},"author":705,"featured_media":248476,"comment_status":"open","ping_status":"closed","sticky":false,"template":"","format":"standard","meta":{"om_disable_all_campaigns":false,"push_articles_ronaldo":{"active":false,"canonical":0,"publish":false},"force_updates":null},"categories":[8060],"tags":[134,3876,823],"enet_tags":{"league":["47"],"player":["292313"],"team":["8602"],"sport_events":[]},"yoast_head":"<!-- This site is optimized with the Yoast SEO plugin v18.3 - https:\/\/yoast.com\/wordpress\/plugins\/seo\/ -->\n<title>Voldsomt: Fans i chok over billede af Wolves-spillers ar<\/title>\n<meta name=\"description\" content=\"Wolves-stjernen Ra\u00fal Jim\u00e9nez var tilbage p\u00e5 tribunen til onsdagens kamp mod Everton efter sin grimme hovedskade tidligere p\u00e5 s\u00e6sonen\" \/>\n<meta name=\"robots\" content=\"index, follow, max-snippet:-1, max-image-preview:large, max-video-preview:-1\" \/>\n<link rel=\"canonical\" href=\"https:\/\/acefootball.com\/da\/fodboldnyheder\/voldsomt-fans-i-chok-over-billede-af-wolves-spillers-ar\/\" \/>\n<meta property=\"og:locale\" content=\"en_US\" \/>\n<meta property=\"og:type\" content=\"article\" \/>\n<meta property=\"og:title\" content=\"Voldsomt: Fans i chok over billede af Wolves-spillers ar\" \/>\n<meta property=\"og:description\" content=\"Wolves-stjernen Ra\u00fal Jim\u00e9nez var tilbage p\u00e5 tribunen til onsdagens kamp mod Everton efter sin grimme hovedskade tidligere p\u00e5 s\u00e6sonen\" \/>\n<meta property=\"og:url\" content=\"https:\/\/acefootball.com\/da\/fodboldnyheder\/voldsomt-fans-i-chok-over-billede-af-wolves-spillers-ar\/\" \/>\n<meta property=\"og:site_name\" content=\"Ace Football Danmark\" \/>\n<meta property=\"article:publisher\" content=\"https:\/\/www.facebook.com\/acefootballdk\" \/>\n<meta property=\"article:published_time\" content=\"2021-01-14T13:51:15+00:00\" \/>\n<meta property=\"article:modified_time\" content=\"2021-01-14T13:52:27+00:00\" \/>\n<meta property=\"og:image\" content=\"https:\/\/acefootball.com\/da\/wp-content\/uploads\/sites\/2\/2021\/01\/Copy-of-Ace-63.jpg\" \/>\n\t<meta property=\"og:image:width\" content=\"1920\" \/>\n\t<meta property=\"og:image:height\" content=\"1008\" \/>\n\t<meta property=\"og:image:type\" content=\"image\/jpeg\" \/>\n<meta name=\"twitter:card\" content=\"summary_large_image\" \/>\n<meta name=\"twitter:label1\" content=\"Written by\" \/>\n\t<meta name=\"twitter:data1\" content=\"Mads Dreyer\" \/>\n\t<meta name=\"twitter:label2\" content=\"Est. reading time\" \/>\n\t<meta name=\"twitter:data2\" content=\"1 minute\" \/>\n<script type=\"application\/ld+json\" class=\"yoast-schema-graph\">{\"@context\":\"https:\/\/schema.org\",\"@graph\":[{\"@type\":\"Organization\",\"@id\":\"https:\/\/acefootball.com\/da\/#organization\",\"name\":\"Ace Football\",\"url\":\"https:\/\/acefootball.com\/da\/\",\"sameAs\":[\"https:\/\/www.facebook.com\/acefootballdk\"],\"logo\":{\"@type\":\"ImageObject\",\"@id\":\"https:\/\/acefootball.com\/da\/#logo\",\"inLanguage\":\"en-US\",\"url\":\"https:\/\/acefootball.com\/da\/wp-content\/uploads\/sites\/2\/2020\/07\/Ace-Football-30-07-2020-2.png\",\"contentUrl\":\"https:\/\/acefootball.com\/da\/wp-content\/uploads\/sites\/2\/2020\/07\/Ace-Football-30-07-2020-2.png\",\"width\":1200,\"height\":600,\"caption\":\"Ace Football\"},\"image\":{\"@id\":\"https:\/\/acefootball.com\/da\/#logo\"}},{\"@type\":\"WebSite\",\"@id\":\"https:\/\/acefootball.com\/da\/#website\",\"url\":\"https:\/\/acefootball.com\/da\/\",\"name\":\"Ace Football Danmark\",\"description\":\"Nyheder, Spiltips &amp; Livescore\",\"publisher\":{\"@id\":\"https:\/\/acefootball.com\/da\/#organization\"},\"potentialAction\":[{\"@type\":\"SearchAction\",\"target\":{\"@type\":\"EntryPoint\",\"urlTemplate\":\"https:\/\/acefootball.com\/da\/?s={search_term_string}\"},\"query-input\":\"required name=search_term_string\"}],\"inLanguage\":\"en-US\"},{\"@type\":\"ImageObject\",\"@id\":\"https:\/\/acefootball.com\/da\/fodboldnyheder\/voldsomt-fans-i-chok-over-billede-af-wolves-spillers-ar\/#primaryimage\",\"inLanguage\":\"en-US\",\"url\":\"https:\/\/acefootball.com\/da\/wp-content\/uploads\/sites\/2\/2021\/01\/Copy-of-Ace-63.jpg\",\"contentUrl\":\"https:\/\/acefootball.com\/da\/wp-content\/uploads\/sites\/2\/2021\/01\/Copy-of-Ace-63.jpg\",\"width\":1920,\"height\":1008},{\"@type\":\"WebPage\",\"@id\":\"https:\/\/acefootball.com\/da\/fodboldnyheder\/voldsomt-fans-i-chok-over-billede-af-wolves-spillers-ar\/#webpage\",\"url\":\"https:\/\/acefootball.com\/da\/fodboldnyheder\/voldsomt-fans-i-chok-over-billede-af-wolves-spillers-ar\/\",\"name\":\"Voldsomt: Fans i chok over billede af Wolves-spillers ar\",\"isPartOf\":{\"@id\":\"https:\/\/acefootball.com\/da\/#website\"},\"primaryImageOfPage\":{\"@id\":\"https:\/\/acefootball.com\/da\/fodboldnyheder\/voldsomt-fans-i-chok-over-billede-af-wolves-spillers-ar\/#primaryimage\"},\"datePublished\":\"2021-01-14T13:51:15+00:00\",\"dateModified\":\"2021-01-14T13:52:27+00:00\",\"description\":\"Wolves-stjernen Ra\u00fal Jim\u00e9nez var tilbage p\u00e5 tribunen til onsdagens kamp mod Everton efter sin grimme hovedskade tidligere p\u00e5 s\u00e6sonen\",\"breadcrumb\":{\"@id\":\"https:\/\/acefootball.com\/da\/fodboldnyheder\/voldsomt-fans-i-chok-over-billede-af-wolves-spillers-ar\/#breadcrumb\"},\"inLanguage\":\"en-US\",\"potentialAction\":[{\"@type\":\"ReadAction\",\"target\":[\"https:\/\/acefootball.com\/da\/fodboldnyheder\/voldsomt-fans-i-chok-over-billede-af-wolves-spillers-ar\/\"]}]},{\"@type\":\"BreadcrumbList\",\"@id\":\"https:\/\/acefootball.com\/da\/fodboldnyheder\/voldsomt-fans-i-chok-over-billede-af-wolves-spillers-ar\/#breadcrumb\",\"itemListElement\":[{\"@type\":\"ListItem\",\"position\":1,\"name\":\"Home\",\"item\":\"https:\/\/acefootball.com\/da\/\"},{\"@type\":\"ListItem\",\"position\":2,\"name\":\"Voldsomt: Fans i chok over billede af Wolves-spillers ar\"}]},{\"@type\":\"Article\",\"@id\":\"https:\/\/acefootball.com\/da\/fodboldnyheder\/voldsomt-fans-i-chok-over-billede-af-wolves-spillers-ar\/#article\",\"isPartOf\":{\"@id\":\"https:\/\/acefootball.com\/da\/fodboldnyheder\/voldsomt-fans-i-chok-over-billede-af-wolves-spillers-ar\/#webpage\"},\"author\":{\"@id\":\"https:\/\/acefootball.com\/da\/#\/schema\/person\/ee67e9cf04a276f144100ffa722f10cd\"},\"headline\":\"Voldsomt: Fans i chok over billede af Wolves-spillers ar\",\"datePublished\":\"2021-01-14T13:51:15+00:00\",\"dateModified\":\"2021-01-14T13:52:27+00:00\",\"mainEntityOfPage\":{\"@id\":\"https:\/\/acefootball.com\/da\/fodboldnyheder\/voldsomt-fans-i-chok-over-billede-af-wolves-spillers-ar\/#webpage\"},\"wordCount\":173,\"commentCount\":0,\"publisher\":{\"@id\":\"https:\/\/acefootball.com\/da\/#organization\"},\"image\":{\"@id\":\"https:\/\/acefootball.com\/da\/fodboldnyheder\/voldsomt-fans-i-chok-over-billede-af-wolves-spillers-ar\/#primaryimage\"},\"thumbnailUrl\":\"https:\/\/acefootball.com\/da\/wp-content\/uploads\/sites\/2\/2021\/01\/GettyImages-1284561658.jpg\",\"keywords\":[\"Premier League\",\"Raul Jimenez\",\"Wolverhampton\"],\"articleSection\":[\"Reaktion\"],\"inLanguage\":\"en-US\",\"potentialAction\":[{\"@type\":\"CommentAction\",\"name\":\"Comment\",\"target\":[\"https:\/\/acefootball.com\/da\/fodboldnyheder\/voldsomt-fans-i-chok-over-billede-af-wolves-spillers-ar\/#respond\"]}]},{\"@type\":\"Person\",\"@id\":\"https:\/\/acefootball.com\/da\/#\/schema\/person\/ee67e9cf04a276f144100ffa722f10cd\",\"name\":\"Mads Dreyer\",\"image\":{\"@type\":\"ImageObject\",\"@id\":\"https:\/\/acefootball.com\/da\/#personlogo\",\"inLanguage\":\"en-US\",\"url\":\"https:\/\/secure.gravatar.com\/avatar\/7c7abf72cfde9902b6a60efe60c88d4c?s=96&d=mm&r=g\",\"contentUrl\":\"https:\/\/secure.gravatar.com\/avatar\/7c7abf72cfde9902b6a60efe60c88d4c?s=96&d=mm&r=g\",\"caption\":\"Mads Dreyer\"},\"description\":\"Skribent og fodboldn\u00f8rd, der lige nu fort\u00e6ller om alt og intet i fodboldverdenen p\u00e5 acefootball.com. Uddannet i kommunikation fra Aalborg Universitet.\",\"sameAs\":[\"https:\/\/www.linkedin.com\/in\/mads-dreyer-b9b08266\/\"],\"url\":\"https:\/\/acefootball.com\/da\/fodboldnyheder\/author\/mdnronaldo\/\"}]}<\/script>\n<!-- \/ Yoast SEO plugin. -->","yoast_head_json":{"title":"Voldsomt: Fans i chok over billede af Wolves-spillers ar","description":"Wolves-stjernen Ra\u00fal Jim\u00e9nez var tilbage p\u00e5 tribunen til onsdagens kamp mod Everton efter sin grimme hovedskade tidligere p\u00e5 s\u00e6sonen","robots":{"index":"index","follow":"follow","max-snippet":"max-snippet:-1","max-image-preview":"max-image-preview:large","max-video-preview":"max-video-preview:-1"},"canonical":"https:\/\/acefootball.com\/da\/fodboldnyheder\/voldsomt-fans-i-chok-over-billede-af-wolves-spillers-ar\/","og_locale":"en_US","og_type":"article","og_title":"Voldsomt: Fans i chok over billede af Wolves-spillers ar","og_description":"Wolves-stjernen Ra\u00fal Jim\u00e9nez var tilbage p\u00e5 tribunen til onsdagens kamp mod Everton efter sin grimme hovedskade tidligere p\u00e5 s\u00e6sonen","og_url":"https:\/\/acefootball.com\/da\/fodboldnyheder\/voldsomt-fans-i-chok-over-billede-af-wolves-spillers-ar\/","og_site_name":"Ace Football Danmark","article_publisher":"https:\/\/www.facebook.com\/acefootballdk","article_published_time":"2021-01-14T13:51:15+00:00","article_modified_time":"2021-01-14T13:52:27+00:00","og_image":[{"width":1920,"height":1008,"url":"https:\/\/acefootball.com\/da\/wp-content\/uploads\/sites\/2\/2021\/01\/Copy-of-Ace-63.jpg","type":"image\/jpeg"}],"twitter_card":"summary_large_image","twitter_misc":{"Written by":"Mads Dreyer","Est. reading time":"1 minute"},"schema":{"@context":"https:\/\/schema.org","@graph":[{"@type":"Organization","@id":"https:\/\/acefootball.com\/da\/#organization","name":"Ace Football","url":"https:\/\/acefootball.com\/da\/","sameAs":["https:\/\/www.facebook.com\/acefootballdk"],"logo":{"@type":"ImageObject","@id":"https:\/\/acefootball.com\/da\/#logo","inLanguage":"en-US","url":"https:\/\/acefootball.com\/da\/wp-content\/uploads\/sites\/2\/2020\/07\/Ace-Football-30-07-2020-2.png","contentUrl":"https:\/\/acefootball.com\/da\/wp-content\/uploads\/sites\/2\/2020\/07\/Ace-Football-30-07-2020-2.png","width":1200,"height":600,"caption":"Ace Football"},"image":{"@id":"https:\/\/acefootball.com\/da\/#logo"}},{"@type":"WebSite","@id":"https:\/\/acefootball.com\/da\/#website","url":"https:\/\/acefootball.com\/da\/","name":"Ace Football Danmark","description":"Nyheder, Spiltips &amp; Livescore","publisher":{"@id":"https:\/\/acefootball.com\/da\/#organization"},"potentialAction":[{"@type":"SearchAction","target":{"@type":"EntryPoint","urlTemplate":"https:\/\/acefootball.com\/da\/?s={search_term_string}"},"query-input":"required name=search_term_string"}],"inLanguage":"en-US"},{"@type":"ImageObject","@id":"https:\/\/acefootball.com\/da\/fodboldnyheder\/voldsomt-fans-i-chok-over-billede-af-wolves-spillers-ar\/#primaryimage","inLanguage":"en-US","url":"https:\/\/acefootball.com\/da\/wp-content\/uploads\/sites\/2\/2021\/01\/Copy-of-Ace-63.jpg","contentUrl":"https:\/\/acefootball.com\/da\/wp-content\/uploads\/sites\/2\/2021\/01\/Copy-of-Ace-63.jpg","width":1920,"height":1008},{"@type":"WebPage","@id":"https:\/\/acefootball.com\/da\/fodboldnyheder\/voldsomt-fans-i-chok-over-billede-af-wolves-spillers-ar\/#webpage","url":"https:\/\/acefootball.com\/da\/fodboldnyheder\/voldsomt-fans-i-chok-over-billede-af-wolves-spillers-ar\/","name":"Voldsomt: Fans i chok over billede af Wolves-spillers ar","isPartOf":{"@id":"https:\/\/acefootball.com\/da\/#website"},"primaryImageOfPage":{"@id":"https:\/\/acefootball.com\/da\/fodboldnyheder\/voldsomt-fans-i-chok-over-billede-af-wolves-spillers-ar\/#primaryimage"},"datePublished":"2021-01-14T13:51:15+00:00","dateModified":"2021-01-14T13:52:27+00:00","description":"Wolves-stjernen Ra\u00fal Jim\u00e9nez var tilbage p\u00e5 tribunen til onsdagens kamp mod Everton efter sin grimme hovedskade tidligere p\u00e5 s\u00e6sonen","breadcrumb":{"@id":"https:\/\/acefootball.com\/da\/fodboldnyheder\/voldsomt-fans-i-chok-over-billede-af-wolves-spillers-ar\/#breadcrumb"},"inLanguage":"en-US","potentialAction":[{"@type":"ReadAction","target":["https:\/\/acefootball.com\/da\/fodboldnyheder\/voldsomt-fans-i-chok-over-billede-af-wolves-spillers-ar\/"]}]},{"@type":"BreadcrumbList","@id":"https:\/\/acefootball.com\/da\/fodboldnyheder\/voldsomt-fans-i-chok-over-billede-af-wolves-spillers-ar\/#breadcrumb","itemListElement":[{"@type":"ListItem","position":1,"name":"Home","item":"https:\/\/acefootball.com\/da\/"},{"@type":"ListItem","position":2,"name":"Voldsomt: Fans i chok over billede af Wolves-spillers ar"}]},{"@type":"Article","@id":"https:\/\/acefootball.com\/da\/fodboldnyheder\/voldsomt-fans-i-chok-over-billede-af-wolves-spillers-ar\/#article","isPartOf":{"@id":"https:\/\/acefootball.com\/da\/fodboldnyheder\/voldsomt-fans-i-chok-over-billede-af-wolves-spillers-ar\/#webpage"},"author":{"@id":"https:\/\/acefootball.com\/da\/#\/schema\/person\/ee67e9cf04a276f144100ffa722f10cd"},"headline":"Voldsomt: Fans i chok over billede af Wolves-spillers ar","datePublished":"2021-01-14T13:51:15+00:00","dateModified":"2021-01-14T13:52:27+00:00","mainEntityOfPage":{"@id":"https:\/\/acefootball.com\/da\/fodboldnyheder\/voldsomt-fans-i-chok-over-billede-af-wolves-spillers-ar\/#webpage"},"wordCount":173,"commentCount":0,"publisher":{"@id":"https:\/\/acefootball.com\/da\/#organization"},"image":{"@id":"https:\/\/acefootball.com\/da\/fodboldnyheder\/voldsomt-fans-i-chok-over-billede-af-wolves-spillers-ar\/#primaryimage"},"thumbnailUrl":"https:\/\/acefootball.com\/da\/wp-content\/uploads\/sites\/2\/2021\/01\/GettyImages-1284561658.jpg","keywords":["Premier League","Raul Jimenez","Wolverhampton"],"articleSection":["Reaktion"],"inLanguage":"en-US","potentialAction":[{"@type":"CommentAction","name":"Comment","target":["https:\/\/acefootball.com\/da\/fodboldnyheder\/voldsomt-fans-i-chok-over-billede-af-wolves-spillers-ar\/#respond"]}]},{"@type":"Person","@id":"https:\/\/acefootball.com\/da\/#\/schema\/person\/ee67e9cf04a276f144100ffa722f10cd","name":"Mads Dreyer","image":{"@type":"ImageObject","@id":"https:\/\/acefootball.com\/da\/#personlogo","inLanguage":"en-US","url":"https:\/\/secure.gravatar.com\/avatar\/7c7abf72cfde9902b6a60efe60c88d4c?s=96&d=mm&r=g","contentUrl":"https:\/\/secure.gravatar.com\/avatar\/7c7abf72cfde9902b6a60efe60c88d4c?s=96&d=mm&r=g","caption":"Mads Dreyer"},"description":"Skribent og fodboldn\u00f8rd, der lige nu fort\u00e6ller om alt og intet i fodboldverdenen p\u00e5 acefootball.com. Uddannet i kommunikation fra Aalborg Universitet.","sameAs":["https:\/\/www.linkedin.com\/in\/mads-dreyer-b9b08266\/"],"url":"https:\/\/acefootball.com\/da\/fodboldnyheder\/author\/mdnronaldo\/"}]}},"fimg_url":"https:\/\/acefootball.com\/da\/wp-content\/uploads\/sites\/2\/2021\/01\/GettyImages-1284561658.jpg","_links":{"self":[{"href":"https:\/\/acefootball.com\/da\/wp-json\/wp\/v2\/posts\/248470"}],"collection":[{"href":"https:\/\/acefootball.com\/da\/wp-json\/wp\/v2\/posts"}],"about":[{"href":"https:\/\/acefootball.com\/da\/wp-json\/wp\/v2\/types\/post"}],"author":[{"embeddable":true,"href":"https:\/\/acefootball.com\/da\/wp-json\/wp\/v2\/users\/705"}],"replies":[{"embeddable":true,"href":"https:\/\/acefootball.com\/da\/wp-json\/wp\/v2\/comments?post=248470"}],"version-history":[{"count":0,"href":"https:\/\/acefootball.com\/da\/wp-json\/wp\/v2\/posts\/248470\/revisions"}],"wp:featuredmedia":[{"embeddable":true,"href":"https:\/\/acefootball.com\/da\/wp-json\/wp\/v2\/media\/248476"}],"wp:attachment":[{"href":"https:\/\/acefootball.com\/da\/wp-json\/wp\/v2\/media?parent=248470"}],"wp:term":[{"taxonomy":"category","embeddable":true,"href":"https:\/\/acefootball.com\/da\/wp-json\/wp\/v2\/categories?post=248470"},{"taxonomy":"post_tag","embeddable":true,"href":"https:\/\/acefootball.com\/da\/wp-json\/wp\/v2\/tags?post=248470"}],"curies":[{"name":"wp","href":"https:\/\/api.w.org\/{rel}","templated":true}]}}