{"id":248401,"date":"2021-01-14T09:36:05","date_gmt":"2021-01-14T08:36:05","guid":{"rendered":"https:\/\/acefootball.com\/da\/?p=248401"},"modified":"2021-01-14T09:36:06","modified_gmt":"2021-01-14T08:36:06","slug":"cv-om-jobbe-fremtid-checken-kan-blive-saa-stor-at-jeg-ikke-kan-sige-nej","status":"publish","type":"post","link":"https:\/\/acefootball.com\/da\/fodboldnyheder\/cv-om-jobbe-fremtid-checken-kan-blive-saa-stor-at-jeg-ikke-kan-sige-nej\/","title":{"rendered":"&#8216;CV&#8217; om Jobbe-fremtid: Checken kan blive s\u00e5 stor, at jeg ikke kan sige nej"},"content":{"rendered":"\n<h2 id=\"h-carsten-v-jensen-forudser-et-roligt-transfervindue-i-br-ndby-hvor-han-ikke-planl-gger-at-s-lge-profiler-og-sv-kke-de-bl-gules-trup\">Carsten V. Jensen forudser et roligt transfervindue i Br\u00f8ndby, hvor han ikke planl\u00e6gger at s\u00e6lge profiler og sv\u00e6kke de bl\u00e5gules trup<\/h2>\n\n\n\n<p>Oskar Fallenius og Michael Lumb blev kort efter transfervinduets \u00e5bning pr\u00e6senteret som nye ansigter i Br\u00f8ndby-truppen, og dermed kunne fodbolddirekt\u00f8r Carsten V. Jensen stille og roligt lukke transfervinduet, inden flere af konkurrenterne overhovedet havde r\u00f8rt p\u00e5 sig.<\/p>\n\n\n\n<figure class=\"wp-block-embed is-type-wp-embed is-provider-ace-football-danmark wp-block-embed-ace-football-danmark\"><div class=\"wp-block-embed__wrapper\">\n<blockquote class=\"wp-embedded-content\" data-secret=\"h2MA6SPRVg\"><a href=\"https:\/\/acefootball.com\/da\/fodboldnyheder\/cv-vi-aabnede-og-lukkede-transfervinduet-d-5-januar\/\">CV: Vi \u00e5bnede og lukkede transfervinduet d. 5. januar<\/a><\/blockquote><iframe class=\"wp-embedded-content\" sandbox=\"allow-scripts\" security=\"restricted\" style=\"position: absolute; clip: rect(1px, 1px, 1px, 1px);\" title=\"&#8220;CV: Vi \u00e5bnede og lukkede transfervinduet d. 5. januar&#8221; &#8212; Ace Football Danmark\" src=\"https:\/\/acefootball.com\/da\/fodboldnyheder\/cv-vi-aabnede-og-lukkede-transfervinduet-d-5-januar\/embed\/#?secret=h2MA6SPRVg\" data-secret=\"h2MA6SPRVg\" width=\"600\" height=\"338\" frameborder=\"0\" marginwidth=\"0\" marginheight=\"0\" scrolling=\"no\"><\/iframe>\n<\/div><\/figure>\n\n\n\n<p>Han lader dog stadig d\u00f8ren st\u00e5 lidt p\u00e5 klem, da man aldrig kan forudse indg\u00e5ende bud p\u00e5 klubbens spillere, men Br\u00f8ndby-chefen har ikke planer om at s\u00e6lge ud af guldet denne vinter:<\/p>\n\n\n\n<p>&#8220;Men lad mig sl\u00e5 fast: Vi er ikke g\u00e5et ind i januar for at s\u00e6lge vores profiler. Vi skal ikke sv\u00e6kke os sportsligt.&#8221;<\/p>\n\n\n\n<p>Jesper Lindstr\u00f8m er dog en af de spillere, der for alvor er ved at tiltr\u00e6kke sig stor opm\u00e6rksomhed, og det kan alligevel blive s\u00e5 lukrativt, at Br\u00f8ndby ikke kan sige fra.<\/p>\n\n\n\n<p>&#8220;Checken kan selvf\u00f8lgelig blive s\u00e5 stor, at jeg ikke kan sige nej. I den forbindelse er den vigtigste prioritet for os at vise ansvarlighed for Br\u00f8ndby. N\u00e5r det er sagt, s\u00e5 g\u00e6lder det ogs\u00e5 for vores spillere, at de kan skabe yderligere v\u00e6rdi for os ved at blive her i for\u00e5ret,&#8221; udtaler CV til <a href=\"https:\/\/ekstrabladet.dk\/sport\/fodbold\/dansk_fodbold\/superligaen\/broendby\/saadan-er-broendbys-transferplan-resten-af-januar\/8428401\" target=\"_blank\" rel=\"noreferrer noopener\">Ekstra Bladet<\/a>.<\/p>\n\n\n\n<p>Br\u00f8ndby er p\u00e5 det seneste blevet sat i forbindelse med Lyngby-m\u00e5lmanden Jonathan \u00c6gidius. Det kan du l\u00e6se mere om herunder:<\/p>\n\n\n\n<figure class=\"wp-block-embed is-type-wp-embed is-provider-ace-football-danmark wp-block-embed-ace-football-danmark\"><div class=\"wp-block-embed__wrapper\">\n<blockquote class=\"wp-embedded-content\" data-secret=\"HJclLBCmZd\"><a href=\"https:\/\/acefootball.com\/da\/fodboldnyheder\/journalist-fck-overbyder-broendby-i-kamp-om-talentfuld-keeper\/\">Journalist: FCK overbyder Br\u00f8ndby i kamp om talentfuld keeper<\/a><\/blockquote><iframe class=\"wp-embedded-content\" sandbox=\"allow-scripts\" security=\"restricted\" style=\"position: absolute; clip: rect(1px, 1px, 1px, 1px);\" title=\"&#8220;Journalist: FCK overbyder Br\u00f8ndby i kamp om talentfuld keeper&#8221; &#8212; Ace Football Danmark\" src=\"https:\/\/acefootball.com\/da\/fodboldnyheder\/journalist-fck-overbyder-broendby-i-kamp-om-talentfuld-keeper\/embed\/#?secret=HJclLBCmZd\" data-secret=\"HJclLBCmZd\" width=\"600\" height=\"338\" frameborder=\"0\" marginwidth=\"0\" marginheight=\"0\" scrolling=\"no\"><\/iframe>\n<\/div><\/figure>\n","protected":false},"excerpt":{"rendered":"<p>Carsten V. Jensen forudser et roligt transfervindue i Br\u00f8ndby, hvor han ikke planl\u00e6gger at s\u00e6lge profiler og sv\u00e6kke de bl\u00e5gules trup<\/p>\n","protected":false},"author":43,"featured_media":248403,"comment_status":"open","ping_status":"closed","sticky":false,"template":"","format":"standard","meta":{"om_disable_all_campaigns":false,"push_articles_ronaldo":{"active":false,"canonical":0,"publish":false},"force_updates":null},"categories":[8204],"tags":[53,1681,7164,588],"enet_tags":{"team":["8595"],"player":["958335"],"league":["46"],"sport_events":[]},"yoast_head":"<!-- This site is optimized with the Yoast SEO plugin v18.3 - https:\/\/yoast.com\/wordpress\/plugins\/seo\/ -->\n<title>&#039;CV&#039; om Jobbe-fremtid: Checken kan blive s\u00e5 stor, at jeg ikke kan sige nej<\/title>\n<meta name=\"description\" content=\"Carsten V. Jensen forudser et roligt transfervindue i Br\u00f8ndby, hvor han ikke planl\u00e6gger at s\u00e6lge profiler og sv\u00e6kke de bl\u00e5gules trup\" \/>\n<meta name=\"robots\" content=\"index, follow, max-snippet:-1, max-image-preview:large, max-video-preview:-1\" \/>\n<link rel=\"canonical\" href=\"https:\/\/acefootball.com\/da\/fodboldnyheder\/cv-om-jobbe-fremtid-checken-kan-blive-saa-stor-at-jeg-ikke-kan-sige-nej\/\" \/>\n<meta property=\"og:locale\" content=\"en_US\" \/>\n<meta property=\"og:type\" content=\"article\" \/>\n<meta property=\"og:title\" content=\"&#039;CV&#039; om Jobbe-fremtid: Checken kan blive s\u00e5 stor, at jeg ikke kan sige nej\" \/>\n<meta property=\"og:description\" content=\"Carsten V. Jensen forudser et roligt transfervindue i Br\u00f8ndby, hvor han ikke planl\u00e6gger at s\u00e6lge profiler og sv\u00e6kke de bl\u00e5gules trup\" \/>\n<meta property=\"og:url\" content=\"https:\/\/acefootball.com\/da\/fodboldnyheder\/cv-om-jobbe-fremtid-checken-kan-blive-saa-stor-at-jeg-ikke-kan-sige-nej\/\" \/>\n<meta property=\"og:site_name\" content=\"Ace Football Danmark\" \/>\n<meta property=\"article:publisher\" content=\"https:\/\/www.facebook.com\/acefootballdk\" \/>\n<meta property=\"article:published_time\" content=\"2021-01-14T08:36:05+00:00\" \/>\n<meta property=\"article:modified_time\" content=\"2021-01-14T08:36:06+00:00\" \/>\n<meta property=\"og:image\" content=\"https:\/\/acefootball.com\/da\/wp-content\/uploads\/sites\/2\/2021\/01\/Brondby-48.jpg\" \/>\n\t<meta property=\"og:image:width\" content=\"1920\" \/>\n\t<meta property=\"og:image:height\" content=\"1008\" \/>\n\t<meta property=\"og:image:type\" content=\"image\/jpeg\" \/>\n<meta name=\"twitter:card\" content=\"summary_large_image\" \/>\n<meta name=\"twitter:label1\" content=\"Written by\" \/>\n\t<meta name=\"twitter:data1\" content=\"Mikki M\u00f8ller-Iversen\" \/>\n\t<meta name=\"twitter:label2\" content=\"Est. reading time\" \/>\n\t<meta name=\"twitter:data2\" content=\"1 minute\" \/>\n<script type=\"application\/ld+json\" class=\"yoast-schema-graph\">{\"@context\":\"https:\/\/schema.org\",\"@graph\":[{\"@type\":\"Organization\",\"@id\":\"https:\/\/acefootball.com\/da\/#organization\",\"name\":\"Ace Football\",\"url\":\"https:\/\/acefootball.com\/da\/\",\"sameAs\":[\"https:\/\/www.facebook.com\/acefootballdk\"],\"logo\":{\"@type\":\"ImageObject\",\"@id\":\"https:\/\/acefootball.com\/da\/#logo\",\"inLanguage\":\"en-US\",\"url\":\"https:\/\/acefootball.com\/da\/wp-content\/uploads\/sites\/2\/2020\/07\/Ace-Football-30-07-2020-2.png\",\"contentUrl\":\"https:\/\/acefootball.com\/da\/wp-content\/uploads\/sites\/2\/2020\/07\/Ace-Football-30-07-2020-2.png\",\"width\":1200,\"height\":600,\"caption\":\"Ace Football\"},\"image\":{\"@id\":\"https:\/\/acefootball.com\/da\/#logo\"}},{\"@type\":\"WebSite\",\"@id\":\"https:\/\/acefootball.com\/da\/#website\",\"url\":\"https:\/\/acefootball.com\/da\/\",\"name\":\"Ace Football Danmark\",\"description\":\"Nyheder, Spiltips &amp; Livescore\",\"publisher\":{\"@id\":\"https:\/\/acefootball.com\/da\/#organization\"},\"potentialAction\":[{\"@type\":\"SearchAction\",\"target\":{\"@type\":\"EntryPoint\",\"urlTemplate\":\"https:\/\/acefootball.com\/da\/?s={search_term_string}\"},\"query-input\":\"required name=search_term_string\"}],\"inLanguage\":\"en-US\"},{\"@type\":\"ImageObject\",\"@id\":\"https:\/\/acefootball.com\/da\/fodboldnyheder\/cv-om-jobbe-fremtid-checken-kan-blive-saa-stor-at-jeg-ikke-kan-sige-nej\/#primaryimage\",\"inLanguage\":\"en-US\",\"url\":\"https:\/\/acefootball.com\/da\/wp-content\/uploads\/sites\/2\/2021\/01\/Brondby-48.jpg\",\"contentUrl\":\"https:\/\/acefootball.com\/da\/wp-content\/uploads\/sites\/2\/2021\/01\/Brondby-48.jpg\",\"width\":1920,\"height\":1008},{\"@type\":\"WebPage\",\"@id\":\"https:\/\/acefootball.com\/da\/fodboldnyheder\/cv-om-jobbe-fremtid-checken-kan-blive-saa-stor-at-jeg-ikke-kan-sige-nej\/#webpage\",\"url\":\"https:\/\/acefootball.com\/da\/fodboldnyheder\/cv-om-jobbe-fremtid-checken-kan-blive-saa-stor-at-jeg-ikke-kan-sige-nej\/\",\"name\":\"'CV' om Jobbe-fremtid: Checken kan blive s\u00e5 stor, at jeg ikke kan sige nej\",\"isPartOf\":{\"@id\":\"https:\/\/acefootball.com\/da\/#website\"},\"primaryImageOfPage\":{\"@id\":\"https:\/\/acefootball.com\/da\/fodboldnyheder\/cv-om-jobbe-fremtid-checken-kan-blive-saa-stor-at-jeg-ikke-kan-sige-nej\/#primaryimage\"},\"datePublished\":\"2021-01-14T08:36:05+00:00\",\"dateModified\":\"2021-01-14T08:36:06+00:00\",\"description\":\"Carsten V. Jensen forudser et roligt transfervindue i Br\u00f8ndby, hvor han ikke planl\u00e6gger at s\u00e6lge profiler og sv\u00e6kke de bl\u00e5gules trup\",\"breadcrumb\":{\"@id\":\"https:\/\/acefootball.com\/da\/fodboldnyheder\/cv-om-jobbe-fremtid-checken-kan-blive-saa-stor-at-jeg-ikke-kan-sige-nej\/#breadcrumb\"},\"inLanguage\":\"en-US\",\"potentialAction\":[{\"@type\":\"ReadAction\",\"target\":[\"https:\/\/acefootball.com\/da\/fodboldnyheder\/cv-om-jobbe-fremtid-checken-kan-blive-saa-stor-at-jeg-ikke-kan-sige-nej\/\"]}]},{\"@type\":\"BreadcrumbList\",\"@id\":\"https:\/\/acefootball.com\/da\/fodboldnyheder\/cv-om-jobbe-fremtid-checken-kan-blive-saa-stor-at-jeg-ikke-kan-sige-nej\/#breadcrumb\",\"itemListElement\":[{\"@type\":\"ListItem\",\"position\":1,\"name\":\"Home\",\"item\":\"https:\/\/acefootball.com\/da\/\"},{\"@type\":\"ListItem\",\"position\":2,\"name\":\"&#8216;CV&#8217; om Jobbe-fremtid: Checken kan blive s\u00e5 stor, at jeg ikke kan sige nej\"}]},{\"@type\":\"Article\",\"@id\":\"https:\/\/acefootball.com\/da\/fodboldnyheder\/cv-om-jobbe-fremtid-checken-kan-blive-saa-stor-at-jeg-ikke-kan-sige-nej\/#article\",\"isPartOf\":{\"@id\":\"https:\/\/acefootball.com\/da\/fodboldnyheder\/cv-om-jobbe-fremtid-checken-kan-blive-saa-stor-at-jeg-ikke-kan-sige-nej\/#webpage\"},\"author\":{\"@id\":\"https:\/\/acefootball.com\/da\/#\/schema\/person\/017c0abe4a8e92938220bf6c097dda93\"},\"headline\":\"&#8216;CV&#8217; om Jobbe-fremtid: Checken kan blive s\u00e5 stor, at jeg ikke kan sige nej\",\"datePublished\":\"2021-01-14T08:36:05+00:00\",\"dateModified\":\"2021-01-14T08:36:06+00:00\",\"mainEntityOfPage\":{\"@id\":\"https:\/\/acefootball.com\/da\/fodboldnyheder\/cv-om-jobbe-fremtid-checken-kan-blive-saa-stor-at-jeg-ikke-kan-sige-nej\/#webpage\"},\"wordCount\":276,\"commentCount\":0,\"publisher\":{\"@id\":\"https:\/\/acefootball.com\/da\/#organization\"},\"image\":{\"@id\":\"https:\/\/acefootball.com\/da\/fodboldnyheder\/cv-om-jobbe-fremtid-checken-kan-blive-saa-stor-at-jeg-ikke-kan-sige-nej\/#primaryimage\"},\"thumbnailUrl\":\"https:\/\/acefootball.com\/da\/wp-content\/uploads\/sites\/2\/2021\/01\/GettyImages-1228748411.jpg\",\"keywords\":[\"Br\u00f8ndby IF\",\"Carsten V. Jensen\",\"Jesper Lindstr\u00f8m\",\"Superligaen\"],\"articleSection\":[\"Udtalelse\"],\"inLanguage\":\"en-US\",\"potentialAction\":[{\"@type\":\"CommentAction\",\"name\":\"Comment\",\"target\":[\"https:\/\/acefootball.com\/da\/fodboldnyheder\/cv-om-jobbe-fremtid-checken-kan-blive-saa-stor-at-jeg-ikke-kan-sige-nej\/#respond\"]}]},{\"@type\":\"Person\",\"@id\":\"https:\/\/acefootball.com\/da\/#\/schema\/person\/017c0abe4a8e92938220bf6c097dda93\",\"name\":\"Mikki M\u00f8ller-Iversen\",\"image\":{\"@type\":\"ImageObject\",\"@id\":\"https:\/\/acefootball.com\/da\/#personlogo\",\"inLanguage\":\"en-US\",\"url\":\"https:\/\/secure.gravatar.com\/avatar\/e05b419e8b5ae5fcf516800181b96aa2?s=96&d=mm&r=g\",\"contentUrl\":\"https:\/\/secure.gravatar.com\/avatar\/e05b419e8b5ae5fcf516800181b96aa2?s=96&d=mm&r=g\",\"caption\":\"Mikki M\u00f8ller-Iversen\"},\"description\":\"Social Media Manager and writer at Ace Football. Main focus on Danish football and special stories.\",\"sameAs\":[\"https:\/\/www.linkedin.com\/in\/mikki-mller-iversen-26a3a689\/\"],\"url\":\"https:\/\/acefootball.com\/da\/fodboldnyheder\/author\/mmironaldo\/\"}]}<\/script>\n<!-- \/ Yoast SEO plugin. -->","yoast_head_json":{"title":"'CV' om Jobbe-fremtid: Checken kan blive s\u00e5 stor, at jeg ikke kan sige nej","description":"Carsten V. Jensen forudser et roligt transfervindue i Br\u00f8ndby, hvor han ikke planl\u00e6gger at s\u00e6lge profiler og sv\u00e6kke de bl\u00e5gules trup","robots":{"index":"index","follow":"follow","max-snippet":"max-snippet:-1","max-image-preview":"max-image-preview:large","max-video-preview":"max-video-preview:-1"},"canonical":"https:\/\/acefootball.com\/da\/fodboldnyheder\/cv-om-jobbe-fremtid-checken-kan-blive-saa-stor-at-jeg-ikke-kan-sige-nej\/","og_locale":"en_US","og_type":"article","og_title":"'CV' om Jobbe-fremtid: Checken kan blive s\u00e5 stor, at jeg ikke kan sige nej","og_description":"Carsten V. Jensen forudser et roligt transfervindue i Br\u00f8ndby, hvor han ikke planl\u00e6gger at s\u00e6lge profiler og sv\u00e6kke de bl\u00e5gules trup","og_url":"https:\/\/acefootball.com\/da\/fodboldnyheder\/cv-om-jobbe-fremtid-checken-kan-blive-saa-stor-at-jeg-ikke-kan-sige-nej\/","og_site_name":"Ace Football Danmark","article_publisher":"https:\/\/www.facebook.com\/acefootballdk","article_published_time":"2021-01-14T08:36:05+00:00","article_modified_time":"2021-01-14T08:36:06+00:00","og_image":[{"width":1920,"height":1008,"url":"https:\/\/acefootball.com\/da\/wp-content\/uploads\/sites\/2\/2021\/01\/Brondby-48.jpg","type":"image\/jpeg"}],"twitter_card":"summary_large_image","twitter_misc":{"Written by":"Mikki M\u00f8ller-Iversen","Est. reading time":"1 minute"},"schema":{"@context":"https:\/\/schema.org","@graph":[{"@type":"Organization","@id":"https:\/\/acefootball.com\/da\/#organization","name":"Ace Football","url":"https:\/\/acefootball.com\/da\/","sameAs":["https:\/\/www.facebook.com\/acefootballdk"],"logo":{"@type":"ImageObject","@id":"https:\/\/acefootball.com\/da\/#logo","inLanguage":"en-US","url":"https:\/\/acefootball.com\/da\/wp-content\/uploads\/sites\/2\/2020\/07\/Ace-Football-30-07-2020-2.png","contentUrl":"https:\/\/acefootball.com\/da\/wp-content\/uploads\/sites\/2\/2020\/07\/Ace-Football-30-07-2020-2.png","width":1200,"height":600,"caption":"Ace Football"},"image":{"@id":"https:\/\/acefootball.com\/da\/#logo"}},{"@type":"WebSite","@id":"https:\/\/acefootball.com\/da\/#website","url":"https:\/\/acefootball.com\/da\/","name":"Ace Football Danmark","description":"Nyheder, Spiltips &amp; Livescore","publisher":{"@id":"https:\/\/acefootball.com\/da\/#organization"},"potentialAction":[{"@type":"SearchAction","target":{"@type":"EntryPoint","urlTemplate":"https:\/\/acefootball.com\/da\/?s={search_term_string}"},"query-input":"required name=search_term_string"}],"inLanguage":"en-US"},{"@type":"ImageObject","@id":"https:\/\/acefootball.com\/da\/fodboldnyheder\/cv-om-jobbe-fremtid-checken-kan-blive-saa-stor-at-jeg-ikke-kan-sige-nej\/#primaryimage","inLanguage":"en-US","url":"https:\/\/acefootball.com\/da\/wp-content\/uploads\/sites\/2\/2021\/01\/Brondby-48.jpg","contentUrl":"https:\/\/acefootball.com\/da\/wp-content\/uploads\/sites\/2\/2021\/01\/Brondby-48.jpg","width":1920,"height":1008},{"@type":"WebPage","@id":"https:\/\/acefootball.com\/da\/fodboldnyheder\/cv-om-jobbe-fremtid-checken-kan-blive-saa-stor-at-jeg-ikke-kan-sige-nej\/#webpage","url":"https:\/\/acefootball.com\/da\/fodboldnyheder\/cv-om-jobbe-fremtid-checken-kan-blive-saa-stor-at-jeg-ikke-kan-sige-nej\/","name":"'CV' om Jobbe-fremtid: Checken kan blive s\u00e5 stor, at jeg ikke kan sige nej","isPartOf":{"@id":"https:\/\/acefootball.com\/da\/#website"},"primaryImageOfPage":{"@id":"https:\/\/acefootball.com\/da\/fodboldnyheder\/cv-om-jobbe-fremtid-checken-kan-blive-saa-stor-at-jeg-ikke-kan-sige-nej\/#primaryimage"},"datePublished":"2021-01-14T08:36:05+00:00","dateModified":"2021-01-14T08:36:06+00:00","description":"Carsten V. Jensen forudser et roligt transfervindue i Br\u00f8ndby, hvor han ikke planl\u00e6gger at s\u00e6lge profiler og sv\u00e6kke de bl\u00e5gules trup","breadcrumb":{"@id":"https:\/\/acefootball.com\/da\/fodboldnyheder\/cv-om-jobbe-fremtid-checken-kan-blive-saa-stor-at-jeg-ikke-kan-sige-nej\/#breadcrumb"},"inLanguage":"en-US","potentialAction":[{"@type":"ReadAction","target":["https:\/\/acefootball.com\/da\/fodboldnyheder\/cv-om-jobbe-fremtid-checken-kan-blive-saa-stor-at-jeg-ikke-kan-sige-nej\/"]}]},{"@type":"BreadcrumbList","@id":"https:\/\/acefootball.com\/da\/fodboldnyheder\/cv-om-jobbe-fremtid-checken-kan-blive-saa-stor-at-jeg-ikke-kan-sige-nej\/#breadcrumb","itemListElement":[{"@type":"ListItem","position":1,"name":"Home","item":"https:\/\/acefootball.com\/da\/"},{"@type":"ListItem","position":2,"name":"&#8216;CV&#8217; om Jobbe-fremtid: Checken kan blive s\u00e5 stor, at jeg ikke kan sige nej"}]},{"@type":"Article","@id":"https:\/\/acefootball.com\/da\/fodboldnyheder\/cv-om-jobbe-fremtid-checken-kan-blive-saa-stor-at-jeg-ikke-kan-sige-nej\/#article","isPartOf":{"@id":"https:\/\/acefootball.com\/da\/fodboldnyheder\/cv-om-jobbe-fremtid-checken-kan-blive-saa-stor-at-jeg-ikke-kan-sige-nej\/#webpage"},"author":{"@id":"https:\/\/acefootball.com\/da\/#\/schema\/person\/017c0abe4a8e92938220bf6c097dda93"},"headline":"&#8216;CV&#8217; om Jobbe-fremtid: Checken kan blive s\u00e5 stor, at jeg ikke kan sige nej","datePublished":"2021-01-14T08:36:05+00:00","dateModified":"2021-01-14T08:36:06+00:00","mainEntityOfPage":{"@id":"https:\/\/acefootball.com\/da\/fodboldnyheder\/cv-om-jobbe-fremtid-checken-kan-blive-saa-stor-at-jeg-ikke-kan-sige-nej\/#webpage"},"wordCount":276,"commentCount":0,"publisher":{"@id":"https:\/\/acefootball.com\/da\/#organization"},"image":{"@id":"https:\/\/acefootball.com\/da\/fodboldnyheder\/cv-om-jobbe-fremtid-checken-kan-blive-saa-stor-at-jeg-ikke-kan-sige-nej\/#primaryimage"},"thumbnailUrl":"https:\/\/acefootball.com\/da\/wp-content\/uploads\/sites\/2\/2021\/01\/GettyImages-1228748411.jpg","keywords":["Br\u00f8ndby IF","Carsten V. Jensen","Jesper Lindstr\u00f8m","Superligaen"],"articleSection":["Udtalelse"],"inLanguage":"en-US","potentialAction":[{"@type":"CommentAction","name":"Comment","target":["https:\/\/acefootball.com\/da\/fodboldnyheder\/cv-om-jobbe-fremtid-checken-kan-blive-saa-stor-at-jeg-ikke-kan-sige-nej\/#respond"]}]},{"@type":"Person","@id":"https:\/\/acefootball.com\/da\/#\/schema\/person\/017c0abe4a8e92938220bf6c097dda93","name":"Mikki M\u00f8ller-Iversen","image":{"@type":"ImageObject","@id":"https:\/\/acefootball.com\/da\/#personlogo","inLanguage":"en-US","url":"https:\/\/secure.gravatar.com\/avatar\/e05b419e8b5ae5fcf516800181b96aa2?s=96&d=mm&r=g","contentUrl":"https:\/\/secure.gravatar.com\/avatar\/e05b419e8b5ae5fcf516800181b96aa2?s=96&d=mm&r=g","caption":"Mikki M\u00f8ller-Iversen"},"description":"Social Media Manager and writer at Ace Football. Main focus on Danish football and special stories.","sameAs":["https:\/\/www.linkedin.com\/in\/mikki-mller-iversen-26a3a689\/"],"url":"https:\/\/acefootball.com\/da\/fodboldnyheder\/author\/mmironaldo\/"}]}},"fimg_url":"https:\/\/acefootball.com\/da\/wp-content\/uploads\/sites\/2\/2021\/01\/GettyImages-1228748411.jpg","_links":{"self":[{"href":"https:\/\/acefootball.com\/da\/wp-json\/wp\/v2\/posts\/248401"}],"collection":[{"href":"https:\/\/acefootball.com\/da\/wp-json\/wp\/v2\/posts"}],"about":[{"href":"https:\/\/acefootball.com\/da\/wp-json\/wp\/v2\/types\/post"}],"author":[{"embeddable":true,"href":"https:\/\/acefootball.com\/da\/wp-json\/wp\/v2\/users\/43"}],"replies":[{"embeddable":true,"href":"https:\/\/acefootball.com\/da\/wp-json\/wp\/v2\/comments?post=248401"}],"version-history":[{"count":0,"href":"https:\/\/acefootball.com\/da\/wp-json\/wp\/v2\/posts\/248401\/revisions"}],"wp:featuredmedia":[{"embeddable":true,"href":"https:\/\/acefootball.com\/da\/wp-json\/wp\/v2\/media\/248403"}],"wp:attachment":[{"href":"https:\/\/acefootball.com\/da\/wp-json\/wp\/v2\/media?parent=248401"}],"wp:term":[{"taxonomy":"category","embeddable":true,"href":"https:\/\/acefootball.com\/da\/wp-json\/wp\/v2\/categories?post=248401"},{"taxonomy":"post_tag","embeddable":true,"href":"https:\/\/acefootball.com\/da\/wp-json\/wp\/v2\/tags?post=248401"}],"curies":[{"name":"wp","href":"https:\/\/api.w.org\/{rel}","templated":true}]}}