{"id":248279,"date":"2021-01-13T08:42:18","date_gmt":"2021-01-13T07:42:18","guid":{"rendered":"https:\/\/acefootball.com\/da\/?p=248279"},"modified":"2021-01-13T08:45:44","modified_gmt":"2021-01-13T07:45:44","slug":"agf-keeper-giver-ikke-meget-for-bif-og-fcm-ved-daarligt-hvem-de-er","status":"publish","type":"post","link":"https:\/\/acefootball.com\/da\/fodboldnyheder\/agf-keeper-giver-ikke-meget-for-bif-og-fcm-ved-daarligt-hvem-de-er\/","title":{"rendered":"AGF-keeper giver ikke meget for BIF og FCM: Ved d\u00e5rligt, hvem de er"},"content":{"rendered":"\n<h2 id=\"h-agf-lejesvend-kamil-grabara-p-st-r-at-han-er-helt-ligeglad-med-br-ndby-og-fc-midtjyllands-spillerne-som-han-i-vrigt-d-rligt-kender\">AGF-lejesvend Kamil Grabara p\u00e5st\u00e5r, at han er helt ligeglad med Br\u00f8ndby- og FC Midtjyllands-spillerne, som han i \u00f8vrigt d\u00e5rligt kender<\/h2>\n\n\n\n<p>AGF hentede i sommer Liverpool-keeperen Kamil Grabara tilbage til klubben p\u00e5 en lejeaftale for hele 2020\/21-s\u00e6sonen.<\/p>\n\n\n\n<p>Efter f\u00f8rste halvdel af s\u00e6sonen befinder De Hviie sig p\u00e5 en tredjeplads i tabellen kun overg\u00e5et af Br\u00f8ndby og FC Midtjylland, der begge ligger p\u00e5 27 point.<\/p>\n\n\n\n<p>Derfor ville det v\u00e6re naturligt, hvis der var lidt ekstra fokus p\u00e5 disse hold, men s\u00e5dan forholder det sig slet ikke for Grabara.<\/p>\n\n\n\n<p>&#8220;Jeg er ikke s\u00e5 interesseret i FC Midtjylland og Br\u00f8ndby. Jeg er ligeglad med dem. Jeg t\u00e6nker ikke p\u00e5 dem. Jeg ved d\u00e5rligt nok, hvem der spiller for dem. Jeg l\u00e6ser op p\u00e5 det, n\u00e5r vi skal spille mod dem, og jeg skal vide, hvilket ben de sparker med og den slags, men derudover er jeg ikke interesseret i dem, siger m\u00e5lmanden,&#8221; siger Grabara til <a href=\"https:\/\/www.tipsbladet.dk\/nyhed\/superliga\/agf-profil-om-mesterskabet-vi-har-store-chancer\" target=\"_blank\" rel=\"noreferrer noopener\">Tipsbladet<\/a>.<\/p>\n\n\n\n<p>AGF m\u00f8der om to dage Viborg FF i en tr\u00e6ningskamp, hvor de f\u00e5r mulighed for at se n\u00e6rmere p\u00e5 en af klubbens kommende spillere.<\/p>\n\n\n\n<figure class=\"wp-block-embed is-type-wp-embed is-provider-ace-football-danmark wp-block-embed-ace-football-danmark\"><div class=\"wp-block-embed__wrapper\">\n<blockquote class=\"wp-embedded-content\" data-secret=\"r4PPr0syjd\"><a href=\"https:\/\/acefootball.com\/da\/fodboldnyheder\/officielt-agf-henter-midtbaneforstaerkning-til-sommer\/\">Officielt: AGF henter midtbaneforst\u00e6rkning til sommer<\/a><\/blockquote><iframe class=\"wp-embedded-content\" sandbox=\"allow-scripts\" security=\"restricted\" style=\"position: absolute; clip: rect(1px, 1px, 1px, 1px);\" title=\"&#8220;Officielt: AGF henter midtbaneforst\u00e6rkning til sommer&#8221; &#8212; Ace Football Danmark\" src=\"https:\/\/acefootball.com\/da\/fodboldnyheder\/officielt-agf-henter-midtbaneforstaerkning-til-sommer\/embed\/#?secret=r4PPr0syjd\" data-secret=\"r4PPr0syjd\" width=\"600\" height=\"338\" frameborder=\"0\" marginwidth=\"0\" marginheight=\"0\" scrolling=\"no\"><\/iframe>\n<\/div><\/figure>\n","protected":false},"excerpt":{"rendered":"<p>AGF-lejesvend Kamil Grabara p\u00e5st\u00e5r, at han er helt ligeglad med Br\u00f8ndby- og FC Midtjyllands-spillerne, som han i \u00f8vrigt d\u00e5rligt kender<\/p>\n","protected":false},"author":74,"featured_media":248281,"comment_status":"open","ping_status":"closed","sticky":false,"template":"","format":"standard","meta":{"om_disable_all_campaigns":false,"push_articles_ronaldo":{"active":false,"canonical":0,"publish":false},"force_updates":null},"categories":[8204],"tags":[18,53,51,6781,588],"enet_tags":{"team":["8071","8595","8113"],"player":["760722"],"league":["46"],"sport_events":[]},"yoast_head":"<!-- This site is optimized with the Yoast SEO plugin v18.3 - https:\/\/yoast.com\/wordpress\/plugins\/seo\/ -->\n<title>AGF-keeper giver ikke meget for BIF og FCM: Ved d\u00e5rligt, hvem de er<\/title>\n<meta name=\"description\" content=\"AGF-lejesvend Kamil Grabara p\u00e5st\u00e5r, at han er helt ligeglad med Br\u00f8ndby- og FC Midtjyllands-spillerne, som han i \u00f8vrigt d\u00e5rligt kender\" \/>\n<meta name=\"robots\" content=\"index, follow, max-snippet:-1, max-image-preview:large, max-video-preview:-1\" \/>\n<link rel=\"canonical\" href=\"https:\/\/acefootball.com\/da\/fodboldnyheder\/agf-keeper-giver-ikke-meget-for-bif-og-fcm-ved-daarligt-hvem-de-er\/\" \/>\n<meta property=\"og:locale\" content=\"en_US\" \/>\n<meta property=\"og:type\" content=\"article\" \/>\n<meta property=\"og:title\" content=\"AGF-keeper giver ikke meget for BIF og FCM: Ved d\u00e5rligt, hvem de er\" \/>\n<meta property=\"og:description\" content=\"AGF-lejesvend Kamil Grabara p\u00e5st\u00e5r, at han er helt ligeglad med Br\u00f8ndby- og FC Midtjyllands-spillerne, som han i \u00f8vrigt d\u00e5rligt kender\" \/>\n<meta property=\"og:url\" content=\"https:\/\/acefootball.com\/da\/fodboldnyheder\/agf-keeper-giver-ikke-meget-for-bif-og-fcm-ved-daarligt-hvem-de-er\/\" \/>\n<meta property=\"og:site_name\" content=\"Ace Football Danmark\" \/>\n<meta property=\"article:publisher\" content=\"https:\/\/www.facebook.com\/acefootballdk\" \/>\n<meta property=\"article:published_time\" content=\"2021-01-13T07:42:18+00:00\" \/>\n<meta property=\"article:modified_time\" content=\"2021-01-13T07:45:44+00:00\" \/>\n<meta property=\"og:image\" content=\"https:\/\/acefootball.com\/da\/wp-content\/uploads\/sites\/2\/2021\/01\/Copy-of-Ace-47-2.jpg\" \/>\n\t<meta property=\"og:image:width\" content=\"1920\" \/>\n\t<meta property=\"og:image:height\" content=\"1008\" \/>\n\t<meta property=\"og:image:type\" content=\"image\/jpeg\" \/>\n<meta name=\"twitter:card\" content=\"summary_large_image\" \/>\n<meta name=\"twitter:label1\" content=\"Written by\" \/>\n\t<meta name=\"twitter:data1\" content=\"Patrick Hesselb\u00e6k\" \/>\n\t<meta name=\"twitter:label2\" content=\"Est. reading time\" \/>\n\t<meta name=\"twitter:data2\" content=\"1 minute\" \/>\n<script type=\"application\/ld+json\" class=\"yoast-schema-graph\">{\"@context\":\"https:\/\/schema.org\",\"@graph\":[{\"@type\":\"Organization\",\"@id\":\"https:\/\/acefootball.com\/da\/#organization\",\"name\":\"Ace Football\",\"url\":\"https:\/\/acefootball.com\/da\/\",\"sameAs\":[\"https:\/\/www.facebook.com\/acefootballdk\"],\"logo\":{\"@type\":\"ImageObject\",\"@id\":\"https:\/\/acefootball.com\/da\/#logo\",\"inLanguage\":\"en-US\",\"url\":\"https:\/\/acefootball.com\/da\/wp-content\/uploads\/sites\/2\/2020\/07\/Ace-Football-30-07-2020-2.png\",\"contentUrl\":\"https:\/\/acefootball.com\/da\/wp-content\/uploads\/sites\/2\/2020\/07\/Ace-Football-30-07-2020-2.png\",\"width\":1200,\"height\":600,\"caption\":\"Ace Football\"},\"image\":{\"@id\":\"https:\/\/acefootball.com\/da\/#logo\"}},{\"@type\":\"WebSite\",\"@id\":\"https:\/\/acefootball.com\/da\/#website\",\"url\":\"https:\/\/acefootball.com\/da\/\",\"name\":\"Ace Football Danmark\",\"description\":\"Nyheder, Spiltips &amp; Livescore\",\"publisher\":{\"@id\":\"https:\/\/acefootball.com\/da\/#organization\"},\"potentialAction\":[{\"@type\":\"SearchAction\",\"target\":{\"@type\":\"EntryPoint\",\"urlTemplate\":\"https:\/\/acefootball.com\/da\/?s={search_term_string}\"},\"query-input\":\"required name=search_term_string\"}],\"inLanguage\":\"en-US\"},{\"@type\":\"ImageObject\",\"@id\":\"https:\/\/acefootball.com\/da\/fodboldnyheder\/agf-keeper-giver-ikke-meget-for-bif-og-fcm-ved-daarligt-hvem-de-er\/#primaryimage\",\"inLanguage\":\"en-US\",\"url\":\"https:\/\/acefootball.com\/da\/wp-content\/uploads\/sites\/2\/2021\/01\/Copy-of-Ace-47-2.jpg\",\"contentUrl\":\"https:\/\/acefootball.com\/da\/wp-content\/uploads\/sites\/2\/2021\/01\/Copy-of-Ace-47-2.jpg\",\"width\":1920,\"height\":1008},{\"@type\":\"WebPage\",\"@id\":\"https:\/\/acefootball.com\/da\/fodboldnyheder\/agf-keeper-giver-ikke-meget-for-bif-og-fcm-ved-daarligt-hvem-de-er\/#webpage\",\"url\":\"https:\/\/acefootball.com\/da\/fodboldnyheder\/agf-keeper-giver-ikke-meget-for-bif-og-fcm-ved-daarligt-hvem-de-er\/\",\"name\":\"AGF-keeper giver ikke meget for BIF og FCM: Ved d\u00e5rligt, hvem de er\",\"isPartOf\":{\"@id\":\"https:\/\/acefootball.com\/da\/#website\"},\"primaryImageOfPage\":{\"@id\":\"https:\/\/acefootball.com\/da\/fodboldnyheder\/agf-keeper-giver-ikke-meget-for-bif-og-fcm-ved-daarligt-hvem-de-er\/#primaryimage\"},\"datePublished\":\"2021-01-13T07:42:18+00:00\",\"dateModified\":\"2021-01-13T07:45:44+00:00\",\"description\":\"AGF-lejesvend Kamil Grabara p\u00e5st\u00e5r, at han er helt ligeglad med Br\u00f8ndby- og FC Midtjyllands-spillerne, som han i \u00f8vrigt d\u00e5rligt kender\",\"breadcrumb\":{\"@id\":\"https:\/\/acefootball.com\/da\/fodboldnyheder\/agf-keeper-giver-ikke-meget-for-bif-og-fcm-ved-daarligt-hvem-de-er\/#breadcrumb\"},\"inLanguage\":\"en-US\",\"potentialAction\":[{\"@type\":\"ReadAction\",\"target\":[\"https:\/\/acefootball.com\/da\/fodboldnyheder\/agf-keeper-giver-ikke-meget-for-bif-og-fcm-ved-daarligt-hvem-de-er\/\"]}]},{\"@type\":\"BreadcrumbList\",\"@id\":\"https:\/\/acefootball.com\/da\/fodboldnyheder\/agf-keeper-giver-ikke-meget-for-bif-og-fcm-ved-daarligt-hvem-de-er\/#breadcrumb\",\"itemListElement\":[{\"@type\":\"ListItem\",\"position\":1,\"name\":\"Home\",\"item\":\"https:\/\/acefootball.com\/da\/\"},{\"@type\":\"ListItem\",\"position\":2,\"name\":\"AGF-keeper giver ikke meget for BIF og FCM: Ved d\u00e5rligt, hvem de er\"}]},{\"@type\":\"Article\",\"@id\":\"https:\/\/acefootball.com\/da\/fodboldnyheder\/agf-keeper-giver-ikke-meget-for-bif-og-fcm-ved-daarligt-hvem-de-er\/#article\",\"isPartOf\":{\"@id\":\"https:\/\/acefootball.com\/da\/fodboldnyheder\/agf-keeper-giver-ikke-meget-for-bif-og-fcm-ved-daarligt-hvem-de-er\/#webpage\"},\"author\":{\"@id\":\"https:\/\/acefootball.com\/da\/#\/schema\/person\/fd6223a1c033400b41da7853ddf88c84\"},\"headline\":\"AGF-keeper giver ikke meget for BIF og FCM: Ved d\u00e5rligt, hvem de er\",\"datePublished\":\"2021-01-13T07:42:18+00:00\",\"dateModified\":\"2021-01-13T07:45:44+00:00\",\"mainEntityOfPage\":{\"@id\":\"https:\/\/acefootball.com\/da\/fodboldnyheder\/agf-keeper-giver-ikke-meget-for-bif-og-fcm-ved-daarligt-hvem-de-er\/#webpage\"},\"wordCount\":216,\"commentCount\":0,\"publisher\":{\"@id\":\"https:\/\/acefootball.com\/da\/#organization\"},\"image\":{\"@id\":\"https:\/\/acefootball.com\/da\/fodboldnyheder\/agf-keeper-giver-ikke-meget-for-bif-og-fcm-ved-daarligt-hvem-de-er\/#primaryimage\"},\"thumbnailUrl\":\"https:\/\/acefootball.com\/da\/wp-content\/uploads\/sites\/2\/2021\/01\/GettyImages-1230000980.jpg\",\"keywords\":[\"AGF\",\"Br\u00f8ndby IF\",\"FC Midtjylland\",\"Kamil Grabara\",\"Superligaen\"],\"articleSection\":[\"Udtalelse\"],\"inLanguage\":\"en-US\",\"potentialAction\":[{\"@type\":\"CommentAction\",\"name\":\"Comment\",\"target\":[\"https:\/\/acefootball.com\/da\/fodboldnyheder\/agf-keeper-giver-ikke-meget-for-bif-og-fcm-ved-daarligt-hvem-de-er\/#respond\"]}]},{\"@type\":\"Person\",\"@id\":\"https:\/\/acefootball.com\/da\/#\/schema\/person\/fd6223a1c033400b41da7853ddf88c84\",\"name\":\"Patrick Hesselb\u00e6k\",\"image\":{\"@type\":\"ImageObject\",\"@id\":\"https:\/\/acefootball.com\/da\/#personlogo\",\"inLanguage\":\"en-US\",\"url\":\"https:\/\/secure.gravatar.com\/avatar\/7919060992759bffbffb199d6cbdce6f?s=96&d=mm&r=g\",\"contentUrl\":\"https:\/\/secure.gravatar.com\/avatar\/7919060992759bffbffb199d6cbdce6f?s=96&d=mm&r=g\",\"caption\":\"Patrick Hesselb\u00e6k\"},\"description\":\"Redakt\u00f8r p\u00e5 den danske Ace Football-redaktion. Uddannet i kommunikation fra Aalborg Universitet. Prim\u00e6rt fokus p\u00e5 den danske 3F Superliga og de st\u00f8rste europ\u00e6iske turneringer.\",\"sameAs\":[\"https:\/\/www.linkedin.com\/in\/patrick-hesselbk-2a4b1711a\/\"],\"url\":\"https:\/\/acefootball.com\/da\/fodboldnyheder\/author\/patrickhesselbaek\/\"}]}<\/script>\n<!-- \/ Yoast SEO plugin. -->","yoast_head_json":{"title":"AGF-keeper giver ikke meget for BIF og FCM: Ved d\u00e5rligt, hvem de er","description":"AGF-lejesvend Kamil Grabara p\u00e5st\u00e5r, at han er helt ligeglad med Br\u00f8ndby- og FC Midtjyllands-spillerne, som han i \u00f8vrigt d\u00e5rligt kender","robots":{"index":"index","follow":"follow","max-snippet":"max-snippet:-1","max-image-preview":"max-image-preview:large","max-video-preview":"max-video-preview:-1"},"canonical":"https:\/\/acefootball.com\/da\/fodboldnyheder\/agf-keeper-giver-ikke-meget-for-bif-og-fcm-ved-daarligt-hvem-de-er\/","og_locale":"en_US","og_type":"article","og_title":"AGF-keeper giver ikke meget for BIF og FCM: Ved d\u00e5rligt, hvem de er","og_description":"AGF-lejesvend Kamil Grabara p\u00e5st\u00e5r, at han er helt ligeglad med Br\u00f8ndby- og FC Midtjyllands-spillerne, som han i \u00f8vrigt d\u00e5rligt kender","og_url":"https:\/\/acefootball.com\/da\/fodboldnyheder\/agf-keeper-giver-ikke-meget-for-bif-og-fcm-ved-daarligt-hvem-de-er\/","og_site_name":"Ace Football Danmark","article_publisher":"https:\/\/www.facebook.com\/acefootballdk","article_published_time":"2021-01-13T07:42:18+00:00","article_modified_time":"2021-01-13T07:45:44+00:00","og_image":[{"width":1920,"height":1008,"url":"https:\/\/acefootball.com\/da\/wp-content\/uploads\/sites\/2\/2021\/01\/Copy-of-Ace-47-2.jpg","type":"image\/jpeg"}],"twitter_card":"summary_large_image","twitter_misc":{"Written by":"Patrick Hesselb\u00e6k","Est. reading time":"1 minute"},"schema":{"@context":"https:\/\/schema.org","@graph":[{"@type":"Organization","@id":"https:\/\/acefootball.com\/da\/#organization","name":"Ace Football","url":"https:\/\/acefootball.com\/da\/","sameAs":["https:\/\/www.facebook.com\/acefootballdk"],"logo":{"@type":"ImageObject","@id":"https:\/\/acefootball.com\/da\/#logo","inLanguage":"en-US","url":"https:\/\/acefootball.com\/da\/wp-content\/uploads\/sites\/2\/2020\/07\/Ace-Football-30-07-2020-2.png","contentUrl":"https:\/\/acefootball.com\/da\/wp-content\/uploads\/sites\/2\/2020\/07\/Ace-Football-30-07-2020-2.png","width":1200,"height":600,"caption":"Ace Football"},"image":{"@id":"https:\/\/acefootball.com\/da\/#logo"}},{"@type":"WebSite","@id":"https:\/\/acefootball.com\/da\/#website","url":"https:\/\/acefootball.com\/da\/","name":"Ace Football Danmark","description":"Nyheder, Spiltips &amp; Livescore","publisher":{"@id":"https:\/\/acefootball.com\/da\/#organization"},"potentialAction":[{"@type":"SearchAction","target":{"@type":"EntryPoint","urlTemplate":"https:\/\/acefootball.com\/da\/?s={search_term_string}"},"query-input":"required name=search_term_string"}],"inLanguage":"en-US"},{"@type":"ImageObject","@id":"https:\/\/acefootball.com\/da\/fodboldnyheder\/agf-keeper-giver-ikke-meget-for-bif-og-fcm-ved-daarligt-hvem-de-er\/#primaryimage","inLanguage":"en-US","url":"https:\/\/acefootball.com\/da\/wp-content\/uploads\/sites\/2\/2021\/01\/Copy-of-Ace-47-2.jpg","contentUrl":"https:\/\/acefootball.com\/da\/wp-content\/uploads\/sites\/2\/2021\/01\/Copy-of-Ace-47-2.jpg","width":1920,"height":1008},{"@type":"WebPage","@id":"https:\/\/acefootball.com\/da\/fodboldnyheder\/agf-keeper-giver-ikke-meget-for-bif-og-fcm-ved-daarligt-hvem-de-er\/#webpage","url":"https:\/\/acefootball.com\/da\/fodboldnyheder\/agf-keeper-giver-ikke-meget-for-bif-og-fcm-ved-daarligt-hvem-de-er\/","name":"AGF-keeper giver ikke meget for BIF og FCM: Ved d\u00e5rligt, hvem de er","isPartOf":{"@id":"https:\/\/acefootball.com\/da\/#website"},"primaryImageOfPage":{"@id":"https:\/\/acefootball.com\/da\/fodboldnyheder\/agf-keeper-giver-ikke-meget-for-bif-og-fcm-ved-daarligt-hvem-de-er\/#primaryimage"},"datePublished":"2021-01-13T07:42:18+00:00","dateModified":"2021-01-13T07:45:44+00:00","description":"AGF-lejesvend Kamil Grabara p\u00e5st\u00e5r, at han er helt ligeglad med Br\u00f8ndby- og FC Midtjyllands-spillerne, som han i \u00f8vrigt d\u00e5rligt kender","breadcrumb":{"@id":"https:\/\/acefootball.com\/da\/fodboldnyheder\/agf-keeper-giver-ikke-meget-for-bif-og-fcm-ved-daarligt-hvem-de-er\/#breadcrumb"},"inLanguage":"en-US","potentialAction":[{"@type":"ReadAction","target":["https:\/\/acefootball.com\/da\/fodboldnyheder\/agf-keeper-giver-ikke-meget-for-bif-og-fcm-ved-daarligt-hvem-de-er\/"]}]},{"@type":"BreadcrumbList","@id":"https:\/\/acefootball.com\/da\/fodboldnyheder\/agf-keeper-giver-ikke-meget-for-bif-og-fcm-ved-daarligt-hvem-de-er\/#breadcrumb","itemListElement":[{"@type":"ListItem","position":1,"name":"Home","item":"https:\/\/acefootball.com\/da\/"},{"@type":"ListItem","position":2,"name":"AGF-keeper giver ikke meget for BIF og FCM: Ved d\u00e5rligt, hvem de er"}]},{"@type":"Article","@id":"https:\/\/acefootball.com\/da\/fodboldnyheder\/agf-keeper-giver-ikke-meget-for-bif-og-fcm-ved-daarligt-hvem-de-er\/#article","isPartOf":{"@id":"https:\/\/acefootball.com\/da\/fodboldnyheder\/agf-keeper-giver-ikke-meget-for-bif-og-fcm-ved-daarligt-hvem-de-er\/#webpage"},"author":{"@id":"https:\/\/acefootball.com\/da\/#\/schema\/person\/fd6223a1c033400b41da7853ddf88c84"},"headline":"AGF-keeper giver ikke meget for BIF og FCM: Ved d\u00e5rligt, hvem de er","datePublished":"2021-01-13T07:42:18+00:00","dateModified":"2021-01-13T07:45:44+00:00","mainEntityOfPage":{"@id":"https:\/\/acefootball.com\/da\/fodboldnyheder\/agf-keeper-giver-ikke-meget-for-bif-og-fcm-ved-daarligt-hvem-de-er\/#webpage"},"wordCount":216,"commentCount":0,"publisher":{"@id":"https:\/\/acefootball.com\/da\/#organization"},"image":{"@id":"https:\/\/acefootball.com\/da\/fodboldnyheder\/agf-keeper-giver-ikke-meget-for-bif-og-fcm-ved-daarligt-hvem-de-er\/#primaryimage"},"thumbnailUrl":"https:\/\/acefootball.com\/da\/wp-content\/uploads\/sites\/2\/2021\/01\/GettyImages-1230000980.jpg","keywords":["AGF","Br\u00f8ndby IF","FC Midtjylland","Kamil Grabara","Superligaen"],"articleSection":["Udtalelse"],"inLanguage":"en-US","potentialAction":[{"@type":"CommentAction","name":"Comment","target":["https:\/\/acefootball.com\/da\/fodboldnyheder\/agf-keeper-giver-ikke-meget-for-bif-og-fcm-ved-daarligt-hvem-de-er\/#respond"]}]},{"@type":"Person","@id":"https:\/\/acefootball.com\/da\/#\/schema\/person\/fd6223a1c033400b41da7853ddf88c84","name":"Patrick Hesselb\u00e6k","image":{"@type":"ImageObject","@id":"https:\/\/acefootball.com\/da\/#personlogo","inLanguage":"en-US","url":"https:\/\/secure.gravatar.com\/avatar\/7919060992759bffbffb199d6cbdce6f?s=96&d=mm&r=g","contentUrl":"https:\/\/secure.gravatar.com\/avatar\/7919060992759bffbffb199d6cbdce6f?s=96&d=mm&r=g","caption":"Patrick Hesselb\u00e6k"},"description":"Redakt\u00f8r p\u00e5 den danske Ace Football-redaktion. Uddannet i kommunikation fra Aalborg Universitet. Prim\u00e6rt fokus p\u00e5 den danske 3F Superliga og de st\u00f8rste europ\u00e6iske turneringer.","sameAs":["https:\/\/www.linkedin.com\/in\/patrick-hesselbk-2a4b1711a\/"],"url":"https:\/\/acefootball.com\/da\/fodboldnyheder\/author\/patrickhesselbaek\/"}]}},"fimg_url":"https:\/\/acefootball.com\/da\/wp-content\/uploads\/sites\/2\/2021\/01\/GettyImages-1230000980.jpg","_links":{"self":[{"href":"https:\/\/acefootball.com\/da\/wp-json\/wp\/v2\/posts\/248279"}],"collection":[{"href":"https:\/\/acefootball.com\/da\/wp-json\/wp\/v2\/posts"}],"about":[{"href":"https:\/\/acefootball.com\/da\/wp-json\/wp\/v2\/types\/post"}],"author":[{"embeddable":true,"href":"https:\/\/acefootball.com\/da\/wp-json\/wp\/v2\/users\/74"}],"replies":[{"embeddable":true,"href":"https:\/\/acefootball.com\/da\/wp-json\/wp\/v2\/comments?post=248279"}],"version-history":[{"count":0,"href":"https:\/\/acefootball.com\/da\/wp-json\/wp\/v2\/posts\/248279\/revisions"}],"wp:featuredmedia":[{"embeddable":true,"href":"https:\/\/acefootball.com\/da\/wp-json\/wp\/v2\/media\/248281"}],"wp:attachment":[{"href":"https:\/\/acefootball.com\/da\/wp-json\/wp\/v2\/media?parent=248279"}],"wp:term":[{"taxonomy":"category","embeddable":true,"href":"https:\/\/acefootball.com\/da\/wp-json\/wp\/v2\/categories?post=248279"},{"taxonomy":"post_tag","embeddable":true,"href":"https:\/\/acefootball.com\/da\/wp-json\/wp\/v2\/tags?post=248279"}],"curies":[{"name":"wp","href":"https:\/\/api.w.org\/{rel}","templated":true}]}}