{"id":248043,"date":"2021-01-11T09:47:25","date_gmt":"2021-01-11T08:47:25","guid":{"rendered":"https:\/\/acefootball.com\/da\/?p=248043"},"modified":"2021-01-11T09:47:25","modified_gmt":"2021-01-11T08:47:25","slug":"januarskifte-fck-back-forhandler-med-tyrkisk-klub","status":"publish","type":"post","link":"https:\/\/acefootball.com\/da\/fodboldnyheder\/januarskifte-fck-back-forhandler-med-tyrkisk-klub\/","title":{"rendered":"Januarskifte? &#8211; FCK-back forhandler med tyrkisk klub"},"content":{"rendered":"\n<h2 id=\"h-mediet-sqenf-foot-mener-at-vide-at-fc-k-benhavn-back-karlo-bartolec-skulle-v-re-i-forhandlinger-med-en-unavngiven-tyrkisk-klub\">Mediet Sqenf Foot mener at vide, at FC K\u00f8benhavn-back Karlo Bartolec skulle v\u00e6re i forhandlinger med en unavngiven tyrkisk klub<\/h2>\n\n\n\n<p>Det er ikke blevet til den store succes for Karlo Bartolec, siden han i sommeren 2019 skiftede FC Nordsj\u00e6lland ud med FC K\u00f8benhavn.<\/p>\n\n\n\n<p>I f\u00f8rste s\u00e6son stod han prim\u00e6rt i skyggen Guillermo Varela, og i denne s\u00e6son er det hjemvendte Peter Ankersen, der er f\u00f8rstevalg til h\u00f8jre backen.<\/p>\n\n\n\n<p>Nu kunne noget da ogs\u00e5 tyde p\u00e5, at den 25-\u00e5rige kroat kan v\u00e6re p\u00e5 vej v\u00e6k fra den danske hovedstadsklub. I hvert fald skriver Sqenf Foot p\u00e5 deres Twitter, at han lige nu skulle v\u00e6re i forhandlinger med en unvangiven tyrkisk klub.<\/p>\n\n\n\n<figure class=\"wp-block-embed is-type-rich is-provider-twitter wp-block-embed-twitter\"><div class=\"wp-block-embed__wrapper\">\n<blockquote class=\"twitter-tweet\" data-width=\"550\" data-dnt=\"true\"><p lang=\"da\" dir=\"ltr\">A Turkish club are in negotiations with FC K\u00f8benhavn for Croatian right-back Karlo Bartolec (25). <a href=\"https:\/\/twitter.com\/hashtag\/fck?src=hash&amp;ref_src=twsrc%5Etfw\">#fck<\/a> <a href=\"https:\/\/twitter.com\/hashtag\/fcklive?src=hash&amp;ref_src=twsrc%5Etfw\">#fcklive<\/a> <a href=\"https:\/\/t.co\/UFz8wcZHj5\">pic.twitter.com\/UFz8wcZHj5<\/a><\/p>&mdash; Sqenf Foot (@SqenfFoot) <a href=\"https:\/\/twitter.com\/SqenfFoot\/status\/1348346987742195717?ref_src=twsrc%5Etfw\">January 10, 2021<\/a><\/blockquote><script async src=\"https:\/\/platform.twitter.com\/widgets.js\" charset=\"utf-8\"><\/script>\n<\/div><\/figure>\n\n\n\n<p>Det n\u00e6vnes ikke, om der skulle v\u00e6re tale om et lejeophold eller en permanent transfer, men han har stadig kontrakt med FCK frem til sommeren 2023, hvorfor et transferbel\u00f8b skal p\u00e5 bordet, s\u00e5fremt de vil sikre ham permanent.<\/p>\n","protected":false},"excerpt":{"rendered":"<p>Mediet Sqenf Foot mener at vide, at FC K\u00f8benhavn-back Karlo Bartolec skulle v\u00e6re i forhandlinger med en unavngiven tyrkisk klub<\/p>\n","protected":false},"author":74,"featured_media":248051,"comment_status":"open","ping_status":"closed","sticky":false,"template":"","format":"standard","meta":{"om_disable_all_campaigns":false,"push_articles_ronaldo":{"active":false,"canonical":0,"publish":false},"force_updates":null},"categories":[7],"tags":[16,1533,3889,588],"enet_tags":{"team":["8391"],"player":["522120"],"league":["71","46"],"sport_events":[]},"yoast_head":"<!-- This site is optimized with the Yoast SEO plugin v18.3 - https:\/\/yoast.com\/wordpress\/plugins\/seo\/ -->\n<title>Januarskifte? - FCK-back forhandler med tyrkisk klub<\/title>\n<meta name=\"description\" content=\"Mediet Sqenf Foot mener at vide, at FC K\u00f8benhavn-back Karlo Bartolec skulle v\u00e6re i forhandlinger med en unavngiven tyrkisk klub\" \/>\n<meta name=\"robots\" content=\"index, follow, max-snippet:-1, max-image-preview:large, max-video-preview:-1\" \/>\n<link rel=\"canonical\" href=\"https:\/\/acefootball.com\/da\/fodboldnyheder\/januarskifte-fck-back-forhandler-med-tyrkisk-klub\/\" \/>\n<meta property=\"og:locale\" content=\"en_US\" \/>\n<meta property=\"og:type\" content=\"article\" \/>\n<meta property=\"og:title\" content=\"Januarskifte? - FCK-back forhandler med tyrkisk klub\" \/>\n<meta property=\"og:description\" content=\"Mediet Sqenf Foot mener at vide, at FC K\u00f8benhavn-back Karlo Bartolec skulle v\u00e6re i forhandlinger med en unavngiven tyrkisk klub\" \/>\n<meta property=\"og:url\" content=\"https:\/\/acefootball.com\/da\/fodboldnyheder\/januarskifte-fck-back-forhandler-med-tyrkisk-klub\/\" \/>\n<meta property=\"og:site_name\" content=\"Ace Football Danmark\" \/>\n<meta property=\"article:publisher\" content=\"https:\/\/www.facebook.com\/acefootballdk\" \/>\n<meta property=\"article:published_time\" content=\"2021-01-11T08:47:25+00:00\" \/>\n<meta property=\"og:image\" content=\"https:\/\/acefootball.com\/da\/wp-content\/uploads\/sites\/2\/2021\/01\/FCK-16.jpg\" \/>\n\t<meta property=\"og:image:width\" content=\"1920\" \/>\n\t<meta property=\"og:image:height\" content=\"1008\" \/>\n\t<meta property=\"og:image:type\" content=\"image\/jpeg\" \/>\n<meta name=\"twitter:card\" content=\"summary_large_image\" \/>\n<meta name=\"twitter:label1\" content=\"Written by\" \/>\n\t<meta name=\"twitter:data1\" content=\"Patrick Hesselb\u00e6k\" \/>\n\t<meta name=\"twitter:label2\" content=\"Est. reading time\" \/>\n\t<meta name=\"twitter:data2\" content=\"1 minute\" \/>\n<script type=\"application\/ld+json\" class=\"yoast-schema-graph\">{\"@context\":\"https:\/\/schema.org\",\"@graph\":[{\"@type\":\"Organization\",\"@id\":\"https:\/\/acefootball.com\/da\/#organization\",\"name\":\"Ace Football\",\"url\":\"https:\/\/acefootball.com\/da\/\",\"sameAs\":[\"https:\/\/www.facebook.com\/acefootballdk\"],\"logo\":{\"@type\":\"ImageObject\",\"@id\":\"https:\/\/acefootball.com\/da\/#logo\",\"inLanguage\":\"en-US\",\"url\":\"https:\/\/acefootball.com\/da\/wp-content\/uploads\/sites\/2\/2020\/07\/Ace-Football-30-07-2020-2.png\",\"contentUrl\":\"https:\/\/acefootball.com\/da\/wp-content\/uploads\/sites\/2\/2020\/07\/Ace-Football-30-07-2020-2.png\",\"width\":1200,\"height\":600,\"caption\":\"Ace Football\"},\"image\":{\"@id\":\"https:\/\/acefootball.com\/da\/#logo\"}},{\"@type\":\"WebSite\",\"@id\":\"https:\/\/acefootball.com\/da\/#website\",\"url\":\"https:\/\/acefootball.com\/da\/\",\"name\":\"Ace Football Danmark\",\"description\":\"Nyheder, Spiltips &amp; Livescore\",\"publisher\":{\"@id\":\"https:\/\/acefootball.com\/da\/#organization\"},\"potentialAction\":[{\"@type\":\"SearchAction\",\"target\":{\"@type\":\"EntryPoint\",\"urlTemplate\":\"https:\/\/acefootball.com\/da\/?s={search_term_string}\"},\"query-input\":\"required name=search_term_string\"}],\"inLanguage\":\"en-US\"},{\"@type\":\"ImageObject\",\"@id\":\"https:\/\/acefootball.com\/da\/fodboldnyheder\/januarskifte-fck-back-forhandler-med-tyrkisk-klub\/#primaryimage\",\"inLanguage\":\"en-US\",\"url\":\"https:\/\/acefootball.com\/da\/wp-content\/uploads\/sites\/2\/2021\/01\/FCK-16.jpg\",\"contentUrl\":\"https:\/\/acefootball.com\/da\/wp-content\/uploads\/sites\/2\/2021\/01\/FCK-16.jpg\",\"width\":1920,\"height\":1008,\"caption\":\"FC Midtjylland vs FC Copenhagen - Danish 3F Superliga\"},{\"@type\":\"WebPage\",\"@id\":\"https:\/\/acefootball.com\/da\/fodboldnyheder\/januarskifte-fck-back-forhandler-med-tyrkisk-klub\/#webpage\",\"url\":\"https:\/\/acefootball.com\/da\/fodboldnyheder\/januarskifte-fck-back-forhandler-med-tyrkisk-klub\/\",\"name\":\"Januarskifte? - FCK-back forhandler med tyrkisk klub\",\"isPartOf\":{\"@id\":\"https:\/\/acefootball.com\/da\/#website\"},\"primaryImageOfPage\":{\"@id\":\"https:\/\/acefootball.com\/da\/fodboldnyheder\/januarskifte-fck-back-forhandler-med-tyrkisk-klub\/#primaryimage\"},\"datePublished\":\"2021-01-11T08:47:25+00:00\",\"dateModified\":\"2021-01-11T08:47:25+00:00\",\"description\":\"Mediet Sqenf Foot mener at vide, at FC K\u00f8benhavn-back Karlo Bartolec skulle v\u00e6re i forhandlinger med en unavngiven tyrkisk klub\",\"breadcrumb\":{\"@id\":\"https:\/\/acefootball.com\/da\/fodboldnyheder\/januarskifte-fck-back-forhandler-med-tyrkisk-klub\/#breadcrumb\"},\"inLanguage\":\"en-US\",\"potentialAction\":[{\"@type\":\"ReadAction\",\"target\":[\"https:\/\/acefootball.com\/da\/fodboldnyheder\/januarskifte-fck-back-forhandler-med-tyrkisk-klub\/\"]}]},{\"@type\":\"BreadcrumbList\",\"@id\":\"https:\/\/acefootball.com\/da\/fodboldnyheder\/januarskifte-fck-back-forhandler-med-tyrkisk-klub\/#breadcrumb\",\"itemListElement\":[{\"@type\":\"ListItem\",\"position\":1,\"name\":\"Home\",\"item\":\"https:\/\/acefootball.com\/da\/\"},{\"@type\":\"ListItem\",\"position\":2,\"name\":\"Januarskifte? &#8211; FCK-back forhandler med tyrkisk klub\"}]},{\"@type\":\"Article\",\"@id\":\"https:\/\/acefootball.com\/da\/fodboldnyheder\/januarskifte-fck-back-forhandler-med-tyrkisk-klub\/#article\",\"isPartOf\":{\"@id\":\"https:\/\/acefootball.com\/da\/fodboldnyheder\/januarskifte-fck-back-forhandler-med-tyrkisk-klub\/#webpage\"},\"author\":{\"@id\":\"https:\/\/acefootball.com\/da\/#\/schema\/person\/fd6223a1c033400b41da7853ddf88c84\"},\"headline\":\"Januarskifte? &#8211; FCK-back forhandler med tyrkisk klub\",\"datePublished\":\"2021-01-11T08:47:25+00:00\",\"dateModified\":\"2021-01-11T08:47:25+00:00\",\"mainEntityOfPage\":{\"@id\":\"https:\/\/acefootball.com\/da\/fodboldnyheder\/januarskifte-fck-back-forhandler-med-tyrkisk-klub\/#webpage\"},\"wordCount\":176,\"commentCount\":0,\"publisher\":{\"@id\":\"https:\/\/acefootball.com\/da\/#organization\"},\"image\":{\"@id\":\"https:\/\/acefootball.com\/da\/fodboldnyheder\/januarskifte-fck-back-forhandler-med-tyrkisk-klub\/#primaryimage\"},\"thumbnailUrl\":\"https:\/\/acefootball.com\/da\/wp-content\/uploads\/sites\/2\/2021\/01\/GettyImages-1181560187.jpg\",\"keywords\":[\"FC K\u00f8benhavn\",\"Karlo Bartolec\",\"S\u00fcper Lig\",\"Superligaen\"],\"articleSection\":[\"Transfer\"],\"inLanguage\":\"en-US\",\"potentialAction\":[{\"@type\":\"CommentAction\",\"name\":\"Comment\",\"target\":[\"https:\/\/acefootball.com\/da\/fodboldnyheder\/januarskifte-fck-back-forhandler-med-tyrkisk-klub\/#respond\"]}]},{\"@type\":\"Person\",\"@id\":\"https:\/\/acefootball.com\/da\/#\/schema\/person\/fd6223a1c033400b41da7853ddf88c84\",\"name\":\"Patrick Hesselb\u00e6k\",\"image\":{\"@type\":\"ImageObject\",\"@id\":\"https:\/\/acefootball.com\/da\/#personlogo\",\"inLanguage\":\"en-US\",\"url\":\"https:\/\/secure.gravatar.com\/avatar\/7919060992759bffbffb199d6cbdce6f?s=96&d=mm&r=g\",\"contentUrl\":\"https:\/\/secure.gravatar.com\/avatar\/7919060992759bffbffb199d6cbdce6f?s=96&d=mm&r=g\",\"caption\":\"Patrick Hesselb\u00e6k\"},\"description\":\"Redakt\u00f8r p\u00e5 den danske Ace Football-redaktion. Uddannet i kommunikation fra Aalborg Universitet. Prim\u00e6rt fokus p\u00e5 den danske 3F Superliga og de st\u00f8rste europ\u00e6iske turneringer.\",\"sameAs\":[\"https:\/\/www.linkedin.com\/in\/patrick-hesselbk-2a4b1711a\/\"],\"url\":\"https:\/\/acefootball.com\/da\/fodboldnyheder\/author\/patrickhesselbaek\/\"}]}<\/script>\n<!-- \/ Yoast SEO plugin. -->","yoast_head_json":{"title":"Januarskifte? - FCK-back forhandler med tyrkisk klub","description":"Mediet Sqenf Foot mener at vide, at FC K\u00f8benhavn-back Karlo Bartolec skulle v\u00e6re i forhandlinger med en unavngiven tyrkisk klub","robots":{"index":"index","follow":"follow","max-snippet":"max-snippet:-1","max-image-preview":"max-image-preview:large","max-video-preview":"max-video-preview:-1"},"canonical":"https:\/\/acefootball.com\/da\/fodboldnyheder\/januarskifte-fck-back-forhandler-med-tyrkisk-klub\/","og_locale":"en_US","og_type":"article","og_title":"Januarskifte? - FCK-back forhandler med tyrkisk klub","og_description":"Mediet Sqenf Foot mener at vide, at FC K\u00f8benhavn-back Karlo Bartolec skulle v\u00e6re i forhandlinger med en unavngiven tyrkisk klub","og_url":"https:\/\/acefootball.com\/da\/fodboldnyheder\/januarskifte-fck-back-forhandler-med-tyrkisk-klub\/","og_site_name":"Ace Football Danmark","article_publisher":"https:\/\/www.facebook.com\/acefootballdk","article_published_time":"2021-01-11T08:47:25+00:00","og_image":[{"width":1920,"height":1008,"url":"https:\/\/acefootball.com\/da\/wp-content\/uploads\/sites\/2\/2021\/01\/FCK-16.jpg","type":"image\/jpeg"}],"twitter_card":"summary_large_image","twitter_misc":{"Written by":"Patrick Hesselb\u00e6k","Est. reading time":"1 minute"},"schema":{"@context":"https:\/\/schema.org","@graph":[{"@type":"Organization","@id":"https:\/\/acefootball.com\/da\/#organization","name":"Ace Football","url":"https:\/\/acefootball.com\/da\/","sameAs":["https:\/\/www.facebook.com\/acefootballdk"],"logo":{"@type":"ImageObject","@id":"https:\/\/acefootball.com\/da\/#logo","inLanguage":"en-US","url":"https:\/\/acefootball.com\/da\/wp-content\/uploads\/sites\/2\/2020\/07\/Ace-Football-30-07-2020-2.png","contentUrl":"https:\/\/acefootball.com\/da\/wp-content\/uploads\/sites\/2\/2020\/07\/Ace-Football-30-07-2020-2.png","width":1200,"height":600,"caption":"Ace Football"},"image":{"@id":"https:\/\/acefootball.com\/da\/#logo"}},{"@type":"WebSite","@id":"https:\/\/acefootball.com\/da\/#website","url":"https:\/\/acefootball.com\/da\/","name":"Ace Football Danmark","description":"Nyheder, Spiltips &amp; Livescore","publisher":{"@id":"https:\/\/acefootball.com\/da\/#organization"},"potentialAction":[{"@type":"SearchAction","target":{"@type":"EntryPoint","urlTemplate":"https:\/\/acefootball.com\/da\/?s={search_term_string}"},"query-input":"required name=search_term_string"}],"inLanguage":"en-US"},{"@type":"ImageObject","@id":"https:\/\/acefootball.com\/da\/fodboldnyheder\/januarskifte-fck-back-forhandler-med-tyrkisk-klub\/#primaryimage","inLanguage":"en-US","url":"https:\/\/acefootball.com\/da\/wp-content\/uploads\/sites\/2\/2021\/01\/FCK-16.jpg","contentUrl":"https:\/\/acefootball.com\/da\/wp-content\/uploads\/sites\/2\/2021\/01\/FCK-16.jpg","width":1920,"height":1008,"caption":"FC Midtjylland vs FC Copenhagen - Danish 3F Superliga"},{"@type":"WebPage","@id":"https:\/\/acefootball.com\/da\/fodboldnyheder\/januarskifte-fck-back-forhandler-med-tyrkisk-klub\/#webpage","url":"https:\/\/acefootball.com\/da\/fodboldnyheder\/januarskifte-fck-back-forhandler-med-tyrkisk-klub\/","name":"Januarskifte? - FCK-back forhandler med tyrkisk klub","isPartOf":{"@id":"https:\/\/acefootball.com\/da\/#website"},"primaryImageOfPage":{"@id":"https:\/\/acefootball.com\/da\/fodboldnyheder\/januarskifte-fck-back-forhandler-med-tyrkisk-klub\/#primaryimage"},"datePublished":"2021-01-11T08:47:25+00:00","dateModified":"2021-01-11T08:47:25+00:00","description":"Mediet Sqenf Foot mener at vide, at FC K\u00f8benhavn-back Karlo Bartolec skulle v\u00e6re i forhandlinger med en unavngiven tyrkisk klub","breadcrumb":{"@id":"https:\/\/acefootball.com\/da\/fodboldnyheder\/januarskifte-fck-back-forhandler-med-tyrkisk-klub\/#breadcrumb"},"inLanguage":"en-US","potentialAction":[{"@type":"ReadAction","target":["https:\/\/acefootball.com\/da\/fodboldnyheder\/januarskifte-fck-back-forhandler-med-tyrkisk-klub\/"]}]},{"@type":"BreadcrumbList","@id":"https:\/\/acefootball.com\/da\/fodboldnyheder\/januarskifte-fck-back-forhandler-med-tyrkisk-klub\/#breadcrumb","itemListElement":[{"@type":"ListItem","position":1,"name":"Home","item":"https:\/\/acefootball.com\/da\/"},{"@type":"ListItem","position":2,"name":"Januarskifte? &#8211; FCK-back forhandler med tyrkisk klub"}]},{"@type":"Article","@id":"https:\/\/acefootball.com\/da\/fodboldnyheder\/januarskifte-fck-back-forhandler-med-tyrkisk-klub\/#article","isPartOf":{"@id":"https:\/\/acefootball.com\/da\/fodboldnyheder\/januarskifte-fck-back-forhandler-med-tyrkisk-klub\/#webpage"},"author":{"@id":"https:\/\/acefootball.com\/da\/#\/schema\/person\/fd6223a1c033400b41da7853ddf88c84"},"headline":"Januarskifte? &#8211; FCK-back forhandler med tyrkisk klub","datePublished":"2021-01-11T08:47:25+00:00","dateModified":"2021-01-11T08:47:25+00:00","mainEntityOfPage":{"@id":"https:\/\/acefootball.com\/da\/fodboldnyheder\/januarskifte-fck-back-forhandler-med-tyrkisk-klub\/#webpage"},"wordCount":176,"commentCount":0,"publisher":{"@id":"https:\/\/acefootball.com\/da\/#organization"},"image":{"@id":"https:\/\/acefootball.com\/da\/fodboldnyheder\/januarskifte-fck-back-forhandler-med-tyrkisk-klub\/#primaryimage"},"thumbnailUrl":"https:\/\/acefootball.com\/da\/wp-content\/uploads\/sites\/2\/2021\/01\/GettyImages-1181560187.jpg","keywords":["FC K\u00f8benhavn","Karlo Bartolec","S\u00fcper Lig","Superligaen"],"articleSection":["Transfer"],"inLanguage":"en-US","potentialAction":[{"@type":"CommentAction","name":"Comment","target":["https:\/\/acefootball.com\/da\/fodboldnyheder\/januarskifte-fck-back-forhandler-med-tyrkisk-klub\/#respond"]}]},{"@type":"Person","@id":"https:\/\/acefootball.com\/da\/#\/schema\/person\/fd6223a1c033400b41da7853ddf88c84","name":"Patrick Hesselb\u00e6k","image":{"@type":"ImageObject","@id":"https:\/\/acefootball.com\/da\/#personlogo","inLanguage":"en-US","url":"https:\/\/secure.gravatar.com\/avatar\/7919060992759bffbffb199d6cbdce6f?s=96&d=mm&r=g","contentUrl":"https:\/\/secure.gravatar.com\/avatar\/7919060992759bffbffb199d6cbdce6f?s=96&d=mm&r=g","caption":"Patrick Hesselb\u00e6k"},"description":"Redakt\u00f8r p\u00e5 den danske Ace Football-redaktion. Uddannet i kommunikation fra Aalborg Universitet. Prim\u00e6rt fokus p\u00e5 den danske 3F Superliga og de st\u00f8rste europ\u00e6iske turneringer.","sameAs":["https:\/\/www.linkedin.com\/in\/patrick-hesselbk-2a4b1711a\/"],"url":"https:\/\/acefootball.com\/da\/fodboldnyheder\/author\/patrickhesselbaek\/"}]}},"fimg_url":"https:\/\/acefootball.com\/da\/wp-content\/uploads\/sites\/2\/2021\/01\/GettyImages-1181560187.jpg","_links":{"self":[{"href":"https:\/\/acefootball.com\/da\/wp-json\/wp\/v2\/posts\/248043"}],"collection":[{"href":"https:\/\/acefootball.com\/da\/wp-json\/wp\/v2\/posts"}],"about":[{"href":"https:\/\/acefootball.com\/da\/wp-json\/wp\/v2\/types\/post"}],"author":[{"embeddable":true,"href":"https:\/\/acefootball.com\/da\/wp-json\/wp\/v2\/users\/74"}],"replies":[{"embeddable":true,"href":"https:\/\/acefootball.com\/da\/wp-json\/wp\/v2\/comments?post=248043"}],"version-history":[{"count":0,"href":"https:\/\/acefootball.com\/da\/wp-json\/wp\/v2\/posts\/248043\/revisions"}],"wp:featuredmedia":[{"embeddable":true,"href":"https:\/\/acefootball.com\/da\/wp-json\/wp\/v2\/media\/248051"}],"wp:attachment":[{"href":"https:\/\/acefootball.com\/da\/wp-json\/wp\/v2\/media?parent=248043"}],"wp:term":[{"taxonomy":"category","embeddable":true,"href":"https:\/\/acefootball.com\/da\/wp-json\/wp\/v2\/categories?post=248043"},{"taxonomy":"post_tag","embeddable":true,"href":"https:\/\/acefootball.com\/da\/wp-json\/wp\/v2\/tags?post=248043"}],"curies":[{"name":"wp","href":"https:\/\/api.w.org\/{rel}","templated":true}]}}