{"id":248021,"date":"2021-01-10T15:24:08","date_gmt":"2021-01-10T14:24:08","guid":{"rendered":"https:\/\/acefootball.com\/da\/?p=248021"},"modified":"2021-01-10T15:25:47","modified_gmt":"2021-01-10T14:25:47","slug":"fc-koebenhavn-aendrer-igen-paa-rejseplanerne","status":"publish","type":"post","link":"https:\/\/acefootball.com\/da\/fodboldnyheder\/fc-koebenhavn-aendrer-igen-paa-rejseplanerne\/","title":{"rendered":"FC K\u00f8benhavn \u00e6ndrer igen p\u00e5 rejseplanerne"},"content":{"rendered":"\n<h2 id=\"h-fc-k-benhavn-dropper-helt-at-tage-udenlands-p-vinterens-tr-ningslejr-da-udenrigsministeriet-frar-der-alle-rejser\">FC K\u00f8benhavn dropper helt at tage udenlands p\u00e5 vinterens tr\u00e6ningslejr, da Udenrigsministeriet frar\u00e5der alle rejser<\/h2>\n\n\n\n<p>Da FC K\u00f8benhavn sidste \u00e5r meldte ud, at man ville tage p\u00e5 tr\u00e6ningslejr i Dubai medf\u00f8rte det massiv kritik, og det fik i sidste ende klubben til at \u00e6ndre destinationen til Portugal.<\/p>\n\n\n\n<p>Nu er disse planer imidlertid ogs\u00e5 droppet, og i stedet bliver man hjemme i Danmark. Det fort\u00e6ller klubben p\u00e5 sin <a href=\"https:\/\/www.fck.dk\/nyhed\/ingen-traeningslejr-i-portugal\" target=\"_blank\" rel=\"noreferrer noopener\">hjemmeside<\/a>.<\/p>\n\n\n\n<p>Beslutningen er truffet efter anbefalinger fra Udenrigsministeriet, som frar\u00e5der alle rejser ud af landet p\u00e5 grund af Covid-19-situationen.<\/p>\n\n\n\n<figure class=\"wp-block-embed is-type-wp-embed is-provider-ace-football-danmark wp-block-embed-ace-football-danmark\"><div class=\"wp-block-embed__wrapper\">\n<blockquote class=\"wp-embedded-content\" data-secret=\"QVYWVuUfg8\"><a href=\"https:\/\/acefootball.com\/da\/fodboldnyheder\/ugens-varmeste-superliga-rygter-store-navne-vil-til-danmark\/\">Ugens varmeste Superliga-rygter: Store navne vil til Danmark<\/a><\/blockquote><iframe class=\"wp-embedded-content\" sandbox=\"allow-scripts\" security=\"restricted\" style=\"position: absolute; clip: rect(1px, 1px, 1px, 1px);\" title=\"&#8220;Ugens varmeste Superliga-rygter: Store navne vil til Danmark&#8221; &#8212; Ace Football Danmark\" src=\"https:\/\/acefootball.com\/da\/fodboldnyheder\/ugens-varmeste-superliga-rygter-store-navne-vil-til-danmark\/embed\/#?secret=QVYWVuUfg8\" data-secret=\"QVYWVuUfg8\" width=\"600\" height=\"338\" frameborder=\"0\" marginwidth=\"0\" marginheight=\"0\" scrolling=\"no\"><\/iframe>\n<\/div><\/figure>\n\n\n\n<p>&#8220;Det er selvf\u00f8lgelig \u00e6rgerligt ud fra en sportslig betragtning, men vi skylder alle hinanden at bek\u00e6mpe smitten og hj\u00e6lpe sundhedsmyndighederne ved at f\u00f8lge deres anbefalinger,&#8221; siger William Kvist.<\/p>\n\n\n\n<p>FC K\u00f8benhavn har indtil videre planlagt en tr\u00e6ningskamp mod Hvidovre p\u00e5 fredag.<\/p>\n","protected":false},"excerpt":{"rendered":"<p>FC K\u00f8benhavn dropper helt at tage udenlands p\u00e5 vinterens tr\u00e6ningslejr, da Udenrigsministeriet frar\u00e5der alle rejser<\/p>\n","protected":false},"author":705,"featured_media":245056,"comment_status":"open","ping_status":"closed","sticky":false,"template":"","format":"standard","meta":{"om_disable_all_campaigns":false,"push_articles_ronaldo":{"active":false,"canonical":0,"publish":false},"force_updates":null},"categories":[1],"tags":[16,588],"enet_tags":{"team":["8391"],"league":["46"],"sport_events":[]},"yoast_head":"<!-- This site is optimized with the Yoast SEO plugin v18.3 - https:\/\/yoast.com\/wordpress\/plugins\/seo\/ -->\n<title>FC K\u00f8benhavn \u00e6ndrer igen p\u00e5 rejseplanerne<\/title>\n<meta name=\"description\" content=\"FC K\u00f8benhavn dropper helt at tage udenlands p\u00e5 vinterens tr\u00e6ningslejr, da Udenrigsministeriet frar\u00e5der alle rejser\" \/>\n<meta name=\"robots\" content=\"index, follow, max-snippet:-1, max-image-preview:large, max-video-preview:-1\" \/>\n<link rel=\"canonical\" href=\"https:\/\/acefootball.com\/da\/fodboldnyheder\/fc-koebenhavn-aendrer-igen-paa-rejseplanerne\/\" \/>\n<meta property=\"og:locale\" content=\"en_US\" \/>\n<meta property=\"og:type\" content=\"article\" \/>\n<meta property=\"og:title\" content=\"FC K\u00f8benhavn \u00e6ndrer igen p\u00e5 rejseplanerne\" \/>\n<meta property=\"og:description\" content=\"FC K\u00f8benhavn dropper helt at tage udenlands p\u00e5 vinterens tr\u00e6ningslejr, da Udenrigsministeriet frar\u00e5der alle rejser\" \/>\n<meta property=\"og:url\" content=\"https:\/\/acefootball.com\/da\/fodboldnyheder\/fc-koebenhavn-aendrer-igen-paa-rejseplanerne\/\" \/>\n<meta property=\"og:site_name\" content=\"Ace Football Danmark\" \/>\n<meta property=\"article:publisher\" content=\"https:\/\/www.facebook.com\/acefootballdk\" \/>\n<meta property=\"article:published_time\" content=\"2021-01-10T14:24:08+00:00\" \/>\n<meta property=\"article:modified_time\" content=\"2021-01-10T14:25:47+00:00\" \/>\n<meta property=\"og:image\" content=\"https:\/\/acefootball.com\/da\/wp-content\/uploads\/sites\/2\/2021\/01\/FCK-1.jpg\" \/>\n\t<meta property=\"og:image:width\" content=\"1920\" \/>\n\t<meta property=\"og:image:height\" content=\"1008\" \/>\n\t<meta property=\"og:image:type\" content=\"image\/jpeg\" \/>\n<meta name=\"twitter:card\" content=\"summary_large_image\" \/>\n<meta name=\"twitter:label1\" content=\"Written by\" \/>\n\t<meta name=\"twitter:data1\" content=\"Mads Dreyer\" \/>\n\t<meta name=\"twitter:label2\" content=\"Est. reading time\" \/>\n\t<meta name=\"twitter:data2\" content=\"1 minute\" \/>\n<script type=\"application\/ld+json\" class=\"yoast-schema-graph\">{\"@context\":\"https:\/\/schema.org\",\"@graph\":[{\"@type\":\"Organization\",\"@id\":\"https:\/\/acefootball.com\/da\/#organization\",\"name\":\"Ace Football\",\"url\":\"https:\/\/acefootball.com\/da\/\",\"sameAs\":[\"https:\/\/www.facebook.com\/acefootballdk\"],\"logo\":{\"@type\":\"ImageObject\",\"@id\":\"https:\/\/acefootball.com\/da\/#logo\",\"inLanguage\":\"en-US\",\"url\":\"https:\/\/acefootball.com\/da\/wp-content\/uploads\/sites\/2\/2020\/07\/Ace-Football-30-07-2020-2.png\",\"contentUrl\":\"https:\/\/acefootball.com\/da\/wp-content\/uploads\/sites\/2\/2020\/07\/Ace-Football-30-07-2020-2.png\",\"width\":1200,\"height\":600,\"caption\":\"Ace Football\"},\"image\":{\"@id\":\"https:\/\/acefootball.com\/da\/#logo\"}},{\"@type\":\"WebSite\",\"@id\":\"https:\/\/acefootball.com\/da\/#website\",\"url\":\"https:\/\/acefootball.com\/da\/\",\"name\":\"Ace Football Danmark\",\"description\":\"Nyheder, Spiltips &amp; Livescore\",\"publisher\":{\"@id\":\"https:\/\/acefootball.com\/da\/#organization\"},\"potentialAction\":[{\"@type\":\"SearchAction\",\"target\":{\"@type\":\"EntryPoint\",\"urlTemplate\":\"https:\/\/acefootball.com\/da\/?s={search_term_string}\"},\"query-input\":\"required name=search_term_string\"}],\"inLanguage\":\"en-US\"},{\"@type\":\"ImageObject\",\"@id\":\"https:\/\/acefootball.com\/da\/fodboldnyheder\/fc-koebenhavn-aendrer-igen-paa-rejseplanerne\/#primaryimage\",\"inLanguage\":\"en-US\",\"url\":\"https:\/\/acefootball.com\/da\/wp-content\/uploads\/sites\/2\/2021\/01\/FCK-1.jpg\",\"contentUrl\":\"https:\/\/acefootball.com\/da\/wp-content\/uploads\/sites\/2\/2021\/01\/FCK-1.jpg\",\"width\":1920,\"height\":1008},{\"@type\":\"WebPage\",\"@id\":\"https:\/\/acefootball.com\/da\/fodboldnyheder\/fc-koebenhavn-aendrer-igen-paa-rejseplanerne\/#webpage\",\"url\":\"https:\/\/acefootball.com\/da\/fodboldnyheder\/fc-koebenhavn-aendrer-igen-paa-rejseplanerne\/\",\"name\":\"FC K\u00f8benhavn \u00e6ndrer igen p\u00e5 rejseplanerne\",\"isPartOf\":{\"@id\":\"https:\/\/acefootball.com\/da\/#website\"},\"primaryImageOfPage\":{\"@id\":\"https:\/\/acefootball.com\/da\/fodboldnyheder\/fc-koebenhavn-aendrer-igen-paa-rejseplanerne\/#primaryimage\"},\"datePublished\":\"2021-01-10T14:24:08+00:00\",\"dateModified\":\"2021-01-10T14:25:47+00:00\",\"description\":\"FC K\u00f8benhavn dropper helt at tage udenlands p\u00e5 vinterens tr\u00e6ningslejr, da Udenrigsministeriet frar\u00e5der alle rejser\",\"breadcrumb\":{\"@id\":\"https:\/\/acefootball.com\/da\/fodboldnyheder\/fc-koebenhavn-aendrer-igen-paa-rejseplanerne\/#breadcrumb\"},\"inLanguage\":\"en-US\",\"potentialAction\":[{\"@type\":\"ReadAction\",\"target\":[\"https:\/\/acefootball.com\/da\/fodboldnyheder\/fc-koebenhavn-aendrer-igen-paa-rejseplanerne\/\"]}]},{\"@type\":\"BreadcrumbList\",\"@id\":\"https:\/\/acefootball.com\/da\/fodboldnyheder\/fc-koebenhavn-aendrer-igen-paa-rejseplanerne\/#breadcrumb\",\"itemListElement\":[{\"@type\":\"ListItem\",\"position\":1,\"name\":\"Home\",\"item\":\"https:\/\/acefootball.com\/da\/\"},{\"@type\":\"ListItem\",\"position\":2,\"name\":\"FC K\u00f8benhavn \u00e6ndrer igen p\u00e5 rejseplanerne\"}]},{\"@type\":\"Article\",\"@id\":\"https:\/\/acefootball.com\/da\/fodboldnyheder\/fc-koebenhavn-aendrer-igen-paa-rejseplanerne\/#article\",\"isPartOf\":{\"@id\":\"https:\/\/acefootball.com\/da\/fodboldnyheder\/fc-koebenhavn-aendrer-igen-paa-rejseplanerne\/#webpage\"},\"author\":{\"@id\":\"https:\/\/acefootball.com\/da\/#\/schema\/person\/ee67e9cf04a276f144100ffa722f10cd\"},\"headline\":\"FC K\u00f8benhavn \u00e6ndrer igen p\u00e5 rejseplanerne\",\"datePublished\":\"2021-01-10T14:24:08+00:00\",\"dateModified\":\"2021-01-10T14:25:47+00:00\",\"mainEntityOfPage\":{\"@id\":\"https:\/\/acefootball.com\/da\/fodboldnyheder\/fc-koebenhavn-aendrer-igen-paa-rejseplanerne\/#webpage\"},\"wordCount\":154,\"commentCount\":0,\"publisher\":{\"@id\":\"https:\/\/acefootball.com\/da\/#organization\"},\"image\":{\"@id\":\"https:\/\/acefootball.com\/da\/fodboldnyheder\/fc-koebenhavn-aendrer-igen-paa-rejseplanerne\/#primaryimage\"},\"thumbnailUrl\":\"https:\/\/acefootball.com\/da\/wp-content\/uploads\/sites\/2\/2020\/11\/GettyImages-1228896481.jpg\",\"keywords\":[\"FC K\u00f8benhavn\",\"Superligaen\"],\"articleSection\":[\"Nyhed\"],\"inLanguage\":\"en-US\",\"potentialAction\":[{\"@type\":\"CommentAction\",\"name\":\"Comment\",\"target\":[\"https:\/\/acefootball.com\/da\/fodboldnyheder\/fc-koebenhavn-aendrer-igen-paa-rejseplanerne\/#respond\"]}]},{\"@type\":\"Person\",\"@id\":\"https:\/\/acefootball.com\/da\/#\/schema\/person\/ee67e9cf04a276f144100ffa722f10cd\",\"name\":\"Mads Dreyer\",\"image\":{\"@type\":\"ImageObject\",\"@id\":\"https:\/\/acefootball.com\/da\/#personlogo\",\"inLanguage\":\"en-US\",\"url\":\"https:\/\/secure.gravatar.com\/avatar\/7c7abf72cfde9902b6a60efe60c88d4c?s=96&d=mm&r=g\",\"contentUrl\":\"https:\/\/secure.gravatar.com\/avatar\/7c7abf72cfde9902b6a60efe60c88d4c?s=96&d=mm&r=g\",\"caption\":\"Mads Dreyer\"},\"description\":\"Skribent og fodboldn\u00f8rd, der lige nu fort\u00e6ller om alt og intet i fodboldverdenen p\u00e5 acefootball.com. Uddannet i kommunikation fra Aalborg Universitet.\",\"sameAs\":[\"https:\/\/www.linkedin.com\/in\/mads-dreyer-b9b08266\/\"],\"url\":\"https:\/\/acefootball.com\/da\/fodboldnyheder\/author\/mdnronaldo\/\"}]}<\/script>\n<!-- \/ Yoast SEO plugin. -->","yoast_head_json":{"title":"FC K\u00f8benhavn \u00e6ndrer igen p\u00e5 rejseplanerne","description":"FC K\u00f8benhavn dropper helt at tage udenlands p\u00e5 vinterens tr\u00e6ningslejr, da Udenrigsministeriet frar\u00e5der alle rejser","robots":{"index":"index","follow":"follow","max-snippet":"max-snippet:-1","max-image-preview":"max-image-preview:large","max-video-preview":"max-video-preview:-1"},"canonical":"https:\/\/acefootball.com\/da\/fodboldnyheder\/fc-koebenhavn-aendrer-igen-paa-rejseplanerne\/","og_locale":"en_US","og_type":"article","og_title":"FC K\u00f8benhavn \u00e6ndrer igen p\u00e5 rejseplanerne","og_description":"FC K\u00f8benhavn dropper helt at tage udenlands p\u00e5 vinterens tr\u00e6ningslejr, da Udenrigsministeriet frar\u00e5der alle rejser","og_url":"https:\/\/acefootball.com\/da\/fodboldnyheder\/fc-koebenhavn-aendrer-igen-paa-rejseplanerne\/","og_site_name":"Ace Football Danmark","article_publisher":"https:\/\/www.facebook.com\/acefootballdk","article_published_time":"2021-01-10T14:24:08+00:00","article_modified_time":"2021-01-10T14:25:47+00:00","og_image":[{"width":1920,"height":1008,"url":"https:\/\/acefootball.com\/da\/wp-content\/uploads\/sites\/2\/2021\/01\/FCK-1.jpg","type":"image\/jpeg"}],"twitter_card":"summary_large_image","twitter_misc":{"Written by":"Mads Dreyer","Est. reading time":"1 minute"},"schema":{"@context":"https:\/\/schema.org","@graph":[{"@type":"Organization","@id":"https:\/\/acefootball.com\/da\/#organization","name":"Ace Football","url":"https:\/\/acefootball.com\/da\/","sameAs":["https:\/\/www.facebook.com\/acefootballdk"],"logo":{"@type":"ImageObject","@id":"https:\/\/acefootball.com\/da\/#logo","inLanguage":"en-US","url":"https:\/\/acefootball.com\/da\/wp-content\/uploads\/sites\/2\/2020\/07\/Ace-Football-30-07-2020-2.png","contentUrl":"https:\/\/acefootball.com\/da\/wp-content\/uploads\/sites\/2\/2020\/07\/Ace-Football-30-07-2020-2.png","width":1200,"height":600,"caption":"Ace Football"},"image":{"@id":"https:\/\/acefootball.com\/da\/#logo"}},{"@type":"WebSite","@id":"https:\/\/acefootball.com\/da\/#website","url":"https:\/\/acefootball.com\/da\/","name":"Ace Football Danmark","description":"Nyheder, Spiltips &amp; Livescore","publisher":{"@id":"https:\/\/acefootball.com\/da\/#organization"},"potentialAction":[{"@type":"SearchAction","target":{"@type":"EntryPoint","urlTemplate":"https:\/\/acefootball.com\/da\/?s={search_term_string}"},"query-input":"required name=search_term_string"}],"inLanguage":"en-US"},{"@type":"ImageObject","@id":"https:\/\/acefootball.com\/da\/fodboldnyheder\/fc-koebenhavn-aendrer-igen-paa-rejseplanerne\/#primaryimage","inLanguage":"en-US","url":"https:\/\/acefootball.com\/da\/wp-content\/uploads\/sites\/2\/2021\/01\/FCK-1.jpg","contentUrl":"https:\/\/acefootball.com\/da\/wp-content\/uploads\/sites\/2\/2021\/01\/FCK-1.jpg","width":1920,"height":1008},{"@type":"WebPage","@id":"https:\/\/acefootball.com\/da\/fodboldnyheder\/fc-koebenhavn-aendrer-igen-paa-rejseplanerne\/#webpage","url":"https:\/\/acefootball.com\/da\/fodboldnyheder\/fc-koebenhavn-aendrer-igen-paa-rejseplanerne\/","name":"FC K\u00f8benhavn \u00e6ndrer igen p\u00e5 rejseplanerne","isPartOf":{"@id":"https:\/\/acefootball.com\/da\/#website"},"primaryImageOfPage":{"@id":"https:\/\/acefootball.com\/da\/fodboldnyheder\/fc-koebenhavn-aendrer-igen-paa-rejseplanerne\/#primaryimage"},"datePublished":"2021-01-10T14:24:08+00:00","dateModified":"2021-01-10T14:25:47+00:00","description":"FC K\u00f8benhavn dropper helt at tage udenlands p\u00e5 vinterens tr\u00e6ningslejr, da Udenrigsministeriet frar\u00e5der alle rejser","breadcrumb":{"@id":"https:\/\/acefootball.com\/da\/fodboldnyheder\/fc-koebenhavn-aendrer-igen-paa-rejseplanerne\/#breadcrumb"},"inLanguage":"en-US","potentialAction":[{"@type":"ReadAction","target":["https:\/\/acefootball.com\/da\/fodboldnyheder\/fc-koebenhavn-aendrer-igen-paa-rejseplanerne\/"]}]},{"@type":"BreadcrumbList","@id":"https:\/\/acefootball.com\/da\/fodboldnyheder\/fc-koebenhavn-aendrer-igen-paa-rejseplanerne\/#breadcrumb","itemListElement":[{"@type":"ListItem","position":1,"name":"Home","item":"https:\/\/acefootball.com\/da\/"},{"@type":"ListItem","position":2,"name":"FC K\u00f8benhavn \u00e6ndrer igen p\u00e5 rejseplanerne"}]},{"@type":"Article","@id":"https:\/\/acefootball.com\/da\/fodboldnyheder\/fc-koebenhavn-aendrer-igen-paa-rejseplanerne\/#article","isPartOf":{"@id":"https:\/\/acefootball.com\/da\/fodboldnyheder\/fc-koebenhavn-aendrer-igen-paa-rejseplanerne\/#webpage"},"author":{"@id":"https:\/\/acefootball.com\/da\/#\/schema\/person\/ee67e9cf04a276f144100ffa722f10cd"},"headline":"FC K\u00f8benhavn \u00e6ndrer igen p\u00e5 rejseplanerne","datePublished":"2021-01-10T14:24:08+00:00","dateModified":"2021-01-10T14:25:47+00:00","mainEntityOfPage":{"@id":"https:\/\/acefootball.com\/da\/fodboldnyheder\/fc-koebenhavn-aendrer-igen-paa-rejseplanerne\/#webpage"},"wordCount":154,"commentCount":0,"publisher":{"@id":"https:\/\/acefootball.com\/da\/#organization"},"image":{"@id":"https:\/\/acefootball.com\/da\/fodboldnyheder\/fc-koebenhavn-aendrer-igen-paa-rejseplanerne\/#primaryimage"},"thumbnailUrl":"https:\/\/acefootball.com\/da\/wp-content\/uploads\/sites\/2\/2020\/11\/GettyImages-1228896481.jpg","keywords":["FC K\u00f8benhavn","Superligaen"],"articleSection":["Nyhed"],"inLanguage":"en-US","potentialAction":[{"@type":"CommentAction","name":"Comment","target":["https:\/\/acefootball.com\/da\/fodboldnyheder\/fc-koebenhavn-aendrer-igen-paa-rejseplanerne\/#respond"]}]},{"@type":"Person","@id":"https:\/\/acefootball.com\/da\/#\/schema\/person\/ee67e9cf04a276f144100ffa722f10cd","name":"Mads Dreyer","image":{"@type":"ImageObject","@id":"https:\/\/acefootball.com\/da\/#personlogo","inLanguage":"en-US","url":"https:\/\/secure.gravatar.com\/avatar\/7c7abf72cfde9902b6a60efe60c88d4c?s=96&d=mm&r=g","contentUrl":"https:\/\/secure.gravatar.com\/avatar\/7c7abf72cfde9902b6a60efe60c88d4c?s=96&d=mm&r=g","caption":"Mads Dreyer"},"description":"Skribent og fodboldn\u00f8rd, der lige nu fort\u00e6ller om alt og intet i fodboldverdenen p\u00e5 acefootball.com. Uddannet i kommunikation fra Aalborg Universitet.","sameAs":["https:\/\/www.linkedin.com\/in\/mads-dreyer-b9b08266\/"],"url":"https:\/\/acefootball.com\/da\/fodboldnyheder\/author\/mdnronaldo\/"}]}},"fimg_url":"https:\/\/acefootball.com\/da\/wp-content\/uploads\/sites\/2\/2020\/11\/GettyImages-1228896481.jpg","_links":{"self":[{"href":"https:\/\/acefootball.com\/da\/wp-json\/wp\/v2\/posts\/248021"}],"collection":[{"href":"https:\/\/acefootball.com\/da\/wp-json\/wp\/v2\/posts"}],"about":[{"href":"https:\/\/acefootball.com\/da\/wp-json\/wp\/v2\/types\/post"}],"author":[{"embeddable":true,"href":"https:\/\/acefootball.com\/da\/wp-json\/wp\/v2\/users\/705"}],"replies":[{"embeddable":true,"href":"https:\/\/acefootball.com\/da\/wp-json\/wp\/v2\/comments?post=248021"}],"version-history":[{"count":0,"href":"https:\/\/acefootball.com\/da\/wp-json\/wp\/v2\/posts\/248021\/revisions"}],"wp:featuredmedia":[{"embeddable":true,"href":"https:\/\/acefootball.com\/da\/wp-json\/wp\/v2\/media\/245056"}],"wp:attachment":[{"href":"https:\/\/acefootball.com\/da\/wp-json\/wp\/v2\/media?parent=248021"}],"wp:term":[{"taxonomy":"category","embeddable":true,"href":"https:\/\/acefootball.com\/da\/wp-json\/wp\/v2\/categories?post=248021"},{"taxonomy":"post_tag","embeddable":true,"href":"https:\/\/acefootball.com\/da\/wp-json\/wp\/v2\/tags?post=248021"}],"curies":[{"name":"wp","href":"https:\/\/api.w.org\/{rel}","templated":true}]}}