{"id":247998,"date":"2021-01-10T11:11:58","date_gmt":"2021-01-10T10:11:58","guid":{"rendered":"https:\/\/acefootball.com\/da\/?p=247998"},"modified":"2021-01-10T11:11:59","modified_gmt":"2021-01-10T10:11:59","slug":"avis-afsloerer-cv-blokerede-for-retovs-horsens-skifte","status":"publish","type":"post","link":"https:\/\/acefootball.com\/da\/fodboldnyheder\/avis-afsloerer-cv-blokerede-for-retovs-horsens-skifte\/","title":{"rendered":"Avis afsl\u00f8rer: CV blokerede for Retovs Horsens-skifte"},"content":{"rendered":"\n<h2 id=\"h-martin-retov-var-angiveligt-udset-til-at-blive-ny-ac-horsens-tr-ner-men-den-var-cv-ikke-helt-med-p-i-br-ndby\">Martin Retov var angiveligt udset til at blive ny AC Horsens-tr\u00e6ner, men den var CV ikke helt med p\u00e5 i Br\u00f8ndby<\/h2>\n\n\n\n<p>Efter Jonas Dal tilbage i december blev fyret i AC Horsens, blev Br\u00f8ndby-assistenten Martin Retov k\u00e6det kraftigt sammen med den ledige cheftr\u00e6nerstilling hos Den Gule Fare, men det skifte blev \u00e5benlyst aldrig til noget.<\/p>\n\n\n\n<p>AC Horsens hentede i stedet Jens Bertel Askou ind som ny tr\u00e6ner, men havde det ikke v\u00e6ret for Br\u00f8ndbys sportschef Carsten V. Jensen, kunne det sagtens have v\u00e6ret Martin Retov der var blevet pr\u00e6senteret i klubben.<\/p>\n\n\n\n<p>If\u00f8lge <a href=\"https:\/\/www.bt.dk\/superligaen\/paa-blokken-i-horsens-broendby-boss-satte-stopper-for-retov-skifte\" target=\"_blank\" rel=\"noreferrer noopener\">BT<\/a> ville Br\u00f8ndby-bossen nemlig ikke lade Retov skifte, og dermed strandede skiftet hurtigt.<\/p>\n\n\n\n<p>Retov var en blandt flere kandidater i Horsens, og CV skulle angiveligt have blokeret for skiftet, da man ikke ville \u00e6ndre i Br\u00f8ndbys tr\u00e6nerstab lige nu.<\/p>\n","protected":false},"excerpt":{"rendered":"<p>Martin Retov var angiveligt udset til at blive ny AC Horsens-tr\u00e6ner, men den var CV ikke helt med p\u00e5 i Br\u00f8ndby<\/p>\n","protected":false},"author":43,"featured_media":247999,"comment_status":"open","ping_status":"closed","sticky":false,"template":"","format":"standard","meta":{"om_disable_all_campaigns":false,"push_articles_ronaldo":{"active":false,"canonical":0,"publish":false},"force_updates":null},"categories":[1],"tags":[20,53,4733,588],"enet_tags":{"team":["9814","8595"],"league":["46"],"sport_events":[]},"yoast_head":"<!-- This site is optimized with the Yoast SEO plugin v18.3 - https:\/\/yoast.com\/wordpress\/plugins\/seo\/ -->\n<title>Avis afsl\u00f8rer: CV blokerede for Retovs Horsens-skifte<\/title>\n<meta name=\"description\" content=\"Martin Retov var angiveligt udset til at blive ny AC Horsens-tr\u00e6ner, men den var CV ikke helt med p\u00e5 i Br\u00f8ndby\" \/>\n<meta name=\"robots\" content=\"index, follow, max-snippet:-1, max-image-preview:large, max-video-preview:-1\" \/>\n<link rel=\"canonical\" href=\"https:\/\/acefootball.com\/da\/fodboldnyheder\/avis-afsloerer-cv-blokerede-for-retovs-horsens-skifte\/\" \/>\n<meta property=\"og:locale\" content=\"en_US\" \/>\n<meta property=\"og:type\" content=\"article\" \/>\n<meta property=\"og:title\" content=\"Avis afsl\u00f8rer: CV blokerede for Retovs Horsens-skifte\" \/>\n<meta property=\"og:description\" content=\"Martin Retov var angiveligt udset til at blive ny AC Horsens-tr\u00e6ner, men den var CV ikke helt med p\u00e5 i Br\u00f8ndby\" \/>\n<meta property=\"og:url\" content=\"https:\/\/acefootball.com\/da\/fodboldnyheder\/avis-afsloerer-cv-blokerede-for-retovs-horsens-skifte\/\" \/>\n<meta property=\"og:site_name\" content=\"Ace Football Danmark\" \/>\n<meta property=\"article:publisher\" content=\"https:\/\/www.facebook.com\/acefootballdk\" \/>\n<meta property=\"article:published_time\" content=\"2021-01-10T10:11:58+00:00\" \/>\n<meta property=\"article:modified_time\" content=\"2021-01-10T10:11:59+00:00\" \/>\n<meta property=\"og:image\" content=\"https:\/\/acefootball.com\/da\/wp-content\/uploads\/sites\/2\/2021\/01\/Brondby-38.jpg\" \/>\n\t<meta property=\"og:image:width\" content=\"1920\" \/>\n\t<meta property=\"og:image:height\" content=\"1008\" \/>\n\t<meta property=\"og:image:type\" content=\"image\/jpeg\" \/>\n<meta name=\"twitter:card\" content=\"summary_large_image\" \/>\n<meta name=\"twitter:label1\" content=\"Written by\" \/>\n\t<meta name=\"twitter:data1\" content=\"Mikki M\u00f8ller-Iversen\" \/>\n\t<meta name=\"twitter:label2\" content=\"Est. reading time\" \/>\n\t<meta name=\"twitter:data2\" content=\"1 minute\" \/>\n<script type=\"application\/ld+json\" class=\"yoast-schema-graph\">{\"@context\":\"https:\/\/schema.org\",\"@graph\":[{\"@type\":\"Organization\",\"@id\":\"https:\/\/acefootball.com\/da\/#organization\",\"name\":\"Ace Football\",\"url\":\"https:\/\/acefootball.com\/da\/\",\"sameAs\":[\"https:\/\/www.facebook.com\/acefootballdk\"],\"logo\":{\"@type\":\"ImageObject\",\"@id\":\"https:\/\/acefootball.com\/da\/#logo\",\"inLanguage\":\"en-US\",\"url\":\"https:\/\/acefootball.com\/da\/wp-content\/uploads\/sites\/2\/2020\/07\/Ace-Football-30-07-2020-2.png\",\"contentUrl\":\"https:\/\/acefootball.com\/da\/wp-content\/uploads\/sites\/2\/2020\/07\/Ace-Football-30-07-2020-2.png\",\"width\":1200,\"height\":600,\"caption\":\"Ace Football\"},\"image\":{\"@id\":\"https:\/\/acefootball.com\/da\/#logo\"}},{\"@type\":\"WebSite\",\"@id\":\"https:\/\/acefootball.com\/da\/#website\",\"url\":\"https:\/\/acefootball.com\/da\/\",\"name\":\"Ace Football Danmark\",\"description\":\"Nyheder, Spiltips &amp; Livescore\",\"publisher\":{\"@id\":\"https:\/\/acefootball.com\/da\/#organization\"},\"potentialAction\":[{\"@type\":\"SearchAction\",\"target\":{\"@type\":\"EntryPoint\",\"urlTemplate\":\"https:\/\/acefootball.com\/da\/?s={search_term_string}\"},\"query-input\":\"required name=search_term_string\"}],\"inLanguage\":\"en-US\"},{\"@type\":\"ImageObject\",\"@id\":\"https:\/\/acefootball.com\/da\/fodboldnyheder\/avis-afsloerer-cv-blokerede-for-retovs-horsens-skifte\/#primaryimage\",\"inLanguage\":\"en-US\",\"url\":\"https:\/\/acefootball.com\/da\/wp-content\/uploads\/sites\/2\/2021\/01\/Brondby-38.jpg\",\"contentUrl\":\"https:\/\/acefootball.com\/da\/wp-content\/uploads\/sites\/2\/2021\/01\/Brondby-38.jpg\",\"width\":1920,\"height\":1008},{\"@type\":\"WebPage\",\"@id\":\"https:\/\/acefootball.com\/da\/fodboldnyheder\/avis-afsloerer-cv-blokerede-for-retovs-horsens-skifte\/#webpage\",\"url\":\"https:\/\/acefootball.com\/da\/fodboldnyheder\/avis-afsloerer-cv-blokerede-for-retovs-horsens-skifte\/\",\"name\":\"Avis afsl\u00f8rer: CV blokerede for Retovs Horsens-skifte\",\"isPartOf\":{\"@id\":\"https:\/\/acefootball.com\/da\/#website\"},\"primaryImageOfPage\":{\"@id\":\"https:\/\/acefootball.com\/da\/fodboldnyheder\/avis-afsloerer-cv-blokerede-for-retovs-horsens-skifte\/#primaryimage\"},\"datePublished\":\"2021-01-10T10:11:58+00:00\",\"dateModified\":\"2021-01-10T10:11:59+00:00\",\"description\":\"Martin Retov var angiveligt udset til at blive ny AC Horsens-tr\u00e6ner, men den var CV ikke helt med p\u00e5 i Br\u00f8ndby\",\"breadcrumb\":{\"@id\":\"https:\/\/acefootball.com\/da\/fodboldnyheder\/avis-afsloerer-cv-blokerede-for-retovs-horsens-skifte\/#breadcrumb\"},\"inLanguage\":\"en-US\",\"potentialAction\":[{\"@type\":\"ReadAction\",\"target\":[\"https:\/\/acefootball.com\/da\/fodboldnyheder\/avis-afsloerer-cv-blokerede-for-retovs-horsens-skifte\/\"]}]},{\"@type\":\"BreadcrumbList\",\"@id\":\"https:\/\/acefootball.com\/da\/fodboldnyheder\/avis-afsloerer-cv-blokerede-for-retovs-horsens-skifte\/#breadcrumb\",\"itemListElement\":[{\"@type\":\"ListItem\",\"position\":1,\"name\":\"Home\",\"item\":\"https:\/\/acefootball.com\/da\/\"},{\"@type\":\"ListItem\",\"position\":2,\"name\":\"Avis afsl\u00f8rer: CV blokerede for Retovs Horsens-skifte\"}]},{\"@type\":\"Article\",\"@id\":\"https:\/\/acefootball.com\/da\/fodboldnyheder\/avis-afsloerer-cv-blokerede-for-retovs-horsens-skifte\/#article\",\"isPartOf\":{\"@id\":\"https:\/\/acefootball.com\/da\/fodboldnyheder\/avis-afsloerer-cv-blokerede-for-retovs-horsens-skifte\/#webpage\"},\"author\":{\"@id\":\"https:\/\/acefootball.com\/da\/#\/schema\/person\/017c0abe4a8e92938220bf6c097dda93\"},\"headline\":\"Avis afsl\u00f8rer: CV blokerede for Retovs Horsens-skifte\",\"datePublished\":\"2021-01-10T10:11:58+00:00\",\"dateModified\":\"2021-01-10T10:11:59+00:00\",\"mainEntityOfPage\":{\"@id\":\"https:\/\/acefootball.com\/da\/fodboldnyheder\/avis-afsloerer-cv-blokerede-for-retovs-horsens-skifte\/#webpage\"},\"wordCount\":153,\"commentCount\":0,\"publisher\":{\"@id\":\"https:\/\/acefootball.com\/da\/#organization\"},\"image\":{\"@id\":\"https:\/\/acefootball.com\/da\/fodboldnyheder\/avis-afsloerer-cv-blokerede-for-retovs-horsens-skifte\/#primaryimage\"},\"thumbnailUrl\":\"https:\/\/acefootball.com\/da\/wp-content\/uploads\/sites\/2\/2021\/01\/GettyImages-1199933869.jpg\",\"keywords\":[\"AC Horsens\",\"Br\u00f8ndby IF\",\"Martin Retov\",\"Superligaen\"],\"articleSection\":[\"Nyhed\"],\"inLanguage\":\"en-US\",\"potentialAction\":[{\"@type\":\"CommentAction\",\"name\":\"Comment\",\"target\":[\"https:\/\/acefootball.com\/da\/fodboldnyheder\/avis-afsloerer-cv-blokerede-for-retovs-horsens-skifte\/#respond\"]}]},{\"@type\":\"Person\",\"@id\":\"https:\/\/acefootball.com\/da\/#\/schema\/person\/017c0abe4a8e92938220bf6c097dda93\",\"name\":\"Mikki M\u00f8ller-Iversen\",\"image\":{\"@type\":\"ImageObject\",\"@id\":\"https:\/\/acefootball.com\/da\/#personlogo\",\"inLanguage\":\"en-US\",\"url\":\"https:\/\/secure.gravatar.com\/avatar\/e05b419e8b5ae5fcf516800181b96aa2?s=96&d=mm&r=g\",\"contentUrl\":\"https:\/\/secure.gravatar.com\/avatar\/e05b419e8b5ae5fcf516800181b96aa2?s=96&d=mm&r=g\",\"caption\":\"Mikki M\u00f8ller-Iversen\"},\"description\":\"Social Media Manager and writer at Ace Football. Main focus on Danish football and special stories.\",\"sameAs\":[\"https:\/\/www.linkedin.com\/in\/mikki-mller-iversen-26a3a689\/\"],\"url\":\"https:\/\/acefootball.com\/da\/fodboldnyheder\/author\/mmironaldo\/\"}]}<\/script>\n<!-- \/ Yoast SEO plugin. -->","yoast_head_json":{"title":"Avis afsl\u00f8rer: CV blokerede for Retovs Horsens-skifte","description":"Martin Retov var angiveligt udset til at blive ny AC Horsens-tr\u00e6ner, men den var CV ikke helt med p\u00e5 i Br\u00f8ndby","robots":{"index":"index","follow":"follow","max-snippet":"max-snippet:-1","max-image-preview":"max-image-preview:large","max-video-preview":"max-video-preview:-1"},"canonical":"https:\/\/acefootball.com\/da\/fodboldnyheder\/avis-afsloerer-cv-blokerede-for-retovs-horsens-skifte\/","og_locale":"en_US","og_type":"article","og_title":"Avis afsl\u00f8rer: CV blokerede for Retovs Horsens-skifte","og_description":"Martin Retov var angiveligt udset til at blive ny AC Horsens-tr\u00e6ner, men den var CV ikke helt med p\u00e5 i Br\u00f8ndby","og_url":"https:\/\/acefootball.com\/da\/fodboldnyheder\/avis-afsloerer-cv-blokerede-for-retovs-horsens-skifte\/","og_site_name":"Ace Football Danmark","article_publisher":"https:\/\/www.facebook.com\/acefootballdk","article_published_time":"2021-01-10T10:11:58+00:00","article_modified_time":"2021-01-10T10:11:59+00:00","og_image":[{"width":1920,"height":1008,"url":"https:\/\/acefootball.com\/da\/wp-content\/uploads\/sites\/2\/2021\/01\/Brondby-38.jpg","type":"image\/jpeg"}],"twitter_card":"summary_large_image","twitter_misc":{"Written by":"Mikki M\u00f8ller-Iversen","Est. reading time":"1 minute"},"schema":{"@context":"https:\/\/schema.org","@graph":[{"@type":"Organization","@id":"https:\/\/acefootball.com\/da\/#organization","name":"Ace Football","url":"https:\/\/acefootball.com\/da\/","sameAs":["https:\/\/www.facebook.com\/acefootballdk"],"logo":{"@type":"ImageObject","@id":"https:\/\/acefootball.com\/da\/#logo","inLanguage":"en-US","url":"https:\/\/acefootball.com\/da\/wp-content\/uploads\/sites\/2\/2020\/07\/Ace-Football-30-07-2020-2.png","contentUrl":"https:\/\/acefootball.com\/da\/wp-content\/uploads\/sites\/2\/2020\/07\/Ace-Football-30-07-2020-2.png","width":1200,"height":600,"caption":"Ace Football"},"image":{"@id":"https:\/\/acefootball.com\/da\/#logo"}},{"@type":"WebSite","@id":"https:\/\/acefootball.com\/da\/#website","url":"https:\/\/acefootball.com\/da\/","name":"Ace Football Danmark","description":"Nyheder, Spiltips &amp; Livescore","publisher":{"@id":"https:\/\/acefootball.com\/da\/#organization"},"potentialAction":[{"@type":"SearchAction","target":{"@type":"EntryPoint","urlTemplate":"https:\/\/acefootball.com\/da\/?s={search_term_string}"},"query-input":"required name=search_term_string"}],"inLanguage":"en-US"},{"@type":"ImageObject","@id":"https:\/\/acefootball.com\/da\/fodboldnyheder\/avis-afsloerer-cv-blokerede-for-retovs-horsens-skifte\/#primaryimage","inLanguage":"en-US","url":"https:\/\/acefootball.com\/da\/wp-content\/uploads\/sites\/2\/2021\/01\/Brondby-38.jpg","contentUrl":"https:\/\/acefootball.com\/da\/wp-content\/uploads\/sites\/2\/2021\/01\/Brondby-38.jpg","width":1920,"height":1008},{"@type":"WebPage","@id":"https:\/\/acefootball.com\/da\/fodboldnyheder\/avis-afsloerer-cv-blokerede-for-retovs-horsens-skifte\/#webpage","url":"https:\/\/acefootball.com\/da\/fodboldnyheder\/avis-afsloerer-cv-blokerede-for-retovs-horsens-skifte\/","name":"Avis afsl\u00f8rer: CV blokerede for Retovs Horsens-skifte","isPartOf":{"@id":"https:\/\/acefootball.com\/da\/#website"},"primaryImageOfPage":{"@id":"https:\/\/acefootball.com\/da\/fodboldnyheder\/avis-afsloerer-cv-blokerede-for-retovs-horsens-skifte\/#primaryimage"},"datePublished":"2021-01-10T10:11:58+00:00","dateModified":"2021-01-10T10:11:59+00:00","description":"Martin Retov var angiveligt udset til at blive ny AC Horsens-tr\u00e6ner, men den var CV ikke helt med p\u00e5 i Br\u00f8ndby","breadcrumb":{"@id":"https:\/\/acefootball.com\/da\/fodboldnyheder\/avis-afsloerer-cv-blokerede-for-retovs-horsens-skifte\/#breadcrumb"},"inLanguage":"en-US","potentialAction":[{"@type":"ReadAction","target":["https:\/\/acefootball.com\/da\/fodboldnyheder\/avis-afsloerer-cv-blokerede-for-retovs-horsens-skifte\/"]}]},{"@type":"BreadcrumbList","@id":"https:\/\/acefootball.com\/da\/fodboldnyheder\/avis-afsloerer-cv-blokerede-for-retovs-horsens-skifte\/#breadcrumb","itemListElement":[{"@type":"ListItem","position":1,"name":"Home","item":"https:\/\/acefootball.com\/da\/"},{"@type":"ListItem","position":2,"name":"Avis afsl\u00f8rer: CV blokerede for Retovs Horsens-skifte"}]},{"@type":"Article","@id":"https:\/\/acefootball.com\/da\/fodboldnyheder\/avis-afsloerer-cv-blokerede-for-retovs-horsens-skifte\/#article","isPartOf":{"@id":"https:\/\/acefootball.com\/da\/fodboldnyheder\/avis-afsloerer-cv-blokerede-for-retovs-horsens-skifte\/#webpage"},"author":{"@id":"https:\/\/acefootball.com\/da\/#\/schema\/person\/017c0abe4a8e92938220bf6c097dda93"},"headline":"Avis afsl\u00f8rer: CV blokerede for Retovs Horsens-skifte","datePublished":"2021-01-10T10:11:58+00:00","dateModified":"2021-01-10T10:11:59+00:00","mainEntityOfPage":{"@id":"https:\/\/acefootball.com\/da\/fodboldnyheder\/avis-afsloerer-cv-blokerede-for-retovs-horsens-skifte\/#webpage"},"wordCount":153,"commentCount":0,"publisher":{"@id":"https:\/\/acefootball.com\/da\/#organization"},"image":{"@id":"https:\/\/acefootball.com\/da\/fodboldnyheder\/avis-afsloerer-cv-blokerede-for-retovs-horsens-skifte\/#primaryimage"},"thumbnailUrl":"https:\/\/acefootball.com\/da\/wp-content\/uploads\/sites\/2\/2021\/01\/GettyImages-1199933869.jpg","keywords":["AC Horsens","Br\u00f8ndby IF","Martin Retov","Superligaen"],"articleSection":["Nyhed"],"inLanguage":"en-US","potentialAction":[{"@type":"CommentAction","name":"Comment","target":["https:\/\/acefootball.com\/da\/fodboldnyheder\/avis-afsloerer-cv-blokerede-for-retovs-horsens-skifte\/#respond"]}]},{"@type":"Person","@id":"https:\/\/acefootball.com\/da\/#\/schema\/person\/017c0abe4a8e92938220bf6c097dda93","name":"Mikki M\u00f8ller-Iversen","image":{"@type":"ImageObject","@id":"https:\/\/acefootball.com\/da\/#personlogo","inLanguage":"en-US","url":"https:\/\/secure.gravatar.com\/avatar\/e05b419e8b5ae5fcf516800181b96aa2?s=96&d=mm&r=g","contentUrl":"https:\/\/secure.gravatar.com\/avatar\/e05b419e8b5ae5fcf516800181b96aa2?s=96&d=mm&r=g","caption":"Mikki M\u00f8ller-Iversen"},"description":"Social Media Manager and writer at Ace Football. Main focus on Danish football and special stories.","sameAs":["https:\/\/www.linkedin.com\/in\/mikki-mller-iversen-26a3a689\/"],"url":"https:\/\/acefootball.com\/da\/fodboldnyheder\/author\/mmironaldo\/"}]}},"fimg_url":"https:\/\/acefootball.com\/da\/wp-content\/uploads\/sites\/2\/2021\/01\/GettyImages-1199933869.jpg","_links":{"self":[{"href":"https:\/\/acefootball.com\/da\/wp-json\/wp\/v2\/posts\/247998"}],"collection":[{"href":"https:\/\/acefootball.com\/da\/wp-json\/wp\/v2\/posts"}],"about":[{"href":"https:\/\/acefootball.com\/da\/wp-json\/wp\/v2\/types\/post"}],"author":[{"embeddable":true,"href":"https:\/\/acefootball.com\/da\/wp-json\/wp\/v2\/users\/43"}],"replies":[{"embeddable":true,"href":"https:\/\/acefootball.com\/da\/wp-json\/wp\/v2\/comments?post=247998"}],"version-history":[{"count":0,"href":"https:\/\/acefootball.com\/da\/wp-json\/wp\/v2\/posts\/247998\/revisions"}],"wp:featuredmedia":[{"embeddable":true,"href":"https:\/\/acefootball.com\/da\/wp-json\/wp\/v2\/media\/247999"}],"wp:attachment":[{"href":"https:\/\/acefootball.com\/da\/wp-json\/wp\/v2\/media?parent=247998"}],"wp:term":[{"taxonomy":"category","embeddable":true,"href":"https:\/\/acefootball.com\/da\/wp-json\/wp\/v2\/categories?post=247998"},{"taxonomy":"post_tag","embeddable":true,"href":"https:\/\/acefootball.com\/da\/wp-json\/wp\/v2\/tags?post=247998"}],"curies":[{"name":"wp","href":"https:\/\/api.w.org\/{rel}","templated":true}]}}