{"id":247880,"date":"2021-01-08T12:37:32","date_gmt":"2021-01-08T11:37:32","guid":{"rendered":"https:\/\/acefootball.com\/da\/?p=247880"},"modified":"2021-01-08T12:37:33","modified_gmt":"2021-01-08T11:37:33","slug":"englaendere-hylder-prisvindende-thomas-frank-a-light-in-the-dark","status":"publish","type":"post","link":"https:\/\/acefootball.com\/da\/fodboldnyheder\/englaendere-hylder-prisvindende-thomas-frank-a-light-in-the-dark\/","title":{"rendered":"Engl\u00e6ndere hylder prisvindende Thomas Frank: A light in the dark"},"content":{"rendered":"\n<h2 id=\"h-thomas-frank-er-blevet-k-ret-til-m-nedens-tr-ner-i-championship-og-han-har-udviklet-sig-til-at-blive-en-yderst-popul-r-skikkelse-i-brentford\">Thomas Frank er blevet k\u00e5ret til m\u00e5nedens tr\u00e6ner i Championship, og han har udviklet sig til at blive en yderst popul\u00e6r skikkelse i Brentford<\/h2>\n\n\n\n<p>Brentford er inde i en fantastisk stime, hvor de ligger p\u00e5 en fjerdeplads med 41 point. Det er i de sidste fem Championship-kampe blevet til fire sejre og en uafjgort.<\/p>\n\n\n\n<p>De flotte pr\u00e6stationer har nu resulteret i, at holdets danske tr\u00e6ner Thomas Frank er blevet k\u00e5ret til m\u00e5nedens tr\u00e6ner for december m\u00e5ned i Championship.<\/p>\n\n\n\n<figure class=\"wp-block-embed is-type-rich is-provider-twitter wp-block-embed-twitter\"><div class=\"wp-block-embed__wrapper\">\n<blockquote class=\"twitter-tweet\" data-width=\"550\" data-dnt=\"true\"><p lang=\"und\" dir=\"ltr\"><a href=\"https:\/\/t.co\/umKuQKhhpX\">pic.twitter.com\/umKuQKhhpX<\/a><\/p>&mdash; BeesTV \ud83d\udc1d (@BeesTV) <a href=\"https:\/\/twitter.com\/BeesTV\/status\/1347441699585404928?ref_src=twsrc%5Etfw\">January 8, 2021<\/a><\/blockquote><script async src=\"https:\/\/platform.twitter.com\/widgets.js\" charset=\"utf-8\"><\/script>\n<\/div><\/figure>\n\n\n\n<p>Der er alts\u00e5 sket meget i den forholdsvist lille London-klub, siden Frank tog over i klubben tilbage i 2018. Til trods for en sv\u00e6r start form\u00e5ede han nemlig i sidste s\u00e6son at tage The Bees hele vejen til Playoff-finalen om oprykning til Premier League.<\/p>\n\n\n\n<p>Desuden bragte han dem ogs\u00e5 til deres f\u00f8rste EFL Cup-semifinale nogensinde, og det er da heller ikke g\u00e5et de engelske fans&#8217; n\u00e6ser forbi, at der er kommet en danske, der g\u00f8r det godt.<\/p>\n\n\n\n<p>Han er nemlig blevet hyldet vidt og bredt, og fansene synes, at det er helt fortjent med prisen og h\u00e6dren.<\/p>\n\n\n\n<figure class=\"wp-block-image size-large\"><img loading=\"lazy\" width=\"578\" height=\"125\" src=\"https:\/\/acefootball.com\/da\/wp-content\/uploads\/sites\/2\/2021\/01\/image-33.png\" alt=\"\" class=\"wp-image-247928\" srcset=\"https:\/\/acefootball.com\/da\/wp-content\/uploads\/sites\/2\/2021\/01\/image-33.png 578w, https:\/\/acefootball.com\/da\/wp-content\/uploads\/sites\/2\/2021\/01\/image-33-300x65.png 300w\" sizes=\"(max-width: 578px) 100vw, 578px\" \/><\/figure>\n\n\n\n<figure class=\"wp-block-image size-large\"><img loading=\"lazy\" width=\"599\" height=\"111\" src=\"https:\/\/acefootball.com\/da\/wp-content\/uploads\/sites\/2\/2021\/01\/image-31.png\" alt=\"\" class=\"wp-image-247884\" srcset=\"https:\/\/acefootball.com\/da\/wp-content\/uploads\/sites\/2\/2021\/01\/image-31.png 599w, https:\/\/acefootball.com\/da\/wp-content\/uploads\/sites\/2\/2021\/01\/image-31-300x56.png 300w\" sizes=\"(max-width: 599px) 100vw, 599px\" \/><\/figure>\n\n\n\n<figure class=\"wp-block-image size-large\"><img loading=\"lazy\" width=\"601\" height=\"111\" src=\"https:\/\/acefootball.com\/da\/wp-content\/uploads\/sites\/2\/2021\/01\/image-32.png\" alt=\"\" class=\"wp-image-247885\" srcset=\"https:\/\/acefootball.com\/da\/wp-content\/uploads\/sites\/2\/2021\/01\/image-32.png 601w, https:\/\/acefootball.com\/da\/wp-content\/uploads\/sites\/2\/2021\/01\/image-32-300x55.png 300w\" sizes=\"(max-width: 601px) 100vw, 601px\" \/><\/figure>\n\n\n\n<figure class=\"wp-block-embed is-type-rich is-provider-twitter wp-block-embed-twitter\"><div class=\"wp-block-embed__wrapper\">\n<blockquote class=\"twitter-tweet\" data-width=\"550\" data-dnt=\"true\"><p lang=\"en\" dir=\"ltr\">You know it,  Thomas Frank\u2019s tricky Bees in the Premier league next season \ud83d\udc40 <a href=\"https:\/\/t.co\/5Nn0soPNY1\">pic.twitter.com\/5Nn0soPNY1<\/a><\/p>&mdash; William (fan account) (@OzilThings) <a href=\"https:\/\/twitter.com\/OzilThings\/status\/1347339523873714179?ref_src=twsrc%5Etfw\">January 8, 2021<\/a><\/blockquote><script async src=\"https:\/\/platform.twitter.com\/widgets.js\" charset=\"utf-8\"><\/script>\n<\/div><\/figure>\n\n\n\n<figure class=\"wp-block-embed is-type-rich is-provider-twitter wp-block-embed-twitter\"><div class=\"wp-block-embed__wrapper\">\n<blockquote class=\"twitter-tweet\" data-width=\"550\" data-dnt=\"true\"><p lang=\"en\" dir=\"ltr\">You go Thomas Frank best manager in my opinion in the Championship <a href=\"https:\/\/t.co\/xityutIVF5\">https:\/\/t.co\/xityutIVF5<\/a><\/p>&mdash; Matthew Dudzinski (@Matthewdlb2) <a href=\"https:\/\/twitter.com\/Matthewdlb2\/status\/1347157560386871297?ref_src=twsrc%5Etfw\">January 7, 2021<\/a><\/blockquote><script async src=\"https:\/\/platform.twitter.com\/widgets.js\" charset=\"utf-8\"><\/script>\n<\/div><\/figure>\n\n\n\n<figure class=\"wp-block-embed is-type-rich is-provider-twitter wp-block-embed-twitter\"><div class=\"wp-block-embed__wrapper\">\n<blockquote class=\"twitter-tweet\" data-width=\"550\" data-dnt=\"true\"><p lang=\"en\" dir=\"ltr\">Congratulations to Thomas Frank &#8211; a well-deserved award after an extraordinary month for <a href=\"https:\/\/twitter.com\/hashtag\/brentfordfc?src=hash&amp;ref_src=twsrc%5Etfw\">#brentfordfc<\/a> Let&#39;s hope it doesn&#39;t lead to the traditional downturn in results for the winner! <a href=\"https:\/\/t.co\/rgxehXUrYT\">https:\/\/t.co\/rgxehXUrYT<\/a><\/p>&mdash; Ian Westbrook (@ianwestbrook) <a href=\"https:\/\/twitter.com\/ianwestbrook\/status\/1347476204320862208?ref_src=twsrc%5Etfw\">January 8, 2021<\/a><\/blockquote><script async src=\"https:\/\/platform.twitter.com\/widgets.js\" charset=\"utf-8\"><\/script>\n<\/div><\/figure>\n","protected":false},"excerpt":{"rendered":"<p>Thomas Frank er blevet k\u00e5ret til m\u00e5nedens tr\u00e6ner i Championship, og han har udviklet sig til at blive en yderst popul\u00e6r skikkelse i Brentford<\/p>\n","protected":false},"author":74,"featured_media":247925,"comment_status":"open","ping_status":"closed","sticky":false,"template":"","format":"standard","meta":{"om_disable_all_campaigns":false,"push_articles_ronaldo":{"active":false,"canonical":0,"publish":false},"force_updates":null},"categories":[8060],"tags":[305,3061,692,1795],"enet_tags":{"team":["9937","8238"],"league":["48"],"player":["450969"],"sport_events":[]},"yoast_head":"<!-- This site is optimized with the Yoast SEO plugin v18.3 - https:\/\/yoast.com\/wordpress\/plugins\/seo\/ -->\n<title>Engl\u00e6ndere hylder prisvindende Thomas Frank: A light in the dark<\/title>\n<meta name=\"description\" content=\"Thomas Frank er blevet k\u00e5ret til m\u00e5nedens tr\u00e6ner i Championship, og han har udviklet sig til at blive en yderst popul\u00e6r skikkelse i Brentford\" \/>\n<meta name=\"robots\" content=\"index, follow, max-snippet:-1, max-image-preview:large, max-video-preview:-1\" \/>\n<link rel=\"canonical\" href=\"https:\/\/acefootball.com\/da\/fodboldnyheder\/englaendere-hylder-prisvindende-thomas-frank-a-light-in-the-dark\/\" \/>\n<meta property=\"og:locale\" content=\"en_US\" \/>\n<meta property=\"og:type\" content=\"article\" \/>\n<meta property=\"og:title\" content=\"Engl\u00e6ndere hylder prisvindende Thomas Frank: A light in the dark\" \/>\n<meta property=\"og:description\" content=\"Thomas Frank er blevet k\u00e5ret til m\u00e5nedens tr\u00e6ner i Championship, og han har udviklet sig til at blive en yderst popul\u00e6r skikkelse i Brentford\" \/>\n<meta property=\"og:url\" content=\"https:\/\/acefootball.com\/da\/fodboldnyheder\/englaendere-hylder-prisvindende-thomas-frank-a-light-in-the-dark\/\" \/>\n<meta property=\"og:site_name\" content=\"Ace Football Danmark\" \/>\n<meta property=\"article:publisher\" content=\"https:\/\/www.facebook.com\/acefootballdk\" \/>\n<meta property=\"article:published_time\" content=\"2021-01-08T11:37:32+00:00\" \/>\n<meta property=\"article:modified_time\" content=\"2021-01-08T11:37:33+00:00\" \/>\n<meta property=\"og:image\" content=\"https:\/\/acefootball.com\/da\/wp-content\/uploads\/sites\/2\/2021\/01\/Copy-of-Ace-40-1.jpg\" \/>\n\t<meta property=\"og:image:width\" content=\"1920\" \/>\n\t<meta property=\"og:image:height\" content=\"1008\" \/>\n\t<meta property=\"og:image:type\" content=\"image\/jpeg\" \/>\n<meta name=\"twitter:card\" content=\"summary_large_image\" \/>\n<meta name=\"twitter:label1\" content=\"Written by\" \/>\n\t<meta name=\"twitter:data1\" content=\"Patrick Hesselb\u00e6k\" \/>\n\t<meta name=\"twitter:label2\" content=\"Est. reading time\" \/>\n\t<meta name=\"twitter:data2\" content=\"1 minute\" \/>\n<script type=\"application\/ld+json\" class=\"yoast-schema-graph\">{\"@context\":\"https:\/\/schema.org\",\"@graph\":[{\"@type\":\"Organization\",\"@id\":\"https:\/\/acefootball.com\/da\/#organization\",\"name\":\"Ace Football\",\"url\":\"https:\/\/acefootball.com\/da\/\",\"sameAs\":[\"https:\/\/www.facebook.com\/acefootballdk\"],\"logo\":{\"@type\":\"ImageObject\",\"@id\":\"https:\/\/acefootball.com\/da\/#logo\",\"inLanguage\":\"en-US\",\"url\":\"https:\/\/acefootball.com\/da\/wp-content\/uploads\/sites\/2\/2020\/07\/Ace-Football-30-07-2020-2.png\",\"contentUrl\":\"https:\/\/acefootball.com\/da\/wp-content\/uploads\/sites\/2\/2020\/07\/Ace-Football-30-07-2020-2.png\",\"width\":1200,\"height\":600,\"caption\":\"Ace Football\"},\"image\":{\"@id\":\"https:\/\/acefootball.com\/da\/#logo\"}},{\"@type\":\"WebSite\",\"@id\":\"https:\/\/acefootball.com\/da\/#website\",\"url\":\"https:\/\/acefootball.com\/da\/\",\"name\":\"Ace Football Danmark\",\"description\":\"Nyheder, Spiltips &amp; Livescore\",\"publisher\":{\"@id\":\"https:\/\/acefootball.com\/da\/#organization\"},\"potentialAction\":[{\"@type\":\"SearchAction\",\"target\":{\"@type\":\"EntryPoint\",\"urlTemplate\":\"https:\/\/acefootball.com\/da\/?s={search_term_string}\"},\"query-input\":\"required name=search_term_string\"}],\"inLanguage\":\"en-US\"},{\"@type\":\"ImageObject\",\"@id\":\"https:\/\/acefootball.com\/da\/fodboldnyheder\/englaendere-hylder-prisvindende-thomas-frank-a-light-in-the-dark\/#primaryimage\",\"inLanguage\":\"en-US\",\"url\":\"https:\/\/acefootball.com\/da\/wp-content\/uploads\/sites\/2\/2021\/01\/Copy-of-Ace-40-1.jpg\",\"contentUrl\":\"https:\/\/acefootball.com\/da\/wp-content\/uploads\/sites\/2\/2021\/01\/Copy-of-Ace-40-1.jpg\",\"width\":1920,\"height\":1008,\"caption\":\"Brentford v Swansea City - Sky Bet Championship Play Off Semi-final 2nd Leg\"},{\"@type\":\"WebPage\",\"@id\":\"https:\/\/acefootball.com\/da\/fodboldnyheder\/englaendere-hylder-prisvindende-thomas-frank-a-light-in-the-dark\/#webpage\",\"url\":\"https:\/\/acefootball.com\/da\/fodboldnyheder\/englaendere-hylder-prisvindende-thomas-frank-a-light-in-the-dark\/\",\"name\":\"Engl\u00e6ndere hylder prisvindende Thomas Frank: A light in the dark\",\"isPartOf\":{\"@id\":\"https:\/\/acefootball.com\/da\/#website\"},\"primaryImageOfPage\":{\"@id\":\"https:\/\/acefootball.com\/da\/fodboldnyheder\/englaendere-hylder-prisvindende-thomas-frank-a-light-in-the-dark\/#primaryimage\"},\"datePublished\":\"2021-01-08T11:37:32+00:00\",\"dateModified\":\"2021-01-08T11:37:33+00:00\",\"description\":\"Thomas Frank er blevet k\u00e5ret til m\u00e5nedens tr\u00e6ner i Championship, og han har udviklet sig til at blive en yderst popul\u00e6r skikkelse i Brentford\",\"breadcrumb\":{\"@id\":\"https:\/\/acefootball.com\/da\/fodboldnyheder\/englaendere-hylder-prisvindende-thomas-frank-a-light-in-the-dark\/#breadcrumb\"},\"inLanguage\":\"en-US\",\"potentialAction\":[{\"@type\":\"ReadAction\",\"target\":[\"https:\/\/acefootball.com\/da\/fodboldnyheder\/englaendere-hylder-prisvindende-thomas-frank-a-light-in-the-dark\/\"]}]},{\"@type\":\"BreadcrumbList\",\"@id\":\"https:\/\/acefootball.com\/da\/fodboldnyheder\/englaendere-hylder-prisvindende-thomas-frank-a-light-in-the-dark\/#breadcrumb\",\"itemListElement\":[{\"@type\":\"ListItem\",\"position\":1,\"name\":\"Home\",\"item\":\"https:\/\/acefootball.com\/da\/\"},{\"@type\":\"ListItem\",\"position\":2,\"name\":\"Engl\u00e6ndere hylder prisvindende Thomas Frank: A light in the dark\"}]},{\"@type\":\"Article\",\"@id\":\"https:\/\/acefootball.com\/da\/fodboldnyheder\/englaendere-hylder-prisvindende-thomas-frank-a-light-in-the-dark\/#article\",\"isPartOf\":{\"@id\":\"https:\/\/acefootball.com\/da\/fodboldnyheder\/englaendere-hylder-prisvindende-thomas-frank-a-light-in-the-dark\/#webpage\"},\"author\":{\"@id\":\"https:\/\/acefootball.com\/da\/#\/schema\/person\/fd6223a1c033400b41da7853ddf88c84\"},\"headline\":\"Engl\u00e6ndere hylder prisvindende Thomas Frank: A light in the dark\",\"datePublished\":\"2021-01-08T11:37:32+00:00\",\"dateModified\":\"2021-01-08T11:37:33+00:00\",\"mainEntityOfPage\":{\"@id\":\"https:\/\/acefootball.com\/da\/fodboldnyheder\/englaendere-hylder-prisvindende-thomas-frank-a-light-in-the-dark\/#webpage\"},\"wordCount\":222,\"commentCount\":0,\"publisher\":{\"@id\":\"https:\/\/acefootball.com\/da\/#organization\"},\"image\":{\"@id\":\"https:\/\/acefootball.com\/da\/fodboldnyheder\/englaendere-hylder-prisvindende-thomas-frank-a-light-in-the-dark\/#primaryimage\"},\"thumbnailUrl\":\"https:\/\/acefootball.com\/da\/wp-content\/uploads\/sites\/2\/2021\/01\/GettyImages-1262423358.jpg\",\"keywords\":[\"Brentford\",\"Championship\",\"Danmark\",\"Thomas Frank\"],\"articleSection\":[\"Reaktion\"],\"inLanguage\":\"en-US\",\"potentialAction\":[{\"@type\":\"CommentAction\",\"name\":\"Comment\",\"target\":[\"https:\/\/acefootball.com\/da\/fodboldnyheder\/englaendere-hylder-prisvindende-thomas-frank-a-light-in-the-dark\/#respond\"]}]},{\"@type\":\"Person\",\"@id\":\"https:\/\/acefootball.com\/da\/#\/schema\/person\/fd6223a1c033400b41da7853ddf88c84\",\"name\":\"Patrick Hesselb\u00e6k\",\"image\":{\"@type\":\"ImageObject\",\"@id\":\"https:\/\/acefootball.com\/da\/#personlogo\",\"inLanguage\":\"en-US\",\"url\":\"https:\/\/secure.gravatar.com\/avatar\/7919060992759bffbffb199d6cbdce6f?s=96&d=mm&r=g\",\"contentUrl\":\"https:\/\/secure.gravatar.com\/avatar\/7919060992759bffbffb199d6cbdce6f?s=96&d=mm&r=g\",\"caption\":\"Patrick Hesselb\u00e6k\"},\"description\":\"Redakt\u00f8r p\u00e5 den danske Ace Football-redaktion. Uddannet i kommunikation fra Aalborg Universitet. Prim\u00e6rt fokus p\u00e5 den danske 3F Superliga og de st\u00f8rste europ\u00e6iske turneringer.\",\"sameAs\":[\"https:\/\/www.linkedin.com\/in\/patrick-hesselbk-2a4b1711a\/\"],\"url\":\"https:\/\/acefootball.com\/da\/fodboldnyheder\/author\/patrickhesselbaek\/\"}]}<\/script>\n<!-- \/ Yoast SEO plugin. -->","yoast_head_json":{"title":"Engl\u00e6ndere hylder prisvindende Thomas Frank: A light in the dark","description":"Thomas Frank er blevet k\u00e5ret til m\u00e5nedens tr\u00e6ner i Championship, og han har udviklet sig til at blive en yderst popul\u00e6r skikkelse i Brentford","robots":{"index":"index","follow":"follow","max-snippet":"max-snippet:-1","max-image-preview":"max-image-preview:large","max-video-preview":"max-video-preview:-1"},"canonical":"https:\/\/acefootball.com\/da\/fodboldnyheder\/englaendere-hylder-prisvindende-thomas-frank-a-light-in-the-dark\/","og_locale":"en_US","og_type":"article","og_title":"Engl\u00e6ndere hylder prisvindende Thomas Frank: A light in the dark","og_description":"Thomas Frank er blevet k\u00e5ret til m\u00e5nedens tr\u00e6ner i Championship, og han har udviklet sig til at blive en yderst popul\u00e6r skikkelse i Brentford","og_url":"https:\/\/acefootball.com\/da\/fodboldnyheder\/englaendere-hylder-prisvindende-thomas-frank-a-light-in-the-dark\/","og_site_name":"Ace Football Danmark","article_publisher":"https:\/\/www.facebook.com\/acefootballdk","article_published_time":"2021-01-08T11:37:32+00:00","article_modified_time":"2021-01-08T11:37:33+00:00","og_image":[{"width":1920,"height":1008,"url":"https:\/\/acefootball.com\/da\/wp-content\/uploads\/sites\/2\/2021\/01\/Copy-of-Ace-40-1.jpg","type":"image\/jpeg"}],"twitter_card":"summary_large_image","twitter_misc":{"Written by":"Patrick Hesselb\u00e6k","Est. reading time":"1 minute"},"schema":{"@context":"https:\/\/schema.org","@graph":[{"@type":"Organization","@id":"https:\/\/acefootball.com\/da\/#organization","name":"Ace Football","url":"https:\/\/acefootball.com\/da\/","sameAs":["https:\/\/www.facebook.com\/acefootballdk"],"logo":{"@type":"ImageObject","@id":"https:\/\/acefootball.com\/da\/#logo","inLanguage":"en-US","url":"https:\/\/acefootball.com\/da\/wp-content\/uploads\/sites\/2\/2020\/07\/Ace-Football-30-07-2020-2.png","contentUrl":"https:\/\/acefootball.com\/da\/wp-content\/uploads\/sites\/2\/2020\/07\/Ace-Football-30-07-2020-2.png","width":1200,"height":600,"caption":"Ace Football"},"image":{"@id":"https:\/\/acefootball.com\/da\/#logo"}},{"@type":"WebSite","@id":"https:\/\/acefootball.com\/da\/#website","url":"https:\/\/acefootball.com\/da\/","name":"Ace Football Danmark","description":"Nyheder, Spiltips &amp; Livescore","publisher":{"@id":"https:\/\/acefootball.com\/da\/#organization"},"potentialAction":[{"@type":"SearchAction","target":{"@type":"EntryPoint","urlTemplate":"https:\/\/acefootball.com\/da\/?s={search_term_string}"},"query-input":"required name=search_term_string"}],"inLanguage":"en-US"},{"@type":"ImageObject","@id":"https:\/\/acefootball.com\/da\/fodboldnyheder\/englaendere-hylder-prisvindende-thomas-frank-a-light-in-the-dark\/#primaryimage","inLanguage":"en-US","url":"https:\/\/acefootball.com\/da\/wp-content\/uploads\/sites\/2\/2021\/01\/Copy-of-Ace-40-1.jpg","contentUrl":"https:\/\/acefootball.com\/da\/wp-content\/uploads\/sites\/2\/2021\/01\/Copy-of-Ace-40-1.jpg","width":1920,"height":1008,"caption":"Brentford v Swansea City - Sky Bet Championship Play Off Semi-final 2nd Leg"},{"@type":"WebPage","@id":"https:\/\/acefootball.com\/da\/fodboldnyheder\/englaendere-hylder-prisvindende-thomas-frank-a-light-in-the-dark\/#webpage","url":"https:\/\/acefootball.com\/da\/fodboldnyheder\/englaendere-hylder-prisvindende-thomas-frank-a-light-in-the-dark\/","name":"Engl\u00e6ndere hylder prisvindende Thomas Frank: A light in the dark","isPartOf":{"@id":"https:\/\/acefootball.com\/da\/#website"},"primaryImageOfPage":{"@id":"https:\/\/acefootball.com\/da\/fodboldnyheder\/englaendere-hylder-prisvindende-thomas-frank-a-light-in-the-dark\/#primaryimage"},"datePublished":"2021-01-08T11:37:32+00:00","dateModified":"2021-01-08T11:37:33+00:00","description":"Thomas Frank er blevet k\u00e5ret til m\u00e5nedens tr\u00e6ner i Championship, og han har udviklet sig til at blive en yderst popul\u00e6r skikkelse i Brentford","breadcrumb":{"@id":"https:\/\/acefootball.com\/da\/fodboldnyheder\/englaendere-hylder-prisvindende-thomas-frank-a-light-in-the-dark\/#breadcrumb"},"inLanguage":"en-US","potentialAction":[{"@type":"ReadAction","target":["https:\/\/acefootball.com\/da\/fodboldnyheder\/englaendere-hylder-prisvindende-thomas-frank-a-light-in-the-dark\/"]}]},{"@type":"BreadcrumbList","@id":"https:\/\/acefootball.com\/da\/fodboldnyheder\/englaendere-hylder-prisvindende-thomas-frank-a-light-in-the-dark\/#breadcrumb","itemListElement":[{"@type":"ListItem","position":1,"name":"Home","item":"https:\/\/acefootball.com\/da\/"},{"@type":"ListItem","position":2,"name":"Engl\u00e6ndere hylder prisvindende Thomas Frank: A light in the dark"}]},{"@type":"Article","@id":"https:\/\/acefootball.com\/da\/fodboldnyheder\/englaendere-hylder-prisvindende-thomas-frank-a-light-in-the-dark\/#article","isPartOf":{"@id":"https:\/\/acefootball.com\/da\/fodboldnyheder\/englaendere-hylder-prisvindende-thomas-frank-a-light-in-the-dark\/#webpage"},"author":{"@id":"https:\/\/acefootball.com\/da\/#\/schema\/person\/fd6223a1c033400b41da7853ddf88c84"},"headline":"Engl\u00e6ndere hylder prisvindende Thomas Frank: A light in the dark","datePublished":"2021-01-08T11:37:32+00:00","dateModified":"2021-01-08T11:37:33+00:00","mainEntityOfPage":{"@id":"https:\/\/acefootball.com\/da\/fodboldnyheder\/englaendere-hylder-prisvindende-thomas-frank-a-light-in-the-dark\/#webpage"},"wordCount":222,"commentCount":0,"publisher":{"@id":"https:\/\/acefootball.com\/da\/#organization"},"image":{"@id":"https:\/\/acefootball.com\/da\/fodboldnyheder\/englaendere-hylder-prisvindende-thomas-frank-a-light-in-the-dark\/#primaryimage"},"thumbnailUrl":"https:\/\/acefootball.com\/da\/wp-content\/uploads\/sites\/2\/2021\/01\/GettyImages-1262423358.jpg","keywords":["Brentford","Championship","Danmark","Thomas Frank"],"articleSection":["Reaktion"],"inLanguage":"en-US","potentialAction":[{"@type":"CommentAction","name":"Comment","target":["https:\/\/acefootball.com\/da\/fodboldnyheder\/englaendere-hylder-prisvindende-thomas-frank-a-light-in-the-dark\/#respond"]}]},{"@type":"Person","@id":"https:\/\/acefootball.com\/da\/#\/schema\/person\/fd6223a1c033400b41da7853ddf88c84","name":"Patrick Hesselb\u00e6k","image":{"@type":"ImageObject","@id":"https:\/\/acefootball.com\/da\/#personlogo","inLanguage":"en-US","url":"https:\/\/secure.gravatar.com\/avatar\/7919060992759bffbffb199d6cbdce6f?s=96&d=mm&r=g","contentUrl":"https:\/\/secure.gravatar.com\/avatar\/7919060992759bffbffb199d6cbdce6f?s=96&d=mm&r=g","caption":"Patrick Hesselb\u00e6k"},"description":"Redakt\u00f8r p\u00e5 den danske Ace Football-redaktion. Uddannet i kommunikation fra Aalborg Universitet. Prim\u00e6rt fokus p\u00e5 den danske 3F Superliga og de st\u00f8rste europ\u00e6iske turneringer.","sameAs":["https:\/\/www.linkedin.com\/in\/patrick-hesselbk-2a4b1711a\/"],"url":"https:\/\/acefootball.com\/da\/fodboldnyheder\/author\/patrickhesselbaek\/"}]}},"fimg_url":"https:\/\/acefootball.com\/da\/wp-content\/uploads\/sites\/2\/2021\/01\/GettyImages-1262423358.jpg","_links":{"self":[{"href":"https:\/\/acefootball.com\/da\/wp-json\/wp\/v2\/posts\/247880"}],"collection":[{"href":"https:\/\/acefootball.com\/da\/wp-json\/wp\/v2\/posts"}],"about":[{"href":"https:\/\/acefootball.com\/da\/wp-json\/wp\/v2\/types\/post"}],"author":[{"embeddable":true,"href":"https:\/\/acefootball.com\/da\/wp-json\/wp\/v2\/users\/74"}],"replies":[{"embeddable":true,"href":"https:\/\/acefootball.com\/da\/wp-json\/wp\/v2\/comments?post=247880"}],"version-history":[{"count":0,"href":"https:\/\/acefootball.com\/da\/wp-json\/wp\/v2\/posts\/247880\/revisions"}],"wp:featuredmedia":[{"embeddable":true,"href":"https:\/\/acefootball.com\/da\/wp-json\/wp\/v2\/media\/247925"}],"wp:attachment":[{"href":"https:\/\/acefootball.com\/da\/wp-json\/wp\/v2\/media?parent=247880"}],"wp:term":[{"taxonomy":"category","embeddable":true,"href":"https:\/\/acefootball.com\/da\/wp-json\/wp\/v2\/categories?post=247880"},{"taxonomy":"post_tag","embeddable":true,"href":"https:\/\/acefootball.com\/da\/wp-json\/wp\/v2\/tags?post=247880"}],"curies":[{"name":"wp","href":"https:\/\/api.w.org\/{rel}","templated":true}]}}