{"id":247847,"date":"2021-01-07T13:22:22","date_gmt":"2021-01-07T12:22:22","guid":{"rendered":"https:\/\/acefootball.com\/da\/?p=247847"},"modified":"2021-01-07T13:35:30","modified_gmt":"2021-01-07T12:35:30","slug":"transfer-paa-vej-ob-laegger-ledetraad-paa-twitter","status":"publish","type":"post","link":"https:\/\/acefootball.com\/da\/fodboldnyheder\/transfer-paa-vej-ob-laegger-ledetraad-paa-twitter\/","title":{"rendered":"OB afsl\u00f8rer transfer med ledetr\u00e5d p\u00e5 Twitter"},"content":{"rendered":"\n<h2 id=\"h-ob-gav-p-twitter-sine-fans-forventninger-om-en-snarlig-transfer-og-nu-er-spilleren-pr-senteret-p-en-2-5-r-lang-kontrakt\">OB gav p\u00e5 Twitter sine fans forventninger om en snarlig transfer, og nu er spilleren pr\u00e6senteret p\u00e5 en 2,5 \u00e5r lang kontrakt<\/h2>\n\n\n\n<p>Vi har allerede set et par enkelte transfere i Superligaen i dette transfervindue, og nu melder OB sig ogs\u00e5 p\u00e5 baenen.<\/p>\n\n\n\n<p>Fynboerne satte selv spekulationer i gang p\u00e5 deres Twitter-profil, hvor man delte en playliste med sange, hvilket man ogs\u00e5 tidligere har gjort i forbindelse med handler.<\/p>\n\n\n\n<figure class=\"wp-block-embed is-type-rich is-provider-twitter wp-block-embed-twitter\"><div class=\"wp-block-embed__wrapper\">\n<blockquote class=\"twitter-tweet\" data-width=\"550\" data-dnt=\"true\"><p lang=\"en\" dir=\"ltr\">Dagens playliste \ud83c\udfa7<br>1. \u201dStay with me\u201d, Sam Smith<br>2. \u201cStay (I missed you)\u201d, Lisa Loeb<br>3. \u201cLet\u00b4s stay together\u201d, Al Green<a href=\"https:\/\/twitter.com\/hashtag\/obdk?src=hash&amp;ref_src=twsrc%5Etfw\">#obdk<\/a><\/p>&mdash; Odense Boldklub (@Odense_Boldklub) <a href=\"https:\/\/twitter.com\/Odense_Boldklub\/status\/1347153261804068865?ref_src=twsrc%5Etfw\">January 7, 2021<\/a><\/blockquote><script async src=\"https:\/\/platform.twitter.com\/widgets.js\" charset=\"utf-8\"><\/script>\n<\/div><\/figure>\n\n\n\n<p>F\u00e6lles for de tre sange er, at det omhandler en person, man gerne vil beholde, og det har f\u00e5et enkelte fans til at t\u00e6nke p\u00e5 en bestemt spiller &#8211; J\u00f8rgen Skjelvik.<\/p>\n\n\n\n<p>Den norske backs lejekontrakt i OB udl\u00f8b ved nyt\u00e5r, og han vendte derfor tilbage til LA Galaxy, men nu er han tilbage i Odense.<\/p>\n\n\n\n<p>OB meddeler efterf\u00f8lgende p\u00e5 sin hjemmeside, at nordmanden har skrevet under p\u00e5 en permanent kontrakt frem til sommeren 2023.<\/p>\n\n\n\n<figure class=\"wp-block-embed is-type-rich is-provider-twitter wp-block-embed-twitter\"><div class=\"wp-block-embed__wrapper\">\n<blockquote class=\"twitter-tweet\" data-width=\"550\" data-dnt=\"true\"><p lang=\"da\" dir=\"ltr\">\u270d\ufe0f J\u00f8rgen Skjelvik har lavet en kontrakt til sommeren 2\ufe0f\u20e30\ufe0f\u20e32\ufe0f\u20e33\ufe0f\u20e3 efter et \u00e5rs leje i OB \ud83d\udd35\u26aa<br><br>L\u00e6s mere om aftalen her \u23e9 <a href=\"https:\/\/t.co\/65AqtATjY1\">https:\/\/t.co\/65AqtATjY1<\/a><a href=\"https:\/\/twitter.com\/hashtag\/obdk?src=hash&amp;ref_src=twsrc%5Etfw\">#obdk<\/a> <a href=\"https:\/\/twitter.com\/hashtag\/smukkej%C3%B8rgen?src=hash&amp;ref_src=twsrc%5Etfw\">#smukkej\u00f8rgen<\/a> <a href=\"https:\/\/twitter.com\/hashtag\/Skjelvik?src=hash&amp;ref_src=twsrc%5Etfw\">#Skjelvik<\/a> #2023 <a href=\"https:\/\/t.co\/9seCxAUrd7\">pic.twitter.com\/9seCxAUrd7<\/a><\/p>&mdash; Odense Boldklub (@Odense_Boldklub) <a href=\"https:\/\/twitter.com\/Odense_Boldklub\/status\/1347158781873037312?ref_src=twsrc%5Etfw\">January 7, 2021<\/a><\/blockquote><script async src=\"https:\/\/platform.twitter.com\/widgets.js\" charset=\"utf-8\"><\/script>\n<\/div><\/figure>\n\n\n\n<p>J\u00f8rgen Skjelvik spillede fuld tid i efter\u00e5rets f\u00f8rste ni kampe, inden han blev ramt af en skade.<\/p>\n","protected":false},"excerpt":{"rendered":"<p>OB gav p\u00e5 Twitter sine fans forventninger om en snarlig transfer, og nu er spilleren pr\u00e6senteret p\u00e5 en 2,5 \u00e5r lang kontrakt<\/p>\n","protected":false},"author":705,"featured_media":237094,"comment_status":"open","ping_status":"closed","sticky":false,"template":"","format":"standard","meta":{"om_disable_all_campaigns":false,"push_articles_ronaldo":{"active":false,"canonical":0,"publish":false},"force_updates":null},"categories":[7],"tags":[88,588],"enet_tags":{"team":["8414"],"league":["46"],"sport_events":[]},"yoast_head":"<!-- This site is optimized with the Yoast SEO plugin v18.3 - https:\/\/yoast.com\/wordpress\/plugins\/seo\/ -->\n<title>OB afsl\u00f8rer transfer med ledetr\u00e5d p\u00e5 Twitter<\/title>\n<meta name=\"description\" content=\"OB gav p\u00e5 Twitter sine fans forventninger om en snarlig transfer, og nu er spilleren pr\u00e6senteret p\u00e5 en 2,5 \u00e5r lang kontrakt\" \/>\n<meta name=\"robots\" content=\"index, follow, max-snippet:-1, max-image-preview:large, max-video-preview:-1\" \/>\n<link rel=\"canonical\" href=\"https:\/\/acefootball.com\/da\/fodboldnyheder\/transfer-paa-vej-ob-laegger-ledetraad-paa-twitter\/\" \/>\n<meta property=\"og:locale\" content=\"en_US\" \/>\n<meta property=\"og:type\" content=\"article\" \/>\n<meta property=\"og:title\" content=\"OB afsl\u00f8rer transfer med ledetr\u00e5d p\u00e5 Twitter\" \/>\n<meta property=\"og:description\" content=\"OB gav p\u00e5 Twitter sine fans forventninger om en snarlig transfer, og nu er spilleren pr\u00e6senteret p\u00e5 en 2,5 \u00e5r lang kontrakt\" \/>\n<meta property=\"og:url\" content=\"https:\/\/acefootball.com\/da\/fodboldnyheder\/transfer-paa-vej-ob-laegger-ledetraad-paa-twitter\/\" \/>\n<meta property=\"og:site_name\" content=\"Ace Football Danmark\" \/>\n<meta property=\"article:publisher\" content=\"https:\/\/www.facebook.com\/acefootballdk\" \/>\n<meta property=\"article:published_time\" content=\"2021-01-07T12:22:22+00:00\" \/>\n<meta property=\"article:modified_time\" content=\"2021-01-07T12:35:30+00:00\" \/>\n<meta property=\"og:image\" content=\"https:\/\/acefootball.com\/da\/wp-content\/uploads\/sites\/2\/2021\/01\/Copy-of-Copy-of-Ace-9-1.jpg\" \/>\n\t<meta property=\"og:image:width\" content=\"1920\" \/>\n\t<meta property=\"og:image:height\" content=\"1008\" \/>\n\t<meta property=\"og:image:type\" content=\"image\/jpeg\" \/>\n<meta name=\"twitter:card\" content=\"summary_large_image\" \/>\n<meta name=\"twitter:label1\" content=\"Written by\" \/>\n\t<meta name=\"twitter:data1\" content=\"Mads Dreyer\" \/>\n\t<meta name=\"twitter:label2\" content=\"Est. reading time\" \/>\n\t<meta name=\"twitter:data2\" content=\"1 minute\" \/>\n<script type=\"application\/ld+json\" class=\"yoast-schema-graph\">{\"@context\":\"https:\/\/schema.org\",\"@graph\":[{\"@type\":\"Organization\",\"@id\":\"https:\/\/acefootball.com\/da\/#organization\",\"name\":\"Ace Football\",\"url\":\"https:\/\/acefootball.com\/da\/\",\"sameAs\":[\"https:\/\/www.facebook.com\/acefootballdk\"],\"logo\":{\"@type\":\"ImageObject\",\"@id\":\"https:\/\/acefootball.com\/da\/#logo\",\"inLanguage\":\"en-US\",\"url\":\"https:\/\/acefootball.com\/da\/wp-content\/uploads\/sites\/2\/2020\/07\/Ace-Football-30-07-2020-2.png\",\"contentUrl\":\"https:\/\/acefootball.com\/da\/wp-content\/uploads\/sites\/2\/2020\/07\/Ace-Football-30-07-2020-2.png\",\"width\":1200,\"height\":600,\"caption\":\"Ace Football\"},\"image\":{\"@id\":\"https:\/\/acefootball.com\/da\/#logo\"}},{\"@type\":\"WebSite\",\"@id\":\"https:\/\/acefootball.com\/da\/#website\",\"url\":\"https:\/\/acefootball.com\/da\/\",\"name\":\"Ace Football Danmark\",\"description\":\"Nyheder, Spiltips &amp; Livescore\",\"publisher\":{\"@id\":\"https:\/\/acefootball.com\/da\/#organization\"},\"potentialAction\":[{\"@type\":\"SearchAction\",\"target\":{\"@type\":\"EntryPoint\",\"urlTemplate\":\"https:\/\/acefootball.com\/da\/?s={search_term_string}\"},\"query-input\":\"required name=search_term_string\"}],\"inLanguage\":\"en-US\"},{\"@type\":\"ImageObject\",\"@id\":\"https:\/\/acefootball.com\/da\/fodboldnyheder\/transfer-paa-vej-ob-laegger-ledetraad-paa-twitter\/#primaryimage\",\"inLanguage\":\"en-US\",\"url\":\"https:\/\/acefootball.com\/da\/wp-content\/uploads\/sites\/2\/2021\/01\/Copy-of-Copy-of-Ace-9-1.jpg\",\"contentUrl\":\"https:\/\/acefootball.com\/da\/wp-content\/uploads\/sites\/2\/2021\/01\/Copy-of-Copy-of-Ace-9-1.jpg\",\"width\":1920,\"height\":1008},{\"@type\":\"WebPage\",\"@id\":\"https:\/\/acefootball.com\/da\/fodboldnyheder\/transfer-paa-vej-ob-laegger-ledetraad-paa-twitter\/#webpage\",\"url\":\"https:\/\/acefootball.com\/da\/fodboldnyheder\/transfer-paa-vej-ob-laegger-ledetraad-paa-twitter\/\",\"name\":\"OB afsl\u00f8rer transfer med ledetr\u00e5d p\u00e5 Twitter\",\"isPartOf\":{\"@id\":\"https:\/\/acefootball.com\/da\/#website\"},\"primaryImageOfPage\":{\"@id\":\"https:\/\/acefootball.com\/da\/fodboldnyheder\/transfer-paa-vej-ob-laegger-ledetraad-paa-twitter\/#primaryimage\"},\"datePublished\":\"2021-01-07T12:22:22+00:00\",\"dateModified\":\"2021-01-07T12:35:30+00:00\",\"description\":\"OB gav p\u00e5 Twitter sine fans forventninger om en snarlig transfer, og nu er spilleren pr\u00e6senteret p\u00e5 en 2,5 \u00e5r lang kontrakt\",\"breadcrumb\":{\"@id\":\"https:\/\/acefootball.com\/da\/fodboldnyheder\/transfer-paa-vej-ob-laegger-ledetraad-paa-twitter\/#breadcrumb\"},\"inLanguage\":\"en-US\",\"potentialAction\":[{\"@type\":\"ReadAction\",\"target\":[\"https:\/\/acefootball.com\/da\/fodboldnyheder\/transfer-paa-vej-ob-laegger-ledetraad-paa-twitter\/\"]}]},{\"@type\":\"BreadcrumbList\",\"@id\":\"https:\/\/acefootball.com\/da\/fodboldnyheder\/transfer-paa-vej-ob-laegger-ledetraad-paa-twitter\/#breadcrumb\",\"itemListElement\":[{\"@type\":\"ListItem\",\"position\":1,\"name\":\"Home\",\"item\":\"https:\/\/acefootball.com\/da\/\"},{\"@type\":\"ListItem\",\"position\":2,\"name\":\"OB afsl\u00f8rer transfer med ledetr\u00e5d p\u00e5 Twitter\"}]},{\"@type\":\"Article\",\"@id\":\"https:\/\/acefootball.com\/da\/fodboldnyheder\/transfer-paa-vej-ob-laegger-ledetraad-paa-twitter\/#article\",\"isPartOf\":{\"@id\":\"https:\/\/acefootball.com\/da\/fodboldnyheder\/transfer-paa-vej-ob-laegger-ledetraad-paa-twitter\/#webpage\"},\"author\":{\"@id\":\"https:\/\/acefootball.com\/da\/#\/schema\/person\/ee67e9cf04a276f144100ffa722f10cd\"},\"headline\":\"OB afsl\u00f8rer transfer med ledetr\u00e5d p\u00e5 Twitter\",\"datePublished\":\"2021-01-07T12:22:22+00:00\",\"dateModified\":\"2021-01-07T12:35:30+00:00\",\"mainEntityOfPage\":{\"@id\":\"https:\/\/acefootball.com\/da\/fodboldnyheder\/transfer-paa-vej-ob-laegger-ledetraad-paa-twitter\/#webpage\"},\"wordCount\":190,\"commentCount\":0,\"publisher\":{\"@id\":\"https:\/\/acefootball.com\/da\/#organization\"},\"image\":{\"@id\":\"https:\/\/acefootball.com\/da\/fodboldnyheder\/transfer-paa-vej-ob-laegger-ledetraad-paa-twitter\/#primaryimage\"},\"thumbnailUrl\":\"https:\/\/acefootball.com\/da\/wp-content\/uploads\/sites\/2\/2020\/09\/GettyImages-1227785452.jpg\",\"keywords\":[\"OB\",\"Superligaen\"],\"articleSection\":[\"Transfer\"],\"inLanguage\":\"en-US\",\"potentialAction\":[{\"@type\":\"CommentAction\",\"name\":\"Comment\",\"target\":[\"https:\/\/acefootball.com\/da\/fodboldnyheder\/transfer-paa-vej-ob-laegger-ledetraad-paa-twitter\/#respond\"]}]},{\"@type\":\"Person\",\"@id\":\"https:\/\/acefootball.com\/da\/#\/schema\/person\/ee67e9cf04a276f144100ffa722f10cd\",\"name\":\"Mads Dreyer\",\"image\":{\"@type\":\"ImageObject\",\"@id\":\"https:\/\/acefootball.com\/da\/#personlogo\",\"inLanguage\":\"en-US\",\"url\":\"https:\/\/secure.gravatar.com\/avatar\/7c7abf72cfde9902b6a60efe60c88d4c?s=96&d=mm&r=g\",\"contentUrl\":\"https:\/\/secure.gravatar.com\/avatar\/7c7abf72cfde9902b6a60efe60c88d4c?s=96&d=mm&r=g\",\"caption\":\"Mads Dreyer\"},\"description\":\"Skribent og fodboldn\u00f8rd, der lige nu fort\u00e6ller om alt og intet i fodboldverdenen p\u00e5 acefootball.com. Uddannet i kommunikation fra Aalborg Universitet.\",\"sameAs\":[\"https:\/\/www.linkedin.com\/in\/mads-dreyer-b9b08266\/\"],\"url\":\"https:\/\/acefootball.com\/da\/fodboldnyheder\/author\/mdnronaldo\/\"}]}<\/script>\n<!-- \/ Yoast SEO plugin. -->","yoast_head_json":{"title":"OB afsl\u00f8rer transfer med ledetr\u00e5d p\u00e5 Twitter","description":"OB gav p\u00e5 Twitter sine fans forventninger om en snarlig transfer, og nu er spilleren pr\u00e6senteret p\u00e5 en 2,5 \u00e5r lang kontrakt","robots":{"index":"index","follow":"follow","max-snippet":"max-snippet:-1","max-image-preview":"max-image-preview:large","max-video-preview":"max-video-preview:-1"},"canonical":"https:\/\/acefootball.com\/da\/fodboldnyheder\/transfer-paa-vej-ob-laegger-ledetraad-paa-twitter\/","og_locale":"en_US","og_type":"article","og_title":"OB afsl\u00f8rer transfer med ledetr\u00e5d p\u00e5 Twitter","og_description":"OB gav p\u00e5 Twitter sine fans forventninger om en snarlig transfer, og nu er spilleren pr\u00e6senteret p\u00e5 en 2,5 \u00e5r lang kontrakt","og_url":"https:\/\/acefootball.com\/da\/fodboldnyheder\/transfer-paa-vej-ob-laegger-ledetraad-paa-twitter\/","og_site_name":"Ace Football Danmark","article_publisher":"https:\/\/www.facebook.com\/acefootballdk","article_published_time":"2021-01-07T12:22:22+00:00","article_modified_time":"2021-01-07T12:35:30+00:00","og_image":[{"width":1920,"height":1008,"url":"https:\/\/acefootball.com\/da\/wp-content\/uploads\/sites\/2\/2021\/01\/Copy-of-Copy-of-Ace-9-1.jpg","type":"image\/jpeg"}],"twitter_card":"summary_large_image","twitter_misc":{"Written by":"Mads Dreyer","Est. reading time":"1 minute"},"schema":{"@context":"https:\/\/schema.org","@graph":[{"@type":"Organization","@id":"https:\/\/acefootball.com\/da\/#organization","name":"Ace Football","url":"https:\/\/acefootball.com\/da\/","sameAs":["https:\/\/www.facebook.com\/acefootballdk"],"logo":{"@type":"ImageObject","@id":"https:\/\/acefootball.com\/da\/#logo","inLanguage":"en-US","url":"https:\/\/acefootball.com\/da\/wp-content\/uploads\/sites\/2\/2020\/07\/Ace-Football-30-07-2020-2.png","contentUrl":"https:\/\/acefootball.com\/da\/wp-content\/uploads\/sites\/2\/2020\/07\/Ace-Football-30-07-2020-2.png","width":1200,"height":600,"caption":"Ace Football"},"image":{"@id":"https:\/\/acefootball.com\/da\/#logo"}},{"@type":"WebSite","@id":"https:\/\/acefootball.com\/da\/#website","url":"https:\/\/acefootball.com\/da\/","name":"Ace Football Danmark","description":"Nyheder, Spiltips &amp; Livescore","publisher":{"@id":"https:\/\/acefootball.com\/da\/#organization"},"potentialAction":[{"@type":"SearchAction","target":{"@type":"EntryPoint","urlTemplate":"https:\/\/acefootball.com\/da\/?s={search_term_string}"},"query-input":"required name=search_term_string"}],"inLanguage":"en-US"},{"@type":"ImageObject","@id":"https:\/\/acefootball.com\/da\/fodboldnyheder\/transfer-paa-vej-ob-laegger-ledetraad-paa-twitter\/#primaryimage","inLanguage":"en-US","url":"https:\/\/acefootball.com\/da\/wp-content\/uploads\/sites\/2\/2021\/01\/Copy-of-Copy-of-Ace-9-1.jpg","contentUrl":"https:\/\/acefootball.com\/da\/wp-content\/uploads\/sites\/2\/2021\/01\/Copy-of-Copy-of-Ace-9-1.jpg","width":1920,"height":1008},{"@type":"WebPage","@id":"https:\/\/acefootball.com\/da\/fodboldnyheder\/transfer-paa-vej-ob-laegger-ledetraad-paa-twitter\/#webpage","url":"https:\/\/acefootball.com\/da\/fodboldnyheder\/transfer-paa-vej-ob-laegger-ledetraad-paa-twitter\/","name":"OB afsl\u00f8rer transfer med ledetr\u00e5d p\u00e5 Twitter","isPartOf":{"@id":"https:\/\/acefootball.com\/da\/#website"},"primaryImageOfPage":{"@id":"https:\/\/acefootball.com\/da\/fodboldnyheder\/transfer-paa-vej-ob-laegger-ledetraad-paa-twitter\/#primaryimage"},"datePublished":"2021-01-07T12:22:22+00:00","dateModified":"2021-01-07T12:35:30+00:00","description":"OB gav p\u00e5 Twitter sine fans forventninger om en snarlig transfer, og nu er spilleren pr\u00e6senteret p\u00e5 en 2,5 \u00e5r lang kontrakt","breadcrumb":{"@id":"https:\/\/acefootball.com\/da\/fodboldnyheder\/transfer-paa-vej-ob-laegger-ledetraad-paa-twitter\/#breadcrumb"},"inLanguage":"en-US","potentialAction":[{"@type":"ReadAction","target":["https:\/\/acefootball.com\/da\/fodboldnyheder\/transfer-paa-vej-ob-laegger-ledetraad-paa-twitter\/"]}]},{"@type":"BreadcrumbList","@id":"https:\/\/acefootball.com\/da\/fodboldnyheder\/transfer-paa-vej-ob-laegger-ledetraad-paa-twitter\/#breadcrumb","itemListElement":[{"@type":"ListItem","position":1,"name":"Home","item":"https:\/\/acefootball.com\/da\/"},{"@type":"ListItem","position":2,"name":"OB afsl\u00f8rer transfer med ledetr\u00e5d p\u00e5 Twitter"}]},{"@type":"Article","@id":"https:\/\/acefootball.com\/da\/fodboldnyheder\/transfer-paa-vej-ob-laegger-ledetraad-paa-twitter\/#article","isPartOf":{"@id":"https:\/\/acefootball.com\/da\/fodboldnyheder\/transfer-paa-vej-ob-laegger-ledetraad-paa-twitter\/#webpage"},"author":{"@id":"https:\/\/acefootball.com\/da\/#\/schema\/person\/ee67e9cf04a276f144100ffa722f10cd"},"headline":"OB afsl\u00f8rer transfer med ledetr\u00e5d p\u00e5 Twitter","datePublished":"2021-01-07T12:22:22+00:00","dateModified":"2021-01-07T12:35:30+00:00","mainEntityOfPage":{"@id":"https:\/\/acefootball.com\/da\/fodboldnyheder\/transfer-paa-vej-ob-laegger-ledetraad-paa-twitter\/#webpage"},"wordCount":190,"commentCount":0,"publisher":{"@id":"https:\/\/acefootball.com\/da\/#organization"},"image":{"@id":"https:\/\/acefootball.com\/da\/fodboldnyheder\/transfer-paa-vej-ob-laegger-ledetraad-paa-twitter\/#primaryimage"},"thumbnailUrl":"https:\/\/acefootball.com\/da\/wp-content\/uploads\/sites\/2\/2020\/09\/GettyImages-1227785452.jpg","keywords":["OB","Superligaen"],"articleSection":["Transfer"],"inLanguage":"en-US","potentialAction":[{"@type":"CommentAction","name":"Comment","target":["https:\/\/acefootball.com\/da\/fodboldnyheder\/transfer-paa-vej-ob-laegger-ledetraad-paa-twitter\/#respond"]}]},{"@type":"Person","@id":"https:\/\/acefootball.com\/da\/#\/schema\/person\/ee67e9cf04a276f144100ffa722f10cd","name":"Mads Dreyer","image":{"@type":"ImageObject","@id":"https:\/\/acefootball.com\/da\/#personlogo","inLanguage":"en-US","url":"https:\/\/secure.gravatar.com\/avatar\/7c7abf72cfde9902b6a60efe60c88d4c?s=96&d=mm&r=g","contentUrl":"https:\/\/secure.gravatar.com\/avatar\/7c7abf72cfde9902b6a60efe60c88d4c?s=96&d=mm&r=g","caption":"Mads Dreyer"},"description":"Skribent og fodboldn\u00f8rd, der lige nu fort\u00e6ller om alt og intet i fodboldverdenen p\u00e5 acefootball.com. Uddannet i kommunikation fra Aalborg Universitet.","sameAs":["https:\/\/www.linkedin.com\/in\/mads-dreyer-b9b08266\/"],"url":"https:\/\/acefootball.com\/da\/fodboldnyheder\/author\/mdnronaldo\/"}]}},"fimg_url":"https:\/\/acefootball.com\/da\/wp-content\/uploads\/sites\/2\/2020\/09\/GettyImages-1227785452.jpg","_links":{"self":[{"href":"https:\/\/acefootball.com\/da\/wp-json\/wp\/v2\/posts\/247847"}],"collection":[{"href":"https:\/\/acefootball.com\/da\/wp-json\/wp\/v2\/posts"}],"about":[{"href":"https:\/\/acefootball.com\/da\/wp-json\/wp\/v2\/types\/post"}],"author":[{"embeddable":true,"href":"https:\/\/acefootball.com\/da\/wp-json\/wp\/v2\/users\/705"}],"replies":[{"embeddable":true,"href":"https:\/\/acefootball.com\/da\/wp-json\/wp\/v2\/comments?post=247847"}],"version-history":[{"count":0,"href":"https:\/\/acefootball.com\/da\/wp-json\/wp\/v2\/posts\/247847\/revisions"}],"wp:featuredmedia":[{"embeddable":true,"href":"https:\/\/acefootball.com\/da\/wp-json\/wp\/v2\/media\/237094"}],"wp:attachment":[{"href":"https:\/\/acefootball.com\/da\/wp-json\/wp\/v2\/media?parent=247847"}],"wp:term":[{"taxonomy":"category","embeddable":true,"href":"https:\/\/acefootball.com\/da\/wp-json\/wp\/v2\/categories?post=247847"},{"taxonomy":"post_tag","embeddable":true,"href":"https:\/\/acefootball.com\/da\/wp-json\/wp\/v2\/tags?post=247847"}],"curies":[{"name":"wp","href":"https:\/\/api.w.org\/{rel}","templated":true}]}}