{"id":247797,"date":"2021-01-06T22:36:15","date_gmt":"2021-01-06T21:36:15","guid":{"rendered":"https:\/\/acefootball.com\/da\/?p=247797"},"modified":"2021-01-06T22:37:57","modified_gmt":"2021-01-06T21:37:57","slug":"er-det-ham-spaniere-praesenterer-tidligere-kaempetalent","status":"publish","type":"post","link":"https:\/\/acefootball.com\/da\/fodboldnyheder\/er-det-ham-spaniere-praesenterer-tidligere-kaempetalent\/","title":{"rendered":"Er det ham?! &#8211; Spaniere pr\u00e6senterer tidligere k\u00e6mpetalent"},"content":{"rendered":"\n<h2 id=\"h-det-tidligere-hollandske-h-b-royston-drenthe-vender-tilbage-til-spansk-fodbold-hvor-han-skal-t-rne-ud-for-racing-murcia\">Det tidligere hollandske h\u00e5b, Royston Drenthe, vender tilbage til spansk fodbold, hvor han skal t\u00f8rne ud for Racing Murcia<\/h2>\n\n\n\n<p>Der var k\u00e6mpe forventninger til Royston Drenthe, da han som 20-\u00e5rig blev hentet til Real Madrid fra barndomsklubben Feyenoord tilbage i 2007.<\/p>\n\n\n\n<p>Holl\u00e6nderen endte dog som et flop i den spanske kongeklub, og siden er det blevet til lidt af en nomadetilv\u00e6relse med 11 klubber p\u00e5 9 \u00e5r.<\/p>\n\n\n\n<p>Nu pr\u00f8ver Drenthe sig s\u00e5 med endnu en klub, da han er blevet pr\u00e6senteret hos spanske Racing Murcia, der er at finde i landets fjerdebedste r\u00e6kke.<\/p>\n\n\n\n<p>Flere af klubbens f\u00f8lgere p\u00e5 Twitter fik dog kaffen galt i halsen, da de s\u00e5 billedet af den 33-\u00e5rige back, som ikke umiddelbart ser ud til at v\u00e6re i samme form som tidligere i karrieren.<\/p>\n\n\n\n<figure class=\"wp-block-embed is-type-rich is-provider-twitter wp-block-embed-twitter\"><div class=\"wp-block-embed__wrapper\">\n<blockquote class=\"twitter-tweet\" data-width=\"550\" data-dnt=\"true\"><p lang=\"es\" dir=\"ltr\">OFICIAL | \u00a1Los Reyes Magos siempre aciertan! \ud83d\udc51<a href=\"https:\/\/twitter.com\/hashtag\/RoystonRickyDrenthe?src=hash&amp;ref_src=twsrc%5Etfw\">#RoystonRickyDrenthe<\/a> vuelve a Espa\u00f1a para ayudar al <a href=\"https:\/\/twitter.com\/hashtag\/RacingMurcia?src=hash&amp;ref_src=twsrc%5Etfw\">#RacingMurcia<\/a> a conseguir el ascenso de categor\u00eda tras jugar en equipos como <a href=\"https:\/\/twitter.com\/hashtag\/RealMadrid?src=hash&amp;ref_src=twsrc%5Etfw\">#RealMadrid<\/a> y <a href=\"https:\/\/twitter.com\/hashtag\/Everton?src=hash&amp;ref_src=twsrc%5Etfw\">#Everton<\/a> <a href=\"https:\/\/twitter.com\/hashtag\/SimplementeNosotros?src=hash&amp;ref_src=twsrc%5Etfw\">#SimplementeNosotros<\/a><a href=\"https:\/\/twitter.com\/hashtag\/MorrisPagniello?src=hash&amp;ref_src=twsrc%5Etfw\">#MorrisPagniello<\/a> <a href=\"https:\/\/t.co\/zdBkXIg9kY\">pic.twitter.com\/zdBkXIg9kY<\/a><\/p>&mdash; Racing Murcia FC (@racingmurciafc) <a href=\"https:\/\/twitter.com\/racingmurciafc\/status\/1346893078267887616?ref_src=twsrc%5Etfw\">January 6, 2021<\/a><\/blockquote><script async src=\"https:\/\/platform.twitter.com\/widgets.js\" charset=\"utf-8\"><\/script>\n<\/div><\/figure>\n\n\n\n<figure class=\"wp-block-embed is-type-rich is-provider-twitter wp-block-embed-twitter\"><div class=\"wp-block-embed__wrapper\">\n<blockquote class=\"twitter-tweet\" data-width=\"550\" data-dnt=\"true\"><p lang=\"en\" dir=\"ltr\">WTF ?! Royston Drenthe 2011 vs 2021 <a href=\"https:\/\/t.co\/3TFfAYrvyK\">pic.twitter.com\/3TFfAYrvyK<\/a><\/p>&mdash; Kyle Cahill (@_kyle_cahill) <a href=\"https:\/\/twitter.com\/_kyle_cahill\/status\/1346926518795071490?ref_src=twsrc%5Etfw\">January 6, 2021<\/a><\/blockquote><script async src=\"https:\/\/platform.twitter.com\/widgets.js\" charset=\"utf-8\"><\/script>\n<\/div><\/figure>\n\n\n\n<figure class=\"wp-block-image\"><img src=\"https:\/\/pbs.twimg.com\/media\/ErE7pTXXYAgGZAA?format=jpg&amp;name=large\" alt=\"Billede\" \/><\/figure>\n\n\n\n<figure class=\"wp-block-embed is-type-rich is-provider-twitter wp-block-embed-twitter\"><div class=\"wp-block-embed__wrapper\">\n<blockquote class=\"twitter-tweet\" data-width=\"550\" data-dnt=\"true\"><p lang=\"en\" dir=\"ltr\">Royston Drenthe has had some career.<br><br>From Feyenoord to Real Madrid to Kayseri Erciyesspor<br><br>He has acted and launched his rap career in recent years, but he is back in professional football. <br><br>He is signing for Spanish 4th tier side Racing Murcia.<br><br>Still only 33!! <a href=\"https:\/\/t.co\/S7fzIV3jqg\">pic.twitter.com\/S7fzIV3jqg<\/a><\/p>&mdash; Michael Bell (@MichaelJBell09) <a href=\"https:\/\/twitter.com\/MichaelJBell09\/status\/1346865225149128709?ref_src=twsrc%5Etfw\">January 6, 2021<\/a><\/blockquote><script async src=\"https:\/\/platform.twitter.com\/widgets.js\" charset=\"utf-8\"><\/script>\n<\/div><\/figure>\n\n\n\n<figure class=\"wp-block-embed is-type-rich is-provider-twitter wp-block-embed-twitter\"><div class=\"wp-block-embed__wrapper\">\n<blockquote class=\"twitter-tweet\" data-width=\"550\" data-dnt=\"true\"><p lang=\"fr\" dir=\"ltr\">\ud83c\uddea\ud83c\uddf8 Le club du <a href=\"https:\/\/twitter.com\/hashtag\/RacingMurcia?src=hash&amp;ref_src=twsrc%5Etfw\">#RacingMurcia<\/a> a sign\u00e9 avec le gaucher n\u00e9erlandais Royston Drenthe (33 |<a href=\"https:\/\/twitter.com\/hashtag\/KozakkenBoys?src=hash&amp;ref_src=twsrc%5Etfw\">#KozakkenBoys<\/a> ) en tant qu&#39;agent libre. Il signe jusqu&#39;\u00e0 la fin de la saison. <a href=\"https:\/\/t.co\/TQ3onXYOvh\">pic.twitter.com\/TQ3onXYOvh<\/a><\/p>&mdash; LaligaFr (@FrLaliga) <a href=\"https:\/\/twitter.com\/FrLaliga\/status\/1346905348834291726?ref_src=twsrc%5Etfw\">January 6, 2021<\/a><\/blockquote><script async src=\"https:\/\/platform.twitter.com\/widgets.js\" charset=\"utf-8\"><\/script>\n<\/div><\/figure>\n\n\n\n<p>Det er ikke f\u00f8rste gang, Real Murcia fors\u00f8ger sig med st\u00f8rre navne i fodboldens verden. Tidligere p\u00e5 s\u00e6sonen fik man ogs\u00e5 pr\u00e6senteret Joleon Lescott, men handlen blev aldrig til noget.<\/p>\n\n\n\n<p>Racing Murcia er ejet af australske Morris Pagniello, som er ved at opbygge et mindre konsortium af klubber flere forskellige steder i verden.<\/p>\n","protected":false},"excerpt":{"rendered":"<p>Det tidligere hollandske h\u00e5b, Royston Drenthe, vender tilbage til spansk fodbold, hvor han skal t\u00f8rne ud for Racing Murcia<\/p>\n","protected":false},"author":705,"featured_media":247802,"comment_status":"open","ping_status":"closed","sticky":false,"template":"","format":"standard","meta":{"om_disable_all_campaigns":false,"push_articles_ronaldo":{"active":false,"canonical":0,"publish":false},"force_updates":null},"categories":[7],"tags":[632,303,85],"enet_tags":{"team":["10235","8633"],"league":["87"],"sport_events":[]},"yoast_head":"<!-- This site is optimized with the Yoast SEO plugin v18.3 - https:\/\/yoast.com\/wordpress\/plugins\/seo\/ -->\n<title>Er det ham?! - Spaniere pr\u00e6senterer tidligere k\u00e6mpetalent<\/title>\n<meta name=\"description\" content=\"Det tidligere hollandske h\u00e5b, Royston Drenthe, vender tilbage til spansk fodbold, hvor han skal t\u00f8rne ud for Racing Murcia\" \/>\n<meta name=\"robots\" content=\"index, follow, max-snippet:-1, max-image-preview:large, max-video-preview:-1\" \/>\n<link rel=\"canonical\" href=\"https:\/\/acefootball.com\/da\/fodboldnyheder\/er-det-ham-spaniere-praesenterer-tidligere-kaempetalent\/\" \/>\n<meta property=\"og:locale\" content=\"en_US\" \/>\n<meta property=\"og:type\" content=\"article\" \/>\n<meta property=\"og:title\" content=\"Er det ham?! - Spaniere pr\u00e6senterer tidligere k\u00e6mpetalent\" \/>\n<meta property=\"og:description\" content=\"Det tidligere hollandske h\u00e5b, Royston Drenthe, vender tilbage til spansk fodbold, hvor han skal t\u00f8rne ud for Racing Murcia\" \/>\n<meta property=\"og:url\" content=\"https:\/\/acefootball.com\/da\/fodboldnyheder\/er-det-ham-spaniere-praesenterer-tidligere-kaempetalent\/\" \/>\n<meta property=\"og:site_name\" content=\"Ace Football Danmark\" \/>\n<meta property=\"article:publisher\" content=\"https:\/\/www.facebook.com\/acefootballdk\" \/>\n<meta property=\"article:published_time\" content=\"2021-01-06T21:36:15+00:00\" \/>\n<meta property=\"article:modified_time\" content=\"2021-01-06T21:37:57+00:00\" \/>\n<meta property=\"og:image\" content=\"https:\/\/acefootball.com\/da\/wp-content\/uploads\/sites\/2\/2021\/01\/Copy-of-Ace-7-2.jpg\" \/>\n\t<meta property=\"og:image:width\" content=\"1920\" \/>\n\t<meta property=\"og:image:height\" content=\"1008\" \/>\n\t<meta property=\"og:image:type\" content=\"image\/jpeg\" \/>\n<meta name=\"twitter:card\" content=\"summary_large_image\" \/>\n<meta name=\"twitter:label1\" content=\"Written by\" \/>\n\t<meta name=\"twitter:data1\" content=\"Mads Dreyer\" \/>\n\t<meta name=\"twitter:label2\" content=\"Est. reading time\" \/>\n\t<meta name=\"twitter:data2\" content=\"1 minute\" \/>\n<script type=\"application\/ld+json\" class=\"yoast-schema-graph\">{\"@context\":\"https:\/\/schema.org\",\"@graph\":[{\"@type\":\"Organization\",\"@id\":\"https:\/\/acefootball.com\/da\/#organization\",\"name\":\"Ace Football\",\"url\":\"https:\/\/acefootball.com\/da\/\",\"sameAs\":[\"https:\/\/www.facebook.com\/acefootballdk\"],\"logo\":{\"@type\":\"ImageObject\",\"@id\":\"https:\/\/acefootball.com\/da\/#logo\",\"inLanguage\":\"en-US\",\"url\":\"https:\/\/acefootball.com\/da\/wp-content\/uploads\/sites\/2\/2020\/07\/Ace-Football-30-07-2020-2.png\",\"contentUrl\":\"https:\/\/acefootball.com\/da\/wp-content\/uploads\/sites\/2\/2020\/07\/Ace-Football-30-07-2020-2.png\",\"width\":1200,\"height\":600,\"caption\":\"Ace Football\"},\"image\":{\"@id\":\"https:\/\/acefootball.com\/da\/#logo\"}},{\"@type\":\"WebSite\",\"@id\":\"https:\/\/acefootball.com\/da\/#website\",\"url\":\"https:\/\/acefootball.com\/da\/\",\"name\":\"Ace Football Danmark\",\"description\":\"Nyheder, Spiltips &amp; Livescore\",\"publisher\":{\"@id\":\"https:\/\/acefootball.com\/da\/#organization\"},\"potentialAction\":[{\"@type\":\"SearchAction\",\"target\":{\"@type\":\"EntryPoint\",\"urlTemplate\":\"https:\/\/acefootball.com\/da\/?s={search_term_string}\"},\"query-input\":\"required name=search_term_string\"}],\"inLanguage\":\"en-US\"},{\"@type\":\"ImageObject\",\"@id\":\"https:\/\/acefootball.com\/da\/fodboldnyheder\/er-det-ham-spaniere-praesenterer-tidligere-kaempetalent\/#primaryimage\",\"inLanguage\":\"en-US\",\"url\":\"https:\/\/acefootball.com\/da\/wp-content\/uploads\/sites\/2\/2021\/01\/Copy-of-Ace-7-2.jpg\",\"contentUrl\":\"https:\/\/acefootball.com\/da\/wp-content\/uploads\/sites\/2\/2021\/01\/Copy-of-Ace-7-2.jpg\",\"width\":1920,\"height\":1008},{\"@type\":\"WebPage\",\"@id\":\"https:\/\/acefootball.com\/da\/fodboldnyheder\/er-det-ham-spaniere-praesenterer-tidligere-kaempetalent\/#webpage\",\"url\":\"https:\/\/acefootball.com\/da\/fodboldnyheder\/er-det-ham-spaniere-praesenterer-tidligere-kaempetalent\/\",\"name\":\"Er det ham?! - Spaniere pr\u00e6senterer tidligere k\u00e6mpetalent\",\"isPartOf\":{\"@id\":\"https:\/\/acefootball.com\/da\/#website\"},\"primaryImageOfPage\":{\"@id\":\"https:\/\/acefootball.com\/da\/fodboldnyheder\/er-det-ham-spaniere-praesenterer-tidligere-kaempetalent\/#primaryimage\"},\"datePublished\":\"2021-01-06T21:36:15+00:00\",\"dateModified\":\"2021-01-06T21:37:57+00:00\",\"description\":\"Det tidligere hollandske h\u00e5b, Royston Drenthe, vender tilbage til spansk fodbold, hvor han skal t\u00f8rne ud for Racing Murcia\",\"breadcrumb\":{\"@id\":\"https:\/\/acefootball.com\/da\/fodboldnyheder\/er-det-ham-spaniere-praesenterer-tidligere-kaempetalent\/#breadcrumb\"},\"inLanguage\":\"en-US\",\"potentialAction\":[{\"@type\":\"ReadAction\",\"target\":[\"https:\/\/acefootball.com\/da\/fodboldnyheder\/er-det-ham-spaniere-praesenterer-tidligere-kaempetalent\/\"]}]},{\"@type\":\"BreadcrumbList\",\"@id\":\"https:\/\/acefootball.com\/da\/fodboldnyheder\/er-det-ham-spaniere-praesenterer-tidligere-kaempetalent\/#breadcrumb\",\"itemListElement\":[{\"@type\":\"ListItem\",\"position\":1,\"name\":\"Home\",\"item\":\"https:\/\/acefootball.com\/da\/\"},{\"@type\":\"ListItem\",\"position\":2,\"name\":\"Er det ham?! &#8211; Spaniere pr\u00e6senterer tidligere k\u00e6mpetalent\"}]},{\"@type\":\"Article\",\"@id\":\"https:\/\/acefootball.com\/da\/fodboldnyheder\/er-det-ham-spaniere-praesenterer-tidligere-kaempetalent\/#article\",\"isPartOf\":{\"@id\":\"https:\/\/acefootball.com\/da\/fodboldnyheder\/er-det-ham-spaniere-praesenterer-tidligere-kaempetalent\/#webpage\"},\"author\":{\"@id\":\"https:\/\/acefootball.com\/da\/#\/schema\/person\/ee67e9cf04a276f144100ffa722f10cd\"},\"headline\":\"Er det ham?! &#8211; Spaniere pr\u00e6senterer tidligere k\u00e6mpetalent\",\"datePublished\":\"2021-01-06T21:36:15+00:00\",\"dateModified\":\"2021-01-06T21:37:57+00:00\",\"mainEntityOfPage\":{\"@id\":\"https:\/\/acefootball.com\/da\/fodboldnyheder\/er-det-ham-spaniere-praesenterer-tidligere-kaempetalent\/#webpage\"},\"wordCount\":226,\"commentCount\":0,\"publisher\":{\"@id\":\"https:\/\/acefootball.com\/da\/#organization\"},\"image\":{\"@id\":\"https:\/\/acefootball.com\/da\/fodboldnyheder\/er-det-ham-spaniere-praesenterer-tidligere-kaempetalent\/#primaryimage\"},\"thumbnailUrl\":\"https:\/\/acefootball.com\/da\/wp-content\/uploads\/sites\/2\/2021\/01\/Untitled-design-3-1.jpg\",\"keywords\":[\"Feyenoord\",\"La Liga\",\"Real Madrid\"],\"articleSection\":[\"Transfer\"],\"inLanguage\":\"en-US\",\"potentialAction\":[{\"@type\":\"CommentAction\",\"name\":\"Comment\",\"target\":[\"https:\/\/acefootball.com\/da\/fodboldnyheder\/er-det-ham-spaniere-praesenterer-tidligere-kaempetalent\/#respond\"]}]},{\"@type\":\"Person\",\"@id\":\"https:\/\/acefootball.com\/da\/#\/schema\/person\/ee67e9cf04a276f144100ffa722f10cd\",\"name\":\"Mads Dreyer\",\"image\":{\"@type\":\"ImageObject\",\"@id\":\"https:\/\/acefootball.com\/da\/#personlogo\",\"inLanguage\":\"en-US\",\"url\":\"https:\/\/secure.gravatar.com\/avatar\/7c7abf72cfde9902b6a60efe60c88d4c?s=96&d=mm&r=g\",\"contentUrl\":\"https:\/\/secure.gravatar.com\/avatar\/7c7abf72cfde9902b6a60efe60c88d4c?s=96&d=mm&r=g\",\"caption\":\"Mads Dreyer\"},\"description\":\"Skribent og fodboldn\u00f8rd, der lige nu fort\u00e6ller om alt og intet i fodboldverdenen p\u00e5 acefootball.com. Uddannet i kommunikation fra Aalborg Universitet.\",\"sameAs\":[\"https:\/\/www.linkedin.com\/in\/mads-dreyer-b9b08266\/\"],\"url\":\"https:\/\/acefootball.com\/da\/fodboldnyheder\/author\/mdnronaldo\/\"}]}<\/script>\n<!-- \/ Yoast SEO plugin. -->","yoast_head_json":{"title":"Er det ham?! - Spaniere pr\u00e6senterer tidligere k\u00e6mpetalent","description":"Det tidligere hollandske h\u00e5b, Royston Drenthe, vender tilbage til spansk fodbold, hvor han skal t\u00f8rne ud for Racing Murcia","robots":{"index":"index","follow":"follow","max-snippet":"max-snippet:-1","max-image-preview":"max-image-preview:large","max-video-preview":"max-video-preview:-1"},"canonical":"https:\/\/acefootball.com\/da\/fodboldnyheder\/er-det-ham-spaniere-praesenterer-tidligere-kaempetalent\/","og_locale":"en_US","og_type":"article","og_title":"Er det ham?! - Spaniere pr\u00e6senterer tidligere k\u00e6mpetalent","og_description":"Det tidligere hollandske h\u00e5b, Royston Drenthe, vender tilbage til spansk fodbold, hvor han skal t\u00f8rne ud for Racing Murcia","og_url":"https:\/\/acefootball.com\/da\/fodboldnyheder\/er-det-ham-spaniere-praesenterer-tidligere-kaempetalent\/","og_site_name":"Ace Football Danmark","article_publisher":"https:\/\/www.facebook.com\/acefootballdk","article_published_time":"2021-01-06T21:36:15+00:00","article_modified_time":"2021-01-06T21:37:57+00:00","og_image":[{"width":1920,"height":1008,"url":"https:\/\/acefootball.com\/da\/wp-content\/uploads\/sites\/2\/2021\/01\/Copy-of-Ace-7-2.jpg","type":"image\/jpeg"}],"twitter_card":"summary_large_image","twitter_misc":{"Written by":"Mads Dreyer","Est. reading time":"1 minute"},"schema":{"@context":"https:\/\/schema.org","@graph":[{"@type":"Organization","@id":"https:\/\/acefootball.com\/da\/#organization","name":"Ace Football","url":"https:\/\/acefootball.com\/da\/","sameAs":["https:\/\/www.facebook.com\/acefootballdk"],"logo":{"@type":"ImageObject","@id":"https:\/\/acefootball.com\/da\/#logo","inLanguage":"en-US","url":"https:\/\/acefootball.com\/da\/wp-content\/uploads\/sites\/2\/2020\/07\/Ace-Football-30-07-2020-2.png","contentUrl":"https:\/\/acefootball.com\/da\/wp-content\/uploads\/sites\/2\/2020\/07\/Ace-Football-30-07-2020-2.png","width":1200,"height":600,"caption":"Ace Football"},"image":{"@id":"https:\/\/acefootball.com\/da\/#logo"}},{"@type":"WebSite","@id":"https:\/\/acefootball.com\/da\/#website","url":"https:\/\/acefootball.com\/da\/","name":"Ace Football Danmark","description":"Nyheder, Spiltips &amp; Livescore","publisher":{"@id":"https:\/\/acefootball.com\/da\/#organization"},"potentialAction":[{"@type":"SearchAction","target":{"@type":"EntryPoint","urlTemplate":"https:\/\/acefootball.com\/da\/?s={search_term_string}"},"query-input":"required name=search_term_string"}],"inLanguage":"en-US"},{"@type":"ImageObject","@id":"https:\/\/acefootball.com\/da\/fodboldnyheder\/er-det-ham-spaniere-praesenterer-tidligere-kaempetalent\/#primaryimage","inLanguage":"en-US","url":"https:\/\/acefootball.com\/da\/wp-content\/uploads\/sites\/2\/2021\/01\/Copy-of-Ace-7-2.jpg","contentUrl":"https:\/\/acefootball.com\/da\/wp-content\/uploads\/sites\/2\/2021\/01\/Copy-of-Ace-7-2.jpg","width":1920,"height":1008},{"@type":"WebPage","@id":"https:\/\/acefootball.com\/da\/fodboldnyheder\/er-det-ham-spaniere-praesenterer-tidligere-kaempetalent\/#webpage","url":"https:\/\/acefootball.com\/da\/fodboldnyheder\/er-det-ham-spaniere-praesenterer-tidligere-kaempetalent\/","name":"Er det ham?! - Spaniere pr\u00e6senterer tidligere k\u00e6mpetalent","isPartOf":{"@id":"https:\/\/acefootball.com\/da\/#website"},"primaryImageOfPage":{"@id":"https:\/\/acefootball.com\/da\/fodboldnyheder\/er-det-ham-spaniere-praesenterer-tidligere-kaempetalent\/#primaryimage"},"datePublished":"2021-01-06T21:36:15+00:00","dateModified":"2021-01-06T21:37:57+00:00","description":"Det tidligere hollandske h\u00e5b, Royston Drenthe, vender tilbage til spansk fodbold, hvor han skal t\u00f8rne ud for Racing Murcia","breadcrumb":{"@id":"https:\/\/acefootball.com\/da\/fodboldnyheder\/er-det-ham-spaniere-praesenterer-tidligere-kaempetalent\/#breadcrumb"},"inLanguage":"en-US","potentialAction":[{"@type":"ReadAction","target":["https:\/\/acefootball.com\/da\/fodboldnyheder\/er-det-ham-spaniere-praesenterer-tidligere-kaempetalent\/"]}]},{"@type":"BreadcrumbList","@id":"https:\/\/acefootball.com\/da\/fodboldnyheder\/er-det-ham-spaniere-praesenterer-tidligere-kaempetalent\/#breadcrumb","itemListElement":[{"@type":"ListItem","position":1,"name":"Home","item":"https:\/\/acefootball.com\/da\/"},{"@type":"ListItem","position":2,"name":"Er det ham?! &#8211; Spaniere pr\u00e6senterer tidligere k\u00e6mpetalent"}]},{"@type":"Article","@id":"https:\/\/acefootball.com\/da\/fodboldnyheder\/er-det-ham-spaniere-praesenterer-tidligere-kaempetalent\/#article","isPartOf":{"@id":"https:\/\/acefootball.com\/da\/fodboldnyheder\/er-det-ham-spaniere-praesenterer-tidligere-kaempetalent\/#webpage"},"author":{"@id":"https:\/\/acefootball.com\/da\/#\/schema\/person\/ee67e9cf04a276f144100ffa722f10cd"},"headline":"Er det ham?! &#8211; Spaniere pr\u00e6senterer tidligere k\u00e6mpetalent","datePublished":"2021-01-06T21:36:15+00:00","dateModified":"2021-01-06T21:37:57+00:00","mainEntityOfPage":{"@id":"https:\/\/acefootball.com\/da\/fodboldnyheder\/er-det-ham-spaniere-praesenterer-tidligere-kaempetalent\/#webpage"},"wordCount":226,"commentCount":0,"publisher":{"@id":"https:\/\/acefootball.com\/da\/#organization"},"image":{"@id":"https:\/\/acefootball.com\/da\/fodboldnyheder\/er-det-ham-spaniere-praesenterer-tidligere-kaempetalent\/#primaryimage"},"thumbnailUrl":"https:\/\/acefootball.com\/da\/wp-content\/uploads\/sites\/2\/2021\/01\/Untitled-design-3-1.jpg","keywords":["Feyenoord","La Liga","Real Madrid"],"articleSection":["Transfer"],"inLanguage":"en-US","potentialAction":[{"@type":"CommentAction","name":"Comment","target":["https:\/\/acefootball.com\/da\/fodboldnyheder\/er-det-ham-spaniere-praesenterer-tidligere-kaempetalent\/#respond"]}]},{"@type":"Person","@id":"https:\/\/acefootball.com\/da\/#\/schema\/person\/ee67e9cf04a276f144100ffa722f10cd","name":"Mads Dreyer","image":{"@type":"ImageObject","@id":"https:\/\/acefootball.com\/da\/#personlogo","inLanguage":"en-US","url":"https:\/\/secure.gravatar.com\/avatar\/7c7abf72cfde9902b6a60efe60c88d4c?s=96&d=mm&r=g","contentUrl":"https:\/\/secure.gravatar.com\/avatar\/7c7abf72cfde9902b6a60efe60c88d4c?s=96&d=mm&r=g","caption":"Mads Dreyer"},"description":"Skribent og fodboldn\u00f8rd, der lige nu fort\u00e6ller om alt og intet i fodboldverdenen p\u00e5 acefootball.com. Uddannet i kommunikation fra Aalborg Universitet.","sameAs":["https:\/\/www.linkedin.com\/in\/mads-dreyer-b9b08266\/"],"url":"https:\/\/acefootball.com\/da\/fodboldnyheder\/author\/mdnronaldo\/"}]}},"fimg_url":"https:\/\/acefootball.com\/da\/wp-content\/uploads\/sites\/2\/2021\/01\/Untitled-design-3-1.jpg","_links":{"self":[{"href":"https:\/\/acefootball.com\/da\/wp-json\/wp\/v2\/posts\/247797"}],"collection":[{"href":"https:\/\/acefootball.com\/da\/wp-json\/wp\/v2\/posts"}],"about":[{"href":"https:\/\/acefootball.com\/da\/wp-json\/wp\/v2\/types\/post"}],"author":[{"embeddable":true,"href":"https:\/\/acefootball.com\/da\/wp-json\/wp\/v2\/users\/705"}],"replies":[{"embeddable":true,"href":"https:\/\/acefootball.com\/da\/wp-json\/wp\/v2\/comments?post=247797"}],"version-history":[{"count":0,"href":"https:\/\/acefootball.com\/da\/wp-json\/wp\/v2\/posts\/247797\/revisions"}],"wp:featuredmedia":[{"embeddable":true,"href":"https:\/\/acefootball.com\/da\/wp-json\/wp\/v2\/media\/247802"}],"wp:attachment":[{"href":"https:\/\/acefootball.com\/da\/wp-json\/wp\/v2\/media?parent=247797"}],"wp:term":[{"taxonomy":"category","embeddable":true,"href":"https:\/\/acefootball.com\/da\/wp-json\/wp\/v2\/categories?post=247797"},{"taxonomy":"post_tag","embeddable":true,"href":"https:\/\/acefootball.com\/da\/wp-json\/wp\/v2\/tags?post=247797"}],"curies":[{"name":"wp","href":"https:\/\/api.w.org\/{rel}","templated":true}]}}