{"id":247727,"date":"2021-01-06T12:23:24","date_gmt":"2021-01-06T11:23:24","guid":{"rendered":"https:\/\/acefootball.com\/da\/?p=247727"},"modified":"2021-01-06T12:23:25","modified_gmt":"2021-01-06T11:23:25","slug":"hvem-har-raad-saa-voldsom-en-loen-kraever-transferfri-alaba","status":"publish","type":"post","link":"https:\/\/acefootball.com\/da\/fodboldnyheder\/hvem-har-raad-saa-voldsom-en-loen-kraever-transferfri-alaba\/","title":{"rendered":"Hvem har r\u00e5d? &#8211; S\u00e5 voldsom en l\u00f8n kr\u00e6ver transferfri Alaba"},"content":{"rendered":"\n<h2 id=\"h-if-lge-fabrizio-romano-kr-ver-david-alaba-en-k-mpe-l-n-og-en-gavmild-kommission-til-sin-agent-hvis-han-skal-skrive-under-med-en-ny-klub\">If\u00f8lge Fabrizio Romano kr\u00e6ver David Alaba en k\u00e6mpe l\u00f8n og en gavmild kommission til sin agent, hvis han skal skrive under med en ny klub<\/h2>\n\n\n\n<p>David Alaba er siden nyheden om, at han \u00f8nsker at finde en ny klub ved kontraktudl\u00f8b blevet en eftertragtet herre.<\/p>\n\n\n\n<p>Her skulle specielt Real Madrid v\u00e6re interesseret i at tilknyttet den 28-\u00e5rige \u00f8striger, men m\u00e5ske de lige skal t\u00e6nker sig om en ekstra gang. I hvert fald kr\u00e6ver Bayern-stjernen en astronomisk sum, hvis han skal skrive under med en ny klub. <\/p>\n\n\n\n<p>Helt n\u00f8jagtigt 12 millioner euro per s\u00e6son plus bonusser og en heftig kommission til superagenten Pini Zahavi.<\/p>\n\n\n\n<figure class=\"wp-block-embed is-type-rich is-provider-twitter wp-block-embed-twitter\"><div class=\"wp-block-embed__wrapper\">\n<blockquote class=\"twitter-tweet\" data-width=\"550\" data-dnt=\"true\"><p lang=\"en\" dir=\"ltr\">\ud83d\udea8\ud83c\udf15| David Alaba wants \u20ac12M per season plus add ons and a commission to his agent as well. <a href=\"https:\/\/twitter.com\/FabrizioRomano?ref_src=twsrc%5Etfw\">@FabrizioRomano<\/a> <a href=\"https:\/\/twitter.com\/podcastherewego?ref_src=twsrc%5Etfw\">@podcastherewego<\/a> <a href=\"https:\/\/twitter.com\/hashtag\/rmalive?src=hash&amp;ref_src=twsrc%5Etfw\">#rmalive<\/a><\/p>&mdash; Madrid Zone (@theMadridZone) <a href=\"https:\/\/twitter.com\/theMadridZone\/status\/1346522308555526147?ref_src=twsrc%5Etfw\">January 5, 2021<\/a><\/blockquote><script async src=\"https:\/\/platform.twitter.com\/widgets.js\" charset=\"utf-8\"><\/script>\n<\/div><\/figure>\n\n\n\n<p>Denne l\u00f8n har da ogs\u00e5 chokeret en del fans, der vil rynke en del p\u00e5 panden, s\u00e5fremt Real Madrid v\u00e6lger at betale Alaba en s\u00e5dan l\u00f8n, n\u00e5r man ikke vil im\u00f8dekomme Sergio Ramos&#8217; krav til en ny kontrakt.<\/p>\n\n\n\n<figure class=\"wp-block-image size-large\"><img loading=\"lazy\" width=\"599\" height=\"203\" src=\"https:\/\/acefootball.com\/da\/wp-content\/uploads\/sites\/2\/2021\/01\/image-20.png\" alt=\"\" class=\"wp-image-247739\" srcset=\"https:\/\/acefootball.com\/da\/wp-content\/uploads\/sites\/2\/2021\/01\/image-20.png 599w, https:\/\/acefootball.com\/da\/wp-content\/uploads\/sites\/2\/2021\/01\/image-20-300x102.png 300w\" sizes=\"(max-width: 599px) 100vw, 599px\" \/><\/figure>\n\n\n\n<figure class=\"wp-block-image size-large\"><img loading=\"lazy\" width=\"607\" height=\"259\" src=\"https:\/\/acefootball.com\/da\/wp-content\/uploads\/sites\/2\/2021\/01\/image-21.png\" alt=\"\" class=\"wp-image-247740\" srcset=\"https:\/\/acefootball.com\/da\/wp-content\/uploads\/sites\/2\/2021\/01\/image-21.png 607w, https:\/\/acefootball.com\/da\/wp-content\/uploads\/sites\/2\/2021\/01\/image-21-300x128.png 300w\" sizes=\"(max-width: 607px) 100vw, 607px\" \/><\/figure>\n\n\n\n<figure class=\"wp-block-image size-large\"><img loading=\"lazy\" width=\"598\" height=\"168\" src=\"https:\/\/acefootball.com\/da\/wp-content\/uploads\/sites\/2\/2021\/01\/image-22.png\" alt=\"\" class=\"wp-image-247741\" srcset=\"https:\/\/acefootball.com\/da\/wp-content\/uploads\/sites\/2\/2021\/01\/image-22.png 598w, https:\/\/acefootball.com\/da\/wp-content\/uploads\/sites\/2\/2021\/01\/image-22-300x84.png 300w\" sizes=\"(max-width: 598px) 100vw, 598px\" \/><\/figure>\n","protected":false},"excerpt":{"rendered":"<p>If\u00f8lge Fabrizio Romano kr\u00e6ver David Alaba en k\u00e6mpe l\u00f8n og en gavmild kommission til sin agent, hvis han skal skrive under med en ny klub<\/p>\n","protected":false},"author":74,"featured_media":234516,"comment_status":"open","ping_status":"closed","sticky":false,"template":"","format":"standard","meta":{"om_disable_all_campaigns":false,"push_articles_ronaldo":{"active":false,"canonical":0,"publish":false},"force_updates":null},"categories":[7],"tags":[74,143,2357,303,85],"enet_tags":{"team":["9823","8633"],"league":["54","87"],"player":["121633"],"sport_events":[]},"yoast_head":"<!-- This site is optimized with the Yoast SEO plugin v18.3 - https:\/\/yoast.com\/wordpress\/plugins\/seo\/ -->\n<title>Hvem har r\u00e5d? - S\u00e5 voldsom en l\u00f8n kr\u00e6ver transferfri Alaba<\/title>\n<meta name=\"description\" content=\"If\u00f8lge Fabrizio Romano kr\u00e6ver David Alaba en k\u00e6mpe l\u00f8n og en gavmild kommission til sin agent, hvis han skal skrive under med en ny klub\" \/>\n<meta name=\"robots\" content=\"index, follow, max-snippet:-1, max-image-preview:large, max-video-preview:-1\" \/>\n<link rel=\"canonical\" href=\"https:\/\/acefootball.com\/da\/fodboldnyheder\/hvem-har-raad-saa-voldsom-en-loen-kraever-transferfri-alaba\/\" \/>\n<meta property=\"og:locale\" content=\"en_US\" \/>\n<meta property=\"og:type\" content=\"article\" \/>\n<meta property=\"og:title\" content=\"Hvem har r\u00e5d? - S\u00e5 voldsom en l\u00f8n kr\u00e6ver transferfri Alaba\" \/>\n<meta property=\"og:description\" content=\"If\u00f8lge Fabrizio Romano kr\u00e6ver David Alaba en k\u00e6mpe l\u00f8n og en gavmild kommission til sin agent, hvis han skal skrive under med en ny klub\" \/>\n<meta property=\"og:url\" content=\"https:\/\/acefootball.com\/da\/fodboldnyheder\/hvem-har-raad-saa-voldsom-en-loen-kraever-transferfri-alaba\/\" \/>\n<meta property=\"og:site_name\" content=\"Ace Football Danmark\" \/>\n<meta property=\"article:publisher\" content=\"https:\/\/www.facebook.com\/acefootballdk\" \/>\n<meta property=\"article:published_time\" content=\"2021-01-06T11:23:24+00:00\" \/>\n<meta property=\"article:modified_time\" content=\"2021-01-06T11:23:25+00:00\" \/>\n<meta property=\"og:image\" content=\"https:\/\/acefootball.com\/da\/wp-content\/uploads\/sites\/2\/2021\/01\/Ace-2021-01-06T121028.199.jpg\" \/>\n\t<meta property=\"og:image:width\" content=\"1920\" \/>\n\t<meta property=\"og:image:height\" content=\"1008\" \/>\n\t<meta property=\"og:image:type\" content=\"image\/jpeg\" \/>\n<meta name=\"twitter:card\" content=\"summary_large_image\" \/>\n<meta name=\"twitter:label1\" content=\"Written by\" \/>\n\t<meta name=\"twitter:data1\" content=\"Patrick Hesselb\u00e6k\" \/>\n\t<meta name=\"twitter:label2\" content=\"Est. reading time\" \/>\n\t<meta name=\"twitter:data2\" content=\"1 minute\" \/>\n<script type=\"application\/ld+json\" class=\"yoast-schema-graph\">{\"@context\":\"https:\/\/schema.org\",\"@graph\":[{\"@type\":\"Organization\",\"@id\":\"https:\/\/acefootball.com\/da\/#organization\",\"name\":\"Ace Football\",\"url\":\"https:\/\/acefootball.com\/da\/\",\"sameAs\":[\"https:\/\/www.facebook.com\/acefootballdk\"],\"logo\":{\"@type\":\"ImageObject\",\"@id\":\"https:\/\/acefootball.com\/da\/#logo\",\"inLanguage\":\"en-US\",\"url\":\"https:\/\/acefootball.com\/da\/wp-content\/uploads\/sites\/2\/2020\/07\/Ace-Football-30-07-2020-2.png\",\"contentUrl\":\"https:\/\/acefootball.com\/da\/wp-content\/uploads\/sites\/2\/2020\/07\/Ace-Football-30-07-2020-2.png\",\"width\":1200,\"height\":600,\"caption\":\"Ace Football\"},\"image\":{\"@id\":\"https:\/\/acefootball.com\/da\/#logo\"}},{\"@type\":\"WebSite\",\"@id\":\"https:\/\/acefootball.com\/da\/#website\",\"url\":\"https:\/\/acefootball.com\/da\/\",\"name\":\"Ace Football Danmark\",\"description\":\"Nyheder, Spiltips &amp; Livescore\",\"publisher\":{\"@id\":\"https:\/\/acefootball.com\/da\/#organization\"},\"potentialAction\":[{\"@type\":\"SearchAction\",\"target\":{\"@type\":\"EntryPoint\",\"urlTemplate\":\"https:\/\/acefootball.com\/da\/?s={search_term_string}\"},\"query-input\":\"required name=search_term_string\"}],\"inLanguage\":\"en-US\"},{\"@type\":\"ImageObject\",\"@id\":\"https:\/\/acefootball.com\/da\/fodboldnyheder\/hvem-har-raad-saa-voldsom-en-loen-kraever-transferfri-alaba\/#primaryimage\",\"inLanguage\":\"en-US\",\"url\":\"https:\/\/acefootball.com\/da\/wp-content\/uploads\/sites\/2\/2021\/01\/Ace-2021-01-06T121028.199.jpg\",\"contentUrl\":\"https:\/\/acefootball.com\/da\/wp-content\/uploads\/sites\/2\/2021\/01\/Ace-2021-01-06T121028.199.jpg\",\"width\":1920,\"height\":1008},{\"@type\":\"WebPage\",\"@id\":\"https:\/\/acefootball.com\/da\/fodboldnyheder\/hvem-har-raad-saa-voldsom-en-loen-kraever-transferfri-alaba\/#webpage\",\"url\":\"https:\/\/acefootball.com\/da\/fodboldnyheder\/hvem-har-raad-saa-voldsom-en-loen-kraever-transferfri-alaba\/\",\"name\":\"Hvem har r\u00e5d? - S\u00e5 voldsom en l\u00f8n kr\u00e6ver transferfri Alaba\",\"isPartOf\":{\"@id\":\"https:\/\/acefootball.com\/da\/#website\"},\"primaryImageOfPage\":{\"@id\":\"https:\/\/acefootball.com\/da\/fodboldnyheder\/hvem-har-raad-saa-voldsom-en-loen-kraever-transferfri-alaba\/#primaryimage\"},\"datePublished\":\"2021-01-06T11:23:24+00:00\",\"dateModified\":\"2021-01-06T11:23:25+00:00\",\"description\":\"If\u00f8lge Fabrizio Romano kr\u00e6ver David Alaba en k\u00e6mpe l\u00f8n og en gavmild kommission til sin agent, hvis han skal skrive under med en ny klub\",\"breadcrumb\":{\"@id\":\"https:\/\/acefootball.com\/da\/fodboldnyheder\/hvem-har-raad-saa-voldsom-en-loen-kraever-transferfri-alaba\/#breadcrumb\"},\"inLanguage\":\"en-US\",\"potentialAction\":[{\"@type\":\"ReadAction\",\"target\":[\"https:\/\/acefootball.com\/da\/fodboldnyheder\/hvem-har-raad-saa-voldsom-en-loen-kraever-transferfri-alaba\/\"]}]},{\"@type\":\"BreadcrumbList\",\"@id\":\"https:\/\/acefootball.com\/da\/fodboldnyheder\/hvem-har-raad-saa-voldsom-en-loen-kraever-transferfri-alaba\/#breadcrumb\",\"itemListElement\":[{\"@type\":\"ListItem\",\"position\":1,\"name\":\"Home\",\"item\":\"https:\/\/acefootball.com\/da\/\"},{\"@type\":\"ListItem\",\"position\":2,\"name\":\"Hvem har r\u00e5d? &#8211; S\u00e5 voldsom en l\u00f8n kr\u00e6ver transferfri Alaba\"}]},{\"@type\":\"Article\",\"@id\":\"https:\/\/acefootball.com\/da\/fodboldnyheder\/hvem-har-raad-saa-voldsom-en-loen-kraever-transferfri-alaba\/#article\",\"isPartOf\":{\"@id\":\"https:\/\/acefootball.com\/da\/fodboldnyheder\/hvem-har-raad-saa-voldsom-en-loen-kraever-transferfri-alaba\/#webpage\"},\"author\":{\"@id\":\"https:\/\/acefootball.com\/da\/#\/schema\/person\/fd6223a1c033400b41da7853ddf88c84\"},\"headline\":\"Hvem har r\u00e5d? &#8211; S\u00e5 voldsom en l\u00f8n kr\u00e6ver transferfri Alaba\",\"datePublished\":\"2021-01-06T11:23:24+00:00\",\"dateModified\":\"2021-01-06T11:23:25+00:00\",\"mainEntityOfPage\":{\"@id\":\"https:\/\/acefootball.com\/da\/fodboldnyheder\/hvem-har-raad-saa-voldsom-en-loen-kraever-transferfri-alaba\/#webpage\"},\"wordCount\":178,\"commentCount\":0,\"publisher\":{\"@id\":\"https:\/\/acefootball.com\/da\/#organization\"},\"image\":{\"@id\":\"https:\/\/acefootball.com\/da\/fodboldnyheder\/hvem-har-raad-saa-voldsom-en-loen-kraever-transferfri-alaba\/#primaryimage\"},\"thumbnailUrl\":\"https:\/\/acefootball.com\/da\/wp-content\/uploads\/sites\/2\/2020\/08\/GettyImages-1249476437.jpg\",\"keywords\":[\"Bayern M\u00fcnchen\",\"Bundesliga\",\"David Alaba\",\"La Liga\",\"Real Madrid\"],\"articleSection\":[\"Transfer\"],\"inLanguage\":\"en-US\",\"potentialAction\":[{\"@type\":\"CommentAction\",\"name\":\"Comment\",\"target\":[\"https:\/\/acefootball.com\/da\/fodboldnyheder\/hvem-har-raad-saa-voldsom-en-loen-kraever-transferfri-alaba\/#respond\"]}]},{\"@type\":\"Person\",\"@id\":\"https:\/\/acefootball.com\/da\/#\/schema\/person\/fd6223a1c033400b41da7853ddf88c84\",\"name\":\"Patrick Hesselb\u00e6k\",\"image\":{\"@type\":\"ImageObject\",\"@id\":\"https:\/\/acefootball.com\/da\/#personlogo\",\"inLanguage\":\"en-US\",\"url\":\"https:\/\/secure.gravatar.com\/avatar\/7919060992759bffbffb199d6cbdce6f?s=96&d=mm&r=g\",\"contentUrl\":\"https:\/\/secure.gravatar.com\/avatar\/7919060992759bffbffb199d6cbdce6f?s=96&d=mm&r=g\",\"caption\":\"Patrick Hesselb\u00e6k\"},\"description\":\"Redakt\u00f8r p\u00e5 den danske Ace Football-redaktion. Uddannet i kommunikation fra Aalborg Universitet. Prim\u00e6rt fokus p\u00e5 den danske 3F Superliga og de st\u00f8rste europ\u00e6iske turneringer.\",\"sameAs\":[\"https:\/\/www.linkedin.com\/in\/patrick-hesselbk-2a4b1711a\/\"],\"url\":\"https:\/\/acefootball.com\/da\/fodboldnyheder\/author\/patrickhesselbaek\/\"}]}<\/script>\n<!-- \/ Yoast SEO plugin. -->","yoast_head_json":{"title":"Hvem har r\u00e5d? - S\u00e5 voldsom en l\u00f8n kr\u00e6ver transferfri Alaba","description":"If\u00f8lge Fabrizio Romano kr\u00e6ver David Alaba en k\u00e6mpe l\u00f8n og en gavmild kommission til sin agent, hvis han skal skrive under med en ny klub","robots":{"index":"index","follow":"follow","max-snippet":"max-snippet:-1","max-image-preview":"max-image-preview:large","max-video-preview":"max-video-preview:-1"},"canonical":"https:\/\/acefootball.com\/da\/fodboldnyheder\/hvem-har-raad-saa-voldsom-en-loen-kraever-transferfri-alaba\/","og_locale":"en_US","og_type":"article","og_title":"Hvem har r\u00e5d? - S\u00e5 voldsom en l\u00f8n kr\u00e6ver transferfri Alaba","og_description":"If\u00f8lge Fabrizio Romano kr\u00e6ver David Alaba en k\u00e6mpe l\u00f8n og en gavmild kommission til sin agent, hvis han skal skrive under med en ny klub","og_url":"https:\/\/acefootball.com\/da\/fodboldnyheder\/hvem-har-raad-saa-voldsom-en-loen-kraever-transferfri-alaba\/","og_site_name":"Ace Football Danmark","article_publisher":"https:\/\/www.facebook.com\/acefootballdk","article_published_time":"2021-01-06T11:23:24+00:00","article_modified_time":"2021-01-06T11:23:25+00:00","og_image":[{"width":1920,"height":1008,"url":"https:\/\/acefootball.com\/da\/wp-content\/uploads\/sites\/2\/2021\/01\/Ace-2021-01-06T121028.199.jpg","type":"image\/jpeg"}],"twitter_card":"summary_large_image","twitter_misc":{"Written by":"Patrick Hesselb\u00e6k","Est. reading time":"1 minute"},"schema":{"@context":"https:\/\/schema.org","@graph":[{"@type":"Organization","@id":"https:\/\/acefootball.com\/da\/#organization","name":"Ace Football","url":"https:\/\/acefootball.com\/da\/","sameAs":["https:\/\/www.facebook.com\/acefootballdk"],"logo":{"@type":"ImageObject","@id":"https:\/\/acefootball.com\/da\/#logo","inLanguage":"en-US","url":"https:\/\/acefootball.com\/da\/wp-content\/uploads\/sites\/2\/2020\/07\/Ace-Football-30-07-2020-2.png","contentUrl":"https:\/\/acefootball.com\/da\/wp-content\/uploads\/sites\/2\/2020\/07\/Ace-Football-30-07-2020-2.png","width":1200,"height":600,"caption":"Ace Football"},"image":{"@id":"https:\/\/acefootball.com\/da\/#logo"}},{"@type":"WebSite","@id":"https:\/\/acefootball.com\/da\/#website","url":"https:\/\/acefootball.com\/da\/","name":"Ace Football Danmark","description":"Nyheder, Spiltips &amp; Livescore","publisher":{"@id":"https:\/\/acefootball.com\/da\/#organization"},"potentialAction":[{"@type":"SearchAction","target":{"@type":"EntryPoint","urlTemplate":"https:\/\/acefootball.com\/da\/?s={search_term_string}"},"query-input":"required name=search_term_string"}],"inLanguage":"en-US"},{"@type":"ImageObject","@id":"https:\/\/acefootball.com\/da\/fodboldnyheder\/hvem-har-raad-saa-voldsom-en-loen-kraever-transferfri-alaba\/#primaryimage","inLanguage":"en-US","url":"https:\/\/acefootball.com\/da\/wp-content\/uploads\/sites\/2\/2021\/01\/Ace-2021-01-06T121028.199.jpg","contentUrl":"https:\/\/acefootball.com\/da\/wp-content\/uploads\/sites\/2\/2021\/01\/Ace-2021-01-06T121028.199.jpg","width":1920,"height":1008},{"@type":"WebPage","@id":"https:\/\/acefootball.com\/da\/fodboldnyheder\/hvem-har-raad-saa-voldsom-en-loen-kraever-transferfri-alaba\/#webpage","url":"https:\/\/acefootball.com\/da\/fodboldnyheder\/hvem-har-raad-saa-voldsom-en-loen-kraever-transferfri-alaba\/","name":"Hvem har r\u00e5d? - S\u00e5 voldsom en l\u00f8n kr\u00e6ver transferfri Alaba","isPartOf":{"@id":"https:\/\/acefootball.com\/da\/#website"},"primaryImageOfPage":{"@id":"https:\/\/acefootball.com\/da\/fodboldnyheder\/hvem-har-raad-saa-voldsom-en-loen-kraever-transferfri-alaba\/#primaryimage"},"datePublished":"2021-01-06T11:23:24+00:00","dateModified":"2021-01-06T11:23:25+00:00","description":"If\u00f8lge Fabrizio Romano kr\u00e6ver David Alaba en k\u00e6mpe l\u00f8n og en gavmild kommission til sin agent, hvis han skal skrive under med en ny klub","breadcrumb":{"@id":"https:\/\/acefootball.com\/da\/fodboldnyheder\/hvem-har-raad-saa-voldsom-en-loen-kraever-transferfri-alaba\/#breadcrumb"},"inLanguage":"en-US","potentialAction":[{"@type":"ReadAction","target":["https:\/\/acefootball.com\/da\/fodboldnyheder\/hvem-har-raad-saa-voldsom-en-loen-kraever-transferfri-alaba\/"]}]},{"@type":"BreadcrumbList","@id":"https:\/\/acefootball.com\/da\/fodboldnyheder\/hvem-har-raad-saa-voldsom-en-loen-kraever-transferfri-alaba\/#breadcrumb","itemListElement":[{"@type":"ListItem","position":1,"name":"Home","item":"https:\/\/acefootball.com\/da\/"},{"@type":"ListItem","position":2,"name":"Hvem har r\u00e5d? &#8211; S\u00e5 voldsom en l\u00f8n kr\u00e6ver transferfri Alaba"}]},{"@type":"Article","@id":"https:\/\/acefootball.com\/da\/fodboldnyheder\/hvem-har-raad-saa-voldsom-en-loen-kraever-transferfri-alaba\/#article","isPartOf":{"@id":"https:\/\/acefootball.com\/da\/fodboldnyheder\/hvem-har-raad-saa-voldsom-en-loen-kraever-transferfri-alaba\/#webpage"},"author":{"@id":"https:\/\/acefootball.com\/da\/#\/schema\/person\/fd6223a1c033400b41da7853ddf88c84"},"headline":"Hvem har r\u00e5d? &#8211; S\u00e5 voldsom en l\u00f8n kr\u00e6ver transferfri Alaba","datePublished":"2021-01-06T11:23:24+00:00","dateModified":"2021-01-06T11:23:25+00:00","mainEntityOfPage":{"@id":"https:\/\/acefootball.com\/da\/fodboldnyheder\/hvem-har-raad-saa-voldsom-en-loen-kraever-transferfri-alaba\/#webpage"},"wordCount":178,"commentCount":0,"publisher":{"@id":"https:\/\/acefootball.com\/da\/#organization"},"image":{"@id":"https:\/\/acefootball.com\/da\/fodboldnyheder\/hvem-har-raad-saa-voldsom-en-loen-kraever-transferfri-alaba\/#primaryimage"},"thumbnailUrl":"https:\/\/acefootball.com\/da\/wp-content\/uploads\/sites\/2\/2020\/08\/GettyImages-1249476437.jpg","keywords":["Bayern M\u00fcnchen","Bundesliga","David Alaba","La Liga","Real Madrid"],"articleSection":["Transfer"],"inLanguage":"en-US","potentialAction":[{"@type":"CommentAction","name":"Comment","target":["https:\/\/acefootball.com\/da\/fodboldnyheder\/hvem-har-raad-saa-voldsom-en-loen-kraever-transferfri-alaba\/#respond"]}]},{"@type":"Person","@id":"https:\/\/acefootball.com\/da\/#\/schema\/person\/fd6223a1c033400b41da7853ddf88c84","name":"Patrick Hesselb\u00e6k","image":{"@type":"ImageObject","@id":"https:\/\/acefootball.com\/da\/#personlogo","inLanguage":"en-US","url":"https:\/\/secure.gravatar.com\/avatar\/7919060992759bffbffb199d6cbdce6f?s=96&d=mm&r=g","contentUrl":"https:\/\/secure.gravatar.com\/avatar\/7919060992759bffbffb199d6cbdce6f?s=96&d=mm&r=g","caption":"Patrick Hesselb\u00e6k"},"description":"Redakt\u00f8r p\u00e5 den danske Ace Football-redaktion. Uddannet i kommunikation fra Aalborg Universitet. Prim\u00e6rt fokus p\u00e5 den danske 3F Superliga og de st\u00f8rste europ\u00e6iske turneringer.","sameAs":["https:\/\/www.linkedin.com\/in\/patrick-hesselbk-2a4b1711a\/"],"url":"https:\/\/acefootball.com\/da\/fodboldnyheder\/author\/patrickhesselbaek\/"}]}},"fimg_url":"https:\/\/acefootball.com\/da\/wp-content\/uploads\/sites\/2\/2020\/08\/GettyImages-1249476437.jpg","_links":{"self":[{"href":"https:\/\/acefootball.com\/da\/wp-json\/wp\/v2\/posts\/247727"}],"collection":[{"href":"https:\/\/acefootball.com\/da\/wp-json\/wp\/v2\/posts"}],"about":[{"href":"https:\/\/acefootball.com\/da\/wp-json\/wp\/v2\/types\/post"}],"author":[{"embeddable":true,"href":"https:\/\/acefootball.com\/da\/wp-json\/wp\/v2\/users\/74"}],"replies":[{"embeddable":true,"href":"https:\/\/acefootball.com\/da\/wp-json\/wp\/v2\/comments?post=247727"}],"version-history":[{"count":0,"href":"https:\/\/acefootball.com\/da\/wp-json\/wp\/v2\/posts\/247727\/revisions"}],"wp:featuredmedia":[{"embeddable":true,"href":"https:\/\/acefootball.com\/da\/wp-json\/wp\/v2\/media\/234516"}],"wp:attachment":[{"href":"https:\/\/acefootball.com\/da\/wp-json\/wp\/v2\/media?parent=247727"}],"wp:term":[{"taxonomy":"category","embeddable":true,"href":"https:\/\/acefootball.com\/da\/wp-json\/wp\/v2\/categories?post=247727"},{"taxonomy":"post_tag","embeddable":true,"href":"https:\/\/acefootball.com\/da\/wp-json\/wp\/v2\/tags?post=247727"}],"curies":[{"name":"wp","href":"https:\/\/api.w.org\/{rel}","templated":true}]}}