{"id":247558,"date":"2021-01-04T22:10:47","date_gmt":"2021-01-04T21:10:47","guid":{"rendered":"https:\/\/acefootball.com\/da\/?p=247558"},"modified":"2021-01-04T22:10:48","modified_gmt":"2021-01-04T21:10:48","slug":"officielt-ac-horsens-har-ny-cheftraener-paa-plads","status":"publish","type":"post","link":"https:\/\/acefootball.com\/da\/fodboldnyheder\/officielt-ac-horsens-har-ny-cheftraener-paa-plads\/","title":{"rendered":"Officielt: AC Horsens har ny cheftr\u00e6ner p\u00e5 plads"},"content":{"rendered":"\n<h2 id=\"h-ac-horsens-har-ansat-jens-berthel-askou-som-ny-cheftr-ner-efter-man-fyrede-jonas-dal-i-slutningen-af-efter-ret\">AC Horsens har ansat Jens Berthel Askou som ny cheftr\u00e6ner, efter man fyrede Jonas Dal i slutningen af efter\u00e5ret<\/h2>\n\n\n\n<p>Det kom tidligere p\u00e5 dagen frem, at AC Horsens havde sin nye cheftr\u00e6ner p\u00e5 plads, og nu er det bekr\u00e6ftet, at det bliver Jens Berthel Askou, som tiltr\u00e6der stillingen.<\/p>\n\n\n\n<p>AC Horsens skriver p\u00e5 sin <a href=\"https:\/\/achorsens.dk\/jens-berthel-askou-bliver-ny-cheftraener-i-ac-horsens\" target=\"_blank\" rel=\"noreferrer noopener\">hjemmeside<\/a>, at Askou er k\u00f8bt fri i f\u00e6r\u00f8ske HB Torshavn og kommer til Superligaen p\u00e5 en halvanden \u00e5r lang kontrakt.<\/p>\n\n\n\n<figure class=\"wp-block-embed is-type-rich is-provider-twitter wp-block-embed-twitter\"><div class=\"wp-block-embed__wrapper\">\n<blockquote class=\"twitter-tweet\" data-width=\"550\" data-dnt=\"true\"><p lang=\"da\" dir=\"ltr\">Velkommen til Jens Berthel Askou, der bliver vores nye cheftr\u00e6ner <a href=\"https:\/\/t.co\/cg5ORlseY3\">https:\/\/t.co\/cg5ORlseY3<\/a> <a href=\"https:\/\/twitter.com\/hashtag\/sldk?src=hash&amp;ref_src=twsrc%5Etfw\">#sldk<\/a> <a href=\"https:\/\/twitter.com\/hashtag\/transfer?src=hash&amp;ref_src=twsrc%5Etfw\">#transfer<\/a> <a href=\"https:\/\/t.co\/VV6fg7cuCO\">pic.twitter.com\/VV6fg7cuCO<\/a><\/p>&mdash; AC Horsens (@AC_Horsens) <a href=\"https:\/\/twitter.com\/AC_Horsens\/status\/1346196959133110272?ref_src=twsrc%5Etfw\">January 4, 2021<\/a><\/blockquote><script async src=\"https:\/\/platform.twitter.com\/widgets.js\" charset=\"utf-8\"><\/script>\n<\/div><\/figure>\n\n\n\n<p>I AC Horsens kommer den nye cheftr\u00e6ner p\u00e5 en sv\u00e6r opgave, som er at redde klubben fra nedrykningen. Man ligger ved vinterpausen n\u00e6stsidst med ni point op til redning.<\/p>\n\n\n\n<p>&#8220;Jeg er et menneske, der rigtig godt kan lide udfordringer, og vi har en stor en af slagsen foran os lige nu i AC Horsens, men jeg har en fork\u00e6rlighed for opgaver, som folk ikke rigtig tror p\u00e5, man kan l\u00f8se. Dem har jeg l\u00f8st mange af i min karriere, og jeg synes, det er sjovt at tage fat p\u00e5 dem,&#8221; udtaler Askou.<\/p>\n\n\n\n<p>&#8220;Det allervigtigste er, at os der st\u00e5r i det tror p\u00e5 det, og s\u00e5 er det lige meget, hvad andre tror. De seneste pr\u00e6stationer giver begrundet tro p\u00e5, at vi kan l\u00f8se de udfordringer, der ligger foran os, og det kan godt v\u00e6re, at rampen er lidt stejl lige nu, men det betyder ikke, at det ikke kan lade sig g\u00f8re. Jeg elsker at vinde, og den f\u00f8lelse bliver ekstra forst\u00e6rket, n\u00e5r man st\u00e5r i vores nuv\u00e6rende situation, hvor der har v\u00e6ret langt mellem sejrene, og vi har ekstra brug for dem. Jeg tror p\u00e5, at vi kan vinde p\u00e5 kort og lang sigt, og der er meget at vinde lige nu.&#8221;<\/p>\n\n\n\n<p>F\u00f8rste kamp i for\u00e5ret for AC Horsens er den 2. februar, hvor man g\u00e6ster Randers FC.<\/p>\n","protected":false},"excerpt":{"rendered":"<p>AC Horsens har ansat Jens Berthel Askou som ny cheftr\u00e6ner, efter man fyrede Jonas Dal i slutningen af efter\u00e5ret<\/p>\n","protected":false},"author":705,"featured_media":247560,"comment_status":"open","ping_status":"closed","sticky":false,"template":"","format":"standard","meta":{"om_disable_all_campaigns":false,"push_articles_ronaldo":{"active":false,"canonical":0,"publish":false},"force_updates":null},"categories":[1],"tags":[20,3532,588],"enet_tags":{"team":["9814"],"league":["46"],"sport_events":[]},"yoast_head":"<!-- This site is optimized with the Yoast SEO plugin v18.3 - https:\/\/yoast.com\/wordpress\/plugins\/seo\/ -->\n<title>Officielt: AC Horsens har ny cheftr\u00e6ner p\u00e5 plads<\/title>\n<meta name=\"description\" content=\"AC Horsens har ansat Jens Berthel Askou som ny cheftr\u00e6ner, efter man fyrede Jonas Dal i slutningen af efter\u00e5ret\" \/>\n<meta name=\"robots\" content=\"index, follow, max-snippet:-1, max-image-preview:large, max-video-preview:-1\" \/>\n<link rel=\"canonical\" href=\"https:\/\/acefootball.com\/da\/fodboldnyheder\/officielt-ac-horsens-har-ny-cheftraener-paa-plads\/\" \/>\n<meta property=\"og:locale\" content=\"en_US\" \/>\n<meta property=\"og:type\" content=\"article\" \/>\n<meta property=\"og:title\" content=\"Officielt: AC Horsens har ny cheftr\u00e6ner p\u00e5 plads\" \/>\n<meta property=\"og:description\" content=\"AC Horsens har ansat Jens Berthel Askou som ny cheftr\u00e6ner, efter man fyrede Jonas Dal i slutningen af efter\u00e5ret\" \/>\n<meta property=\"og:url\" content=\"https:\/\/acefootball.com\/da\/fodboldnyheder\/officielt-ac-horsens-har-ny-cheftraener-paa-plads\/\" \/>\n<meta property=\"og:site_name\" content=\"Ace Football Danmark\" \/>\n<meta property=\"article:publisher\" content=\"https:\/\/www.facebook.com\/acefootballdk\" \/>\n<meta property=\"article:published_time\" content=\"2021-01-04T21:10:47+00:00\" \/>\n<meta property=\"article:modified_time\" content=\"2021-01-04T21:10:48+00:00\" \/>\n<meta property=\"og:image\" content=\"https:\/\/acefootball.com\/da\/wp-content\/uploads\/sites\/2\/2021\/01\/Copy-of-Copy-of-Ace-7.jpg\" \/>\n\t<meta property=\"og:image:width\" content=\"1920\" \/>\n\t<meta property=\"og:image:height\" content=\"1008\" \/>\n\t<meta property=\"og:image:type\" content=\"image\/jpeg\" \/>\n<meta name=\"twitter:card\" content=\"summary_large_image\" \/>\n<meta name=\"twitter:label1\" content=\"Written by\" \/>\n\t<meta name=\"twitter:data1\" content=\"Mads Dreyer\" \/>\n\t<meta name=\"twitter:label2\" content=\"Est. reading time\" \/>\n\t<meta name=\"twitter:data2\" content=\"2 minutes\" \/>\n<script type=\"application\/ld+json\" class=\"yoast-schema-graph\">{\"@context\":\"https:\/\/schema.org\",\"@graph\":[{\"@type\":\"Organization\",\"@id\":\"https:\/\/acefootball.com\/da\/#organization\",\"name\":\"Ace Football\",\"url\":\"https:\/\/acefootball.com\/da\/\",\"sameAs\":[\"https:\/\/www.facebook.com\/acefootballdk\"],\"logo\":{\"@type\":\"ImageObject\",\"@id\":\"https:\/\/acefootball.com\/da\/#logo\",\"inLanguage\":\"en-US\",\"url\":\"https:\/\/acefootball.com\/da\/wp-content\/uploads\/sites\/2\/2020\/07\/Ace-Football-30-07-2020-2.png\",\"contentUrl\":\"https:\/\/acefootball.com\/da\/wp-content\/uploads\/sites\/2\/2020\/07\/Ace-Football-30-07-2020-2.png\",\"width\":1200,\"height\":600,\"caption\":\"Ace Football\"},\"image\":{\"@id\":\"https:\/\/acefootball.com\/da\/#logo\"}},{\"@type\":\"WebSite\",\"@id\":\"https:\/\/acefootball.com\/da\/#website\",\"url\":\"https:\/\/acefootball.com\/da\/\",\"name\":\"Ace Football Danmark\",\"description\":\"Nyheder, Spiltips &amp; Livescore\",\"publisher\":{\"@id\":\"https:\/\/acefootball.com\/da\/#organization\"},\"potentialAction\":[{\"@type\":\"SearchAction\",\"target\":{\"@type\":\"EntryPoint\",\"urlTemplate\":\"https:\/\/acefootball.com\/da\/?s={search_term_string}\"},\"query-input\":\"required name=search_term_string\"}],\"inLanguage\":\"en-US\"},{\"@type\":\"ImageObject\",\"@id\":\"https:\/\/acefootball.com\/da\/fodboldnyheder\/officielt-ac-horsens-har-ny-cheftraener-paa-plads\/#primaryimage\",\"inLanguage\":\"en-US\",\"url\":\"https:\/\/acefootball.com\/da\/wp-content\/uploads\/sites\/2\/2021\/01\/Copy-of-Copy-of-Ace-7.jpg\",\"contentUrl\":\"https:\/\/acefootball.com\/da\/wp-content\/uploads\/sites\/2\/2021\/01\/Copy-of-Copy-of-Ace-7.jpg\",\"width\":1920,\"height\":1008},{\"@type\":\"WebPage\",\"@id\":\"https:\/\/acefootball.com\/da\/fodboldnyheder\/officielt-ac-horsens-har-ny-cheftraener-paa-plads\/#webpage\",\"url\":\"https:\/\/acefootball.com\/da\/fodboldnyheder\/officielt-ac-horsens-har-ny-cheftraener-paa-plads\/\",\"name\":\"Officielt: AC Horsens har ny cheftr\u00e6ner p\u00e5 plads\",\"isPartOf\":{\"@id\":\"https:\/\/acefootball.com\/da\/#website\"},\"primaryImageOfPage\":{\"@id\":\"https:\/\/acefootball.com\/da\/fodboldnyheder\/officielt-ac-horsens-har-ny-cheftraener-paa-plads\/#primaryimage\"},\"datePublished\":\"2021-01-04T21:10:47+00:00\",\"dateModified\":\"2021-01-04T21:10:48+00:00\",\"description\":\"AC Horsens har ansat Jens Berthel Askou som ny cheftr\u00e6ner, efter man fyrede Jonas Dal i slutningen af efter\u00e5ret\",\"breadcrumb\":{\"@id\":\"https:\/\/acefootball.com\/da\/fodboldnyheder\/officielt-ac-horsens-har-ny-cheftraener-paa-plads\/#breadcrumb\"},\"inLanguage\":\"en-US\",\"potentialAction\":[{\"@type\":\"ReadAction\",\"target\":[\"https:\/\/acefootball.com\/da\/fodboldnyheder\/officielt-ac-horsens-har-ny-cheftraener-paa-plads\/\"]}]},{\"@type\":\"BreadcrumbList\",\"@id\":\"https:\/\/acefootball.com\/da\/fodboldnyheder\/officielt-ac-horsens-har-ny-cheftraener-paa-plads\/#breadcrumb\",\"itemListElement\":[{\"@type\":\"ListItem\",\"position\":1,\"name\":\"Home\",\"item\":\"https:\/\/acefootball.com\/da\/\"},{\"@type\":\"ListItem\",\"position\":2,\"name\":\"Officielt: AC Horsens har ny cheftr\u00e6ner p\u00e5 plads\"}]},{\"@type\":\"Article\",\"@id\":\"https:\/\/acefootball.com\/da\/fodboldnyheder\/officielt-ac-horsens-har-ny-cheftraener-paa-plads\/#article\",\"isPartOf\":{\"@id\":\"https:\/\/acefootball.com\/da\/fodboldnyheder\/officielt-ac-horsens-har-ny-cheftraener-paa-plads\/#webpage\"},\"author\":{\"@id\":\"https:\/\/acefootball.com\/da\/#\/schema\/person\/ee67e9cf04a276f144100ffa722f10cd\"},\"headline\":\"Officielt: AC Horsens har ny cheftr\u00e6ner p\u00e5 plads\",\"datePublished\":\"2021-01-04T21:10:47+00:00\",\"dateModified\":\"2021-01-04T21:10:48+00:00\",\"mainEntityOfPage\":{\"@id\":\"https:\/\/acefootball.com\/da\/fodboldnyheder\/officielt-ac-horsens-har-ny-cheftraener-paa-plads\/#webpage\"},\"wordCount\":335,\"commentCount\":0,\"publisher\":{\"@id\":\"https:\/\/acefootball.com\/da\/#organization\"},\"image\":{\"@id\":\"https:\/\/acefootball.com\/da\/fodboldnyheder\/officielt-ac-horsens-har-ny-cheftraener-paa-plads\/#primaryimage\"},\"thumbnailUrl\":\"https:\/\/acefootball.com\/da\/wp-content\/uploads\/sites\/2\/2021\/01\/Untitled-design-1-1.jpg\",\"keywords\":[\"AC Horsens\",\"Jens Berthel Askou\",\"Superligaen\"],\"articleSection\":[\"Nyhed\"],\"inLanguage\":\"en-US\",\"potentialAction\":[{\"@type\":\"CommentAction\",\"name\":\"Comment\",\"target\":[\"https:\/\/acefootball.com\/da\/fodboldnyheder\/officielt-ac-horsens-har-ny-cheftraener-paa-plads\/#respond\"]}]},{\"@type\":\"Person\",\"@id\":\"https:\/\/acefootball.com\/da\/#\/schema\/person\/ee67e9cf04a276f144100ffa722f10cd\",\"name\":\"Mads Dreyer\",\"image\":{\"@type\":\"ImageObject\",\"@id\":\"https:\/\/acefootball.com\/da\/#personlogo\",\"inLanguage\":\"en-US\",\"url\":\"https:\/\/secure.gravatar.com\/avatar\/7c7abf72cfde9902b6a60efe60c88d4c?s=96&d=mm&r=g\",\"contentUrl\":\"https:\/\/secure.gravatar.com\/avatar\/7c7abf72cfde9902b6a60efe60c88d4c?s=96&d=mm&r=g\",\"caption\":\"Mads Dreyer\"},\"description\":\"Skribent og fodboldn\u00f8rd, der lige nu fort\u00e6ller om alt og intet i fodboldverdenen p\u00e5 acefootball.com. Uddannet i kommunikation fra Aalborg Universitet.\",\"sameAs\":[\"https:\/\/www.linkedin.com\/in\/mads-dreyer-b9b08266\/\"],\"url\":\"https:\/\/acefootball.com\/da\/fodboldnyheder\/author\/mdnronaldo\/\"}]}<\/script>\n<!-- \/ Yoast SEO plugin. -->","yoast_head_json":{"title":"Officielt: AC Horsens har ny cheftr\u00e6ner p\u00e5 plads","description":"AC Horsens har ansat Jens Berthel Askou som ny cheftr\u00e6ner, efter man fyrede Jonas Dal i slutningen af efter\u00e5ret","robots":{"index":"index","follow":"follow","max-snippet":"max-snippet:-1","max-image-preview":"max-image-preview:large","max-video-preview":"max-video-preview:-1"},"canonical":"https:\/\/acefootball.com\/da\/fodboldnyheder\/officielt-ac-horsens-har-ny-cheftraener-paa-plads\/","og_locale":"en_US","og_type":"article","og_title":"Officielt: AC Horsens har ny cheftr\u00e6ner p\u00e5 plads","og_description":"AC Horsens har ansat Jens Berthel Askou som ny cheftr\u00e6ner, efter man fyrede Jonas Dal i slutningen af efter\u00e5ret","og_url":"https:\/\/acefootball.com\/da\/fodboldnyheder\/officielt-ac-horsens-har-ny-cheftraener-paa-plads\/","og_site_name":"Ace Football Danmark","article_publisher":"https:\/\/www.facebook.com\/acefootballdk","article_published_time":"2021-01-04T21:10:47+00:00","article_modified_time":"2021-01-04T21:10:48+00:00","og_image":[{"width":1920,"height":1008,"url":"https:\/\/acefootball.com\/da\/wp-content\/uploads\/sites\/2\/2021\/01\/Copy-of-Copy-of-Ace-7.jpg","type":"image\/jpeg"}],"twitter_card":"summary_large_image","twitter_misc":{"Written by":"Mads Dreyer","Est. reading time":"2 minutes"},"schema":{"@context":"https:\/\/schema.org","@graph":[{"@type":"Organization","@id":"https:\/\/acefootball.com\/da\/#organization","name":"Ace Football","url":"https:\/\/acefootball.com\/da\/","sameAs":["https:\/\/www.facebook.com\/acefootballdk"],"logo":{"@type":"ImageObject","@id":"https:\/\/acefootball.com\/da\/#logo","inLanguage":"en-US","url":"https:\/\/acefootball.com\/da\/wp-content\/uploads\/sites\/2\/2020\/07\/Ace-Football-30-07-2020-2.png","contentUrl":"https:\/\/acefootball.com\/da\/wp-content\/uploads\/sites\/2\/2020\/07\/Ace-Football-30-07-2020-2.png","width":1200,"height":600,"caption":"Ace Football"},"image":{"@id":"https:\/\/acefootball.com\/da\/#logo"}},{"@type":"WebSite","@id":"https:\/\/acefootball.com\/da\/#website","url":"https:\/\/acefootball.com\/da\/","name":"Ace Football Danmark","description":"Nyheder, Spiltips &amp; Livescore","publisher":{"@id":"https:\/\/acefootball.com\/da\/#organization"},"potentialAction":[{"@type":"SearchAction","target":{"@type":"EntryPoint","urlTemplate":"https:\/\/acefootball.com\/da\/?s={search_term_string}"},"query-input":"required name=search_term_string"}],"inLanguage":"en-US"},{"@type":"ImageObject","@id":"https:\/\/acefootball.com\/da\/fodboldnyheder\/officielt-ac-horsens-har-ny-cheftraener-paa-plads\/#primaryimage","inLanguage":"en-US","url":"https:\/\/acefootball.com\/da\/wp-content\/uploads\/sites\/2\/2021\/01\/Copy-of-Copy-of-Ace-7.jpg","contentUrl":"https:\/\/acefootball.com\/da\/wp-content\/uploads\/sites\/2\/2021\/01\/Copy-of-Copy-of-Ace-7.jpg","width":1920,"height":1008},{"@type":"WebPage","@id":"https:\/\/acefootball.com\/da\/fodboldnyheder\/officielt-ac-horsens-har-ny-cheftraener-paa-plads\/#webpage","url":"https:\/\/acefootball.com\/da\/fodboldnyheder\/officielt-ac-horsens-har-ny-cheftraener-paa-plads\/","name":"Officielt: AC Horsens har ny cheftr\u00e6ner p\u00e5 plads","isPartOf":{"@id":"https:\/\/acefootball.com\/da\/#website"},"primaryImageOfPage":{"@id":"https:\/\/acefootball.com\/da\/fodboldnyheder\/officielt-ac-horsens-har-ny-cheftraener-paa-plads\/#primaryimage"},"datePublished":"2021-01-04T21:10:47+00:00","dateModified":"2021-01-04T21:10:48+00:00","description":"AC Horsens har ansat Jens Berthel Askou som ny cheftr\u00e6ner, efter man fyrede Jonas Dal i slutningen af efter\u00e5ret","breadcrumb":{"@id":"https:\/\/acefootball.com\/da\/fodboldnyheder\/officielt-ac-horsens-har-ny-cheftraener-paa-plads\/#breadcrumb"},"inLanguage":"en-US","potentialAction":[{"@type":"ReadAction","target":["https:\/\/acefootball.com\/da\/fodboldnyheder\/officielt-ac-horsens-har-ny-cheftraener-paa-plads\/"]}]},{"@type":"BreadcrumbList","@id":"https:\/\/acefootball.com\/da\/fodboldnyheder\/officielt-ac-horsens-har-ny-cheftraener-paa-plads\/#breadcrumb","itemListElement":[{"@type":"ListItem","position":1,"name":"Home","item":"https:\/\/acefootball.com\/da\/"},{"@type":"ListItem","position":2,"name":"Officielt: AC Horsens har ny cheftr\u00e6ner p\u00e5 plads"}]},{"@type":"Article","@id":"https:\/\/acefootball.com\/da\/fodboldnyheder\/officielt-ac-horsens-har-ny-cheftraener-paa-plads\/#article","isPartOf":{"@id":"https:\/\/acefootball.com\/da\/fodboldnyheder\/officielt-ac-horsens-har-ny-cheftraener-paa-plads\/#webpage"},"author":{"@id":"https:\/\/acefootball.com\/da\/#\/schema\/person\/ee67e9cf04a276f144100ffa722f10cd"},"headline":"Officielt: AC Horsens har ny cheftr\u00e6ner p\u00e5 plads","datePublished":"2021-01-04T21:10:47+00:00","dateModified":"2021-01-04T21:10:48+00:00","mainEntityOfPage":{"@id":"https:\/\/acefootball.com\/da\/fodboldnyheder\/officielt-ac-horsens-har-ny-cheftraener-paa-plads\/#webpage"},"wordCount":335,"commentCount":0,"publisher":{"@id":"https:\/\/acefootball.com\/da\/#organization"},"image":{"@id":"https:\/\/acefootball.com\/da\/fodboldnyheder\/officielt-ac-horsens-har-ny-cheftraener-paa-plads\/#primaryimage"},"thumbnailUrl":"https:\/\/acefootball.com\/da\/wp-content\/uploads\/sites\/2\/2021\/01\/Untitled-design-1-1.jpg","keywords":["AC Horsens","Jens Berthel Askou","Superligaen"],"articleSection":["Nyhed"],"inLanguage":"en-US","potentialAction":[{"@type":"CommentAction","name":"Comment","target":["https:\/\/acefootball.com\/da\/fodboldnyheder\/officielt-ac-horsens-har-ny-cheftraener-paa-plads\/#respond"]}]},{"@type":"Person","@id":"https:\/\/acefootball.com\/da\/#\/schema\/person\/ee67e9cf04a276f144100ffa722f10cd","name":"Mads Dreyer","image":{"@type":"ImageObject","@id":"https:\/\/acefootball.com\/da\/#personlogo","inLanguage":"en-US","url":"https:\/\/secure.gravatar.com\/avatar\/7c7abf72cfde9902b6a60efe60c88d4c?s=96&d=mm&r=g","contentUrl":"https:\/\/secure.gravatar.com\/avatar\/7c7abf72cfde9902b6a60efe60c88d4c?s=96&d=mm&r=g","caption":"Mads Dreyer"},"description":"Skribent og fodboldn\u00f8rd, der lige nu fort\u00e6ller om alt og intet i fodboldverdenen p\u00e5 acefootball.com. Uddannet i kommunikation fra Aalborg Universitet.","sameAs":["https:\/\/www.linkedin.com\/in\/mads-dreyer-b9b08266\/"],"url":"https:\/\/acefootball.com\/da\/fodboldnyheder\/author\/mdnronaldo\/"}]}},"fimg_url":"https:\/\/acefootball.com\/da\/wp-content\/uploads\/sites\/2\/2021\/01\/Untitled-design-1-1.jpg","_links":{"self":[{"href":"https:\/\/acefootball.com\/da\/wp-json\/wp\/v2\/posts\/247558"}],"collection":[{"href":"https:\/\/acefootball.com\/da\/wp-json\/wp\/v2\/posts"}],"about":[{"href":"https:\/\/acefootball.com\/da\/wp-json\/wp\/v2\/types\/post"}],"author":[{"embeddable":true,"href":"https:\/\/acefootball.com\/da\/wp-json\/wp\/v2\/users\/705"}],"replies":[{"embeddable":true,"href":"https:\/\/acefootball.com\/da\/wp-json\/wp\/v2\/comments?post=247558"}],"version-history":[{"count":0,"href":"https:\/\/acefootball.com\/da\/wp-json\/wp\/v2\/posts\/247558\/revisions"}],"wp:featuredmedia":[{"embeddable":true,"href":"https:\/\/acefootball.com\/da\/wp-json\/wp\/v2\/media\/247560"}],"wp:attachment":[{"href":"https:\/\/acefootball.com\/da\/wp-json\/wp\/v2\/media?parent=247558"}],"wp:term":[{"taxonomy":"category","embeddable":true,"href":"https:\/\/acefootball.com\/da\/wp-json\/wp\/v2\/categories?post=247558"},{"taxonomy":"post_tag","embeddable":true,"href":"https:\/\/acefootball.com\/da\/wp-json\/wp\/v2\/tags?post=247558"}],"curies":[{"name":"wp","href":"https:\/\/api.w.org\/{rel}","templated":true}]}}