{"id":247330,"date":"2021-01-03T15:22:53","date_gmt":"2021-01-03T14:22:53","guid":{"rendered":"https:\/\/acefootball.com\/da\/?p=247330"},"modified":"2021-01-03T15:37:38","modified_gmt":"2021-01-03T14:37:38","slug":"eksperter-og-fans-raser-mod-city-stjerne-respektloest-og-uacceptabelt","status":"publish","type":"post","link":"https:\/\/acefootball.com\/da\/fodboldnyheder\/eksperter-og-fans-raser-mod-city-stjerne-respektloest-og-uacceptabelt\/","title":{"rendered":"Eksperter og fans raser mod City-stjerne: Respektl\u00f8st og uacceptabelt"},"content":{"rendered":"\n<h2 id=\"h-manchester-city-er-lige-nu-ved-at-finde-ud-af-hvad-de-skal-g-re-med-den-dyre-ventre-back-benjamin-mendy-der-har-holdt-fest-trods-forbuddet\">Manchester City er lige nu ved at finde ud af, hvad de skal g\u00f8re med den dyre ventre back Benjamin Mendy, der har holdt fest trods forbuddet<\/h2>\n\n\n\n<p>Der har p\u00e5 det seneste v\u00e6ret en del corona-tilf\u00e6lde i Premier League-klubben Manchester City, der lige nu m\u00e5 undv\u00e6re b\u00e5de Gabriel Jesus, Kyle Walker og Eric Garcia, der alle er testet positiv.<\/p>\n\n\n\n<p>Nu er der dog kommet flere problemer i den nyrige storklub. Holdets venstre back Benjamin Mendy havde nemlig valgt at invitere g\u00e6ster til nyt\u00e5rsfest til trods for, at der er forbud imod dette.<\/p>\n\n\n\n<p>Dette har f\u00e5et flere op i det r\u00f8de felt, og blandt andet Sam Lee, der er Manchester City-korrespondent hos The Athletic skriver, at det er &#8220;Time for a change&#8221;. <\/p>\n\n\n\n<figure class=\"wp-block-embed is-type-rich is-provider-twitter wp-block-embed-twitter\"><div class=\"wp-block-embed__wrapper\">\n<blockquote class=\"twitter-tweet\" data-width=\"550\" data-dnt=\"true\"><p lang=\"en\" dir=\"ltr\">City confirm that they\u2019re investigating Mendy following reports of another party at his place on New Year\u2019s Eve. Must be a nightmare trying to manage him, he\u2019s worked very hard to come back from two knee injuries but keeps getting himself into serious trouble. Time for a change<\/p>&mdash; Sam Lee (@SamLee) <a href=\"https:\/\/twitter.com\/SamLee\/status\/1345672598324187136?ref_src=twsrc%5Etfw\">January 3, 2021<\/a><\/blockquote><script async src=\"https:\/\/platform.twitter.com\/widgets.js\" charset=\"utf-8\"><\/script>\n<\/div><\/figure>\n\n\n\n<p>Klubbens egne fans mener da ogs\u00e5, at det er helt uacceptabelt. Specielt n\u00e5r man t\u00e6nker p\u00e5, at klubbens tr\u00e6ner Pep Guardiola har mistet sin mor til virussen.<\/p>\n\n\n\n<figure class=\"wp-block-image size-large\"><img loading=\"lazy\" width=\"1024\" height=\"248\" src=\"https:\/\/acefootball.com\/da\/wp-content\/uploads\/sites\/2\/2021\/01\/Skaermbillede-2021-01-03-kl.-15.02.42-1024x248.png\" alt=\"\" class=\"wp-image-247333\" srcset=\"https:\/\/acefootball.com\/da\/wp-content\/uploads\/sites\/2\/2021\/01\/Skaermbillede-2021-01-03-kl.-15.02.42-1024x248.png 1024w, https:\/\/acefootball.com\/da\/wp-content\/uploads\/sites\/2\/2021\/01\/Skaermbillede-2021-01-03-kl.-15.02.42-300x73.png 300w, https:\/\/acefootball.com\/da\/wp-content\/uploads\/sites\/2\/2021\/01\/Skaermbillede-2021-01-03-kl.-15.02.42-768x186.png 768w, https:\/\/acefootball.com\/da\/wp-content\/uploads\/sites\/2\/2021\/01\/Skaermbillede-2021-01-03-kl.-15.02.42.png 1352w\" sizes=\"(max-width: 1024px) 100vw, 1024px\" \/><\/figure>\n\n\n\n<figure class=\"wp-block-image size-large\"><img loading=\"lazy\" width=\"1024\" height=\"84\" src=\"https:\/\/acefootball.com\/da\/wp-content\/uploads\/sites\/2\/2021\/01\/Skaermbillede-2021-01-03-kl.-15.16.08-1024x84.png\" alt=\"\" class=\"wp-image-247335\" srcset=\"https:\/\/acefootball.com\/da\/wp-content\/uploads\/sites\/2\/2021\/01\/Skaermbillede-2021-01-03-kl.-15.16.08-1024x84.png 1024w, https:\/\/acefootball.com\/da\/wp-content\/uploads\/sites\/2\/2021\/01\/Skaermbillede-2021-01-03-kl.-15.16.08-300x25.png 300w, https:\/\/acefootball.com\/da\/wp-content\/uploads\/sites\/2\/2021\/01\/Skaermbillede-2021-01-03-kl.-15.16.08-768x63.png 768w, https:\/\/acefootball.com\/da\/wp-content\/uploads\/sites\/2\/2021\/01\/Skaermbillede-2021-01-03-kl.-15.16.08.png 1196w\" sizes=\"(max-width: 1024px) 100vw, 1024px\" \/><\/figure>\n\n\n\n<figure class=\"wp-block-image size-large\"><img loading=\"lazy\" width=\"1024\" height=\"97\" src=\"https:\/\/acefootball.com\/da\/wp-content\/uploads\/sites\/2\/2021\/01\/Skaermbillede-2021-01-03-kl.-15.15.25-1024x97.png\" alt=\"\" class=\"wp-image-247334\" srcset=\"https:\/\/acefootball.com\/da\/wp-content\/uploads\/sites\/2\/2021\/01\/Skaermbillede-2021-01-03-kl.-15.15.25-1024x97.png 1024w, https:\/\/acefootball.com\/da\/wp-content\/uploads\/sites\/2\/2021\/01\/Skaermbillede-2021-01-03-kl.-15.15.25-300x28.png 300w, https:\/\/acefootball.com\/da\/wp-content\/uploads\/sites\/2\/2021\/01\/Skaermbillede-2021-01-03-kl.-15.15.25-768x73.png 768w, https:\/\/acefootball.com\/da\/wp-content\/uploads\/sites\/2\/2021\/01\/Skaermbillede-2021-01-03-kl.-15.15.25.png 1186w\" sizes=\"(max-width: 1024px) 100vw, 1024px\" \/><\/figure>\n\n\n\n<p>Flere mener, at han er f\u00e6rdig og sammenligner ham med klubbens tidligere problembarn Mario Balotelli, der ogs\u00e5 rodede sig ud i den ene skandale efter den anden, da han befandt sig p\u00e5 Etihad.<\/p>\n\n\n\n<figure class=\"wp-block-image size-large\"><img loading=\"lazy\" width=\"1024\" height=\"966\" src=\"https:\/\/acefootball.com\/da\/wp-content\/uploads\/sites\/2\/2021\/01\/Skaermbillede-2021-01-03-kl.-14.57.56-1024x966.png\" alt=\"\" class=\"wp-image-247332\" srcset=\"https:\/\/acefootball.com\/da\/wp-content\/uploads\/sites\/2\/2021\/01\/Skaermbillede-2021-01-03-kl.-14.57.56-1024x966.png 1024w, https:\/\/acefootball.com\/da\/wp-content\/uploads\/sites\/2\/2021\/01\/Skaermbillede-2021-01-03-kl.-14.57.56-300x283.png 300w, https:\/\/acefootball.com\/da\/wp-content\/uploads\/sites\/2\/2021\/01\/Skaermbillede-2021-01-03-kl.-14.57.56-768x724.png 768w, https:\/\/acefootball.com\/da\/wp-content\/uploads\/sites\/2\/2021\/01\/Skaermbillede-2021-01-03-kl.-14.57.56.png 1198w\" sizes=\"(max-width: 1024px) 100vw, 1024px\" \/><\/figure>\n\n\n\n<p><\/p>\n","protected":false},"excerpt":{"rendered":"<p>Manchester City er lige nu ved at finde ud af, hvad de skal g\u00f8re med den dyre ventre back Benjamin Mendy, der har holdt fest trods forbuddet<\/p>\n","protected":false},"author":74,"featured_media":247337,"comment_status":"open","ping_status":"closed","sticky":false,"template":"","format":"standard","meta":{"om_disable_all_campaigns":false,"push_articles_ronaldo":{"active":false,"canonical":0,"publish":false},"force_updates":null},"categories":[8060],"tags":[327,44,134],"enet_tags":{"player":["280965"],"team":["8456"],"league":["47"],"sport_events":[]},"yoast_head":"<!-- This site is optimized with the Yoast SEO plugin v18.3 - https:\/\/yoast.com\/wordpress\/plugins\/seo\/ -->\n<title>Eksperter og fans raser mod City-stjerne: Respektl\u00f8st og uacceptabelt<\/title>\n<meta name=\"description\" content=\"Manchester City er lige nu ved at finde ud af, hvad de skal g\u00f8re med den dyre ventre back Benjamin Mendy, der har holdt fest trods forbuddet\" \/>\n<meta name=\"robots\" content=\"index, follow, max-snippet:-1, max-image-preview:large, max-video-preview:-1\" \/>\n<link rel=\"canonical\" href=\"https:\/\/acefootball.com\/da\/fodboldnyheder\/eksperter-og-fans-raser-mod-city-stjerne-respektloest-og-uacceptabelt\/\" \/>\n<meta property=\"og:locale\" content=\"en_US\" \/>\n<meta property=\"og:type\" content=\"article\" \/>\n<meta property=\"og:title\" content=\"Eksperter og fans raser mod City-stjerne: Respektl\u00f8st og uacceptabelt\" \/>\n<meta property=\"og:description\" content=\"Manchester City er lige nu ved at finde ud af, hvad de skal g\u00f8re med den dyre ventre back Benjamin Mendy, der har holdt fest trods forbuddet\" \/>\n<meta property=\"og:url\" content=\"https:\/\/acefootball.com\/da\/fodboldnyheder\/eksperter-og-fans-raser-mod-city-stjerne-respektloest-og-uacceptabelt\/\" \/>\n<meta property=\"og:site_name\" content=\"Ace Football Danmark\" \/>\n<meta property=\"article:publisher\" content=\"https:\/\/www.facebook.com\/acefootballdk\" \/>\n<meta property=\"article:published_time\" content=\"2021-01-03T14:22:53+00:00\" \/>\n<meta property=\"article:modified_time\" content=\"2021-01-03T14:37:38+00:00\" \/>\n<meta property=\"og:image\" content=\"https:\/\/acefootball.com\/da\/wp-content\/uploads\/sites\/2\/2021\/01\/Copy-of-Copy-of-Ace-3.jpg\" \/>\n\t<meta property=\"og:image:width\" content=\"1920\" \/>\n\t<meta property=\"og:image:height\" content=\"1008\" \/>\n\t<meta property=\"og:image:type\" content=\"image\/jpeg\" \/>\n<meta name=\"twitter:card\" content=\"summary_large_image\" \/>\n<meta name=\"twitter:label1\" content=\"Written by\" \/>\n\t<meta name=\"twitter:data1\" content=\"Patrick Hesselb\u00e6k\" \/>\n\t<meta name=\"twitter:label2\" content=\"Est. reading time\" \/>\n\t<meta name=\"twitter:data2\" content=\"1 minute\" \/>\n<script type=\"application\/ld+json\" class=\"yoast-schema-graph\">{\"@context\":\"https:\/\/schema.org\",\"@graph\":[{\"@type\":\"Organization\",\"@id\":\"https:\/\/acefootball.com\/da\/#organization\",\"name\":\"Ace Football\",\"url\":\"https:\/\/acefootball.com\/da\/\",\"sameAs\":[\"https:\/\/www.facebook.com\/acefootballdk\"],\"logo\":{\"@type\":\"ImageObject\",\"@id\":\"https:\/\/acefootball.com\/da\/#logo\",\"inLanguage\":\"en-US\",\"url\":\"https:\/\/acefootball.com\/da\/wp-content\/uploads\/sites\/2\/2020\/07\/Ace-Football-30-07-2020-2.png\",\"contentUrl\":\"https:\/\/acefootball.com\/da\/wp-content\/uploads\/sites\/2\/2020\/07\/Ace-Football-30-07-2020-2.png\",\"width\":1200,\"height\":600,\"caption\":\"Ace Football\"},\"image\":{\"@id\":\"https:\/\/acefootball.com\/da\/#logo\"}},{\"@type\":\"WebSite\",\"@id\":\"https:\/\/acefootball.com\/da\/#website\",\"url\":\"https:\/\/acefootball.com\/da\/\",\"name\":\"Ace Football Danmark\",\"description\":\"Nyheder, Spiltips &amp; Livescore\",\"publisher\":{\"@id\":\"https:\/\/acefootball.com\/da\/#organization\"},\"potentialAction\":[{\"@type\":\"SearchAction\",\"target\":{\"@type\":\"EntryPoint\",\"urlTemplate\":\"https:\/\/acefootball.com\/da\/?s={search_term_string}\"},\"query-input\":\"required name=search_term_string\"}],\"inLanguage\":\"en-US\"},{\"@type\":\"ImageObject\",\"@id\":\"https:\/\/acefootball.com\/da\/fodboldnyheder\/eksperter-og-fans-raser-mod-city-stjerne-respektloest-og-uacceptabelt\/#primaryimage\",\"inLanguage\":\"en-US\",\"url\":\"https:\/\/acefootball.com\/da\/wp-content\/uploads\/sites\/2\/2021\/01\/Copy-of-Copy-of-Ace-3.jpg\",\"contentUrl\":\"https:\/\/acefootball.com\/da\/wp-content\/uploads\/sites\/2\/2021\/01\/Copy-of-Copy-of-Ace-3.jpg\",\"width\":1920,\"height\":1008},{\"@type\":\"WebPage\",\"@id\":\"https:\/\/acefootball.com\/da\/fodboldnyheder\/eksperter-og-fans-raser-mod-city-stjerne-respektloest-og-uacceptabelt\/#webpage\",\"url\":\"https:\/\/acefootball.com\/da\/fodboldnyheder\/eksperter-og-fans-raser-mod-city-stjerne-respektloest-og-uacceptabelt\/\",\"name\":\"Eksperter og fans raser mod City-stjerne: Respektl\u00f8st og uacceptabelt\",\"isPartOf\":{\"@id\":\"https:\/\/acefootball.com\/da\/#website\"},\"primaryImageOfPage\":{\"@id\":\"https:\/\/acefootball.com\/da\/fodboldnyheder\/eksperter-og-fans-raser-mod-city-stjerne-respektloest-og-uacceptabelt\/#primaryimage\"},\"datePublished\":\"2021-01-03T14:22:53+00:00\",\"dateModified\":\"2021-01-03T14:37:38+00:00\",\"description\":\"Manchester City er lige nu ved at finde ud af, hvad de skal g\u00f8re med den dyre ventre back Benjamin Mendy, der har holdt fest trods forbuddet\",\"breadcrumb\":{\"@id\":\"https:\/\/acefootball.com\/da\/fodboldnyheder\/eksperter-og-fans-raser-mod-city-stjerne-respektloest-og-uacceptabelt\/#breadcrumb\"},\"inLanguage\":\"en-US\",\"potentialAction\":[{\"@type\":\"ReadAction\",\"target\":[\"https:\/\/acefootball.com\/da\/fodboldnyheder\/eksperter-og-fans-raser-mod-city-stjerne-respektloest-og-uacceptabelt\/\"]}]},{\"@type\":\"BreadcrumbList\",\"@id\":\"https:\/\/acefootball.com\/da\/fodboldnyheder\/eksperter-og-fans-raser-mod-city-stjerne-respektloest-og-uacceptabelt\/#breadcrumb\",\"itemListElement\":[{\"@type\":\"ListItem\",\"position\":1,\"name\":\"Home\",\"item\":\"https:\/\/acefootball.com\/da\/\"},{\"@type\":\"ListItem\",\"position\":2,\"name\":\"Eksperter og fans raser mod City-stjerne: Respektl\u00f8st og uacceptabelt\"}]},{\"@type\":\"Article\",\"@id\":\"https:\/\/acefootball.com\/da\/fodboldnyheder\/eksperter-og-fans-raser-mod-city-stjerne-respektloest-og-uacceptabelt\/#article\",\"isPartOf\":{\"@id\":\"https:\/\/acefootball.com\/da\/fodboldnyheder\/eksperter-og-fans-raser-mod-city-stjerne-respektloest-og-uacceptabelt\/#webpage\"},\"author\":{\"@id\":\"https:\/\/acefootball.com\/da\/#\/schema\/person\/fd6223a1c033400b41da7853ddf88c84\"},\"headline\":\"Eksperter og fans raser mod City-stjerne: Respektl\u00f8st og uacceptabelt\",\"datePublished\":\"2021-01-03T14:22:53+00:00\",\"dateModified\":\"2021-01-03T14:37:38+00:00\",\"mainEntityOfPage\":{\"@id\":\"https:\/\/acefootball.com\/da\/fodboldnyheder\/eksperter-og-fans-raser-mod-city-stjerne-respektloest-og-uacceptabelt\/#webpage\"},\"wordCount\":209,\"commentCount\":0,\"publisher\":{\"@id\":\"https:\/\/acefootball.com\/da\/#organization\"},\"image\":{\"@id\":\"https:\/\/acefootball.com\/da\/fodboldnyheder\/eksperter-og-fans-raser-mod-city-stjerne-respektloest-og-uacceptabelt\/#primaryimage\"},\"thumbnailUrl\":\"https:\/\/acefootball.com\/da\/wp-content\/uploads\/sites\/2\/2021\/01\/GettyImages-1208007625.jpg\",\"keywords\":[\"Benjamin Mendy\",\"Manchester City\",\"Premier League\"],\"articleSection\":[\"Reaktion\"],\"inLanguage\":\"en-US\",\"potentialAction\":[{\"@type\":\"CommentAction\",\"name\":\"Comment\",\"target\":[\"https:\/\/acefootball.com\/da\/fodboldnyheder\/eksperter-og-fans-raser-mod-city-stjerne-respektloest-og-uacceptabelt\/#respond\"]}]},{\"@type\":\"Person\",\"@id\":\"https:\/\/acefootball.com\/da\/#\/schema\/person\/fd6223a1c033400b41da7853ddf88c84\",\"name\":\"Patrick Hesselb\u00e6k\",\"image\":{\"@type\":\"ImageObject\",\"@id\":\"https:\/\/acefootball.com\/da\/#personlogo\",\"inLanguage\":\"en-US\",\"url\":\"https:\/\/secure.gravatar.com\/avatar\/7919060992759bffbffb199d6cbdce6f?s=96&d=mm&r=g\",\"contentUrl\":\"https:\/\/secure.gravatar.com\/avatar\/7919060992759bffbffb199d6cbdce6f?s=96&d=mm&r=g\",\"caption\":\"Patrick Hesselb\u00e6k\"},\"description\":\"Redakt\u00f8r p\u00e5 den danske Ace Football-redaktion. Uddannet i kommunikation fra Aalborg Universitet. Prim\u00e6rt fokus p\u00e5 den danske 3F Superliga og de st\u00f8rste europ\u00e6iske turneringer.\",\"sameAs\":[\"https:\/\/www.linkedin.com\/in\/patrick-hesselbk-2a4b1711a\/\"],\"url\":\"https:\/\/acefootball.com\/da\/fodboldnyheder\/author\/patrickhesselbaek\/\"}]}<\/script>\n<!-- \/ Yoast SEO plugin. -->","yoast_head_json":{"title":"Eksperter og fans raser mod City-stjerne: Respektl\u00f8st og uacceptabelt","description":"Manchester City er lige nu ved at finde ud af, hvad de skal g\u00f8re med den dyre ventre back Benjamin Mendy, der har holdt fest trods forbuddet","robots":{"index":"index","follow":"follow","max-snippet":"max-snippet:-1","max-image-preview":"max-image-preview:large","max-video-preview":"max-video-preview:-1"},"canonical":"https:\/\/acefootball.com\/da\/fodboldnyheder\/eksperter-og-fans-raser-mod-city-stjerne-respektloest-og-uacceptabelt\/","og_locale":"en_US","og_type":"article","og_title":"Eksperter og fans raser mod City-stjerne: Respektl\u00f8st og uacceptabelt","og_description":"Manchester City er lige nu ved at finde ud af, hvad de skal g\u00f8re med den dyre ventre back Benjamin Mendy, der har holdt fest trods forbuddet","og_url":"https:\/\/acefootball.com\/da\/fodboldnyheder\/eksperter-og-fans-raser-mod-city-stjerne-respektloest-og-uacceptabelt\/","og_site_name":"Ace Football Danmark","article_publisher":"https:\/\/www.facebook.com\/acefootballdk","article_published_time":"2021-01-03T14:22:53+00:00","article_modified_time":"2021-01-03T14:37:38+00:00","og_image":[{"width":1920,"height":1008,"url":"https:\/\/acefootball.com\/da\/wp-content\/uploads\/sites\/2\/2021\/01\/Copy-of-Copy-of-Ace-3.jpg","type":"image\/jpeg"}],"twitter_card":"summary_large_image","twitter_misc":{"Written by":"Patrick Hesselb\u00e6k","Est. reading time":"1 minute"},"schema":{"@context":"https:\/\/schema.org","@graph":[{"@type":"Organization","@id":"https:\/\/acefootball.com\/da\/#organization","name":"Ace Football","url":"https:\/\/acefootball.com\/da\/","sameAs":["https:\/\/www.facebook.com\/acefootballdk"],"logo":{"@type":"ImageObject","@id":"https:\/\/acefootball.com\/da\/#logo","inLanguage":"en-US","url":"https:\/\/acefootball.com\/da\/wp-content\/uploads\/sites\/2\/2020\/07\/Ace-Football-30-07-2020-2.png","contentUrl":"https:\/\/acefootball.com\/da\/wp-content\/uploads\/sites\/2\/2020\/07\/Ace-Football-30-07-2020-2.png","width":1200,"height":600,"caption":"Ace Football"},"image":{"@id":"https:\/\/acefootball.com\/da\/#logo"}},{"@type":"WebSite","@id":"https:\/\/acefootball.com\/da\/#website","url":"https:\/\/acefootball.com\/da\/","name":"Ace Football Danmark","description":"Nyheder, Spiltips &amp; Livescore","publisher":{"@id":"https:\/\/acefootball.com\/da\/#organization"},"potentialAction":[{"@type":"SearchAction","target":{"@type":"EntryPoint","urlTemplate":"https:\/\/acefootball.com\/da\/?s={search_term_string}"},"query-input":"required name=search_term_string"}],"inLanguage":"en-US"},{"@type":"ImageObject","@id":"https:\/\/acefootball.com\/da\/fodboldnyheder\/eksperter-og-fans-raser-mod-city-stjerne-respektloest-og-uacceptabelt\/#primaryimage","inLanguage":"en-US","url":"https:\/\/acefootball.com\/da\/wp-content\/uploads\/sites\/2\/2021\/01\/Copy-of-Copy-of-Ace-3.jpg","contentUrl":"https:\/\/acefootball.com\/da\/wp-content\/uploads\/sites\/2\/2021\/01\/Copy-of-Copy-of-Ace-3.jpg","width":1920,"height":1008},{"@type":"WebPage","@id":"https:\/\/acefootball.com\/da\/fodboldnyheder\/eksperter-og-fans-raser-mod-city-stjerne-respektloest-og-uacceptabelt\/#webpage","url":"https:\/\/acefootball.com\/da\/fodboldnyheder\/eksperter-og-fans-raser-mod-city-stjerne-respektloest-og-uacceptabelt\/","name":"Eksperter og fans raser mod City-stjerne: Respektl\u00f8st og uacceptabelt","isPartOf":{"@id":"https:\/\/acefootball.com\/da\/#website"},"primaryImageOfPage":{"@id":"https:\/\/acefootball.com\/da\/fodboldnyheder\/eksperter-og-fans-raser-mod-city-stjerne-respektloest-og-uacceptabelt\/#primaryimage"},"datePublished":"2021-01-03T14:22:53+00:00","dateModified":"2021-01-03T14:37:38+00:00","description":"Manchester City er lige nu ved at finde ud af, hvad de skal g\u00f8re med den dyre ventre back Benjamin Mendy, der har holdt fest trods forbuddet","breadcrumb":{"@id":"https:\/\/acefootball.com\/da\/fodboldnyheder\/eksperter-og-fans-raser-mod-city-stjerne-respektloest-og-uacceptabelt\/#breadcrumb"},"inLanguage":"en-US","potentialAction":[{"@type":"ReadAction","target":["https:\/\/acefootball.com\/da\/fodboldnyheder\/eksperter-og-fans-raser-mod-city-stjerne-respektloest-og-uacceptabelt\/"]}]},{"@type":"BreadcrumbList","@id":"https:\/\/acefootball.com\/da\/fodboldnyheder\/eksperter-og-fans-raser-mod-city-stjerne-respektloest-og-uacceptabelt\/#breadcrumb","itemListElement":[{"@type":"ListItem","position":1,"name":"Home","item":"https:\/\/acefootball.com\/da\/"},{"@type":"ListItem","position":2,"name":"Eksperter og fans raser mod City-stjerne: Respektl\u00f8st og uacceptabelt"}]},{"@type":"Article","@id":"https:\/\/acefootball.com\/da\/fodboldnyheder\/eksperter-og-fans-raser-mod-city-stjerne-respektloest-og-uacceptabelt\/#article","isPartOf":{"@id":"https:\/\/acefootball.com\/da\/fodboldnyheder\/eksperter-og-fans-raser-mod-city-stjerne-respektloest-og-uacceptabelt\/#webpage"},"author":{"@id":"https:\/\/acefootball.com\/da\/#\/schema\/person\/fd6223a1c033400b41da7853ddf88c84"},"headline":"Eksperter og fans raser mod City-stjerne: Respektl\u00f8st og uacceptabelt","datePublished":"2021-01-03T14:22:53+00:00","dateModified":"2021-01-03T14:37:38+00:00","mainEntityOfPage":{"@id":"https:\/\/acefootball.com\/da\/fodboldnyheder\/eksperter-og-fans-raser-mod-city-stjerne-respektloest-og-uacceptabelt\/#webpage"},"wordCount":209,"commentCount":0,"publisher":{"@id":"https:\/\/acefootball.com\/da\/#organization"},"image":{"@id":"https:\/\/acefootball.com\/da\/fodboldnyheder\/eksperter-og-fans-raser-mod-city-stjerne-respektloest-og-uacceptabelt\/#primaryimage"},"thumbnailUrl":"https:\/\/acefootball.com\/da\/wp-content\/uploads\/sites\/2\/2021\/01\/GettyImages-1208007625.jpg","keywords":["Benjamin Mendy","Manchester City","Premier League"],"articleSection":["Reaktion"],"inLanguage":"en-US","potentialAction":[{"@type":"CommentAction","name":"Comment","target":["https:\/\/acefootball.com\/da\/fodboldnyheder\/eksperter-og-fans-raser-mod-city-stjerne-respektloest-og-uacceptabelt\/#respond"]}]},{"@type":"Person","@id":"https:\/\/acefootball.com\/da\/#\/schema\/person\/fd6223a1c033400b41da7853ddf88c84","name":"Patrick Hesselb\u00e6k","image":{"@type":"ImageObject","@id":"https:\/\/acefootball.com\/da\/#personlogo","inLanguage":"en-US","url":"https:\/\/secure.gravatar.com\/avatar\/7919060992759bffbffb199d6cbdce6f?s=96&d=mm&r=g","contentUrl":"https:\/\/secure.gravatar.com\/avatar\/7919060992759bffbffb199d6cbdce6f?s=96&d=mm&r=g","caption":"Patrick Hesselb\u00e6k"},"description":"Redakt\u00f8r p\u00e5 den danske Ace Football-redaktion. Uddannet i kommunikation fra Aalborg Universitet. Prim\u00e6rt fokus p\u00e5 den danske 3F Superliga og de st\u00f8rste europ\u00e6iske turneringer.","sameAs":["https:\/\/www.linkedin.com\/in\/patrick-hesselbk-2a4b1711a\/"],"url":"https:\/\/acefootball.com\/da\/fodboldnyheder\/author\/patrickhesselbaek\/"}]}},"fimg_url":"https:\/\/acefootball.com\/da\/wp-content\/uploads\/sites\/2\/2021\/01\/GettyImages-1208007625.jpg","_links":{"self":[{"href":"https:\/\/acefootball.com\/da\/wp-json\/wp\/v2\/posts\/247330"}],"collection":[{"href":"https:\/\/acefootball.com\/da\/wp-json\/wp\/v2\/posts"}],"about":[{"href":"https:\/\/acefootball.com\/da\/wp-json\/wp\/v2\/types\/post"}],"author":[{"embeddable":true,"href":"https:\/\/acefootball.com\/da\/wp-json\/wp\/v2\/users\/74"}],"replies":[{"embeddable":true,"href":"https:\/\/acefootball.com\/da\/wp-json\/wp\/v2\/comments?post=247330"}],"version-history":[{"count":0,"href":"https:\/\/acefootball.com\/da\/wp-json\/wp\/v2\/posts\/247330\/revisions"}],"wp:featuredmedia":[{"embeddable":true,"href":"https:\/\/acefootball.com\/da\/wp-json\/wp\/v2\/media\/247337"}],"wp:attachment":[{"href":"https:\/\/acefootball.com\/da\/wp-json\/wp\/v2\/media?parent=247330"}],"wp:term":[{"taxonomy":"category","embeddable":true,"href":"https:\/\/acefootball.com\/da\/wp-json\/wp\/v2\/categories?post=247330"},{"taxonomy":"post_tag","embeddable":true,"href":"https:\/\/acefootball.com\/da\/wp-json\/wp\/v2\/tags?post=247330"}],"curies":[{"name":"wp","href":"https:\/\/api.w.org\/{rel}","templated":true}]}}