{"id":247308,"date":"2021-01-02T17:45:54","date_gmt":"2021-01-02T16:45:54","guid":{"rendered":"https:\/\/acefootball.com\/da\/?p=247308"},"modified":"2021-01-02T17:49:32","modified_gmt":"2021-01-02T16:49:32","slug":"afgjorde-cl-finalen-med-panden-jeg-er-bange-for-at-lave-hovedstoed","status":"publish","type":"post","link":"https:\/\/acefootball.com\/da\/fodboldnyheder\/afgjorde-cl-finalen-med-panden-jeg-er-bange-for-at-lave-hovedstoed\/","title":{"rendered":"Afgjorde CL-finalen med panden: &#8220;Jeg er bange for at lave hovedst\u00f8d&#8221;"},"content":{"rendered":"\n<h2 id=\"h-kingsley-coman-afgjorde-champions-league-finalen-med-et-hovedst-dsm-l-men-det-var-ikke-nogen-rar-oplevelse\">Kingsley Coman afgjorde Champions League-finalen med et hovedst\u00f8dsm\u00e5l, men det var ikke nogen rar oplevelse<\/h2>\n\n\n\n<p>N\u00e5r bolden er ved f\u00f8dderne, er der ikke mange, der kan stoppe Kingsley Coman, men snakken er en helt anden, n\u00e5r den kommer op i luften.<\/p>\n\n\n\n<p>Her holder Bayern M\u00fcnchen-stjernen sig som oftest v\u00e6k af den simple grund, at han er bange for at lave hovedst\u00f8d.<\/p>\n\n\n\n<p>&#8220;Jeg bliver bange, n\u00e5r jeg skal lave hovedst\u00f8d, og mine holdkammerater g\u00f8r grin med det,&#8221; fort\u00e6ller Coman til <a href=\"https:\/\/sportbild.bild.de\/bundesliga\/vereine\/bayern-muenchen\/habe-immer-diesen-reflex-coman-darueber-machen-sich-meine-teamkollegen-lustig-74700094.sport.html\" target=\"_blank\" rel=\"noreferrer noopener\">Bild<\/a>.<\/p>\n\n\n\n<p>I sommerens Champions League-finale mod PSG blev det dog alligevel n\u00f8dvendigt. Her scorede Coman det afg\u00f8rende m\u00e5l til 1-0, og det var netop med pandebrasken, at kuglen blev sendt i nettet.<\/p>\n\n\n\n\n        <div class=\"svf-video-single only-video\">\n            <div class=\"svf-video-container svf-embedded embedded\">\n                <script>(function(){const el = document.createElement('iframe');el.allow = 'autoplay';el.frameBorder = '0';el.classList.add('svf-video');el.allowFullscreen = true;document.currentScript.parentNode.style.display = 'none';el.src = \"https:\/\/www.viafree.dk\/embed\/sport\/id\/aa029753-29ca-4eb7-84ed-6aa72d3cae9f?partnerId=a788403f-2c83-488f-adb0-2650ac7278a3\";el.addEventListener( 'load', function(){ this.parentNode.style.display = ''; });document.currentScript.parentNode.insertBefore(el, document.currentScript.nextSibling);})();<\/script>\n                <noscript><iframe allow=\"autoplay\" allowfullscreen frameborder=\"0\" class=\"svf-video\" src=\"https:\/\/www.viafree.dk\/embed\/sport\/id\/aa029753-29ca-4eb7-84ed-6aa72d3cae9f?partnerId=a788403f-2c83-488f-adb0-2650ac7278a3\"><\/iframe><\/noscript>\n            <\/div>\n                    <\/div>\n        \n\n\n\n<p><\/p>\n\n\n\n<p>&#8220;Man kan se det p\u00e5 billederne. Jeg lukkede \u00f8jnene, da jeg headede til bolden. Det kommer helt naturligt som en refleks. Jeg pr\u00f8ver at holde dem \u00e5bne, men refleksen kommer altid.&#8221;<\/p>\n\n\n\n<p>&#8220;Dagen inden kampen \u00f8vede vi afslutninger, og jeg scorede ikke p\u00e5 et eneste hovedst\u00f8d.&#8221;<\/p>\n\n\n\n<p>Kingsley Coman og Bayern M\u00fcnchen \u00e5bner 2021 med en kamp mod Mainz s\u00f8ndag aften.<\/p>\n","protected":false},"excerpt":{"rendered":"<p>Kingsley Coman afgjorde Champions League-finalen med et hovedst\u00f8dsm\u00e5l, men det var ikke nogen rar oplevelse<\/p>\n","protected":false},"author":705,"featured_media":234903,"comment_status":"open","ping_status":"closed","sticky":false,"template":"","format":"standard","meta":{"om_disable_all_campaigns":false,"push_articles_ronaldo":{"active":false,"canonical":0,"publish":false},"force_updates":null},"categories":[8204],"tags":[74,143,206,2674],"enet_tags":{"team":["9823"],"league":["54","42"],"player":["429265"],"sport_events":[]},"yoast_head":"<!-- This site is optimized with the Yoast SEO plugin v18.3 - https:\/\/yoast.com\/wordpress\/plugins\/seo\/ -->\n<title>Afgjorde CL-finalen med panden: &quot;Jeg er bange for at lave hovedst\u00f8d&quot;<\/title>\n<meta name=\"description\" content=\"Kingsley Coman afgjorde Champions League-finalen med et hovedst\u00f8dsm\u00e5l, men det var ikke nogen rar oplevelse\" \/>\n<meta name=\"robots\" content=\"index, follow, max-snippet:-1, max-image-preview:large, max-video-preview:-1\" \/>\n<link rel=\"canonical\" href=\"https:\/\/acefootball.com\/da\/fodboldnyheder\/afgjorde-cl-finalen-med-panden-jeg-er-bange-for-at-lave-hovedstoed\/\" \/>\n<meta property=\"og:locale\" content=\"en_US\" \/>\n<meta property=\"og:type\" content=\"article\" \/>\n<meta property=\"og:title\" content=\"Afgjorde CL-finalen med panden: &quot;Jeg er bange for at lave hovedst\u00f8d&quot;\" \/>\n<meta property=\"og:description\" content=\"Kingsley Coman afgjorde Champions League-finalen med et hovedst\u00f8dsm\u00e5l, men det var ikke nogen rar oplevelse\" \/>\n<meta property=\"og:url\" content=\"https:\/\/acefootball.com\/da\/fodboldnyheder\/afgjorde-cl-finalen-med-panden-jeg-er-bange-for-at-lave-hovedstoed\/\" \/>\n<meta property=\"og:site_name\" content=\"Ace Football Danmark\" \/>\n<meta property=\"article:publisher\" content=\"https:\/\/www.facebook.com\/acefootballdk\" \/>\n<meta property=\"article:published_time\" content=\"2021-01-02T16:45:54+00:00\" \/>\n<meta property=\"article:modified_time\" content=\"2021-01-02T16:49:32+00:00\" \/>\n<meta property=\"og:image\" content=\"https:\/\/acefootball.com\/da\/wp-content\/uploads\/sites\/2\/2021\/01\/Copy-of-Ace-6.jpg\" \/>\n\t<meta property=\"og:image:width\" content=\"1920\" \/>\n\t<meta property=\"og:image:height\" content=\"1008\" \/>\n\t<meta property=\"og:image:type\" content=\"image\/jpeg\" \/>\n<meta name=\"twitter:card\" content=\"summary_large_image\" \/>\n<meta name=\"twitter:label1\" content=\"Written by\" \/>\n\t<meta name=\"twitter:data1\" content=\"Mads Dreyer\" \/>\n\t<meta name=\"twitter:label2\" content=\"Est. reading time\" \/>\n\t<meta name=\"twitter:data2\" content=\"1 minute\" \/>\n<script type=\"application\/ld+json\" class=\"yoast-schema-graph\">{\"@context\":\"https:\/\/schema.org\",\"@graph\":[{\"@type\":\"Organization\",\"@id\":\"https:\/\/acefootball.com\/da\/#organization\",\"name\":\"Ace Football\",\"url\":\"https:\/\/acefootball.com\/da\/\",\"sameAs\":[\"https:\/\/www.facebook.com\/acefootballdk\"],\"logo\":{\"@type\":\"ImageObject\",\"@id\":\"https:\/\/acefootball.com\/da\/#logo\",\"inLanguage\":\"en-US\",\"url\":\"https:\/\/acefootball.com\/da\/wp-content\/uploads\/sites\/2\/2020\/07\/Ace-Football-30-07-2020-2.png\",\"contentUrl\":\"https:\/\/acefootball.com\/da\/wp-content\/uploads\/sites\/2\/2020\/07\/Ace-Football-30-07-2020-2.png\",\"width\":1200,\"height\":600,\"caption\":\"Ace Football\"},\"image\":{\"@id\":\"https:\/\/acefootball.com\/da\/#logo\"}},{\"@type\":\"WebSite\",\"@id\":\"https:\/\/acefootball.com\/da\/#website\",\"url\":\"https:\/\/acefootball.com\/da\/\",\"name\":\"Ace Football Danmark\",\"description\":\"Nyheder, Spiltips &amp; Livescore\",\"publisher\":{\"@id\":\"https:\/\/acefootball.com\/da\/#organization\"},\"potentialAction\":[{\"@type\":\"SearchAction\",\"target\":{\"@type\":\"EntryPoint\",\"urlTemplate\":\"https:\/\/acefootball.com\/da\/?s={search_term_string}\"},\"query-input\":\"required name=search_term_string\"}],\"inLanguage\":\"en-US\"},{\"@type\":\"ImageObject\",\"@id\":\"https:\/\/acefootball.com\/da\/fodboldnyheder\/afgjorde-cl-finalen-med-panden-jeg-er-bange-for-at-lave-hovedstoed\/#primaryimage\",\"inLanguage\":\"en-US\",\"url\":\"https:\/\/acefootball.com\/da\/wp-content\/uploads\/sites\/2\/2021\/01\/Copy-of-Ace-6.jpg\",\"contentUrl\":\"https:\/\/acefootball.com\/da\/wp-content\/uploads\/sites\/2\/2021\/01\/Copy-of-Ace-6.jpg\",\"width\":1920,\"height\":1008},{\"@type\":\"WebPage\",\"@id\":\"https:\/\/acefootball.com\/da\/fodboldnyheder\/afgjorde-cl-finalen-med-panden-jeg-er-bange-for-at-lave-hovedstoed\/#webpage\",\"url\":\"https:\/\/acefootball.com\/da\/fodboldnyheder\/afgjorde-cl-finalen-med-panden-jeg-er-bange-for-at-lave-hovedstoed\/\",\"name\":\"Afgjorde CL-finalen med panden: \\\"Jeg er bange for at lave hovedst\u00f8d\\\"\",\"isPartOf\":{\"@id\":\"https:\/\/acefootball.com\/da\/#website\"},\"primaryImageOfPage\":{\"@id\":\"https:\/\/acefootball.com\/da\/fodboldnyheder\/afgjorde-cl-finalen-med-panden-jeg-er-bange-for-at-lave-hovedstoed\/#primaryimage\"},\"datePublished\":\"2021-01-02T16:45:54+00:00\",\"dateModified\":\"2021-01-02T16:49:32+00:00\",\"description\":\"Kingsley Coman afgjorde Champions League-finalen med et hovedst\u00f8dsm\u00e5l, men det var ikke nogen rar oplevelse\",\"breadcrumb\":{\"@id\":\"https:\/\/acefootball.com\/da\/fodboldnyheder\/afgjorde-cl-finalen-med-panden-jeg-er-bange-for-at-lave-hovedstoed\/#breadcrumb\"},\"inLanguage\":\"en-US\",\"potentialAction\":[{\"@type\":\"ReadAction\",\"target\":[\"https:\/\/acefootball.com\/da\/fodboldnyheder\/afgjorde-cl-finalen-med-panden-jeg-er-bange-for-at-lave-hovedstoed\/\"]}]},{\"@type\":\"BreadcrumbList\",\"@id\":\"https:\/\/acefootball.com\/da\/fodboldnyheder\/afgjorde-cl-finalen-med-panden-jeg-er-bange-for-at-lave-hovedstoed\/#breadcrumb\",\"itemListElement\":[{\"@type\":\"ListItem\",\"position\":1,\"name\":\"Home\",\"item\":\"https:\/\/acefootball.com\/da\/\"},{\"@type\":\"ListItem\",\"position\":2,\"name\":\"Afgjorde CL-finalen med panden: &#8220;Jeg er bange for at lave hovedst\u00f8d&#8221;\"}]},{\"@type\":\"Article\",\"@id\":\"https:\/\/acefootball.com\/da\/fodboldnyheder\/afgjorde-cl-finalen-med-panden-jeg-er-bange-for-at-lave-hovedstoed\/#article\",\"isPartOf\":{\"@id\":\"https:\/\/acefootball.com\/da\/fodboldnyheder\/afgjorde-cl-finalen-med-panden-jeg-er-bange-for-at-lave-hovedstoed\/#webpage\"},\"author\":{\"@id\":\"https:\/\/acefootball.com\/da\/#\/schema\/person\/ee67e9cf04a276f144100ffa722f10cd\"},\"headline\":\"Afgjorde CL-finalen med panden: &#8220;Jeg er bange for at lave hovedst\u00f8d&#8221;\",\"datePublished\":\"2021-01-02T16:45:54+00:00\",\"dateModified\":\"2021-01-02T16:49:32+00:00\",\"mainEntityOfPage\":{\"@id\":\"https:\/\/acefootball.com\/da\/fodboldnyheder\/afgjorde-cl-finalen-med-panden-jeg-er-bange-for-at-lave-hovedstoed\/#webpage\"},\"wordCount\":215,\"commentCount\":0,\"publisher\":{\"@id\":\"https:\/\/acefootball.com\/da\/#organization\"},\"image\":{\"@id\":\"https:\/\/acefootball.com\/da\/fodboldnyheder\/afgjorde-cl-finalen-med-panden-jeg-er-bange-for-at-lave-hovedstoed\/#primaryimage\"},\"thumbnailUrl\":\"https:\/\/acefootball.com\/da\/wp-content\/uploads\/sites\/2\/2020\/08\/GettyImages-1268071830.jpg\",\"keywords\":[\"Bayern M\u00fcnchen\",\"Bundesliga\",\"Champions League\",\"Kingsley Coman\"],\"articleSection\":[\"Udtalelse\"],\"inLanguage\":\"en-US\",\"potentialAction\":[{\"@type\":\"CommentAction\",\"name\":\"Comment\",\"target\":[\"https:\/\/acefootball.com\/da\/fodboldnyheder\/afgjorde-cl-finalen-med-panden-jeg-er-bange-for-at-lave-hovedstoed\/#respond\"]}]},{\"@type\":\"Person\",\"@id\":\"https:\/\/acefootball.com\/da\/#\/schema\/person\/ee67e9cf04a276f144100ffa722f10cd\",\"name\":\"Mads Dreyer\",\"image\":{\"@type\":\"ImageObject\",\"@id\":\"https:\/\/acefootball.com\/da\/#personlogo\",\"inLanguage\":\"en-US\",\"url\":\"https:\/\/secure.gravatar.com\/avatar\/7c7abf72cfde9902b6a60efe60c88d4c?s=96&d=mm&r=g\",\"contentUrl\":\"https:\/\/secure.gravatar.com\/avatar\/7c7abf72cfde9902b6a60efe60c88d4c?s=96&d=mm&r=g\",\"caption\":\"Mads Dreyer\"},\"description\":\"Skribent og fodboldn\u00f8rd, der lige nu fort\u00e6ller om alt og intet i fodboldverdenen p\u00e5 acefootball.com. Uddannet i kommunikation fra Aalborg Universitet.\",\"sameAs\":[\"https:\/\/www.linkedin.com\/in\/mads-dreyer-b9b08266\/\"],\"url\":\"https:\/\/acefootball.com\/da\/fodboldnyheder\/author\/mdnronaldo\/\"}]}<\/script>\n<!-- \/ Yoast SEO plugin. -->","yoast_head_json":{"title":"Afgjorde CL-finalen med panden: \"Jeg er bange for at lave hovedst\u00f8d\"","description":"Kingsley Coman afgjorde Champions League-finalen med et hovedst\u00f8dsm\u00e5l, men det var ikke nogen rar oplevelse","robots":{"index":"index","follow":"follow","max-snippet":"max-snippet:-1","max-image-preview":"max-image-preview:large","max-video-preview":"max-video-preview:-1"},"canonical":"https:\/\/acefootball.com\/da\/fodboldnyheder\/afgjorde-cl-finalen-med-panden-jeg-er-bange-for-at-lave-hovedstoed\/","og_locale":"en_US","og_type":"article","og_title":"Afgjorde CL-finalen med panden: \"Jeg er bange for at lave hovedst\u00f8d\"","og_description":"Kingsley Coman afgjorde Champions League-finalen med et hovedst\u00f8dsm\u00e5l, men det var ikke nogen rar oplevelse","og_url":"https:\/\/acefootball.com\/da\/fodboldnyheder\/afgjorde-cl-finalen-med-panden-jeg-er-bange-for-at-lave-hovedstoed\/","og_site_name":"Ace Football Danmark","article_publisher":"https:\/\/www.facebook.com\/acefootballdk","article_published_time":"2021-01-02T16:45:54+00:00","article_modified_time":"2021-01-02T16:49:32+00:00","og_image":[{"width":1920,"height":1008,"url":"https:\/\/acefootball.com\/da\/wp-content\/uploads\/sites\/2\/2021\/01\/Copy-of-Ace-6.jpg","type":"image\/jpeg"}],"twitter_card":"summary_large_image","twitter_misc":{"Written by":"Mads Dreyer","Est. reading time":"1 minute"},"schema":{"@context":"https:\/\/schema.org","@graph":[{"@type":"Organization","@id":"https:\/\/acefootball.com\/da\/#organization","name":"Ace Football","url":"https:\/\/acefootball.com\/da\/","sameAs":["https:\/\/www.facebook.com\/acefootballdk"],"logo":{"@type":"ImageObject","@id":"https:\/\/acefootball.com\/da\/#logo","inLanguage":"en-US","url":"https:\/\/acefootball.com\/da\/wp-content\/uploads\/sites\/2\/2020\/07\/Ace-Football-30-07-2020-2.png","contentUrl":"https:\/\/acefootball.com\/da\/wp-content\/uploads\/sites\/2\/2020\/07\/Ace-Football-30-07-2020-2.png","width":1200,"height":600,"caption":"Ace Football"},"image":{"@id":"https:\/\/acefootball.com\/da\/#logo"}},{"@type":"WebSite","@id":"https:\/\/acefootball.com\/da\/#website","url":"https:\/\/acefootball.com\/da\/","name":"Ace Football Danmark","description":"Nyheder, Spiltips &amp; Livescore","publisher":{"@id":"https:\/\/acefootball.com\/da\/#organization"},"potentialAction":[{"@type":"SearchAction","target":{"@type":"EntryPoint","urlTemplate":"https:\/\/acefootball.com\/da\/?s={search_term_string}"},"query-input":"required name=search_term_string"}],"inLanguage":"en-US"},{"@type":"ImageObject","@id":"https:\/\/acefootball.com\/da\/fodboldnyheder\/afgjorde-cl-finalen-med-panden-jeg-er-bange-for-at-lave-hovedstoed\/#primaryimage","inLanguage":"en-US","url":"https:\/\/acefootball.com\/da\/wp-content\/uploads\/sites\/2\/2021\/01\/Copy-of-Ace-6.jpg","contentUrl":"https:\/\/acefootball.com\/da\/wp-content\/uploads\/sites\/2\/2021\/01\/Copy-of-Ace-6.jpg","width":1920,"height":1008},{"@type":"WebPage","@id":"https:\/\/acefootball.com\/da\/fodboldnyheder\/afgjorde-cl-finalen-med-panden-jeg-er-bange-for-at-lave-hovedstoed\/#webpage","url":"https:\/\/acefootball.com\/da\/fodboldnyheder\/afgjorde-cl-finalen-med-panden-jeg-er-bange-for-at-lave-hovedstoed\/","name":"Afgjorde CL-finalen med panden: \"Jeg er bange for at lave hovedst\u00f8d\"","isPartOf":{"@id":"https:\/\/acefootball.com\/da\/#website"},"primaryImageOfPage":{"@id":"https:\/\/acefootball.com\/da\/fodboldnyheder\/afgjorde-cl-finalen-med-panden-jeg-er-bange-for-at-lave-hovedstoed\/#primaryimage"},"datePublished":"2021-01-02T16:45:54+00:00","dateModified":"2021-01-02T16:49:32+00:00","description":"Kingsley Coman afgjorde Champions League-finalen med et hovedst\u00f8dsm\u00e5l, men det var ikke nogen rar oplevelse","breadcrumb":{"@id":"https:\/\/acefootball.com\/da\/fodboldnyheder\/afgjorde-cl-finalen-med-panden-jeg-er-bange-for-at-lave-hovedstoed\/#breadcrumb"},"inLanguage":"en-US","potentialAction":[{"@type":"ReadAction","target":["https:\/\/acefootball.com\/da\/fodboldnyheder\/afgjorde-cl-finalen-med-panden-jeg-er-bange-for-at-lave-hovedstoed\/"]}]},{"@type":"BreadcrumbList","@id":"https:\/\/acefootball.com\/da\/fodboldnyheder\/afgjorde-cl-finalen-med-panden-jeg-er-bange-for-at-lave-hovedstoed\/#breadcrumb","itemListElement":[{"@type":"ListItem","position":1,"name":"Home","item":"https:\/\/acefootball.com\/da\/"},{"@type":"ListItem","position":2,"name":"Afgjorde CL-finalen med panden: &#8220;Jeg er bange for at lave hovedst\u00f8d&#8221;"}]},{"@type":"Article","@id":"https:\/\/acefootball.com\/da\/fodboldnyheder\/afgjorde-cl-finalen-med-panden-jeg-er-bange-for-at-lave-hovedstoed\/#article","isPartOf":{"@id":"https:\/\/acefootball.com\/da\/fodboldnyheder\/afgjorde-cl-finalen-med-panden-jeg-er-bange-for-at-lave-hovedstoed\/#webpage"},"author":{"@id":"https:\/\/acefootball.com\/da\/#\/schema\/person\/ee67e9cf04a276f144100ffa722f10cd"},"headline":"Afgjorde CL-finalen med panden: &#8220;Jeg er bange for at lave hovedst\u00f8d&#8221;","datePublished":"2021-01-02T16:45:54+00:00","dateModified":"2021-01-02T16:49:32+00:00","mainEntityOfPage":{"@id":"https:\/\/acefootball.com\/da\/fodboldnyheder\/afgjorde-cl-finalen-med-panden-jeg-er-bange-for-at-lave-hovedstoed\/#webpage"},"wordCount":215,"commentCount":0,"publisher":{"@id":"https:\/\/acefootball.com\/da\/#organization"},"image":{"@id":"https:\/\/acefootball.com\/da\/fodboldnyheder\/afgjorde-cl-finalen-med-panden-jeg-er-bange-for-at-lave-hovedstoed\/#primaryimage"},"thumbnailUrl":"https:\/\/acefootball.com\/da\/wp-content\/uploads\/sites\/2\/2020\/08\/GettyImages-1268071830.jpg","keywords":["Bayern M\u00fcnchen","Bundesliga","Champions League","Kingsley Coman"],"articleSection":["Udtalelse"],"inLanguage":"en-US","potentialAction":[{"@type":"CommentAction","name":"Comment","target":["https:\/\/acefootball.com\/da\/fodboldnyheder\/afgjorde-cl-finalen-med-panden-jeg-er-bange-for-at-lave-hovedstoed\/#respond"]}]},{"@type":"Person","@id":"https:\/\/acefootball.com\/da\/#\/schema\/person\/ee67e9cf04a276f144100ffa722f10cd","name":"Mads Dreyer","image":{"@type":"ImageObject","@id":"https:\/\/acefootball.com\/da\/#personlogo","inLanguage":"en-US","url":"https:\/\/secure.gravatar.com\/avatar\/7c7abf72cfde9902b6a60efe60c88d4c?s=96&d=mm&r=g","contentUrl":"https:\/\/secure.gravatar.com\/avatar\/7c7abf72cfde9902b6a60efe60c88d4c?s=96&d=mm&r=g","caption":"Mads Dreyer"},"description":"Skribent og fodboldn\u00f8rd, der lige nu fort\u00e6ller om alt og intet i fodboldverdenen p\u00e5 acefootball.com. Uddannet i kommunikation fra Aalborg Universitet.","sameAs":["https:\/\/www.linkedin.com\/in\/mads-dreyer-b9b08266\/"],"url":"https:\/\/acefootball.com\/da\/fodboldnyheder\/author\/mdnronaldo\/"}]}},"fimg_url":"https:\/\/acefootball.com\/da\/wp-content\/uploads\/sites\/2\/2020\/08\/GettyImages-1268071830.jpg","_links":{"self":[{"href":"https:\/\/acefootball.com\/da\/wp-json\/wp\/v2\/posts\/247308"}],"collection":[{"href":"https:\/\/acefootball.com\/da\/wp-json\/wp\/v2\/posts"}],"about":[{"href":"https:\/\/acefootball.com\/da\/wp-json\/wp\/v2\/types\/post"}],"author":[{"embeddable":true,"href":"https:\/\/acefootball.com\/da\/wp-json\/wp\/v2\/users\/705"}],"replies":[{"embeddable":true,"href":"https:\/\/acefootball.com\/da\/wp-json\/wp\/v2\/comments?post=247308"}],"version-history":[{"count":0,"href":"https:\/\/acefootball.com\/da\/wp-json\/wp\/v2\/posts\/247308\/revisions"}],"wp:featuredmedia":[{"embeddable":true,"href":"https:\/\/acefootball.com\/da\/wp-json\/wp\/v2\/media\/234903"}],"wp:attachment":[{"href":"https:\/\/acefootball.com\/da\/wp-json\/wp\/v2\/media?parent=247308"}],"wp:term":[{"taxonomy":"category","embeddable":true,"href":"https:\/\/acefootball.com\/da\/wp-json\/wp\/v2\/categories?post=247308"},{"taxonomy":"post_tag","embeddable":true,"href":"https:\/\/acefootball.com\/da\/wp-json\/wp\/v2\/tags?post=247308"}],"curies":[{"name":"wp","href":"https:\/\/api.w.org\/{rel}","templated":true}]}}