{"id":247111,"date":"2020-12-26T17:30:50","date_gmt":"2020-12-26T16:30:50","guid":{"rendered":"https:\/\/acefootball.com\/da\/?p=247111"},"modified":"2020-12-26T17:33:19","modified_gmt":"2020-12-26T16:33:19","slug":"agf-polak-kommenterer-paa-rygaard-handel-svaert-at-forstaa","status":"publish","type":"post","link":"https:\/\/acefootball.com\/da\/fodboldnyheder\/agf-polak-kommenterer-paa-rygaard-handel-svaert-at-forstaa\/","title":{"rendered":"AGF-polak kommenterer p\u00e5 Rygaard-handel: &#8220;Sv\u00e6rt at forst\u00e5&#8221;"},"content":{"rendered":"\n<h2 id=\"h-mikkel-rygaards-skifte-fra-fc-nordsj-lland-til-den-polske-1-division-overrasker-agf-m-lmand-kamil-grabara\">Mikkel Rygaards skifte fra FC Nordsj\u00e6lland til den polske 1. division overrasker AGF-m\u00e5lmand Kamil Grabara<\/h2>\n\n\n\n<p>F\u00f8rste juledag modtog danske fodboldfans nyheden om en overraskende handel, da Mikkel Rygaard forlod FC Nordsj\u00e6lland for at skifte til LKS Lodz fra den n\u00e6stbedste r\u00e6kke i Polen.<\/p>\n\n\n\n<p>Det er dog ikke kun fans, der fik sig et chok over handlen. Ogs\u00e5 AGF-keeperen Kamil Grabara m\u00e5tte angiveligt gnide sig i \u00f8jnene, da han l\u00e6ste om Superliga-kollegaens skifte.<\/p>\n\n\n\n<p>Polakken har nemlig kommenteret p\u00e5 Lodz&#8217; opslag p\u00e5 Twitter, hvor Rygaard bliver pr\u00e6senteret, og her udtrykker han mangel p\u00e5 forst\u00e5else for, hvordan det kunne lade sig g\u00f8re.<\/p>\n\n\n\n<figure class=\"wp-block-embed is-type-rich is-provider-twitter wp-block-embed-twitter\"><div class=\"wp-block-embed__wrapper\">\n<blockquote class=\"twitter-tweet\" data-width=\"550\" data-dnt=\"true\"><p lang=\"pl\" dir=\"ltr\">Ci\u0119\u017cko uwierzy\u0107, \u017ce uda\u0142o si\u0119 go \u015bci\u0105gn\u0105\u0107. Pan Pi\u0142karz\ud83d\udc4f\ud83c\udffb\ud83d\udc4f\ud83c\udffb\ud83d\udc4f\ud83c\udffb<\/p>&mdash; Kamil Grabara (@Kamil_Grabara1) <a href=\"https:\/\/twitter.com\/Kamil_Grabara1\/status\/1342541188289748995?ref_src=twsrc%5Etfw\">December 25, 2020<\/a><\/blockquote><script async src=\"https:\/\/platform.twitter.com\/widgets.js\" charset=\"utf-8\"><\/script>\n<\/div><\/figure>\n\n\n\n<p>&#8220;Sv\u00e6rt at forst\u00e5, hvordan man lykkedes med at hente ham. God spiller,&#8221; skriver Grabara.<\/p>\n\n\n\n<p>Der er dermed rosende ord til landsm\u00e6ndene for at hente den nu tidligere FC Nordsj\u00e6lland-profil i hus, som \u00e5benbart har form\u00e5et at imponere Grabara.<\/p>\n\n\n\n<p>M\u00e5lmanden har dog ikke selv en fortid i Rygaards nye klub. Han har ikke v\u00e6ret tilbage i Polen, siden han forlod Ruch Chorzow til fordel for Liverpool som 17-\u00e5rig.<\/p>\n","protected":false},"excerpt":{"rendered":"<p>Mikkel Rygaards skifte fra FC Nordsj\u00e6lland til den polske 1. division overrasker AGF-m\u00e5lmand Kamil Grabara<\/p>\n","protected":false},"author":705,"featured_media":247114,"comment_status":"open","ping_status":"closed","sticky":false,"template":"","format":"standard","meta":{"om_disable_all_campaigns":false,"push_articles_ronaldo":{"active":false,"canonical":0,"publish":false},"force_updates":null},"categories":[8060],"tags":[18,47,6781,1316,1345,588],"enet_tags":{"team":["8071","10202","8568"],"player":["760722","88999"],"league":["46"],"sport_events":[]},"yoast_head":"<!-- This site is optimized with the Yoast SEO plugin v18.3 - https:\/\/yoast.com\/wordpress\/plugins\/seo\/ -->\n<title>AGF-polak kommenterer p\u00e5 Rygaard-handel: &quot;Sv\u00e6rt at forst\u00e5&quot;<\/title>\n<meta name=\"description\" content=\"Mikkel Rygaards skifte fra FC Nordsj\u00e6lland til den polske 1. division overrasker AGF-m\u00e5lmand Kamil Grabara\" \/>\n<meta name=\"robots\" content=\"index, follow, max-snippet:-1, max-image-preview:large, max-video-preview:-1\" \/>\n<link rel=\"canonical\" href=\"https:\/\/acefootball.com\/da\/fodboldnyheder\/agf-polak-kommenterer-paa-rygaard-handel-svaert-at-forstaa\/\" \/>\n<meta property=\"og:locale\" content=\"en_US\" \/>\n<meta property=\"og:type\" content=\"article\" \/>\n<meta property=\"og:title\" content=\"AGF-polak kommenterer p\u00e5 Rygaard-handel: &quot;Sv\u00e6rt at forst\u00e5&quot;\" \/>\n<meta property=\"og:description\" content=\"Mikkel Rygaards skifte fra FC Nordsj\u00e6lland til den polske 1. division overrasker AGF-m\u00e5lmand Kamil Grabara\" \/>\n<meta property=\"og:url\" content=\"https:\/\/acefootball.com\/da\/fodboldnyheder\/agf-polak-kommenterer-paa-rygaard-handel-svaert-at-forstaa\/\" \/>\n<meta property=\"og:site_name\" content=\"Ace Football Danmark\" \/>\n<meta property=\"article:publisher\" content=\"https:\/\/www.facebook.com\/acefootballdk\" \/>\n<meta property=\"article:published_time\" content=\"2020-12-26T16:30:50+00:00\" \/>\n<meta property=\"article:modified_time\" content=\"2020-12-26T16:33:19+00:00\" \/>\n<meta property=\"og:image\" content=\"https:\/\/acefootball.com\/da\/wp-content\/uploads\/sites\/2\/2020\/12\/Copy-of-Ace-5-10.jpg\" \/>\n\t<meta property=\"og:image:width\" content=\"1920\" \/>\n\t<meta property=\"og:image:height\" content=\"1008\" \/>\n\t<meta property=\"og:image:type\" content=\"image\/jpeg\" \/>\n<meta name=\"twitter:card\" content=\"summary_large_image\" \/>\n<meta name=\"twitter:label1\" content=\"Written by\" \/>\n\t<meta name=\"twitter:data1\" content=\"Mads Dreyer\" \/>\n\t<meta name=\"twitter:label2\" content=\"Est. reading time\" \/>\n\t<meta name=\"twitter:data2\" content=\"1 minute\" \/>\n<script type=\"application\/ld+json\" class=\"yoast-schema-graph\">{\"@context\":\"https:\/\/schema.org\",\"@graph\":[{\"@type\":\"Organization\",\"@id\":\"https:\/\/acefootball.com\/da\/#organization\",\"name\":\"Ace Football\",\"url\":\"https:\/\/acefootball.com\/da\/\",\"sameAs\":[\"https:\/\/www.facebook.com\/acefootballdk\"],\"logo\":{\"@type\":\"ImageObject\",\"@id\":\"https:\/\/acefootball.com\/da\/#logo\",\"inLanguage\":\"en-US\",\"url\":\"https:\/\/acefootball.com\/da\/wp-content\/uploads\/sites\/2\/2020\/07\/Ace-Football-30-07-2020-2.png\",\"contentUrl\":\"https:\/\/acefootball.com\/da\/wp-content\/uploads\/sites\/2\/2020\/07\/Ace-Football-30-07-2020-2.png\",\"width\":1200,\"height\":600,\"caption\":\"Ace Football\"},\"image\":{\"@id\":\"https:\/\/acefootball.com\/da\/#logo\"}},{\"@type\":\"WebSite\",\"@id\":\"https:\/\/acefootball.com\/da\/#website\",\"url\":\"https:\/\/acefootball.com\/da\/\",\"name\":\"Ace Football Danmark\",\"description\":\"Nyheder, Spiltips &amp; Livescore\",\"publisher\":{\"@id\":\"https:\/\/acefootball.com\/da\/#organization\"},\"potentialAction\":[{\"@type\":\"SearchAction\",\"target\":{\"@type\":\"EntryPoint\",\"urlTemplate\":\"https:\/\/acefootball.com\/da\/?s={search_term_string}\"},\"query-input\":\"required name=search_term_string\"}],\"inLanguage\":\"en-US\"},{\"@type\":\"ImageObject\",\"@id\":\"https:\/\/acefootball.com\/da\/fodboldnyheder\/agf-polak-kommenterer-paa-rygaard-handel-svaert-at-forstaa\/#primaryimage\",\"inLanguage\":\"en-US\",\"url\":\"https:\/\/acefootball.com\/da\/wp-content\/uploads\/sites\/2\/2020\/12\/Copy-of-Ace-5-10.jpg\",\"contentUrl\":\"https:\/\/acefootball.com\/da\/wp-content\/uploads\/sites\/2\/2020\/12\/Copy-of-Ace-5-10.jpg\",\"width\":1920,\"height\":1008},{\"@type\":\"WebPage\",\"@id\":\"https:\/\/acefootball.com\/da\/fodboldnyheder\/agf-polak-kommenterer-paa-rygaard-handel-svaert-at-forstaa\/#webpage\",\"url\":\"https:\/\/acefootball.com\/da\/fodboldnyheder\/agf-polak-kommenterer-paa-rygaard-handel-svaert-at-forstaa\/\",\"name\":\"AGF-polak kommenterer p\u00e5 Rygaard-handel: \\\"Sv\u00e6rt at forst\u00e5\\\"\",\"isPartOf\":{\"@id\":\"https:\/\/acefootball.com\/da\/#website\"},\"primaryImageOfPage\":{\"@id\":\"https:\/\/acefootball.com\/da\/fodboldnyheder\/agf-polak-kommenterer-paa-rygaard-handel-svaert-at-forstaa\/#primaryimage\"},\"datePublished\":\"2020-12-26T16:30:50+00:00\",\"dateModified\":\"2020-12-26T16:33:19+00:00\",\"description\":\"Mikkel Rygaards skifte fra FC Nordsj\u00e6lland til den polske 1. division overrasker AGF-m\u00e5lmand Kamil Grabara\",\"breadcrumb\":{\"@id\":\"https:\/\/acefootball.com\/da\/fodboldnyheder\/agf-polak-kommenterer-paa-rygaard-handel-svaert-at-forstaa\/#breadcrumb\"},\"inLanguage\":\"en-US\",\"potentialAction\":[{\"@type\":\"ReadAction\",\"target\":[\"https:\/\/acefootball.com\/da\/fodboldnyheder\/agf-polak-kommenterer-paa-rygaard-handel-svaert-at-forstaa\/\"]}]},{\"@type\":\"BreadcrumbList\",\"@id\":\"https:\/\/acefootball.com\/da\/fodboldnyheder\/agf-polak-kommenterer-paa-rygaard-handel-svaert-at-forstaa\/#breadcrumb\",\"itemListElement\":[{\"@type\":\"ListItem\",\"position\":1,\"name\":\"Home\",\"item\":\"https:\/\/acefootball.com\/da\/\"},{\"@type\":\"ListItem\",\"position\":2,\"name\":\"AGF-polak kommenterer p\u00e5 Rygaard-handel: &#8220;Sv\u00e6rt at forst\u00e5&#8221;\"}]},{\"@type\":\"Article\",\"@id\":\"https:\/\/acefootball.com\/da\/fodboldnyheder\/agf-polak-kommenterer-paa-rygaard-handel-svaert-at-forstaa\/#article\",\"isPartOf\":{\"@id\":\"https:\/\/acefootball.com\/da\/fodboldnyheder\/agf-polak-kommenterer-paa-rygaard-handel-svaert-at-forstaa\/#webpage\"},\"author\":{\"@id\":\"https:\/\/acefootball.com\/da\/#\/schema\/person\/ee67e9cf04a276f144100ffa722f10cd\"},\"headline\":\"AGF-polak kommenterer p\u00e5 Rygaard-handel: &#8220;Sv\u00e6rt at forst\u00e5&#8221;\",\"datePublished\":\"2020-12-26T16:30:50+00:00\",\"dateModified\":\"2020-12-26T16:33:19+00:00\",\"mainEntityOfPage\":{\"@id\":\"https:\/\/acefootball.com\/da\/fodboldnyheder\/agf-polak-kommenterer-paa-rygaard-handel-svaert-at-forstaa\/#webpage\"},\"wordCount\":197,\"commentCount\":0,\"publisher\":{\"@id\":\"https:\/\/acefootball.com\/da\/#organization\"},\"image\":{\"@id\":\"https:\/\/acefootball.com\/da\/fodboldnyheder\/agf-polak-kommenterer-paa-rygaard-handel-svaert-at-forstaa\/#primaryimage\"},\"thumbnailUrl\":\"https:\/\/acefootball.com\/da\/wp-content\/uploads\/sites\/2\/2020\/12\/Untitled-design-1-5.jpg\",\"keywords\":[\"AGF\",\"FC Nordsj\u00e6lland\",\"Kamil Grabara\",\"Mikkel Rygaard\",\"Polen\",\"Superligaen\"],\"articleSection\":[\"Reaktion\"],\"inLanguage\":\"en-US\",\"potentialAction\":[{\"@type\":\"CommentAction\",\"name\":\"Comment\",\"target\":[\"https:\/\/acefootball.com\/da\/fodboldnyheder\/agf-polak-kommenterer-paa-rygaard-handel-svaert-at-forstaa\/#respond\"]}]},{\"@type\":\"Person\",\"@id\":\"https:\/\/acefootball.com\/da\/#\/schema\/person\/ee67e9cf04a276f144100ffa722f10cd\",\"name\":\"Mads Dreyer\",\"image\":{\"@type\":\"ImageObject\",\"@id\":\"https:\/\/acefootball.com\/da\/#personlogo\",\"inLanguage\":\"en-US\",\"url\":\"https:\/\/secure.gravatar.com\/avatar\/7c7abf72cfde9902b6a60efe60c88d4c?s=96&d=mm&r=g\",\"contentUrl\":\"https:\/\/secure.gravatar.com\/avatar\/7c7abf72cfde9902b6a60efe60c88d4c?s=96&d=mm&r=g\",\"caption\":\"Mads Dreyer\"},\"description\":\"Skribent og fodboldn\u00f8rd, der lige nu fort\u00e6ller om alt og intet i fodboldverdenen p\u00e5 acefootball.com. Uddannet i kommunikation fra Aalborg Universitet.\",\"sameAs\":[\"https:\/\/www.linkedin.com\/in\/mads-dreyer-b9b08266\/\"],\"url\":\"https:\/\/acefootball.com\/da\/fodboldnyheder\/author\/mdnronaldo\/\"}]}<\/script>\n<!-- \/ Yoast SEO plugin. -->","yoast_head_json":{"title":"AGF-polak kommenterer p\u00e5 Rygaard-handel: \"Sv\u00e6rt at forst\u00e5\"","description":"Mikkel Rygaards skifte fra FC Nordsj\u00e6lland til den polske 1. division overrasker AGF-m\u00e5lmand Kamil Grabara","robots":{"index":"index","follow":"follow","max-snippet":"max-snippet:-1","max-image-preview":"max-image-preview:large","max-video-preview":"max-video-preview:-1"},"canonical":"https:\/\/acefootball.com\/da\/fodboldnyheder\/agf-polak-kommenterer-paa-rygaard-handel-svaert-at-forstaa\/","og_locale":"en_US","og_type":"article","og_title":"AGF-polak kommenterer p\u00e5 Rygaard-handel: \"Sv\u00e6rt at forst\u00e5\"","og_description":"Mikkel Rygaards skifte fra FC Nordsj\u00e6lland til den polske 1. division overrasker AGF-m\u00e5lmand Kamil Grabara","og_url":"https:\/\/acefootball.com\/da\/fodboldnyheder\/agf-polak-kommenterer-paa-rygaard-handel-svaert-at-forstaa\/","og_site_name":"Ace Football Danmark","article_publisher":"https:\/\/www.facebook.com\/acefootballdk","article_published_time":"2020-12-26T16:30:50+00:00","article_modified_time":"2020-12-26T16:33:19+00:00","og_image":[{"width":1920,"height":1008,"url":"https:\/\/acefootball.com\/da\/wp-content\/uploads\/sites\/2\/2020\/12\/Copy-of-Ace-5-10.jpg","type":"image\/jpeg"}],"twitter_card":"summary_large_image","twitter_misc":{"Written by":"Mads Dreyer","Est. reading time":"1 minute"},"schema":{"@context":"https:\/\/schema.org","@graph":[{"@type":"Organization","@id":"https:\/\/acefootball.com\/da\/#organization","name":"Ace Football","url":"https:\/\/acefootball.com\/da\/","sameAs":["https:\/\/www.facebook.com\/acefootballdk"],"logo":{"@type":"ImageObject","@id":"https:\/\/acefootball.com\/da\/#logo","inLanguage":"en-US","url":"https:\/\/acefootball.com\/da\/wp-content\/uploads\/sites\/2\/2020\/07\/Ace-Football-30-07-2020-2.png","contentUrl":"https:\/\/acefootball.com\/da\/wp-content\/uploads\/sites\/2\/2020\/07\/Ace-Football-30-07-2020-2.png","width":1200,"height":600,"caption":"Ace Football"},"image":{"@id":"https:\/\/acefootball.com\/da\/#logo"}},{"@type":"WebSite","@id":"https:\/\/acefootball.com\/da\/#website","url":"https:\/\/acefootball.com\/da\/","name":"Ace Football Danmark","description":"Nyheder, Spiltips &amp; Livescore","publisher":{"@id":"https:\/\/acefootball.com\/da\/#organization"},"potentialAction":[{"@type":"SearchAction","target":{"@type":"EntryPoint","urlTemplate":"https:\/\/acefootball.com\/da\/?s={search_term_string}"},"query-input":"required name=search_term_string"}],"inLanguage":"en-US"},{"@type":"ImageObject","@id":"https:\/\/acefootball.com\/da\/fodboldnyheder\/agf-polak-kommenterer-paa-rygaard-handel-svaert-at-forstaa\/#primaryimage","inLanguage":"en-US","url":"https:\/\/acefootball.com\/da\/wp-content\/uploads\/sites\/2\/2020\/12\/Copy-of-Ace-5-10.jpg","contentUrl":"https:\/\/acefootball.com\/da\/wp-content\/uploads\/sites\/2\/2020\/12\/Copy-of-Ace-5-10.jpg","width":1920,"height":1008},{"@type":"WebPage","@id":"https:\/\/acefootball.com\/da\/fodboldnyheder\/agf-polak-kommenterer-paa-rygaard-handel-svaert-at-forstaa\/#webpage","url":"https:\/\/acefootball.com\/da\/fodboldnyheder\/agf-polak-kommenterer-paa-rygaard-handel-svaert-at-forstaa\/","name":"AGF-polak kommenterer p\u00e5 Rygaard-handel: \"Sv\u00e6rt at forst\u00e5\"","isPartOf":{"@id":"https:\/\/acefootball.com\/da\/#website"},"primaryImageOfPage":{"@id":"https:\/\/acefootball.com\/da\/fodboldnyheder\/agf-polak-kommenterer-paa-rygaard-handel-svaert-at-forstaa\/#primaryimage"},"datePublished":"2020-12-26T16:30:50+00:00","dateModified":"2020-12-26T16:33:19+00:00","description":"Mikkel Rygaards skifte fra FC Nordsj\u00e6lland til den polske 1. division overrasker AGF-m\u00e5lmand Kamil Grabara","breadcrumb":{"@id":"https:\/\/acefootball.com\/da\/fodboldnyheder\/agf-polak-kommenterer-paa-rygaard-handel-svaert-at-forstaa\/#breadcrumb"},"inLanguage":"en-US","potentialAction":[{"@type":"ReadAction","target":["https:\/\/acefootball.com\/da\/fodboldnyheder\/agf-polak-kommenterer-paa-rygaard-handel-svaert-at-forstaa\/"]}]},{"@type":"BreadcrumbList","@id":"https:\/\/acefootball.com\/da\/fodboldnyheder\/agf-polak-kommenterer-paa-rygaard-handel-svaert-at-forstaa\/#breadcrumb","itemListElement":[{"@type":"ListItem","position":1,"name":"Home","item":"https:\/\/acefootball.com\/da\/"},{"@type":"ListItem","position":2,"name":"AGF-polak kommenterer p\u00e5 Rygaard-handel: &#8220;Sv\u00e6rt at forst\u00e5&#8221;"}]},{"@type":"Article","@id":"https:\/\/acefootball.com\/da\/fodboldnyheder\/agf-polak-kommenterer-paa-rygaard-handel-svaert-at-forstaa\/#article","isPartOf":{"@id":"https:\/\/acefootball.com\/da\/fodboldnyheder\/agf-polak-kommenterer-paa-rygaard-handel-svaert-at-forstaa\/#webpage"},"author":{"@id":"https:\/\/acefootball.com\/da\/#\/schema\/person\/ee67e9cf04a276f144100ffa722f10cd"},"headline":"AGF-polak kommenterer p\u00e5 Rygaard-handel: &#8220;Sv\u00e6rt at forst\u00e5&#8221;","datePublished":"2020-12-26T16:30:50+00:00","dateModified":"2020-12-26T16:33:19+00:00","mainEntityOfPage":{"@id":"https:\/\/acefootball.com\/da\/fodboldnyheder\/agf-polak-kommenterer-paa-rygaard-handel-svaert-at-forstaa\/#webpage"},"wordCount":197,"commentCount":0,"publisher":{"@id":"https:\/\/acefootball.com\/da\/#organization"},"image":{"@id":"https:\/\/acefootball.com\/da\/fodboldnyheder\/agf-polak-kommenterer-paa-rygaard-handel-svaert-at-forstaa\/#primaryimage"},"thumbnailUrl":"https:\/\/acefootball.com\/da\/wp-content\/uploads\/sites\/2\/2020\/12\/Untitled-design-1-5.jpg","keywords":["AGF","FC Nordsj\u00e6lland","Kamil Grabara","Mikkel Rygaard","Polen","Superligaen"],"articleSection":["Reaktion"],"inLanguage":"en-US","potentialAction":[{"@type":"CommentAction","name":"Comment","target":["https:\/\/acefootball.com\/da\/fodboldnyheder\/agf-polak-kommenterer-paa-rygaard-handel-svaert-at-forstaa\/#respond"]}]},{"@type":"Person","@id":"https:\/\/acefootball.com\/da\/#\/schema\/person\/ee67e9cf04a276f144100ffa722f10cd","name":"Mads Dreyer","image":{"@type":"ImageObject","@id":"https:\/\/acefootball.com\/da\/#personlogo","inLanguage":"en-US","url":"https:\/\/secure.gravatar.com\/avatar\/7c7abf72cfde9902b6a60efe60c88d4c?s=96&d=mm&r=g","contentUrl":"https:\/\/secure.gravatar.com\/avatar\/7c7abf72cfde9902b6a60efe60c88d4c?s=96&d=mm&r=g","caption":"Mads Dreyer"},"description":"Skribent og fodboldn\u00f8rd, der lige nu fort\u00e6ller om alt og intet i fodboldverdenen p\u00e5 acefootball.com. Uddannet i kommunikation fra Aalborg Universitet.","sameAs":["https:\/\/www.linkedin.com\/in\/mads-dreyer-b9b08266\/"],"url":"https:\/\/acefootball.com\/da\/fodboldnyheder\/author\/mdnronaldo\/"}]}},"fimg_url":"https:\/\/acefootball.com\/da\/wp-content\/uploads\/sites\/2\/2020\/12\/Untitled-design-1-5.jpg","_links":{"self":[{"href":"https:\/\/acefootball.com\/da\/wp-json\/wp\/v2\/posts\/247111"}],"collection":[{"href":"https:\/\/acefootball.com\/da\/wp-json\/wp\/v2\/posts"}],"about":[{"href":"https:\/\/acefootball.com\/da\/wp-json\/wp\/v2\/types\/post"}],"author":[{"embeddable":true,"href":"https:\/\/acefootball.com\/da\/wp-json\/wp\/v2\/users\/705"}],"replies":[{"embeddable":true,"href":"https:\/\/acefootball.com\/da\/wp-json\/wp\/v2\/comments?post=247111"}],"version-history":[{"count":0,"href":"https:\/\/acefootball.com\/da\/wp-json\/wp\/v2\/posts\/247111\/revisions"}],"wp:featuredmedia":[{"embeddable":true,"href":"https:\/\/acefootball.com\/da\/wp-json\/wp\/v2\/media\/247114"}],"wp:attachment":[{"href":"https:\/\/acefootball.com\/da\/wp-json\/wp\/v2\/media?parent=247111"}],"wp:term":[{"taxonomy":"category","embeddable":true,"href":"https:\/\/acefootball.com\/da\/wp-json\/wp\/v2\/categories?post=247111"},{"taxonomy":"post_tag","embeddable":true,"href":"https:\/\/acefootball.com\/da\/wp-json\/wp\/v2\/tags?post=247111"}],"curies":[{"name":"wp","href":"https:\/\/api.w.org\/{rel}","templated":true}]}}