{"id":247063,"date":"2020-12-23T15:18:15","date_gmt":"2020-12-23T14:18:15","guid":{"rendered":"https:\/\/acefootball.com\/da\/?p=247063"},"modified":"2020-12-23T15:18:16","modified_gmt":"2020-12-23T14:18:16","slug":"kvist-lukker-aaret-her-er-fcks-planer-for-transfervinduet","status":"publish","type":"post","link":"https:\/\/acefootball.com\/da\/fodboldnyheder\/kvist-lukker-aaret-her-er-fcks-planer-for-transfervinduet\/","title":{"rendered":"Kvist lukker \u00e5ret: Her er FCK&#8217;s planer for transfervinduet"},"content":{"rendered":"\n<h2 id=\"h-fc-k-benhavn-har-f-et-tr-nerteamet-p-plads-til-de-kommende-udfordringer-og-nu-skal-der-justeringer-til-i-spillertruppen\">FC K\u00f8benhavn har f\u00e5et tr\u00e6nerteamet p\u00e5 plads til de kommende udfordringer, og nu skal der justeringer til i spillertruppen<\/h2>\n\n\n\n<p>Tirsdag pr\u00e6senterede FC K\u00f8benhavn Jacob Neestrup som ny assistent til Jess Thorup, og dermed er brikkerne p\u00e5 tr\u00e6nerfronten ved at v\u00e6re faldet p\u00e5 plads.<\/p>\n\n\n\n<p>Senest i april f\u00e5r klubben ny sportsdirekt\u00f8r i form af Peter Christiansen fra AGF, og nu kan man derfor se frem mod det kommende transfervindue.<\/p>\n\n\n\n<p>Her bliver der mulighed for at foretage justeringer i spillertruppen, og det da ogs\u00e5 noget, bestyrelsesmedlem William Kvist p\u00f8nser p\u00e5.<\/p>\n\n\n\n<figure class=\"wp-block-embed is-type-wp-embed is-provider-ace-football-danmark wp-block-embed-ace-football-danmark\"><div class=\"wp-block-embed__wrapper\">\n<blockquote class=\"wp-embedded-content\" data-secret=\"wHI3zjDJuR\"><a href=\"https:\/\/acefootball.com\/da\/fodboldnyheder\/ny-tone-william-kvist-roses-efter-droemmesigning\/\">Ny tone: William Kvist roses efter dr\u00f8mmesigning<\/a><\/blockquote><iframe class=\"wp-embedded-content\" sandbox=\"allow-scripts\" security=\"restricted\" style=\"position: absolute; clip: rect(1px, 1px, 1px, 1px);\" title=\"&#8220;Ny tone: William Kvist roses efter dr\u00f8mmesigning&#8221; &#8212; Ace Football Danmark\" src=\"https:\/\/acefootball.com\/da\/fodboldnyheder\/ny-tone-william-kvist-roses-efter-droemmesigning\/embed\/#?secret=wHI3zjDJuR\" data-secret=\"wHI3zjDJuR\" width=\"600\" height=\"338\" frameborder=\"0\" marginwidth=\"0\" marginheight=\"0\" scrolling=\"no\"><\/iframe>\n<\/div><\/figure>\n\n\n\n<p>&#8220;Corona-pandemien har som bekendt ogs\u00e5 ramt fodbolden og transfermarkedet og derfor er det sv\u00e6rt at v\u00e6re helt sikker p\u00e5, hvordan det udvikler sig de kommende m\u00e5neder, men vi har nogle planer og ideer til, hvordan vi skal tilpasse truppen, s\u00e5 vi st\u00e5r endnu bedre til for\u00e5ret,&#8221; starter Kvist if\u00f8lge <a href=\"https:\/\/www.fck.dk\/nyhed\/kvist-stolte-af-det-sportslige-setup\" target=\"_blank\" rel=\"noreferrer noopener\">klubbens hjemmeside<\/a>.<\/p>\n\n\n\n<p>&#8220;Men vi er ogs\u00e5 meget tilfredse med den trup vi har, hvor vi har set flere spillere blomstre op i en ny spillestil, der har bragt spillere som fx Pep Biel\u00a0og Nicolai Boilesen blandt andre op p\u00e5 meget h\u00f8jt niveau. Derfor kommer vi ogs\u00e5 kun til at handle, hvis vi f\u00f8ler, at vi kan sk\u00e6rpe os yderligere, s\u00e5 vi m\u00e5 se, hvordan det udvikler sig.&#8221;<\/p>\n\n\n\n<p>FC K\u00f8benhavn g\u00e5r p\u00e5 juleferie med en sjetteplads i Superligaen.<\/p>\n","protected":false},"excerpt":{"rendered":"<p>FC K\u00f8benhavn har f\u00e5et tr\u00e6nerteamet p\u00e5 plads til de kommende udfordringer, og nu skal der justeringer til i spillertruppen<\/p>\n","protected":false},"author":705,"featured_media":240947,"comment_status":"open","ping_status":"closed","sticky":false,"template":"","format":"standard","meta":{"om_disable_all_campaigns":false,"push_articles_ronaldo":{"active":false,"canonical":0,"publish":false},"force_updates":null},"categories":[8204],"tags":[16,588,781],"enet_tags":{"team":["8391"],"league":["46"],"player":["26782"],"sport_events":[]},"yoast_head":"<!-- This site is optimized with the Yoast SEO plugin v18.3 - https:\/\/yoast.com\/wordpress\/plugins\/seo\/ -->\n<title>Kvist lukker \u00e5ret: Her er FCK&#039;s planer for transfervinduet<\/title>\n<meta name=\"description\" content=\"FC K\u00f8benhavn har f\u00e5et tr\u00e6nerteamet p\u00e5 plads til de kommende udfordringer, og nu skal der justeringer til i spillertruppen\" \/>\n<meta name=\"robots\" content=\"index, follow, max-snippet:-1, max-image-preview:large, max-video-preview:-1\" \/>\n<link rel=\"canonical\" href=\"https:\/\/acefootball.com\/da\/fodboldnyheder\/kvist-lukker-aaret-her-er-fcks-planer-for-transfervinduet\/\" \/>\n<meta property=\"og:locale\" content=\"en_US\" \/>\n<meta property=\"og:type\" content=\"article\" \/>\n<meta property=\"og:title\" content=\"Kvist lukker \u00e5ret: Her er FCK&#039;s planer for transfervinduet\" \/>\n<meta property=\"og:description\" content=\"FC K\u00f8benhavn har f\u00e5et tr\u00e6nerteamet p\u00e5 plads til de kommende udfordringer, og nu skal der justeringer til i spillertruppen\" \/>\n<meta property=\"og:url\" content=\"https:\/\/acefootball.com\/da\/fodboldnyheder\/kvist-lukker-aaret-her-er-fcks-planer-for-transfervinduet\/\" \/>\n<meta property=\"og:site_name\" content=\"Ace Football Danmark\" \/>\n<meta property=\"article:publisher\" content=\"https:\/\/www.facebook.com\/acefootballdk\" \/>\n<meta property=\"article:published_time\" content=\"2020-12-23T14:18:15+00:00\" \/>\n<meta property=\"article:modified_time\" content=\"2020-12-23T14:18:16+00:00\" \/>\n<meta property=\"og:image\" content=\"https:\/\/acefootball.com\/da\/wp-content\/uploads\/sites\/2\/2020\/12\/FCK-5.jpg\" \/>\n\t<meta property=\"og:image:width\" content=\"1920\" \/>\n\t<meta property=\"og:image:height\" content=\"1008\" \/>\n\t<meta property=\"og:image:type\" content=\"image\/jpeg\" \/>\n<meta name=\"twitter:card\" content=\"summary_large_image\" \/>\n<meta name=\"twitter:label1\" content=\"Written by\" \/>\n\t<meta name=\"twitter:data1\" content=\"Mads Dreyer\" \/>\n\t<meta name=\"twitter:label2\" content=\"Est. reading time\" \/>\n\t<meta name=\"twitter:data2\" content=\"1 minute\" \/>\n<script type=\"application\/ld+json\" class=\"yoast-schema-graph\">{\"@context\":\"https:\/\/schema.org\",\"@graph\":[{\"@type\":\"Organization\",\"@id\":\"https:\/\/acefootball.com\/da\/#organization\",\"name\":\"Ace Football\",\"url\":\"https:\/\/acefootball.com\/da\/\",\"sameAs\":[\"https:\/\/www.facebook.com\/acefootballdk\"],\"logo\":{\"@type\":\"ImageObject\",\"@id\":\"https:\/\/acefootball.com\/da\/#logo\",\"inLanguage\":\"en-US\",\"url\":\"https:\/\/acefootball.com\/da\/wp-content\/uploads\/sites\/2\/2020\/07\/Ace-Football-30-07-2020-2.png\",\"contentUrl\":\"https:\/\/acefootball.com\/da\/wp-content\/uploads\/sites\/2\/2020\/07\/Ace-Football-30-07-2020-2.png\",\"width\":1200,\"height\":600,\"caption\":\"Ace Football\"},\"image\":{\"@id\":\"https:\/\/acefootball.com\/da\/#logo\"}},{\"@type\":\"WebSite\",\"@id\":\"https:\/\/acefootball.com\/da\/#website\",\"url\":\"https:\/\/acefootball.com\/da\/\",\"name\":\"Ace Football Danmark\",\"description\":\"Nyheder, Spiltips &amp; Livescore\",\"publisher\":{\"@id\":\"https:\/\/acefootball.com\/da\/#organization\"},\"potentialAction\":[{\"@type\":\"SearchAction\",\"target\":{\"@type\":\"EntryPoint\",\"urlTemplate\":\"https:\/\/acefootball.com\/da\/?s={search_term_string}\"},\"query-input\":\"required name=search_term_string\"}],\"inLanguage\":\"en-US\"},{\"@type\":\"ImageObject\",\"@id\":\"https:\/\/acefootball.com\/da\/fodboldnyheder\/kvist-lukker-aaret-her-er-fcks-planer-for-transfervinduet\/#primaryimage\",\"inLanguage\":\"en-US\",\"url\":\"https:\/\/acefootball.com\/da\/wp-content\/uploads\/sites\/2\/2020\/12\/FCK-5.jpg\",\"contentUrl\":\"https:\/\/acefootball.com\/da\/wp-content\/uploads\/sites\/2\/2020\/12\/FCK-5.jpg\",\"width\":1920,\"height\":1008},{\"@type\":\"WebPage\",\"@id\":\"https:\/\/acefootball.com\/da\/fodboldnyheder\/kvist-lukker-aaret-her-er-fcks-planer-for-transfervinduet\/#webpage\",\"url\":\"https:\/\/acefootball.com\/da\/fodboldnyheder\/kvist-lukker-aaret-her-er-fcks-planer-for-transfervinduet\/\",\"name\":\"Kvist lukker \u00e5ret: Her er FCK's planer for transfervinduet\",\"isPartOf\":{\"@id\":\"https:\/\/acefootball.com\/da\/#website\"},\"primaryImageOfPage\":{\"@id\":\"https:\/\/acefootball.com\/da\/fodboldnyheder\/kvist-lukker-aaret-her-er-fcks-planer-for-transfervinduet\/#primaryimage\"},\"datePublished\":\"2020-12-23T14:18:15+00:00\",\"dateModified\":\"2020-12-23T14:18:16+00:00\",\"description\":\"FC K\u00f8benhavn har f\u00e5et tr\u00e6nerteamet p\u00e5 plads til de kommende udfordringer, og nu skal der justeringer til i spillertruppen\",\"breadcrumb\":{\"@id\":\"https:\/\/acefootball.com\/da\/fodboldnyheder\/kvist-lukker-aaret-her-er-fcks-planer-for-transfervinduet\/#breadcrumb\"},\"inLanguage\":\"en-US\",\"potentialAction\":[{\"@type\":\"ReadAction\",\"target\":[\"https:\/\/acefootball.com\/da\/fodboldnyheder\/kvist-lukker-aaret-her-er-fcks-planer-for-transfervinduet\/\"]}]},{\"@type\":\"BreadcrumbList\",\"@id\":\"https:\/\/acefootball.com\/da\/fodboldnyheder\/kvist-lukker-aaret-her-er-fcks-planer-for-transfervinduet\/#breadcrumb\",\"itemListElement\":[{\"@type\":\"ListItem\",\"position\":1,\"name\":\"Home\",\"item\":\"https:\/\/acefootball.com\/da\/\"},{\"@type\":\"ListItem\",\"position\":2,\"name\":\"Kvist lukker \u00e5ret: Her er FCK&#8217;s planer for transfervinduet\"}]},{\"@type\":\"Article\",\"@id\":\"https:\/\/acefootball.com\/da\/fodboldnyheder\/kvist-lukker-aaret-her-er-fcks-planer-for-transfervinduet\/#article\",\"isPartOf\":{\"@id\":\"https:\/\/acefootball.com\/da\/fodboldnyheder\/kvist-lukker-aaret-her-er-fcks-planer-for-transfervinduet\/#webpage\"},\"author\":{\"@id\":\"https:\/\/acefootball.com\/da\/#\/schema\/person\/ee67e9cf04a276f144100ffa722f10cd\"},\"headline\":\"Kvist lukker \u00e5ret: Her er FCK&#8217;s planer for transfervinduet\",\"datePublished\":\"2020-12-23T14:18:15+00:00\",\"dateModified\":\"2020-12-23T14:18:16+00:00\",\"mainEntityOfPage\":{\"@id\":\"https:\/\/acefootball.com\/da\/fodboldnyheder\/kvist-lukker-aaret-her-er-fcks-planer-for-transfervinduet\/#webpage\"},\"wordCount\":251,\"commentCount\":0,\"publisher\":{\"@id\":\"https:\/\/acefootball.com\/da\/#organization\"},\"image\":{\"@id\":\"https:\/\/acefootball.com\/da\/fodboldnyheder\/kvist-lukker-aaret-her-er-fcks-planer-for-transfervinduet\/#primaryimage\"},\"thumbnailUrl\":\"https:\/\/acefootball.com\/da\/wp-content\/uploads\/sites\/2\/2020\/10\/GettyImages-1229157771.jpg\",\"keywords\":[\"FC K\u00f8benhavn\",\"Superligaen\",\"William Kvist\"],\"articleSection\":[\"Udtalelse\"],\"inLanguage\":\"en-US\",\"potentialAction\":[{\"@type\":\"CommentAction\",\"name\":\"Comment\",\"target\":[\"https:\/\/acefootball.com\/da\/fodboldnyheder\/kvist-lukker-aaret-her-er-fcks-planer-for-transfervinduet\/#respond\"]}]},{\"@type\":\"Person\",\"@id\":\"https:\/\/acefootball.com\/da\/#\/schema\/person\/ee67e9cf04a276f144100ffa722f10cd\",\"name\":\"Mads Dreyer\",\"image\":{\"@type\":\"ImageObject\",\"@id\":\"https:\/\/acefootball.com\/da\/#personlogo\",\"inLanguage\":\"en-US\",\"url\":\"https:\/\/secure.gravatar.com\/avatar\/7c7abf72cfde9902b6a60efe60c88d4c?s=96&d=mm&r=g\",\"contentUrl\":\"https:\/\/secure.gravatar.com\/avatar\/7c7abf72cfde9902b6a60efe60c88d4c?s=96&d=mm&r=g\",\"caption\":\"Mads Dreyer\"},\"description\":\"Skribent og fodboldn\u00f8rd, der lige nu fort\u00e6ller om alt og intet i fodboldverdenen p\u00e5 acefootball.com. Uddannet i kommunikation fra Aalborg Universitet.\",\"sameAs\":[\"https:\/\/www.linkedin.com\/in\/mads-dreyer-b9b08266\/\"],\"url\":\"https:\/\/acefootball.com\/da\/fodboldnyheder\/author\/mdnronaldo\/\"}]}<\/script>\n<!-- \/ Yoast SEO plugin. -->","yoast_head_json":{"title":"Kvist lukker \u00e5ret: Her er FCK's planer for transfervinduet","description":"FC K\u00f8benhavn har f\u00e5et tr\u00e6nerteamet p\u00e5 plads til de kommende udfordringer, og nu skal der justeringer til i spillertruppen","robots":{"index":"index","follow":"follow","max-snippet":"max-snippet:-1","max-image-preview":"max-image-preview:large","max-video-preview":"max-video-preview:-1"},"canonical":"https:\/\/acefootball.com\/da\/fodboldnyheder\/kvist-lukker-aaret-her-er-fcks-planer-for-transfervinduet\/","og_locale":"en_US","og_type":"article","og_title":"Kvist lukker \u00e5ret: Her er FCK's planer for transfervinduet","og_description":"FC K\u00f8benhavn har f\u00e5et tr\u00e6nerteamet p\u00e5 plads til de kommende udfordringer, og nu skal der justeringer til i spillertruppen","og_url":"https:\/\/acefootball.com\/da\/fodboldnyheder\/kvist-lukker-aaret-her-er-fcks-planer-for-transfervinduet\/","og_site_name":"Ace Football Danmark","article_publisher":"https:\/\/www.facebook.com\/acefootballdk","article_published_time":"2020-12-23T14:18:15+00:00","article_modified_time":"2020-12-23T14:18:16+00:00","og_image":[{"width":1920,"height":1008,"url":"https:\/\/acefootball.com\/da\/wp-content\/uploads\/sites\/2\/2020\/12\/FCK-5.jpg","type":"image\/jpeg"}],"twitter_card":"summary_large_image","twitter_misc":{"Written by":"Mads Dreyer","Est. reading time":"1 minute"},"schema":{"@context":"https:\/\/schema.org","@graph":[{"@type":"Organization","@id":"https:\/\/acefootball.com\/da\/#organization","name":"Ace Football","url":"https:\/\/acefootball.com\/da\/","sameAs":["https:\/\/www.facebook.com\/acefootballdk"],"logo":{"@type":"ImageObject","@id":"https:\/\/acefootball.com\/da\/#logo","inLanguage":"en-US","url":"https:\/\/acefootball.com\/da\/wp-content\/uploads\/sites\/2\/2020\/07\/Ace-Football-30-07-2020-2.png","contentUrl":"https:\/\/acefootball.com\/da\/wp-content\/uploads\/sites\/2\/2020\/07\/Ace-Football-30-07-2020-2.png","width":1200,"height":600,"caption":"Ace Football"},"image":{"@id":"https:\/\/acefootball.com\/da\/#logo"}},{"@type":"WebSite","@id":"https:\/\/acefootball.com\/da\/#website","url":"https:\/\/acefootball.com\/da\/","name":"Ace Football Danmark","description":"Nyheder, Spiltips &amp; Livescore","publisher":{"@id":"https:\/\/acefootball.com\/da\/#organization"},"potentialAction":[{"@type":"SearchAction","target":{"@type":"EntryPoint","urlTemplate":"https:\/\/acefootball.com\/da\/?s={search_term_string}"},"query-input":"required name=search_term_string"}],"inLanguage":"en-US"},{"@type":"ImageObject","@id":"https:\/\/acefootball.com\/da\/fodboldnyheder\/kvist-lukker-aaret-her-er-fcks-planer-for-transfervinduet\/#primaryimage","inLanguage":"en-US","url":"https:\/\/acefootball.com\/da\/wp-content\/uploads\/sites\/2\/2020\/12\/FCK-5.jpg","contentUrl":"https:\/\/acefootball.com\/da\/wp-content\/uploads\/sites\/2\/2020\/12\/FCK-5.jpg","width":1920,"height":1008},{"@type":"WebPage","@id":"https:\/\/acefootball.com\/da\/fodboldnyheder\/kvist-lukker-aaret-her-er-fcks-planer-for-transfervinduet\/#webpage","url":"https:\/\/acefootball.com\/da\/fodboldnyheder\/kvist-lukker-aaret-her-er-fcks-planer-for-transfervinduet\/","name":"Kvist lukker \u00e5ret: Her er FCK's planer for transfervinduet","isPartOf":{"@id":"https:\/\/acefootball.com\/da\/#website"},"primaryImageOfPage":{"@id":"https:\/\/acefootball.com\/da\/fodboldnyheder\/kvist-lukker-aaret-her-er-fcks-planer-for-transfervinduet\/#primaryimage"},"datePublished":"2020-12-23T14:18:15+00:00","dateModified":"2020-12-23T14:18:16+00:00","description":"FC K\u00f8benhavn har f\u00e5et tr\u00e6nerteamet p\u00e5 plads til de kommende udfordringer, og nu skal der justeringer til i spillertruppen","breadcrumb":{"@id":"https:\/\/acefootball.com\/da\/fodboldnyheder\/kvist-lukker-aaret-her-er-fcks-planer-for-transfervinduet\/#breadcrumb"},"inLanguage":"en-US","potentialAction":[{"@type":"ReadAction","target":["https:\/\/acefootball.com\/da\/fodboldnyheder\/kvist-lukker-aaret-her-er-fcks-planer-for-transfervinduet\/"]}]},{"@type":"BreadcrumbList","@id":"https:\/\/acefootball.com\/da\/fodboldnyheder\/kvist-lukker-aaret-her-er-fcks-planer-for-transfervinduet\/#breadcrumb","itemListElement":[{"@type":"ListItem","position":1,"name":"Home","item":"https:\/\/acefootball.com\/da\/"},{"@type":"ListItem","position":2,"name":"Kvist lukker \u00e5ret: Her er FCK&#8217;s planer for transfervinduet"}]},{"@type":"Article","@id":"https:\/\/acefootball.com\/da\/fodboldnyheder\/kvist-lukker-aaret-her-er-fcks-planer-for-transfervinduet\/#article","isPartOf":{"@id":"https:\/\/acefootball.com\/da\/fodboldnyheder\/kvist-lukker-aaret-her-er-fcks-planer-for-transfervinduet\/#webpage"},"author":{"@id":"https:\/\/acefootball.com\/da\/#\/schema\/person\/ee67e9cf04a276f144100ffa722f10cd"},"headline":"Kvist lukker \u00e5ret: Her er FCK&#8217;s planer for transfervinduet","datePublished":"2020-12-23T14:18:15+00:00","dateModified":"2020-12-23T14:18:16+00:00","mainEntityOfPage":{"@id":"https:\/\/acefootball.com\/da\/fodboldnyheder\/kvist-lukker-aaret-her-er-fcks-planer-for-transfervinduet\/#webpage"},"wordCount":251,"commentCount":0,"publisher":{"@id":"https:\/\/acefootball.com\/da\/#organization"},"image":{"@id":"https:\/\/acefootball.com\/da\/fodboldnyheder\/kvist-lukker-aaret-her-er-fcks-planer-for-transfervinduet\/#primaryimage"},"thumbnailUrl":"https:\/\/acefootball.com\/da\/wp-content\/uploads\/sites\/2\/2020\/10\/GettyImages-1229157771.jpg","keywords":["FC K\u00f8benhavn","Superligaen","William Kvist"],"articleSection":["Udtalelse"],"inLanguage":"en-US","potentialAction":[{"@type":"CommentAction","name":"Comment","target":["https:\/\/acefootball.com\/da\/fodboldnyheder\/kvist-lukker-aaret-her-er-fcks-planer-for-transfervinduet\/#respond"]}]},{"@type":"Person","@id":"https:\/\/acefootball.com\/da\/#\/schema\/person\/ee67e9cf04a276f144100ffa722f10cd","name":"Mads Dreyer","image":{"@type":"ImageObject","@id":"https:\/\/acefootball.com\/da\/#personlogo","inLanguage":"en-US","url":"https:\/\/secure.gravatar.com\/avatar\/7c7abf72cfde9902b6a60efe60c88d4c?s=96&d=mm&r=g","contentUrl":"https:\/\/secure.gravatar.com\/avatar\/7c7abf72cfde9902b6a60efe60c88d4c?s=96&d=mm&r=g","caption":"Mads Dreyer"},"description":"Skribent og fodboldn\u00f8rd, der lige nu fort\u00e6ller om alt og intet i fodboldverdenen p\u00e5 acefootball.com. Uddannet i kommunikation fra Aalborg Universitet.","sameAs":["https:\/\/www.linkedin.com\/in\/mads-dreyer-b9b08266\/"],"url":"https:\/\/acefootball.com\/da\/fodboldnyheder\/author\/mdnronaldo\/"}]}},"fimg_url":"https:\/\/acefootball.com\/da\/wp-content\/uploads\/sites\/2\/2020\/10\/GettyImages-1229157771.jpg","_links":{"self":[{"href":"https:\/\/acefootball.com\/da\/wp-json\/wp\/v2\/posts\/247063"}],"collection":[{"href":"https:\/\/acefootball.com\/da\/wp-json\/wp\/v2\/posts"}],"about":[{"href":"https:\/\/acefootball.com\/da\/wp-json\/wp\/v2\/types\/post"}],"author":[{"embeddable":true,"href":"https:\/\/acefootball.com\/da\/wp-json\/wp\/v2\/users\/705"}],"replies":[{"embeddable":true,"href":"https:\/\/acefootball.com\/da\/wp-json\/wp\/v2\/comments?post=247063"}],"version-history":[{"count":0,"href":"https:\/\/acefootball.com\/da\/wp-json\/wp\/v2\/posts\/247063\/revisions"}],"wp:featuredmedia":[{"embeddable":true,"href":"https:\/\/acefootball.com\/da\/wp-json\/wp\/v2\/media\/240947"}],"wp:attachment":[{"href":"https:\/\/acefootball.com\/da\/wp-json\/wp\/v2\/media?parent=247063"}],"wp:term":[{"taxonomy":"category","embeddable":true,"href":"https:\/\/acefootball.com\/da\/wp-json\/wp\/v2\/categories?post=247063"},{"taxonomy":"post_tag","embeddable":true,"href":"https:\/\/acefootball.com\/da\/wp-json\/wp\/v2\/tags?post=247063"}],"curies":[{"name":"wp","href":"https:\/\/api.w.org\/{rel}","templated":true}]}}