{"id":246819,"date":"2020-12-19T16:06:46","date_gmt":"2020-12-19T15:06:46","guid":{"rendered":"https:\/\/acefootball.com\/da\/?p=246819"},"modified":"2020-12-19T16:08:50","modified_gmt":"2020-12-19T15:08:50","slug":"medie-dansk-profil-faar-kaempekontrakt-i-mellemoesten","status":"publish","type":"post","link":"https:\/\/acefootball.com\/da\/fodboldnyheder\/medie-dansk-profil-faar-kaempekontrakt-i-mellemoesten\/","title":{"rendered":"Medie: Dansk profil f\u00e5r k\u00e6mpekontrakt i Mellem\u00f8sten"},"content":{"rendered":"\n<h2 id=\"h-malm-ff-stjernen-anders-christiansen-kan-v-re-p-vej-til-et-interessant-skifte-til-den-saudiarabiske-storklub-al-nassr\">Malm\u00f6 FF-stjernen Anders Christiansen kan v\u00e6re p\u00e5 vej til et interessant skifte til den saudiarabiske storklub Al Nassr<\/h2>\n\n\n\n<p>I den netop overst\u00e5ede Allsvenskan-s\u00e6son blev danske Anders Christiansen k\u00e5ret til \u00e5rets spillet efter endnu en gang at have hjulpet Malm\u00f6 FF til et mesterskab.<\/p>\n\n\n\n<p>Derfor er der selvf\u00f8lgelig igen snak om et muligt klubskifte denne vinter, og if\u00f8lge <a href=\"https:\/\/www.bt.dk\/fodbold\/ac-taet-paa-milliondroemmen-klub-lokker-igen-med-kaempekontrakt\" target=\"_blank\" rel=\"noreferrer noopener\">B.T.<\/a> skulle der v\u00e6re et ganske interessant et under opsejling.<\/p>\n\n\n\n<p>Mediet fort\u00e6ller, at &#8216;AC&#8217; til januar f\u00e5r tilbudt en k\u00e6mpekontrakt hos storklubben Al Nassr fra Saudi-Arabien, som tilbage i oktober ligeledes var ude efter midtbanemanden.<\/p>\n\n\n\n<figure class=\"wp-block-embed-wordpress wp-block-embed is-type-wp-embed is-provider-ace-football-danmark\"><div class=\"wp-block-embed__wrapper\">\n<blockquote class=\"wp-embedded-content\" data-secret=\"YujmILbADy\"><a href=\"https:\/\/acefootball.com\/da\/fodboldnyheder\/superliga-talenter-blander-sig-med-europas-top-i-imponerende-statistik\/\">Superliga-talenter blander sig med Europas top i imponerende statistik<\/a><\/blockquote><iframe class=\"wp-embedded-content\" sandbox=\"allow-scripts\" security=\"restricted\" style=\"position: absolute; clip: rect(1px, 1px, 1px, 1px);\" title=\"&#8220;Superliga-talenter blander sig med Europas top i imponerende statistik&#8221; &#8212; Ace Football Danmark\" src=\"https:\/\/acefootball.com\/da\/fodboldnyheder\/superliga-talenter-blander-sig-med-europas-top-i-imponerende-statistik\/embed\/#?secret=YujmILbADy\" data-secret=\"YujmILbADy\" width=\"600\" height=\"338\" frameborder=\"0\" marginwidth=\"0\" marginheight=\"0\" scrolling=\"no\"><\/iframe>\n<\/div><\/figure>\n\n\n\n<p>Dengang tilb\u00f8d den stenrige klub fra Mellem\u00f8sten 29 millioner kroner for den tidligere landsholdsspiller, som selv kunne have set frem til en kontrakt p\u00e5 18 millioner.<\/p>\n\n\n\n<p>Skiftet faldt dog til jorden, da Malm\u00f6 ikke ville slippe sin st\u00f8rste stjerne midt i s\u00e6sonen. Det ventes, at der kommer en aftale p\u00e5 plads nu, da s\u00e6sonen i Sverige er spillet f\u00e6rdig.<\/p>\n","protected":false},"excerpt":{"rendered":"<p>Malm\u00f6 FF-stjernen Anders Christiansen kan v\u00e6re p\u00e5 vej til et interessant skifte til den saudiarabiske storklub Al Nassr<\/p>\n","protected":false},"author":705,"featured_media":244942,"comment_status":"open","ping_status":"closed","sticky":false,"template":"","format":"standard","meta":{"om_disable_all_campaigns":false,"push_articles_ronaldo":{"active":false,"canonical":0,"publish":false},"force_updates":null},"categories":[7],"tags":[1073,926,612],"enet_tags":{"league":["67"],"player":["127209"],"team":["10237"],"sport_events":[]},"yoast_head":"<!-- This site is optimized with the Yoast SEO plugin v18.3 - https:\/\/yoast.com\/wordpress\/plugins\/seo\/ -->\n<title>Medie: Dansk profil f\u00e5r k\u00e6mpekontrakt i Mellem\u00f8sten<\/title>\n<meta name=\"description\" content=\"Malm\u00f6 FF-stjernen Anders Christiansen kan v\u00e6re p\u00e5 vej til et interessant skifte til den saudiarabiske storklub Al Nassr\" \/>\n<meta name=\"robots\" content=\"index, follow, max-snippet:-1, max-image-preview:large, max-video-preview:-1\" \/>\n<link rel=\"canonical\" href=\"https:\/\/acefootball.com\/da\/fodboldnyheder\/medie-dansk-profil-faar-kaempekontrakt-i-mellemoesten\/\" \/>\n<meta property=\"og:locale\" content=\"en_US\" \/>\n<meta property=\"og:type\" content=\"article\" \/>\n<meta property=\"og:title\" content=\"Medie: Dansk profil f\u00e5r k\u00e6mpekontrakt i Mellem\u00f8sten\" \/>\n<meta property=\"og:description\" content=\"Malm\u00f6 FF-stjernen Anders Christiansen kan v\u00e6re p\u00e5 vej til et interessant skifte til den saudiarabiske storklub Al Nassr\" \/>\n<meta property=\"og:url\" content=\"https:\/\/acefootball.com\/da\/fodboldnyheder\/medie-dansk-profil-faar-kaempekontrakt-i-mellemoesten\/\" \/>\n<meta property=\"og:site_name\" content=\"Ace Football Danmark\" \/>\n<meta property=\"article:publisher\" content=\"https:\/\/www.facebook.com\/acefootballdk\" \/>\n<meta property=\"article:published_time\" content=\"2020-12-19T15:06:46+00:00\" \/>\n<meta property=\"article:modified_time\" content=\"2020-12-19T15:08:50+00:00\" \/>\n<meta property=\"og:image\" content=\"https:\/\/acefootball.com\/da\/wp-content\/uploads\/sites\/2\/2020\/12\/Copy-of-Copy-of-Ace-4-1.jpg\" \/>\n\t<meta property=\"og:image:width\" content=\"1920\" \/>\n\t<meta property=\"og:image:height\" content=\"1008\" \/>\n\t<meta property=\"og:image:type\" content=\"image\/jpeg\" \/>\n<meta name=\"twitter:card\" content=\"summary_large_image\" \/>\n<meta name=\"twitter:label1\" content=\"Written by\" \/>\n\t<meta name=\"twitter:data1\" content=\"Mads Dreyer\" \/>\n\t<meta name=\"twitter:label2\" content=\"Est. reading time\" \/>\n\t<meta name=\"twitter:data2\" content=\"1 minute\" \/>\n<script type=\"application\/ld+json\" class=\"yoast-schema-graph\">{\"@context\":\"https:\/\/schema.org\",\"@graph\":[{\"@type\":\"Organization\",\"@id\":\"https:\/\/acefootball.com\/da\/#organization\",\"name\":\"Ace Football\",\"url\":\"https:\/\/acefootball.com\/da\/\",\"sameAs\":[\"https:\/\/www.facebook.com\/acefootballdk\"],\"logo\":{\"@type\":\"ImageObject\",\"@id\":\"https:\/\/acefootball.com\/da\/#logo\",\"inLanguage\":\"en-US\",\"url\":\"https:\/\/acefootball.com\/da\/wp-content\/uploads\/sites\/2\/2020\/07\/Ace-Football-30-07-2020-2.png\",\"contentUrl\":\"https:\/\/acefootball.com\/da\/wp-content\/uploads\/sites\/2\/2020\/07\/Ace-Football-30-07-2020-2.png\",\"width\":1200,\"height\":600,\"caption\":\"Ace Football\"},\"image\":{\"@id\":\"https:\/\/acefootball.com\/da\/#logo\"}},{\"@type\":\"WebSite\",\"@id\":\"https:\/\/acefootball.com\/da\/#website\",\"url\":\"https:\/\/acefootball.com\/da\/\",\"name\":\"Ace Football Danmark\",\"description\":\"Nyheder, Spiltips &amp; Livescore\",\"publisher\":{\"@id\":\"https:\/\/acefootball.com\/da\/#organization\"},\"potentialAction\":[{\"@type\":\"SearchAction\",\"target\":{\"@type\":\"EntryPoint\",\"urlTemplate\":\"https:\/\/acefootball.com\/da\/?s={search_term_string}\"},\"query-input\":\"required name=search_term_string\"}],\"inLanguage\":\"en-US\"},{\"@type\":\"ImageObject\",\"@id\":\"https:\/\/acefootball.com\/da\/fodboldnyheder\/medie-dansk-profil-faar-kaempekontrakt-i-mellemoesten\/#primaryimage\",\"inLanguage\":\"en-US\",\"url\":\"https:\/\/acefootball.com\/da\/wp-content\/uploads\/sites\/2\/2020\/12\/Copy-of-Copy-of-Ace-4-1.jpg\",\"contentUrl\":\"https:\/\/acefootball.com\/da\/wp-content\/uploads\/sites\/2\/2020\/12\/Copy-of-Copy-of-Ace-4-1.jpg\",\"width\":1920,\"height\":1008},{\"@type\":\"WebPage\",\"@id\":\"https:\/\/acefootball.com\/da\/fodboldnyheder\/medie-dansk-profil-faar-kaempekontrakt-i-mellemoesten\/#webpage\",\"url\":\"https:\/\/acefootball.com\/da\/fodboldnyheder\/medie-dansk-profil-faar-kaempekontrakt-i-mellemoesten\/\",\"name\":\"Medie: Dansk profil f\u00e5r k\u00e6mpekontrakt i Mellem\u00f8sten\",\"isPartOf\":{\"@id\":\"https:\/\/acefootball.com\/da\/#website\"},\"primaryImageOfPage\":{\"@id\":\"https:\/\/acefootball.com\/da\/fodboldnyheder\/medie-dansk-profil-faar-kaempekontrakt-i-mellemoesten\/#primaryimage\"},\"datePublished\":\"2020-12-19T15:06:46+00:00\",\"dateModified\":\"2020-12-19T15:08:50+00:00\",\"description\":\"Malm\u00f6 FF-stjernen Anders Christiansen kan v\u00e6re p\u00e5 vej til et interessant skifte til den saudiarabiske storklub Al Nassr\",\"breadcrumb\":{\"@id\":\"https:\/\/acefootball.com\/da\/fodboldnyheder\/medie-dansk-profil-faar-kaempekontrakt-i-mellemoesten\/#breadcrumb\"},\"inLanguage\":\"en-US\",\"potentialAction\":[{\"@type\":\"ReadAction\",\"target\":[\"https:\/\/acefootball.com\/da\/fodboldnyheder\/medie-dansk-profil-faar-kaempekontrakt-i-mellemoesten\/\"]}]},{\"@type\":\"BreadcrumbList\",\"@id\":\"https:\/\/acefootball.com\/da\/fodboldnyheder\/medie-dansk-profil-faar-kaempekontrakt-i-mellemoesten\/#breadcrumb\",\"itemListElement\":[{\"@type\":\"ListItem\",\"position\":1,\"name\":\"Home\",\"item\":\"https:\/\/acefootball.com\/da\/\"},{\"@type\":\"ListItem\",\"position\":2,\"name\":\"Medie: Dansk profil f\u00e5r k\u00e6mpekontrakt i Mellem\u00f8sten\"}]},{\"@type\":\"Article\",\"@id\":\"https:\/\/acefootball.com\/da\/fodboldnyheder\/medie-dansk-profil-faar-kaempekontrakt-i-mellemoesten\/#article\",\"isPartOf\":{\"@id\":\"https:\/\/acefootball.com\/da\/fodboldnyheder\/medie-dansk-profil-faar-kaempekontrakt-i-mellemoesten\/#webpage\"},\"author\":{\"@id\":\"https:\/\/acefootball.com\/da\/#\/schema\/person\/ee67e9cf04a276f144100ffa722f10cd\"},\"headline\":\"Medie: Dansk profil f\u00e5r k\u00e6mpekontrakt i Mellem\u00f8sten\",\"datePublished\":\"2020-12-19T15:06:46+00:00\",\"dateModified\":\"2020-12-19T15:08:50+00:00\",\"mainEntityOfPage\":{\"@id\":\"https:\/\/acefootball.com\/da\/fodboldnyheder\/medie-dansk-profil-faar-kaempekontrakt-i-mellemoesten\/#webpage\"},\"wordCount\":182,\"commentCount\":0,\"publisher\":{\"@id\":\"https:\/\/acefootball.com\/da\/#organization\"},\"image\":{\"@id\":\"https:\/\/acefootball.com\/da\/fodboldnyheder\/medie-dansk-profil-faar-kaempekontrakt-i-mellemoesten\/#primaryimage\"},\"thumbnailUrl\":\"https:\/\/acefootball.com\/da\/wp-content\/uploads\/sites\/2\/2020\/11\/GettyImages-1173445961.jpg\",\"keywords\":[\"Allsvenskan\",\"Anders Christiansen\",\"Malm\u00f6 FF\"],\"articleSection\":[\"Transfer\"],\"inLanguage\":\"en-US\",\"potentialAction\":[{\"@type\":\"CommentAction\",\"name\":\"Comment\",\"target\":[\"https:\/\/acefootball.com\/da\/fodboldnyheder\/medie-dansk-profil-faar-kaempekontrakt-i-mellemoesten\/#respond\"]}]},{\"@type\":\"Person\",\"@id\":\"https:\/\/acefootball.com\/da\/#\/schema\/person\/ee67e9cf04a276f144100ffa722f10cd\",\"name\":\"Mads Dreyer\",\"image\":{\"@type\":\"ImageObject\",\"@id\":\"https:\/\/acefootball.com\/da\/#personlogo\",\"inLanguage\":\"en-US\",\"url\":\"https:\/\/secure.gravatar.com\/avatar\/7c7abf72cfde9902b6a60efe60c88d4c?s=96&d=mm&r=g\",\"contentUrl\":\"https:\/\/secure.gravatar.com\/avatar\/7c7abf72cfde9902b6a60efe60c88d4c?s=96&d=mm&r=g\",\"caption\":\"Mads Dreyer\"},\"description\":\"Skribent og fodboldn\u00f8rd, der lige nu fort\u00e6ller om alt og intet i fodboldverdenen p\u00e5 acefootball.com. Uddannet i kommunikation fra Aalborg Universitet.\",\"sameAs\":[\"https:\/\/www.linkedin.com\/in\/mads-dreyer-b9b08266\/\"],\"url\":\"https:\/\/acefootball.com\/da\/fodboldnyheder\/author\/mdnronaldo\/\"}]}<\/script>\n<!-- \/ Yoast SEO plugin. -->","yoast_head_json":{"title":"Medie: Dansk profil f\u00e5r k\u00e6mpekontrakt i Mellem\u00f8sten","description":"Malm\u00f6 FF-stjernen Anders Christiansen kan v\u00e6re p\u00e5 vej til et interessant skifte til den saudiarabiske storklub Al Nassr","robots":{"index":"index","follow":"follow","max-snippet":"max-snippet:-1","max-image-preview":"max-image-preview:large","max-video-preview":"max-video-preview:-1"},"canonical":"https:\/\/acefootball.com\/da\/fodboldnyheder\/medie-dansk-profil-faar-kaempekontrakt-i-mellemoesten\/","og_locale":"en_US","og_type":"article","og_title":"Medie: Dansk profil f\u00e5r k\u00e6mpekontrakt i Mellem\u00f8sten","og_description":"Malm\u00f6 FF-stjernen Anders Christiansen kan v\u00e6re p\u00e5 vej til et interessant skifte til den saudiarabiske storklub Al Nassr","og_url":"https:\/\/acefootball.com\/da\/fodboldnyheder\/medie-dansk-profil-faar-kaempekontrakt-i-mellemoesten\/","og_site_name":"Ace Football Danmark","article_publisher":"https:\/\/www.facebook.com\/acefootballdk","article_published_time":"2020-12-19T15:06:46+00:00","article_modified_time":"2020-12-19T15:08:50+00:00","og_image":[{"width":1920,"height":1008,"url":"https:\/\/acefootball.com\/da\/wp-content\/uploads\/sites\/2\/2020\/12\/Copy-of-Copy-of-Ace-4-1.jpg","type":"image\/jpeg"}],"twitter_card":"summary_large_image","twitter_misc":{"Written by":"Mads Dreyer","Est. reading time":"1 minute"},"schema":{"@context":"https:\/\/schema.org","@graph":[{"@type":"Organization","@id":"https:\/\/acefootball.com\/da\/#organization","name":"Ace Football","url":"https:\/\/acefootball.com\/da\/","sameAs":["https:\/\/www.facebook.com\/acefootballdk"],"logo":{"@type":"ImageObject","@id":"https:\/\/acefootball.com\/da\/#logo","inLanguage":"en-US","url":"https:\/\/acefootball.com\/da\/wp-content\/uploads\/sites\/2\/2020\/07\/Ace-Football-30-07-2020-2.png","contentUrl":"https:\/\/acefootball.com\/da\/wp-content\/uploads\/sites\/2\/2020\/07\/Ace-Football-30-07-2020-2.png","width":1200,"height":600,"caption":"Ace Football"},"image":{"@id":"https:\/\/acefootball.com\/da\/#logo"}},{"@type":"WebSite","@id":"https:\/\/acefootball.com\/da\/#website","url":"https:\/\/acefootball.com\/da\/","name":"Ace Football Danmark","description":"Nyheder, Spiltips &amp; Livescore","publisher":{"@id":"https:\/\/acefootball.com\/da\/#organization"},"potentialAction":[{"@type":"SearchAction","target":{"@type":"EntryPoint","urlTemplate":"https:\/\/acefootball.com\/da\/?s={search_term_string}"},"query-input":"required name=search_term_string"}],"inLanguage":"en-US"},{"@type":"ImageObject","@id":"https:\/\/acefootball.com\/da\/fodboldnyheder\/medie-dansk-profil-faar-kaempekontrakt-i-mellemoesten\/#primaryimage","inLanguage":"en-US","url":"https:\/\/acefootball.com\/da\/wp-content\/uploads\/sites\/2\/2020\/12\/Copy-of-Copy-of-Ace-4-1.jpg","contentUrl":"https:\/\/acefootball.com\/da\/wp-content\/uploads\/sites\/2\/2020\/12\/Copy-of-Copy-of-Ace-4-1.jpg","width":1920,"height":1008},{"@type":"WebPage","@id":"https:\/\/acefootball.com\/da\/fodboldnyheder\/medie-dansk-profil-faar-kaempekontrakt-i-mellemoesten\/#webpage","url":"https:\/\/acefootball.com\/da\/fodboldnyheder\/medie-dansk-profil-faar-kaempekontrakt-i-mellemoesten\/","name":"Medie: Dansk profil f\u00e5r k\u00e6mpekontrakt i Mellem\u00f8sten","isPartOf":{"@id":"https:\/\/acefootball.com\/da\/#website"},"primaryImageOfPage":{"@id":"https:\/\/acefootball.com\/da\/fodboldnyheder\/medie-dansk-profil-faar-kaempekontrakt-i-mellemoesten\/#primaryimage"},"datePublished":"2020-12-19T15:06:46+00:00","dateModified":"2020-12-19T15:08:50+00:00","description":"Malm\u00f6 FF-stjernen Anders Christiansen kan v\u00e6re p\u00e5 vej til et interessant skifte til den saudiarabiske storklub Al Nassr","breadcrumb":{"@id":"https:\/\/acefootball.com\/da\/fodboldnyheder\/medie-dansk-profil-faar-kaempekontrakt-i-mellemoesten\/#breadcrumb"},"inLanguage":"en-US","potentialAction":[{"@type":"ReadAction","target":["https:\/\/acefootball.com\/da\/fodboldnyheder\/medie-dansk-profil-faar-kaempekontrakt-i-mellemoesten\/"]}]},{"@type":"BreadcrumbList","@id":"https:\/\/acefootball.com\/da\/fodboldnyheder\/medie-dansk-profil-faar-kaempekontrakt-i-mellemoesten\/#breadcrumb","itemListElement":[{"@type":"ListItem","position":1,"name":"Home","item":"https:\/\/acefootball.com\/da\/"},{"@type":"ListItem","position":2,"name":"Medie: Dansk profil f\u00e5r k\u00e6mpekontrakt i Mellem\u00f8sten"}]},{"@type":"Article","@id":"https:\/\/acefootball.com\/da\/fodboldnyheder\/medie-dansk-profil-faar-kaempekontrakt-i-mellemoesten\/#article","isPartOf":{"@id":"https:\/\/acefootball.com\/da\/fodboldnyheder\/medie-dansk-profil-faar-kaempekontrakt-i-mellemoesten\/#webpage"},"author":{"@id":"https:\/\/acefootball.com\/da\/#\/schema\/person\/ee67e9cf04a276f144100ffa722f10cd"},"headline":"Medie: Dansk profil f\u00e5r k\u00e6mpekontrakt i Mellem\u00f8sten","datePublished":"2020-12-19T15:06:46+00:00","dateModified":"2020-12-19T15:08:50+00:00","mainEntityOfPage":{"@id":"https:\/\/acefootball.com\/da\/fodboldnyheder\/medie-dansk-profil-faar-kaempekontrakt-i-mellemoesten\/#webpage"},"wordCount":182,"commentCount":0,"publisher":{"@id":"https:\/\/acefootball.com\/da\/#organization"},"image":{"@id":"https:\/\/acefootball.com\/da\/fodboldnyheder\/medie-dansk-profil-faar-kaempekontrakt-i-mellemoesten\/#primaryimage"},"thumbnailUrl":"https:\/\/acefootball.com\/da\/wp-content\/uploads\/sites\/2\/2020\/11\/GettyImages-1173445961.jpg","keywords":["Allsvenskan","Anders Christiansen","Malm\u00f6 FF"],"articleSection":["Transfer"],"inLanguage":"en-US","potentialAction":[{"@type":"CommentAction","name":"Comment","target":["https:\/\/acefootball.com\/da\/fodboldnyheder\/medie-dansk-profil-faar-kaempekontrakt-i-mellemoesten\/#respond"]}]},{"@type":"Person","@id":"https:\/\/acefootball.com\/da\/#\/schema\/person\/ee67e9cf04a276f144100ffa722f10cd","name":"Mads Dreyer","image":{"@type":"ImageObject","@id":"https:\/\/acefootball.com\/da\/#personlogo","inLanguage":"en-US","url":"https:\/\/secure.gravatar.com\/avatar\/7c7abf72cfde9902b6a60efe60c88d4c?s=96&d=mm&r=g","contentUrl":"https:\/\/secure.gravatar.com\/avatar\/7c7abf72cfde9902b6a60efe60c88d4c?s=96&d=mm&r=g","caption":"Mads Dreyer"},"description":"Skribent og fodboldn\u00f8rd, der lige nu fort\u00e6ller om alt og intet i fodboldverdenen p\u00e5 acefootball.com. Uddannet i kommunikation fra Aalborg Universitet.","sameAs":["https:\/\/www.linkedin.com\/in\/mads-dreyer-b9b08266\/"],"url":"https:\/\/acefootball.com\/da\/fodboldnyheder\/author\/mdnronaldo\/"}]}},"fimg_url":"https:\/\/acefootball.com\/da\/wp-content\/uploads\/sites\/2\/2020\/11\/GettyImages-1173445961.jpg","_links":{"self":[{"href":"https:\/\/acefootball.com\/da\/wp-json\/wp\/v2\/posts\/246819"}],"collection":[{"href":"https:\/\/acefootball.com\/da\/wp-json\/wp\/v2\/posts"}],"about":[{"href":"https:\/\/acefootball.com\/da\/wp-json\/wp\/v2\/types\/post"}],"author":[{"embeddable":true,"href":"https:\/\/acefootball.com\/da\/wp-json\/wp\/v2\/users\/705"}],"replies":[{"embeddable":true,"href":"https:\/\/acefootball.com\/da\/wp-json\/wp\/v2\/comments?post=246819"}],"version-history":[{"count":0,"href":"https:\/\/acefootball.com\/da\/wp-json\/wp\/v2\/posts\/246819\/revisions"}],"wp:featuredmedia":[{"embeddable":true,"href":"https:\/\/acefootball.com\/da\/wp-json\/wp\/v2\/media\/244942"}],"wp:attachment":[{"href":"https:\/\/acefootball.com\/da\/wp-json\/wp\/v2\/media?parent=246819"}],"wp:term":[{"taxonomy":"category","embeddable":true,"href":"https:\/\/acefootball.com\/da\/wp-json\/wp\/v2\/categories?post=246819"},{"taxonomy":"post_tag","embeddable":true,"href":"https:\/\/acefootball.com\/da\/wp-json\/wp\/v2\/tags?post=246819"}],"curies":[{"name":"wp","href":"https:\/\/api.w.org\/{rel}","templated":true}]}}