{"id":246816,"date":"2020-12-19T15:38:48","date_gmt":"2020-12-19T14:38:48","guid":{"rendered":"https:\/\/acefootball.com\/da\/?p=246816"},"modified":"2020-12-19T15:40:26","modified_gmt":"2020-12-19T14:40:26","slug":"fc-koebenhavn-offentliggoer-forstaerket-trup-mod-ob","status":"publish","type":"post","link":"https:\/\/acefootball.com\/da\/fodboldnyheder\/fc-koebenhavn-offentliggoer-forstaerket-trup-mod-ob\/","title":{"rendered":"FC K\u00f8benhavn offentligg\u00f8r forst\u00e6rket trup mod OB"},"content":{"rendered":"\n<h2 id=\"h-viktor-fischer-er-kommet-sig-over-sin-corona-karant-ne-og-er-som-f-lge-deraf-igen-med-i-fc-k-benhavn-truppen-til-kampen-mod-ob\">Viktor Fischer er kommet sig over sin corona-karant\u00e6ne og er som f\u00f8lge deraf igen med i FC K\u00f8benhavn-truppen til kampen mod OB<\/h2>\n\n\n\n<div class=\"wp-block-si-widget wp-block-si-widget--center\"><si-lb-widget widget-id=\"MatchInfoWithOdds\" data-nopadding=\"true\" data-card=\"true\" width=\"440\" data-event-id=\"3389144\" data-provider=\"mrgreen\" data-theme-appearance=\"dark\"><\/si-lb-widget><\/div>\n\n\n\n<p>S\u00f8ndag tager Superligaen hul p\u00e5 sidste runde inden \u00e5rsskiftet, og det sker blandt andet med opg\u00f8ret mellem FC K\u00f8benhavn og OB.<\/p>\n\n\n\n<p>Hjemmeholdet har p\u00e5 det seneste m\u00e5tte undv\u00e6re et par profiler grundet corona-karant\u00e6ne, men nu ser det omsider lysere ud for det tr\u00e6ngte storhold.<\/p>\n\n\n\n<figure class=\"wp-block-embed-wordpress wp-block-embed is-type-wp-embed is-provider-ace-football-danmark\"><div class=\"wp-block-embed__wrapper\">\n<blockquote class=\"wp-embedded-content\" data-secret=\"KCBDTnBLJ5\"><a href=\"https:\/\/acefootball.com\/da\/fodboldnyheder\/husker-du-ob-sender-humoristisk-reminder-til-fc-koebenhavn\/\">Husker du? &#8211; OB sender humoristisk reminder til FC K\u00f8benhavn<\/a><\/blockquote><iframe class=\"wp-embedded-content\" sandbox=\"allow-scripts\" security=\"restricted\" style=\"position: absolute; clip: rect(1px, 1px, 1px, 1px);\" title=\"&#8220;Husker du? &#8211; OB sender humoristisk reminder til FC K\u00f8benhavn&#8221; &#8212; Ace Football Danmark\" src=\"https:\/\/acefootball.com\/da\/fodboldnyheder\/husker-du-ob-sender-humoristisk-reminder-til-fc-koebenhavn\/embed\/#?secret=KCBDTnBLJ5\" data-secret=\"KCBDTnBLJ5\" width=\"600\" height=\"338\" frameborder=\"0\" marginwidth=\"0\" marginheight=\"0\" scrolling=\"no\"><\/iframe>\n<\/div><\/figure>\n\n\n\n<p>Viktor Fischer, Jonas Wind og Mikkel Kaufmann er nemlig alle inkluderet og klar til kamp i morgen.<\/p>\n\n\n\n<p>Mohamed Daramy er dog fortsat ude med skade, mens kroatiske Robert Mudrazija er gledet ud af truppen.<\/p>\n\n\n\n<p><strong>FC K\u00f8benhavn-truppen:<\/strong><br>4 Victor Nelsson<br>6 Jens Stage<br>7 Viktor Fischer<br>8 Nicolaj Thomsen<br>9 Kamil Wilczek<br>10 Carlos Zeca<br>13 Sten Grytebust<br>16 Pep Biel<br>17 Karlo Bartolec<br>19 Bryan Oviedo<br>20 Nicolai Boilesen<br>21 Karl-Johan Johnsson<br>22 Peter Ankersen<br>23 Jonas Wind<br>25 Mathias Zanka J\u00f8rgensen<br>26 Marios Oikonomou<br>29 Mikkel Kaufmann<br>33 Rasmus Falk<br>34 Victor Kristiansen<br>45 Rasmus H\u00f8jlund<\/p>\n","protected":false},"excerpt":{"rendered":"<p>Viktor Fischer er kommet sig over sin corona-karant\u00e6ne og er som f\u00f8lge deraf igen med i FC K\u00f8benhavn-truppen til kampen mod OB<\/p>\n","protected":false},"author":705,"featured_media":244433,"comment_status":"open","ping_status":"closed","sticky":false,"template":"","format":"standard","meta":{"om_disable_all_campaigns":false,"push_articles_ronaldo":{"active":false,"canonical":0,"publish":false},"force_updates":null},"categories":[8062],"tags":[16,588],"enet_tags":{"team":["8391"],"league":["46"],"sport_events":[3389144]},"yoast_head":"<!-- This site is optimized with the Yoast SEO plugin v18.3 - https:\/\/yoast.com\/wordpress\/plugins\/seo\/ -->\n<title>FC K\u00f8benhavn offentligg\u00f8r forst\u00e6rket trup mod OB<\/title>\n<meta name=\"description\" content=\"Viktor Fischer er kommet sig over sin corona-karant\u00e6ne og er som f\u00f8lge deraf igen med i FC K\u00f8benhavn-truppen til kampen mod OB\" \/>\n<meta name=\"robots\" content=\"index, follow, max-snippet:-1, max-image-preview:large, max-video-preview:-1\" \/>\n<link rel=\"canonical\" href=\"https:\/\/acefootball.com\/da\/fodboldnyheder\/fc-koebenhavn-offentliggoer-forstaerket-trup-mod-ob\/\" \/>\n<meta property=\"og:locale\" content=\"en_US\" \/>\n<meta property=\"og:type\" content=\"article\" \/>\n<meta property=\"og:title\" content=\"FC K\u00f8benhavn offentligg\u00f8r forst\u00e6rket trup mod OB\" \/>\n<meta property=\"og:description\" content=\"Viktor Fischer er kommet sig over sin corona-karant\u00e6ne og er som f\u00f8lge deraf igen med i FC K\u00f8benhavn-truppen til kampen mod OB\" \/>\n<meta property=\"og:url\" content=\"https:\/\/acefootball.com\/da\/fodboldnyheder\/fc-koebenhavn-offentliggoer-forstaerket-trup-mod-ob\/\" \/>\n<meta property=\"og:site_name\" content=\"Ace Football Danmark\" \/>\n<meta property=\"article:publisher\" content=\"https:\/\/www.facebook.com\/acefootballdk\" \/>\n<meta property=\"article:published_time\" content=\"2020-12-19T14:38:48+00:00\" \/>\n<meta property=\"article:modified_time\" content=\"2020-12-19T14:40:26+00:00\" \/>\n<meta property=\"og:image\" content=\"https:\/\/acefootball.com\/da\/wp-content\/uploads\/sites\/2\/2020\/12\/FCK-1.jpg\" \/>\n\t<meta property=\"og:image:width\" content=\"1920\" \/>\n\t<meta property=\"og:image:height\" content=\"1008\" \/>\n\t<meta property=\"og:image:type\" content=\"image\/jpeg\" \/>\n<meta name=\"twitter:card\" content=\"summary_large_image\" \/>\n<meta name=\"twitter:label1\" content=\"Written by\" \/>\n\t<meta name=\"twitter:data1\" content=\"Mads Dreyer\" \/>\n\t<meta name=\"twitter:label2\" content=\"Est. reading time\" \/>\n\t<meta name=\"twitter:data2\" content=\"1 minute\" \/>\n<script type=\"application\/ld+json\" class=\"yoast-schema-graph\">{\"@context\":\"https:\/\/schema.org\",\"@graph\":[{\"@type\":\"Organization\",\"@id\":\"https:\/\/acefootball.com\/da\/#organization\",\"name\":\"Ace Football\",\"url\":\"https:\/\/acefootball.com\/da\/\",\"sameAs\":[\"https:\/\/www.facebook.com\/acefootballdk\"],\"logo\":{\"@type\":\"ImageObject\",\"@id\":\"https:\/\/acefootball.com\/da\/#logo\",\"inLanguage\":\"en-US\",\"url\":\"https:\/\/acefootball.com\/da\/wp-content\/uploads\/sites\/2\/2020\/07\/Ace-Football-30-07-2020-2.png\",\"contentUrl\":\"https:\/\/acefootball.com\/da\/wp-content\/uploads\/sites\/2\/2020\/07\/Ace-Football-30-07-2020-2.png\",\"width\":1200,\"height\":600,\"caption\":\"Ace Football\"},\"image\":{\"@id\":\"https:\/\/acefootball.com\/da\/#logo\"}},{\"@type\":\"WebSite\",\"@id\":\"https:\/\/acefootball.com\/da\/#website\",\"url\":\"https:\/\/acefootball.com\/da\/\",\"name\":\"Ace Football Danmark\",\"description\":\"Nyheder, Spiltips &amp; Livescore\",\"publisher\":{\"@id\":\"https:\/\/acefootball.com\/da\/#organization\"},\"potentialAction\":[{\"@type\":\"SearchAction\",\"target\":{\"@type\":\"EntryPoint\",\"urlTemplate\":\"https:\/\/acefootball.com\/da\/?s={search_term_string}\"},\"query-input\":\"required name=search_term_string\"}],\"inLanguage\":\"en-US\"},{\"@type\":\"ImageObject\",\"@id\":\"https:\/\/acefootball.com\/da\/fodboldnyheder\/fc-koebenhavn-offentliggoer-forstaerket-trup-mod-ob\/#primaryimage\",\"inLanguage\":\"en-US\",\"url\":\"https:\/\/acefootball.com\/da\/wp-content\/uploads\/sites\/2\/2020\/12\/FCK-1.jpg\",\"contentUrl\":\"https:\/\/acefootball.com\/da\/wp-content\/uploads\/sites\/2\/2020\/12\/FCK-1.jpg\",\"width\":1920,\"height\":1008},{\"@type\":\"WebPage\",\"@id\":\"https:\/\/acefootball.com\/da\/fodboldnyheder\/fc-koebenhavn-offentliggoer-forstaerket-trup-mod-ob\/#webpage\",\"url\":\"https:\/\/acefootball.com\/da\/fodboldnyheder\/fc-koebenhavn-offentliggoer-forstaerket-trup-mod-ob\/\",\"name\":\"FC K\u00f8benhavn offentligg\u00f8r forst\u00e6rket trup mod OB\",\"isPartOf\":{\"@id\":\"https:\/\/acefootball.com\/da\/#website\"},\"primaryImageOfPage\":{\"@id\":\"https:\/\/acefootball.com\/da\/fodboldnyheder\/fc-koebenhavn-offentliggoer-forstaerket-trup-mod-ob\/#primaryimage\"},\"datePublished\":\"2020-12-19T14:38:48+00:00\",\"dateModified\":\"2020-12-19T14:40:26+00:00\",\"description\":\"Viktor Fischer er kommet sig over sin corona-karant\u00e6ne og er som f\u00f8lge deraf igen med i FC K\u00f8benhavn-truppen til kampen mod OB\",\"breadcrumb\":{\"@id\":\"https:\/\/acefootball.com\/da\/fodboldnyheder\/fc-koebenhavn-offentliggoer-forstaerket-trup-mod-ob\/#breadcrumb\"},\"inLanguage\":\"en-US\",\"potentialAction\":[{\"@type\":\"ReadAction\",\"target\":[\"https:\/\/acefootball.com\/da\/fodboldnyheder\/fc-koebenhavn-offentliggoer-forstaerket-trup-mod-ob\/\"]}]},{\"@type\":\"BreadcrumbList\",\"@id\":\"https:\/\/acefootball.com\/da\/fodboldnyheder\/fc-koebenhavn-offentliggoer-forstaerket-trup-mod-ob\/#breadcrumb\",\"itemListElement\":[{\"@type\":\"ListItem\",\"position\":1,\"name\":\"Home\",\"item\":\"https:\/\/acefootball.com\/da\/\"},{\"@type\":\"ListItem\",\"position\":2,\"name\":\"FC K\u00f8benhavn offentligg\u00f8r forst\u00e6rket trup mod OB\"}]},{\"@type\":\"Article\",\"@id\":\"https:\/\/acefootball.com\/da\/fodboldnyheder\/fc-koebenhavn-offentliggoer-forstaerket-trup-mod-ob\/#article\",\"isPartOf\":{\"@id\":\"https:\/\/acefootball.com\/da\/fodboldnyheder\/fc-koebenhavn-offentliggoer-forstaerket-trup-mod-ob\/#webpage\"},\"author\":{\"@id\":\"https:\/\/acefootball.com\/da\/#\/schema\/person\/ee67e9cf04a276f144100ffa722f10cd\"},\"headline\":\"FC K\u00f8benhavn offentligg\u00f8r forst\u00e6rket trup mod OB\",\"datePublished\":\"2020-12-19T14:38:48+00:00\",\"dateModified\":\"2020-12-19T14:40:26+00:00\",\"mainEntityOfPage\":{\"@id\":\"https:\/\/acefootball.com\/da\/fodboldnyheder\/fc-koebenhavn-offentliggoer-forstaerket-trup-mod-ob\/#webpage\"},\"wordCount\":172,\"commentCount\":0,\"publisher\":{\"@id\":\"https:\/\/acefootball.com\/da\/#organization\"},\"image\":{\"@id\":\"https:\/\/acefootball.com\/da\/fodboldnyheder\/fc-koebenhavn-offentliggoer-forstaerket-trup-mod-ob\/#primaryimage\"},\"thumbnailUrl\":\"https:\/\/acefootball.com\/da\/wp-content\/uploads\/sites\/2\/2020\/11\/GettyImages-1228689644.jpg\",\"keywords\":[\"FC K\u00f8benhavn\",\"Superligaen\"],\"articleSection\":[\"Kamp\"],\"inLanguage\":\"en-US\",\"potentialAction\":[{\"@type\":\"CommentAction\",\"name\":\"Comment\",\"target\":[\"https:\/\/acefootball.com\/da\/fodboldnyheder\/fc-koebenhavn-offentliggoer-forstaerket-trup-mod-ob\/#respond\"]}]},{\"@type\":\"Person\",\"@id\":\"https:\/\/acefootball.com\/da\/#\/schema\/person\/ee67e9cf04a276f144100ffa722f10cd\",\"name\":\"Mads Dreyer\",\"image\":{\"@type\":\"ImageObject\",\"@id\":\"https:\/\/acefootball.com\/da\/#personlogo\",\"inLanguage\":\"en-US\",\"url\":\"https:\/\/secure.gravatar.com\/avatar\/7c7abf72cfde9902b6a60efe60c88d4c?s=96&d=mm&r=g\",\"contentUrl\":\"https:\/\/secure.gravatar.com\/avatar\/7c7abf72cfde9902b6a60efe60c88d4c?s=96&d=mm&r=g\",\"caption\":\"Mads Dreyer\"},\"description\":\"Skribent og fodboldn\u00f8rd, der lige nu fort\u00e6ller om alt og intet i fodboldverdenen p\u00e5 acefootball.com. Uddannet i kommunikation fra Aalborg Universitet.\",\"sameAs\":[\"https:\/\/www.linkedin.com\/in\/mads-dreyer-b9b08266\/\"],\"url\":\"https:\/\/acefootball.com\/da\/fodboldnyheder\/author\/mdnronaldo\/\"}]}<\/script>\n<!-- \/ Yoast SEO plugin. -->","yoast_head_json":{"title":"FC K\u00f8benhavn offentligg\u00f8r forst\u00e6rket trup mod OB","description":"Viktor Fischer er kommet sig over sin corona-karant\u00e6ne og er som f\u00f8lge deraf igen med i FC K\u00f8benhavn-truppen til kampen mod OB","robots":{"index":"index","follow":"follow","max-snippet":"max-snippet:-1","max-image-preview":"max-image-preview:large","max-video-preview":"max-video-preview:-1"},"canonical":"https:\/\/acefootball.com\/da\/fodboldnyheder\/fc-koebenhavn-offentliggoer-forstaerket-trup-mod-ob\/","og_locale":"en_US","og_type":"article","og_title":"FC K\u00f8benhavn offentligg\u00f8r forst\u00e6rket trup mod OB","og_description":"Viktor Fischer er kommet sig over sin corona-karant\u00e6ne og er som f\u00f8lge deraf igen med i FC K\u00f8benhavn-truppen til kampen mod OB","og_url":"https:\/\/acefootball.com\/da\/fodboldnyheder\/fc-koebenhavn-offentliggoer-forstaerket-trup-mod-ob\/","og_site_name":"Ace Football Danmark","article_publisher":"https:\/\/www.facebook.com\/acefootballdk","article_published_time":"2020-12-19T14:38:48+00:00","article_modified_time":"2020-12-19T14:40:26+00:00","og_image":[{"width":1920,"height":1008,"url":"https:\/\/acefootball.com\/da\/wp-content\/uploads\/sites\/2\/2020\/12\/FCK-1.jpg","type":"image\/jpeg"}],"twitter_card":"summary_large_image","twitter_misc":{"Written by":"Mads Dreyer","Est. reading time":"1 minute"},"schema":{"@context":"https:\/\/schema.org","@graph":[{"@type":"Organization","@id":"https:\/\/acefootball.com\/da\/#organization","name":"Ace Football","url":"https:\/\/acefootball.com\/da\/","sameAs":["https:\/\/www.facebook.com\/acefootballdk"],"logo":{"@type":"ImageObject","@id":"https:\/\/acefootball.com\/da\/#logo","inLanguage":"en-US","url":"https:\/\/acefootball.com\/da\/wp-content\/uploads\/sites\/2\/2020\/07\/Ace-Football-30-07-2020-2.png","contentUrl":"https:\/\/acefootball.com\/da\/wp-content\/uploads\/sites\/2\/2020\/07\/Ace-Football-30-07-2020-2.png","width":1200,"height":600,"caption":"Ace Football"},"image":{"@id":"https:\/\/acefootball.com\/da\/#logo"}},{"@type":"WebSite","@id":"https:\/\/acefootball.com\/da\/#website","url":"https:\/\/acefootball.com\/da\/","name":"Ace Football Danmark","description":"Nyheder, Spiltips &amp; Livescore","publisher":{"@id":"https:\/\/acefootball.com\/da\/#organization"},"potentialAction":[{"@type":"SearchAction","target":{"@type":"EntryPoint","urlTemplate":"https:\/\/acefootball.com\/da\/?s={search_term_string}"},"query-input":"required name=search_term_string"}],"inLanguage":"en-US"},{"@type":"ImageObject","@id":"https:\/\/acefootball.com\/da\/fodboldnyheder\/fc-koebenhavn-offentliggoer-forstaerket-trup-mod-ob\/#primaryimage","inLanguage":"en-US","url":"https:\/\/acefootball.com\/da\/wp-content\/uploads\/sites\/2\/2020\/12\/FCK-1.jpg","contentUrl":"https:\/\/acefootball.com\/da\/wp-content\/uploads\/sites\/2\/2020\/12\/FCK-1.jpg","width":1920,"height":1008},{"@type":"WebPage","@id":"https:\/\/acefootball.com\/da\/fodboldnyheder\/fc-koebenhavn-offentliggoer-forstaerket-trup-mod-ob\/#webpage","url":"https:\/\/acefootball.com\/da\/fodboldnyheder\/fc-koebenhavn-offentliggoer-forstaerket-trup-mod-ob\/","name":"FC K\u00f8benhavn offentligg\u00f8r forst\u00e6rket trup mod OB","isPartOf":{"@id":"https:\/\/acefootball.com\/da\/#website"},"primaryImageOfPage":{"@id":"https:\/\/acefootball.com\/da\/fodboldnyheder\/fc-koebenhavn-offentliggoer-forstaerket-trup-mod-ob\/#primaryimage"},"datePublished":"2020-12-19T14:38:48+00:00","dateModified":"2020-12-19T14:40:26+00:00","description":"Viktor Fischer er kommet sig over sin corona-karant\u00e6ne og er som f\u00f8lge deraf igen med i FC K\u00f8benhavn-truppen til kampen mod OB","breadcrumb":{"@id":"https:\/\/acefootball.com\/da\/fodboldnyheder\/fc-koebenhavn-offentliggoer-forstaerket-trup-mod-ob\/#breadcrumb"},"inLanguage":"en-US","potentialAction":[{"@type":"ReadAction","target":["https:\/\/acefootball.com\/da\/fodboldnyheder\/fc-koebenhavn-offentliggoer-forstaerket-trup-mod-ob\/"]}]},{"@type":"BreadcrumbList","@id":"https:\/\/acefootball.com\/da\/fodboldnyheder\/fc-koebenhavn-offentliggoer-forstaerket-trup-mod-ob\/#breadcrumb","itemListElement":[{"@type":"ListItem","position":1,"name":"Home","item":"https:\/\/acefootball.com\/da\/"},{"@type":"ListItem","position":2,"name":"FC K\u00f8benhavn offentligg\u00f8r forst\u00e6rket trup mod OB"}]},{"@type":"Article","@id":"https:\/\/acefootball.com\/da\/fodboldnyheder\/fc-koebenhavn-offentliggoer-forstaerket-trup-mod-ob\/#article","isPartOf":{"@id":"https:\/\/acefootball.com\/da\/fodboldnyheder\/fc-koebenhavn-offentliggoer-forstaerket-trup-mod-ob\/#webpage"},"author":{"@id":"https:\/\/acefootball.com\/da\/#\/schema\/person\/ee67e9cf04a276f144100ffa722f10cd"},"headline":"FC K\u00f8benhavn offentligg\u00f8r forst\u00e6rket trup mod OB","datePublished":"2020-12-19T14:38:48+00:00","dateModified":"2020-12-19T14:40:26+00:00","mainEntityOfPage":{"@id":"https:\/\/acefootball.com\/da\/fodboldnyheder\/fc-koebenhavn-offentliggoer-forstaerket-trup-mod-ob\/#webpage"},"wordCount":172,"commentCount":0,"publisher":{"@id":"https:\/\/acefootball.com\/da\/#organization"},"image":{"@id":"https:\/\/acefootball.com\/da\/fodboldnyheder\/fc-koebenhavn-offentliggoer-forstaerket-trup-mod-ob\/#primaryimage"},"thumbnailUrl":"https:\/\/acefootball.com\/da\/wp-content\/uploads\/sites\/2\/2020\/11\/GettyImages-1228689644.jpg","keywords":["FC K\u00f8benhavn","Superligaen"],"articleSection":["Kamp"],"inLanguage":"en-US","potentialAction":[{"@type":"CommentAction","name":"Comment","target":["https:\/\/acefootball.com\/da\/fodboldnyheder\/fc-koebenhavn-offentliggoer-forstaerket-trup-mod-ob\/#respond"]}]},{"@type":"Person","@id":"https:\/\/acefootball.com\/da\/#\/schema\/person\/ee67e9cf04a276f144100ffa722f10cd","name":"Mads Dreyer","image":{"@type":"ImageObject","@id":"https:\/\/acefootball.com\/da\/#personlogo","inLanguage":"en-US","url":"https:\/\/secure.gravatar.com\/avatar\/7c7abf72cfde9902b6a60efe60c88d4c?s=96&d=mm&r=g","contentUrl":"https:\/\/secure.gravatar.com\/avatar\/7c7abf72cfde9902b6a60efe60c88d4c?s=96&d=mm&r=g","caption":"Mads Dreyer"},"description":"Skribent og fodboldn\u00f8rd, der lige nu fort\u00e6ller om alt og intet i fodboldverdenen p\u00e5 acefootball.com. Uddannet i kommunikation fra Aalborg Universitet.","sameAs":["https:\/\/www.linkedin.com\/in\/mads-dreyer-b9b08266\/"],"url":"https:\/\/acefootball.com\/da\/fodboldnyheder\/author\/mdnronaldo\/"}]}},"fimg_url":"https:\/\/acefootball.com\/da\/wp-content\/uploads\/sites\/2\/2020\/11\/GettyImages-1228689644.jpg","_links":{"self":[{"href":"https:\/\/acefootball.com\/da\/wp-json\/wp\/v2\/posts\/246816"}],"collection":[{"href":"https:\/\/acefootball.com\/da\/wp-json\/wp\/v2\/posts"}],"about":[{"href":"https:\/\/acefootball.com\/da\/wp-json\/wp\/v2\/types\/post"}],"author":[{"embeddable":true,"href":"https:\/\/acefootball.com\/da\/wp-json\/wp\/v2\/users\/705"}],"replies":[{"embeddable":true,"href":"https:\/\/acefootball.com\/da\/wp-json\/wp\/v2\/comments?post=246816"}],"version-history":[{"count":0,"href":"https:\/\/acefootball.com\/da\/wp-json\/wp\/v2\/posts\/246816\/revisions"}],"wp:featuredmedia":[{"embeddable":true,"href":"https:\/\/acefootball.com\/da\/wp-json\/wp\/v2\/media\/244433"}],"wp:attachment":[{"href":"https:\/\/acefootball.com\/da\/wp-json\/wp\/v2\/media?parent=246816"}],"wp:term":[{"taxonomy":"category","embeddable":true,"href":"https:\/\/acefootball.com\/da\/wp-json\/wp\/v2\/categories?post=246816"},{"taxonomy":"post_tag","embeddable":true,"href":"https:\/\/acefootball.com\/da\/wp-json\/wp\/v2\/tags?post=246816"}],"curies":[{"name":"wp","href":"https:\/\/api.w.org\/{rel}","templated":true}]}}