{"id":246647,"date":"2020-12-17T14:12:31","date_gmt":"2020-12-17T13:12:31","guid":{"rendered":"https:\/\/acefootball.com\/da\/?p=246647"},"modified":"2020-12-17T14:14:31","modified_gmt":"2020-12-17T13:14:31","slug":"solbakken-jeg-ved-hvem-der-traf-beslutningen","status":"publish","type":"post","link":"https:\/\/acefootball.com\/da\/fodboldnyheder\/solbakken-jeg-ved-hvem-der-traf-beslutningen\/","title":{"rendered":"Solbakken: Jeg ved, hvem der traf beslutningen"},"content":{"rendered":"\n<h2 id=\"h-st-le-solbakken-er-udm-rket-klar-over-hvem-der-traf-den-endelige-beslutning-om-at-fyre-ham-i-fc-k-benhavn\">St\u00e5le Solbakken er udm\u00e6rket klar over, hvem der traf den endelige beslutning om at fyre ham i FC K\u00f8benhavn<\/h2>\n\n\n\n<p>Det kom som et chok for hele fodbolddanmark, da St\u00e5le Solbakken fik sparket som manager i FC K\u00f8benhavn tilbage i oktober, og ikke mindst for ham selv.<\/p>\n\n\n\n<p>Selvom nordmanden har haft god tid til at reflektere over begivenhederne, har han endnu ikke forst\u00e5else for beslutningen, men han har dog en helt klar id\u00e9 om, hvem der har truffet den.<\/p>\n\n\n\n<p>&#8220;Jeg ved nok godt hvem&#8230; Jeg har et ganske godt billede af, hvem der har truffet beslutningen, og det lever jeg fint med. Det er ikke noget problem for mig,&#8221; udtaler Solbakken til <a href=\"https:\/\/www.tv2.no\/v\/1618469\/\" target=\"_blank\" rel=\"noreferrer noopener\">norsk TV2&#8217;s B-Laget<\/a>.<\/p>\n\n\n\n<figure class=\"wp-block-embed-wordpress wp-block-embed is-type-wp-embed is-provider-ace-football-danmark\"><div class=\"wp-block-embed__wrapper\">\n<blockquote class=\"wp-embedded-content\" data-secret=\"Ou9Z9pAxLt\"><a href=\"https:\/\/acefootball.com\/da\/fodboldnyheder\/thorup-varmer-op-til-fcm-gensyn-vi-er-et-helt-andet-sted-i-dag\/\">Thorup varmer op til FCM-gensyn: Vi er et helt andet sted i dag<\/a><\/blockquote><iframe class=\"wp-embedded-content\" sandbox=\"allow-scripts\" security=\"restricted\" style=\"position: absolute; clip: rect(1px, 1px, 1px, 1px);\" title=\"&#8220;Thorup varmer op til FCM-gensyn: Vi er et helt andet sted i dag&#8221; &#8212; Ace Football Danmark\" src=\"https:\/\/acefootball.com\/da\/fodboldnyheder\/thorup-varmer-op-til-fcm-gensyn-vi-er-et-helt-andet-sted-i-dag\/embed\/#?secret=Ou9Z9pAxLt\" data-secret=\"Ou9Z9pAxLt\" width=\"600\" height=\"338\" frameborder=\"0\" marginwidth=\"0\" marginheight=\"0\" scrolling=\"no\"><\/iframe>\n<\/div><\/figure>\n\n\n\n<p>&#8220;Problemet er, at jeg har arbejdet dag og nat med et projekt i s\u00e5 lang tid, og at der s\u00e5 ikke er plads til et halvt \u00e5r mere. Det blev trods alt til s\u00f8lv (i Superligaen,red.) og en kvartfinale i Europa for et skandinavisk hold.&#8221;<\/p>\n\n\n\n<p>St\u00e5le Solbakken bliver dog boende i K\u00f8benhavn sidel\u00f8bende med det nye job som norsk landstr\u00e6ner, men der er alligevel specielt \u00e9n ting ved dagligdagen i Danmark, som han kommer til at savne.<\/p>\n\n\n\n<p>&#8220;Vi bliver jo boende 50\/50, s\u00e5 vi f\u00e5r jo meget af den danske kultur &#8211; is\u00e6r maden som er bedre &#8211; og s\u00e5 har K\u00f8benhavn jo det hele. Det er en international storby, men det jeg kommer til at savne er jo s\u00f8ndagene i Parken og ikke mindst de europ\u00e6iske aftener.&#8221;<\/p>\n\n\n\n<p>Det blev til i alt 357 kampe i spidsen for FC K\u00f8benhavn i Solbakkens anden tid i klubben.<\/p>\n","protected":false},"excerpt":{"rendered":"<p>St\u00e5le Solbakken er udm\u00e6rket klar over, hvem der traf den endelige beslutning om at fyre ham i FC K\u00f8benhavn<\/p>\n","protected":false},"author":705,"featured_media":237149,"comment_status":"open","ping_status":"closed","sticky":false,"template":"","format":"standard","meta":{"om_disable_all_campaigns":false,"push_articles_ronaldo":{"active":false,"canonical":0,"publish":false},"force_updates":null},"categories":[8204],"tags":[16,1571,182,588],"enet_tags":{"team":["8391","8492"],"player":["78638"],"league":["46"],"sport_events":[]},"yoast_head":"<!-- This site is optimized with the Yoast SEO plugin v18.3 - https:\/\/yoast.com\/wordpress\/plugins\/seo\/ -->\n<title>Solbakken: Jeg ved, hvem der traf beslutningen<\/title>\n<meta name=\"description\" content=\"St\u00e5le Solbakken er udm\u00e6rket klar over, hvem der traf den endelige beslutning om at fyre ham i FC K\u00f8benhavn\" \/>\n<meta name=\"robots\" content=\"index, follow, max-snippet:-1, max-image-preview:large, max-video-preview:-1\" \/>\n<link rel=\"canonical\" href=\"https:\/\/acefootball.com\/da\/fodboldnyheder\/solbakken-jeg-ved-hvem-der-traf-beslutningen\/\" \/>\n<meta property=\"og:locale\" content=\"en_US\" \/>\n<meta property=\"og:type\" content=\"article\" \/>\n<meta property=\"og:title\" content=\"Solbakken: Jeg ved, hvem der traf beslutningen\" \/>\n<meta property=\"og:description\" content=\"St\u00e5le Solbakken er udm\u00e6rket klar over, hvem der traf den endelige beslutning om at fyre ham i FC K\u00f8benhavn\" \/>\n<meta property=\"og:url\" content=\"https:\/\/acefootball.com\/da\/fodboldnyheder\/solbakken-jeg-ved-hvem-der-traf-beslutningen\/\" \/>\n<meta property=\"og:site_name\" content=\"Ace Football Danmark\" \/>\n<meta property=\"article:publisher\" content=\"https:\/\/www.facebook.com\/acefootballdk\" \/>\n<meta property=\"article:published_time\" content=\"2020-12-17T13:12:31+00:00\" \/>\n<meta property=\"article:modified_time\" content=\"2020-12-17T13:14:31+00:00\" \/>\n<meta property=\"og:image\" content=\"https:\/\/acefootball.com\/da\/wp-content\/uploads\/sites\/2\/2020\/12\/FCK-11.jpg\" \/>\n\t<meta property=\"og:image:width\" content=\"1920\" \/>\n\t<meta property=\"og:image:height\" content=\"1008\" \/>\n\t<meta property=\"og:image:type\" content=\"image\/jpeg\" \/>\n<meta name=\"twitter:card\" content=\"summary_large_image\" \/>\n<meta name=\"twitter:label1\" content=\"Written by\" \/>\n\t<meta name=\"twitter:data1\" content=\"Mads Dreyer\" \/>\n\t<meta name=\"twitter:label2\" content=\"Est. reading time\" \/>\n\t<meta name=\"twitter:data2\" content=\"1 minute\" \/>\n<script type=\"application\/ld+json\" class=\"yoast-schema-graph\">{\"@context\":\"https:\/\/schema.org\",\"@graph\":[{\"@type\":\"Organization\",\"@id\":\"https:\/\/acefootball.com\/da\/#organization\",\"name\":\"Ace Football\",\"url\":\"https:\/\/acefootball.com\/da\/\",\"sameAs\":[\"https:\/\/www.facebook.com\/acefootballdk\"],\"logo\":{\"@type\":\"ImageObject\",\"@id\":\"https:\/\/acefootball.com\/da\/#logo\",\"inLanguage\":\"en-US\",\"url\":\"https:\/\/acefootball.com\/da\/wp-content\/uploads\/sites\/2\/2020\/07\/Ace-Football-30-07-2020-2.png\",\"contentUrl\":\"https:\/\/acefootball.com\/da\/wp-content\/uploads\/sites\/2\/2020\/07\/Ace-Football-30-07-2020-2.png\",\"width\":1200,\"height\":600,\"caption\":\"Ace Football\"},\"image\":{\"@id\":\"https:\/\/acefootball.com\/da\/#logo\"}},{\"@type\":\"WebSite\",\"@id\":\"https:\/\/acefootball.com\/da\/#website\",\"url\":\"https:\/\/acefootball.com\/da\/\",\"name\":\"Ace Football Danmark\",\"description\":\"Nyheder, Spiltips &amp; Livescore\",\"publisher\":{\"@id\":\"https:\/\/acefootball.com\/da\/#organization\"},\"potentialAction\":[{\"@type\":\"SearchAction\",\"target\":{\"@type\":\"EntryPoint\",\"urlTemplate\":\"https:\/\/acefootball.com\/da\/?s={search_term_string}\"},\"query-input\":\"required name=search_term_string\"}],\"inLanguage\":\"en-US\"},{\"@type\":\"ImageObject\",\"@id\":\"https:\/\/acefootball.com\/da\/fodboldnyheder\/solbakken-jeg-ved-hvem-der-traf-beslutningen\/#primaryimage\",\"inLanguage\":\"en-US\",\"url\":\"https:\/\/acefootball.com\/da\/wp-content\/uploads\/sites\/2\/2020\/12\/FCK-11.jpg\",\"contentUrl\":\"https:\/\/acefootball.com\/da\/wp-content\/uploads\/sites\/2\/2020\/12\/FCK-11.jpg\",\"width\":1920,\"height\":1008},{\"@type\":\"WebPage\",\"@id\":\"https:\/\/acefootball.com\/da\/fodboldnyheder\/solbakken-jeg-ved-hvem-der-traf-beslutningen\/#webpage\",\"url\":\"https:\/\/acefootball.com\/da\/fodboldnyheder\/solbakken-jeg-ved-hvem-der-traf-beslutningen\/\",\"name\":\"Solbakken: Jeg ved, hvem der traf beslutningen\",\"isPartOf\":{\"@id\":\"https:\/\/acefootball.com\/da\/#website\"},\"primaryImageOfPage\":{\"@id\":\"https:\/\/acefootball.com\/da\/fodboldnyheder\/solbakken-jeg-ved-hvem-der-traf-beslutningen\/#primaryimage\"},\"datePublished\":\"2020-12-17T13:12:31+00:00\",\"dateModified\":\"2020-12-17T13:14:31+00:00\",\"description\":\"St\u00e5le Solbakken er udm\u00e6rket klar over, hvem der traf den endelige beslutning om at fyre ham i FC K\u00f8benhavn\",\"breadcrumb\":{\"@id\":\"https:\/\/acefootball.com\/da\/fodboldnyheder\/solbakken-jeg-ved-hvem-der-traf-beslutningen\/#breadcrumb\"},\"inLanguage\":\"en-US\",\"potentialAction\":[{\"@type\":\"ReadAction\",\"target\":[\"https:\/\/acefootball.com\/da\/fodboldnyheder\/solbakken-jeg-ved-hvem-der-traf-beslutningen\/\"]}]},{\"@type\":\"BreadcrumbList\",\"@id\":\"https:\/\/acefootball.com\/da\/fodboldnyheder\/solbakken-jeg-ved-hvem-der-traf-beslutningen\/#breadcrumb\",\"itemListElement\":[{\"@type\":\"ListItem\",\"position\":1,\"name\":\"Home\",\"item\":\"https:\/\/acefootball.com\/da\/\"},{\"@type\":\"ListItem\",\"position\":2,\"name\":\"Solbakken: Jeg ved, hvem der traf beslutningen\"}]},{\"@type\":\"Article\",\"@id\":\"https:\/\/acefootball.com\/da\/fodboldnyheder\/solbakken-jeg-ved-hvem-der-traf-beslutningen\/#article\",\"isPartOf\":{\"@id\":\"https:\/\/acefootball.com\/da\/fodboldnyheder\/solbakken-jeg-ved-hvem-der-traf-beslutningen\/#webpage\"},\"author\":{\"@id\":\"https:\/\/acefootball.com\/da\/#\/schema\/person\/ee67e9cf04a276f144100ffa722f10cd\"},\"headline\":\"Solbakken: Jeg ved, hvem der traf beslutningen\",\"datePublished\":\"2020-12-17T13:12:31+00:00\",\"dateModified\":\"2020-12-17T13:14:31+00:00\",\"mainEntityOfPage\":{\"@id\":\"https:\/\/acefootball.com\/da\/fodboldnyheder\/solbakken-jeg-ved-hvem-der-traf-beslutningen\/#webpage\"},\"wordCount\":290,\"commentCount\":0,\"publisher\":{\"@id\":\"https:\/\/acefootball.com\/da\/#organization\"},\"image\":{\"@id\":\"https:\/\/acefootball.com\/da\/fodboldnyheder\/solbakken-jeg-ved-hvem-der-traf-beslutningen\/#primaryimage\"},\"thumbnailUrl\":\"https:\/\/acefootball.com\/da\/wp-content\/uploads\/sites\/2\/2020\/09\/GettyImages-1228496352.jpg\",\"keywords\":[\"FC K\u00f8benhavn\",\"Norge\",\"St\u00e5le Solbakken\",\"Superligaen\"],\"articleSection\":[\"Udtalelse\"],\"inLanguage\":\"en-US\",\"potentialAction\":[{\"@type\":\"CommentAction\",\"name\":\"Comment\",\"target\":[\"https:\/\/acefootball.com\/da\/fodboldnyheder\/solbakken-jeg-ved-hvem-der-traf-beslutningen\/#respond\"]}]},{\"@type\":\"Person\",\"@id\":\"https:\/\/acefootball.com\/da\/#\/schema\/person\/ee67e9cf04a276f144100ffa722f10cd\",\"name\":\"Mads Dreyer\",\"image\":{\"@type\":\"ImageObject\",\"@id\":\"https:\/\/acefootball.com\/da\/#personlogo\",\"inLanguage\":\"en-US\",\"url\":\"https:\/\/secure.gravatar.com\/avatar\/7c7abf72cfde9902b6a60efe60c88d4c?s=96&d=mm&r=g\",\"contentUrl\":\"https:\/\/secure.gravatar.com\/avatar\/7c7abf72cfde9902b6a60efe60c88d4c?s=96&d=mm&r=g\",\"caption\":\"Mads Dreyer\"},\"description\":\"Skribent og fodboldn\u00f8rd, der lige nu fort\u00e6ller om alt og intet i fodboldverdenen p\u00e5 acefootball.com. Uddannet i kommunikation fra Aalborg Universitet.\",\"sameAs\":[\"https:\/\/www.linkedin.com\/in\/mads-dreyer-b9b08266\/\"],\"url\":\"https:\/\/acefootball.com\/da\/fodboldnyheder\/author\/mdnronaldo\/\"}]}<\/script>\n<!-- \/ Yoast SEO plugin. -->","yoast_head_json":{"title":"Solbakken: Jeg ved, hvem der traf beslutningen","description":"St\u00e5le Solbakken er udm\u00e6rket klar over, hvem der traf den endelige beslutning om at fyre ham i FC K\u00f8benhavn","robots":{"index":"index","follow":"follow","max-snippet":"max-snippet:-1","max-image-preview":"max-image-preview:large","max-video-preview":"max-video-preview:-1"},"canonical":"https:\/\/acefootball.com\/da\/fodboldnyheder\/solbakken-jeg-ved-hvem-der-traf-beslutningen\/","og_locale":"en_US","og_type":"article","og_title":"Solbakken: Jeg ved, hvem der traf beslutningen","og_description":"St\u00e5le Solbakken er udm\u00e6rket klar over, hvem der traf den endelige beslutning om at fyre ham i FC K\u00f8benhavn","og_url":"https:\/\/acefootball.com\/da\/fodboldnyheder\/solbakken-jeg-ved-hvem-der-traf-beslutningen\/","og_site_name":"Ace Football Danmark","article_publisher":"https:\/\/www.facebook.com\/acefootballdk","article_published_time":"2020-12-17T13:12:31+00:00","article_modified_time":"2020-12-17T13:14:31+00:00","og_image":[{"width":1920,"height":1008,"url":"https:\/\/acefootball.com\/da\/wp-content\/uploads\/sites\/2\/2020\/12\/FCK-11.jpg","type":"image\/jpeg"}],"twitter_card":"summary_large_image","twitter_misc":{"Written by":"Mads Dreyer","Est. reading time":"1 minute"},"schema":{"@context":"https:\/\/schema.org","@graph":[{"@type":"Organization","@id":"https:\/\/acefootball.com\/da\/#organization","name":"Ace Football","url":"https:\/\/acefootball.com\/da\/","sameAs":["https:\/\/www.facebook.com\/acefootballdk"],"logo":{"@type":"ImageObject","@id":"https:\/\/acefootball.com\/da\/#logo","inLanguage":"en-US","url":"https:\/\/acefootball.com\/da\/wp-content\/uploads\/sites\/2\/2020\/07\/Ace-Football-30-07-2020-2.png","contentUrl":"https:\/\/acefootball.com\/da\/wp-content\/uploads\/sites\/2\/2020\/07\/Ace-Football-30-07-2020-2.png","width":1200,"height":600,"caption":"Ace Football"},"image":{"@id":"https:\/\/acefootball.com\/da\/#logo"}},{"@type":"WebSite","@id":"https:\/\/acefootball.com\/da\/#website","url":"https:\/\/acefootball.com\/da\/","name":"Ace Football Danmark","description":"Nyheder, Spiltips &amp; Livescore","publisher":{"@id":"https:\/\/acefootball.com\/da\/#organization"},"potentialAction":[{"@type":"SearchAction","target":{"@type":"EntryPoint","urlTemplate":"https:\/\/acefootball.com\/da\/?s={search_term_string}"},"query-input":"required name=search_term_string"}],"inLanguage":"en-US"},{"@type":"ImageObject","@id":"https:\/\/acefootball.com\/da\/fodboldnyheder\/solbakken-jeg-ved-hvem-der-traf-beslutningen\/#primaryimage","inLanguage":"en-US","url":"https:\/\/acefootball.com\/da\/wp-content\/uploads\/sites\/2\/2020\/12\/FCK-11.jpg","contentUrl":"https:\/\/acefootball.com\/da\/wp-content\/uploads\/sites\/2\/2020\/12\/FCK-11.jpg","width":1920,"height":1008},{"@type":"WebPage","@id":"https:\/\/acefootball.com\/da\/fodboldnyheder\/solbakken-jeg-ved-hvem-der-traf-beslutningen\/#webpage","url":"https:\/\/acefootball.com\/da\/fodboldnyheder\/solbakken-jeg-ved-hvem-der-traf-beslutningen\/","name":"Solbakken: Jeg ved, hvem der traf beslutningen","isPartOf":{"@id":"https:\/\/acefootball.com\/da\/#website"},"primaryImageOfPage":{"@id":"https:\/\/acefootball.com\/da\/fodboldnyheder\/solbakken-jeg-ved-hvem-der-traf-beslutningen\/#primaryimage"},"datePublished":"2020-12-17T13:12:31+00:00","dateModified":"2020-12-17T13:14:31+00:00","description":"St\u00e5le Solbakken er udm\u00e6rket klar over, hvem der traf den endelige beslutning om at fyre ham i FC K\u00f8benhavn","breadcrumb":{"@id":"https:\/\/acefootball.com\/da\/fodboldnyheder\/solbakken-jeg-ved-hvem-der-traf-beslutningen\/#breadcrumb"},"inLanguage":"en-US","potentialAction":[{"@type":"ReadAction","target":["https:\/\/acefootball.com\/da\/fodboldnyheder\/solbakken-jeg-ved-hvem-der-traf-beslutningen\/"]}]},{"@type":"BreadcrumbList","@id":"https:\/\/acefootball.com\/da\/fodboldnyheder\/solbakken-jeg-ved-hvem-der-traf-beslutningen\/#breadcrumb","itemListElement":[{"@type":"ListItem","position":1,"name":"Home","item":"https:\/\/acefootball.com\/da\/"},{"@type":"ListItem","position":2,"name":"Solbakken: Jeg ved, hvem der traf beslutningen"}]},{"@type":"Article","@id":"https:\/\/acefootball.com\/da\/fodboldnyheder\/solbakken-jeg-ved-hvem-der-traf-beslutningen\/#article","isPartOf":{"@id":"https:\/\/acefootball.com\/da\/fodboldnyheder\/solbakken-jeg-ved-hvem-der-traf-beslutningen\/#webpage"},"author":{"@id":"https:\/\/acefootball.com\/da\/#\/schema\/person\/ee67e9cf04a276f144100ffa722f10cd"},"headline":"Solbakken: Jeg ved, hvem der traf beslutningen","datePublished":"2020-12-17T13:12:31+00:00","dateModified":"2020-12-17T13:14:31+00:00","mainEntityOfPage":{"@id":"https:\/\/acefootball.com\/da\/fodboldnyheder\/solbakken-jeg-ved-hvem-der-traf-beslutningen\/#webpage"},"wordCount":290,"commentCount":0,"publisher":{"@id":"https:\/\/acefootball.com\/da\/#organization"},"image":{"@id":"https:\/\/acefootball.com\/da\/fodboldnyheder\/solbakken-jeg-ved-hvem-der-traf-beslutningen\/#primaryimage"},"thumbnailUrl":"https:\/\/acefootball.com\/da\/wp-content\/uploads\/sites\/2\/2020\/09\/GettyImages-1228496352.jpg","keywords":["FC K\u00f8benhavn","Norge","St\u00e5le Solbakken","Superligaen"],"articleSection":["Udtalelse"],"inLanguage":"en-US","potentialAction":[{"@type":"CommentAction","name":"Comment","target":["https:\/\/acefootball.com\/da\/fodboldnyheder\/solbakken-jeg-ved-hvem-der-traf-beslutningen\/#respond"]}]},{"@type":"Person","@id":"https:\/\/acefootball.com\/da\/#\/schema\/person\/ee67e9cf04a276f144100ffa722f10cd","name":"Mads Dreyer","image":{"@type":"ImageObject","@id":"https:\/\/acefootball.com\/da\/#personlogo","inLanguage":"en-US","url":"https:\/\/secure.gravatar.com\/avatar\/7c7abf72cfde9902b6a60efe60c88d4c?s=96&d=mm&r=g","contentUrl":"https:\/\/secure.gravatar.com\/avatar\/7c7abf72cfde9902b6a60efe60c88d4c?s=96&d=mm&r=g","caption":"Mads Dreyer"},"description":"Skribent og fodboldn\u00f8rd, der lige nu fort\u00e6ller om alt og intet i fodboldverdenen p\u00e5 acefootball.com. Uddannet i kommunikation fra Aalborg Universitet.","sameAs":["https:\/\/www.linkedin.com\/in\/mads-dreyer-b9b08266\/"],"url":"https:\/\/acefootball.com\/da\/fodboldnyheder\/author\/mdnronaldo\/"}]}},"fimg_url":"https:\/\/acefootball.com\/da\/wp-content\/uploads\/sites\/2\/2020\/09\/GettyImages-1228496352.jpg","_links":{"self":[{"href":"https:\/\/acefootball.com\/da\/wp-json\/wp\/v2\/posts\/246647"}],"collection":[{"href":"https:\/\/acefootball.com\/da\/wp-json\/wp\/v2\/posts"}],"about":[{"href":"https:\/\/acefootball.com\/da\/wp-json\/wp\/v2\/types\/post"}],"author":[{"embeddable":true,"href":"https:\/\/acefootball.com\/da\/wp-json\/wp\/v2\/users\/705"}],"replies":[{"embeddable":true,"href":"https:\/\/acefootball.com\/da\/wp-json\/wp\/v2\/comments?post=246647"}],"version-history":[{"count":0,"href":"https:\/\/acefootball.com\/da\/wp-json\/wp\/v2\/posts\/246647\/revisions"}],"wp:featuredmedia":[{"embeddable":true,"href":"https:\/\/acefootball.com\/da\/wp-json\/wp\/v2\/media\/237149"}],"wp:attachment":[{"href":"https:\/\/acefootball.com\/da\/wp-json\/wp\/v2\/media?parent=246647"}],"wp:term":[{"taxonomy":"category","embeddable":true,"href":"https:\/\/acefootball.com\/da\/wp-json\/wp\/v2\/categories?post=246647"},{"taxonomy":"post_tag","embeddable":true,"href":"https:\/\/acefootball.com\/da\/wp-json\/wp\/v2\/tags?post=246647"}],"curies":[{"name":"wp","href":"https:\/\/api.w.org\/{rel}","templated":true}]}}