{"id":246628,"date":"2020-12-17T11:47:24","date_gmt":"2020-12-17T10:47:24","guid":{"rendered":"https:\/\/acefootball.com\/da\/?p=246628"},"modified":"2020-12-17T11:49:20","modified_gmt":"2020-12-17T10:49:20","slug":"vanvittig-sag-maradonas-lig-maa-ikke-braendes","status":"publish","type":"post","link":"https:\/\/acefootball.com\/da\/fodboldnyheder\/vanvittig-sag-maradonas-lig-maa-ikke-braendes\/","title":{"rendered":"Vanvittig sag: Maradonas lig m\u00e5 ikke br\u00e6ndes"},"content":{"rendered":"\n<h2 id=\"h-en-domstol-i-argentina-har-afgjort-at-diego-maradonas-lig-ikke-m-br-ndes-f-r-en-sag-om-faderskab-er-afsluttet\">En domstol i Argentina har afgjort, at Diego Maradonas lig ikke m\u00e5 br\u00e6ndes, f\u00f8r en sag om faderskab er afsluttet<\/h2>\n\n\n\n<p>Hele Argentina var i stor sorg i november, da landets fodboldgud, Diego Maradona, afgik ved d\u00f8den efter et hjerteanfald i hjemmet.<\/p>\n\n\n\n<p>Efterf\u00f8lgende blev den afd\u00f8de krop f\u00f8rt med optog gennem Buenos Aires, hvor ikonet blev hyldet fra alle sider, inden der var begravelse den 26. november.<\/p>\n\n\n\n<p>Maradona f\u00e5r dog muligvis alligevel ikke lov til at hvile i fred herfra, da en sag om faderskab og arv er sat i gang.<\/p>\n\n\n\n<figure class=\"wp-block-embed-wordpress wp-block-embed is-type-wp-embed is-provider-ace-football-danmark\"><div class=\"wp-block-embed__wrapper\">\n<blockquote class=\"wp-embedded-content\" data-secret=\"eplcDYF449\"><a href=\"https:\/\/acefootball.com\/da\/fodboldnyheder\/kontroversiel-video-af-maradona-der-drikker-og-ryger-faa-dage-foer-operation-gaar-viralt\/\">Kontroversiel video af Maradona, der drikker og ryger f\u00e5 dage f\u00f8r operation g\u00e5r viralt<\/a><\/blockquote><iframe class=\"wp-embedded-content\" sandbox=\"allow-scripts\" security=\"restricted\" style=\"position: absolute; clip: rect(1px, 1px, 1px, 1px);\" title=\"&#8220;Kontroversiel video af Maradona, der drikker og ryger f\u00e5 dage f\u00f8r operation g\u00e5r viralt&#8221; &#8212; Ace Football Danmark\" src=\"https:\/\/acefootball.com\/da\/fodboldnyheder\/kontroversiel-video-af-maradona-der-drikker-og-ryger-faa-dage-foer-operation-gaar-viralt\/embed\/#?secret=eplcDYF449\" data-secret=\"eplcDYF449\" width=\"600\" height=\"338\" frameborder=\"0\" marginwidth=\"0\" marginheight=\"0\" scrolling=\"no\"><\/iframe>\n<\/div><\/figure>\n\n\n\n<p>Seks personer p\u00e5st\u00e5r s\u00e5ledes at v\u00e6re b\u00f8rn af Maradona og dermed berettiget til en portion af arven. Derfor skal det v\u00e6re muligt at tage DNA-pr\u00f8ver af den afd\u00f8de legende for at lave en faderskabstest.<\/p>\n\n\n\n<p>Af den grund har en domstol i den argentinske hovedstad besluttet, at liget ikke m\u00e5 br\u00e6ndes ved en senere lejlighed, f\u00f8r sagen er afsluttet. Det beretter Reuters if\u00f8lge <a href=\"https:\/\/www.espn.com\/soccer\/argentina-arg\/story\/4266700\/diego-maradonas-body-must-be-conserved-for-paternity-tests-court\" target=\"_blank\" rel=\"noreferrer noopener\">ESPN<\/a>.<\/p>\n\n\n\n<p>Maradona har i forvejen fem legitime b\u00f8rn &#8211; fire i Argentina og et enkelt i Italien fra tiden som spiller i Napoli.<\/p>\n","protected":false},"excerpt":{"rendered":"<p>En domstol i Argentina har afgjort, at Diego Maradonas lig ikke m\u00e5 br\u00e6ndes, f\u00f8r en sag om faderskab er afsluttet<\/p>\n","protected":false},"author":705,"featured_media":242233,"comment_status":"open","ping_status":"closed","sticky":false,"template":"","format":"standard","meta":{"om_disable_all_campaigns":false,"push_articles_ronaldo":{"active":false,"canonical":0,"publish":false},"force_updates":null},"categories":[1],"tags":[1043,1463,214],"enet_tags":{"team":["6706","9875"],"sport_events":[]},"yoast_head":"<!-- This site is optimized with the Yoast SEO plugin v18.3 - https:\/\/yoast.com\/wordpress\/plugins\/seo\/ -->\n<title>Vanvittig sag: Maradonas lig m\u00e5 ikke br\u00e6ndes<\/title>\n<meta name=\"description\" content=\"En domstol i Argentina har afgjort, at Diego Maradonas lig ikke m\u00e5 br\u00e6ndes, f\u00f8r en sag om faderskab er afsluttet\" \/>\n<meta name=\"robots\" content=\"index, follow, max-snippet:-1, max-image-preview:large, max-video-preview:-1\" \/>\n<link rel=\"canonical\" href=\"https:\/\/acefootball.com\/da\/fodboldnyheder\/vanvittig-sag-maradonas-lig-maa-ikke-braendes\/\" \/>\n<meta property=\"og:locale\" content=\"en_US\" \/>\n<meta property=\"og:type\" content=\"article\" \/>\n<meta property=\"og:title\" content=\"Vanvittig sag: Maradonas lig m\u00e5 ikke br\u00e6ndes\" \/>\n<meta property=\"og:description\" content=\"En domstol i Argentina har afgjort, at Diego Maradonas lig ikke m\u00e5 br\u00e6ndes, f\u00f8r en sag om faderskab er afsluttet\" \/>\n<meta property=\"og:url\" content=\"https:\/\/acefootball.com\/da\/fodboldnyheder\/vanvittig-sag-maradonas-lig-maa-ikke-braendes\/\" \/>\n<meta property=\"og:site_name\" content=\"Ace Football Danmark\" \/>\n<meta property=\"article:publisher\" content=\"https:\/\/www.facebook.com\/acefootballdk\" \/>\n<meta property=\"article:published_time\" content=\"2020-12-17T10:47:24+00:00\" \/>\n<meta property=\"article:modified_time\" content=\"2020-12-17T10:49:20+00:00\" \/>\n<meta property=\"og:image\" content=\"https:\/\/acefootball.com\/da\/wp-content\/uploads\/sites\/2\/2020\/12\/Copy-of-Ace-36.jpg\" \/>\n\t<meta property=\"og:image:width\" content=\"1920\" \/>\n\t<meta property=\"og:image:height\" content=\"1008\" \/>\n\t<meta property=\"og:image:type\" content=\"image\/jpeg\" \/>\n<meta name=\"twitter:card\" content=\"summary_large_image\" \/>\n<meta name=\"twitter:label1\" content=\"Written by\" \/>\n\t<meta name=\"twitter:data1\" content=\"Mads Dreyer\" \/>\n\t<meta name=\"twitter:label2\" content=\"Est. reading time\" \/>\n\t<meta name=\"twitter:data2\" content=\"1 minute\" \/>\n<script type=\"application\/ld+json\" class=\"yoast-schema-graph\">{\"@context\":\"https:\/\/schema.org\",\"@graph\":[{\"@type\":\"Organization\",\"@id\":\"https:\/\/acefootball.com\/da\/#organization\",\"name\":\"Ace Football\",\"url\":\"https:\/\/acefootball.com\/da\/\",\"sameAs\":[\"https:\/\/www.facebook.com\/acefootballdk\"],\"logo\":{\"@type\":\"ImageObject\",\"@id\":\"https:\/\/acefootball.com\/da\/#logo\",\"inLanguage\":\"en-US\",\"url\":\"https:\/\/acefootball.com\/da\/wp-content\/uploads\/sites\/2\/2020\/07\/Ace-Football-30-07-2020-2.png\",\"contentUrl\":\"https:\/\/acefootball.com\/da\/wp-content\/uploads\/sites\/2\/2020\/07\/Ace-Football-30-07-2020-2.png\",\"width\":1200,\"height\":600,\"caption\":\"Ace Football\"},\"image\":{\"@id\":\"https:\/\/acefootball.com\/da\/#logo\"}},{\"@type\":\"WebSite\",\"@id\":\"https:\/\/acefootball.com\/da\/#website\",\"url\":\"https:\/\/acefootball.com\/da\/\",\"name\":\"Ace Football Danmark\",\"description\":\"Nyheder, Spiltips &amp; Livescore\",\"publisher\":{\"@id\":\"https:\/\/acefootball.com\/da\/#organization\"},\"potentialAction\":[{\"@type\":\"SearchAction\",\"target\":{\"@type\":\"EntryPoint\",\"urlTemplate\":\"https:\/\/acefootball.com\/da\/?s={search_term_string}\"},\"query-input\":\"required name=search_term_string\"}],\"inLanguage\":\"en-US\"},{\"@type\":\"ImageObject\",\"@id\":\"https:\/\/acefootball.com\/da\/fodboldnyheder\/vanvittig-sag-maradonas-lig-maa-ikke-braendes\/#primaryimage\",\"inLanguage\":\"en-US\",\"url\":\"https:\/\/acefootball.com\/da\/wp-content\/uploads\/sites\/2\/2020\/12\/Copy-of-Ace-36.jpg\",\"contentUrl\":\"https:\/\/acefootball.com\/da\/wp-content\/uploads\/sites\/2\/2020\/12\/Copy-of-Ace-36.jpg\",\"width\":1920,\"height\":1008},{\"@type\":\"WebPage\",\"@id\":\"https:\/\/acefootball.com\/da\/fodboldnyheder\/vanvittig-sag-maradonas-lig-maa-ikke-braendes\/#webpage\",\"url\":\"https:\/\/acefootball.com\/da\/fodboldnyheder\/vanvittig-sag-maradonas-lig-maa-ikke-braendes\/\",\"name\":\"Vanvittig sag: Maradonas lig m\u00e5 ikke br\u00e6ndes\",\"isPartOf\":{\"@id\":\"https:\/\/acefootball.com\/da\/#website\"},\"primaryImageOfPage\":{\"@id\":\"https:\/\/acefootball.com\/da\/fodboldnyheder\/vanvittig-sag-maradonas-lig-maa-ikke-braendes\/#primaryimage\"},\"datePublished\":\"2020-12-17T10:47:24+00:00\",\"dateModified\":\"2020-12-17T10:49:20+00:00\",\"description\":\"En domstol i Argentina har afgjort, at Diego Maradonas lig ikke m\u00e5 br\u00e6ndes, f\u00f8r en sag om faderskab er afsluttet\",\"breadcrumb\":{\"@id\":\"https:\/\/acefootball.com\/da\/fodboldnyheder\/vanvittig-sag-maradonas-lig-maa-ikke-braendes\/#breadcrumb\"},\"inLanguage\":\"en-US\",\"potentialAction\":[{\"@type\":\"ReadAction\",\"target\":[\"https:\/\/acefootball.com\/da\/fodboldnyheder\/vanvittig-sag-maradonas-lig-maa-ikke-braendes\/\"]}]},{\"@type\":\"BreadcrumbList\",\"@id\":\"https:\/\/acefootball.com\/da\/fodboldnyheder\/vanvittig-sag-maradonas-lig-maa-ikke-braendes\/#breadcrumb\",\"itemListElement\":[{\"@type\":\"ListItem\",\"position\":1,\"name\":\"Home\",\"item\":\"https:\/\/acefootball.com\/da\/\"},{\"@type\":\"ListItem\",\"position\":2,\"name\":\"Vanvittig sag: Maradonas lig m\u00e5 ikke br\u00e6ndes\"}]},{\"@type\":\"Article\",\"@id\":\"https:\/\/acefootball.com\/da\/fodboldnyheder\/vanvittig-sag-maradonas-lig-maa-ikke-braendes\/#article\",\"isPartOf\":{\"@id\":\"https:\/\/acefootball.com\/da\/fodboldnyheder\/vanvittig-sag-maradonas-lig-maa-ikke-braendes\/#webpage\"},\"author\":{\"@id\":\"https:\/\/acefootball.com\/da\/#\/schema\/person\/ee67e9cf04a276f144100ffa722f10cd\"},\"headline\":\"Vanvittig sag: Maradonas lig m\u00e5 ikke br\u00e6ndes\",\"datePublished\":\"2020-12-17T10:47:24+00:00\",\"dateModified\":\"2020-12-17T10:49:20+00:00\",\"mainEntityOfPage\":{\"@id\":\"https:\/\/acefootball.com\/da\/fodboldnyheder\/vanvittig-sag-maradonas-lig-maa-ikke-braendes\/#webpage\"},\"wordCount\":207,\"commentCount\":0,\"publisher\":{\"@id\":\"https:\/\/acefootball.com\/da\/#organization\"},\"image\":{\"@id\":\"https:\/\/acefootball.com\/da\/fodboldnyheder\/vanvittig-sag-maradonas-lig-maa-ikke-braendes\/#primaryimage\"},\"thumbnailUrl\":\"https:\/\/acefootball.com\/da\/wp-content\/uploads\/sites\/2\/2020\/11\/GettyImages-1205709480.jpg\",\"keywords\":[\"Argentina\",\"Diego Maradona\",\"Napoli\"],\"articleSection\":[\"Nyhed\"],\"inLanguage\":\"en-US\",\"potentialAction\":[{\"@type\":\"CommentAction\",\"name\":\"Comment\",\"target\":[\"https:\/\/acefootball.com\/da\/fodboldnyheder\/vanvittig-sag-maradonas-lig-maa-ikke-braendes\/#respond\"]}]},{\"@type\":\"Person\",\"@id\":\"https:\/\/acefootball.com\/da\/#\/schema\/person\/ee67e9cf04a276f144100ffa722f10cd\",\"name\":\"Mads Dreyer\",\"image\":{\"@type\":\"ImageObject\",\"@id\":\"https:\/\/acefootball.com\/da\/#personlogo\",\"inLanguage\":\"en-US\",\"url\":\"https:\/\/secure.gravatar.com\/avatar\/7c7abf72cfde9902b6a60efe60c88d4c?s=96&d=mm&r=g\",\"contentUrl\":\"https:\/\/secure.gravatar.com\/avatar\/7c7abf72cfde9902b6a60efe60c88d4c?s=96&d=mm&r=g\",\"caption\":\"Mads Dreyer\"},\"description\":\"Skribent og fodboldn\u00f8rd, der lige nu fort\u00e6ller om alt og intet i fodboldverdenen p\u00e5 acefootball.com. Uddannet i kommunikation fra Aalborg Universitet.\",\"sameAs\":[\"https:\/\/www.linkedin.com\/in\/mads-dreyer-b9b08266\/\"],\"url\":\"https:\/\/acefootball.com\/da\/fodboldnyheder\/author\/mdnronaldo\/\"}]}<\/script>\n<!-- \/ Yoast SEO plugin. -->","yoast_head_json":{"title":"Vanvittig sag: Maradonas lig m\u00e5 ikke br\u00e6ndes","description":"En domstol i Argentina har afgjort, at Diego Maradonas lig ikke m\u00e5 br\u00e6ndes, f\u00f8r en sag om faderskab er afsluttet","robots":{"index":"index","follow":"follow","max-snippet":"max-snippet:-1","max-image-preview":"max-image-preview:large","max-video-preview":"max-video-preview:-1"},"canonical":"https:\/\/acefootball.com\/da\/fodboldnyheder\/vanvittig-sag-maradonas-lig-maa-ikke-braendes\/","og_locale":"en_US","og_type":"article","og_title":"Vanvittig sag: Maradonas lig m\u00e5 ikke br\u00e6ndes","og_description":"En domstol i Argentina har afgjort, at Diego Maradonas lig ikke m\u00e5 br\u00e6ndes, f\u00f8r en sag om faderskab er afsluttet","og_url":"https:\/\/acefootball.com\/da\/fodboldnyheder\/vanvittig-sag-maradonas-lig-maa-ikke-braendes\/","og_site_name":"Ace Football Danmark","article_publisher":"https:\/\/www.facebook.com\/acefootballdk","article_published_time":"2020-12-17T10:47:24+00:00","article_modified_time":"2020-12-17T10:49:20+00:00","og_image":[{"width":1920,"height":1008,"url":"https:\/\/acefootball.com\/da\/wp-content\/uploads\/sites\/2\/2020\/12\/Copy-of-Ace-36.jpg","type":"image\/jpeg"}],"twitter_card":"summary_large_image","twitter_misc":{"Written by":"Mads Dreyer","Est. reading time":"1 minute"},"schema":{"@context":"https:\/\/schema.org","@graph":[{"@type":"Organization","@id":"https:\/\/acefootball.com\/da\/#organization","name":"Ace Football","url":"https:\/\/acefootball.com\/da\/","sameAs":["https:\/\/www.facebook.com\/acefootballdk"],"logo":{"@type":"ImageObject","@id":"https:\/\/acefootball.com\/da\/#logo","inLanguage":"en-US","url":"https:\/\/acefootball.com\/da\/wp-content\/uploads\/sites\/2\/2020\/07\/Ace-Football-30-07-2020-2.png","contentUrl":"https:\/\/acefootball.com\/da\/wp-content\/uploads\/sites\/2\/2020\/07\/Ace-Football-30-07-2020-2.png","width":1200,"height":600,"caption":"Ace Football"},"image":{"@id":"https:\/\/acefootball.com\/da\/#logo"}},{"@type":"WebSite","@id":"https:\/\/acefootball.com\/da\/#website","url":"https:\/\/acefootball.com\/da\/","name":"Ace Football Danmark","description":"Nyheder, Spiltips &amp; Livescore","publisher":{"@id":"https:\/\/acefootball.com\/da\/#organization"},"potentialAction":[{"@type":"SearchAction","target":{"@type":"EntryPoint","urlTemplate":"https:\/\/acefootball.com\/da\/?s={search_term_string}"},"query-input":"required name=search_term_string"}],"inLanguage":"en-US"},{"@type":"ImageObject","@id":"https:\/\/acefootball.com\/da\/fodboldnyheder\/vanvittig-sag-maradonas-lig-maa-ikke-braendes\/#primaryimage","inLanguage":"en-US","url":"https:\/\/acefootball.com\/da\/wp-content\/uploads\/sites\/2\/2020\/12\/Copy-of-Ace-36.jpg","contentUrl":"https:\/\/acefootball.com\/da\/wp-content\/uploads\/sites\/2\/2020\/12\/Copy-of-Ace-36.jpg","width":1920,"height":1008},{"@type":"WebPage","@id":"https:\/\/acefootball.com\/da\/fodboldnyheder\/vanvittig-sag-maradonas-lig-maa-ikke-braendes\/#webpage","url":"https:\/\/acefootball.com\/da\/fodboldnyheder\/vanvittig-sag-maradonas-lig-maa-ikke-braendes\/","name":"Vanvittig sag: Maradonas lig m\u00e5 ikke br\u00e6ndes","isPartOf":{"@id":"https:\/\/acefootball.com\/da\/#website"},"primaryImageOfPage":{"@id":"https:\/\/acefootball.com\/da\/fodboldnyheder\/vanvittig-sag-maradonas-lig-maa-ikke-braendes\/#primaryimage"},"datePublished":"2020-12-17T10:47:24+00:00","dateModified":"2020-12-17T10:49:20+00:00","description":"En domstol i Argentina har afgjort, at Diego Maradonas lig ikke m\u00e5 br\u00e6ndes, f\u00f8r en sag om faderskab er afsluttet","breadcrumb":{"@id":"https:\/\/acefootball.com\/da\/fodboldnyheder\/vanvittig-sag-maradonas-lig-maa-ikke-braendes\/#breadcrumb"},"inLanguage":"en-US","potentialAction":[{"@type":"ReadAction","target":["https:\/\/acefootball.com\/da\/fodboldnyheder\/vanvittig-sag-maradonas-lig-maa-ikke-braendes\/"]}]},{"@type":"BreadcrumbList","@id":"https:\/\/acefootball.com\/da\/fodboldnyheder\/vanvittig-sag-maradonas-lig-maa-ikke-braendes\/#breadcrumb","itemListElement":[{"@type":"ListItem","position":1,"name":"Home","item":"https:\/\/acefootball.com\/da\/"},{"@type":"ListItem","position":2,"name":"Vanvittig sag: Maradonas lig m\u00e5 ikke br\u00e6ndes"}]},{"@type":"Article","@id":"https:\/\/acefootball.com\/da\/fodboldnyheder\/vanvittig-sag-maradonas-lig-maa-ikke-braendes\/#article","isPartOf":{"@id":"https:\/\/acefootball.com\/da\/fodboldnyheder\/vanvittig-sag-maradonas-lig-maa-ikke-braendes\/#webpage"},"author":{"@id":"https:\/\/acefootball.com\/da\/#\/schema\/person\/ee67e9cf04a276f144100ffa722f10cd"},"headline":"Vanvittig sag: Maradonas lig m\u00e5 ikke br\u00e6ndes","datePublished":"2020-12-17T10:47:24+00:00","dateModified":"2020-12-17T10:49:20+00:00","mainEntityOfPage":{"@id":"https:\/\/acefootball.com\/da\/fodboldnyheder\/vanvittig-sag-maradonas-lig-maa-ikke-braendes\/#webpage"},"wordCount":207,"commentCount":0,"publisher":{"@id":"https:\/\/acefootball.com\/da\/#organization"},"image":{"@id":"https:\/\/acefootball.com\/da\/fodboldnyheder\/vanvittig-sag-maradonas-lig-maa-ikke-braendes\/#primaryimage"},"thumbnailUrl":"https:\/\/acefootball.com\/da\/wp-content\/uploads\/sites\/2\/2020\/11\/GettyImages-1205709480.jpg","keywords":["Argentina","Diego Maradona","Napoli"],"articleSection":["Nyhed"],"inLanguage":"en-US","potentialAction":[{"@type":"CommentAction","name":"Comment","target":["https:\/\/acefootball.com\/da\/fodboldnyheder\/vanvittig-sag-maradonas-lig-maa-ikke-braendes\/#respond"]}]},{"@type":"Person","@id":"https:\/\/acefootball.com\/da\/#\/schema\/person\/ee67e9cf04a276f144100ffa722f10cd","name":"Mads Dreyer","image":{"@type":"ImageObject","@id":"https:\/\/acefootball.com\/da\/#personlogo","inLanguage":"en-US","url":"https:\/\/secure.gravatar.com\/avatar\/7c7abf72cfde9902b6a60efe60c88d4c?s=96&d=mm&r=g","contentUrl":"https:\/\/secure.gravatar.com\/avatar\/7c7abf72cfde9902b6a60efe60c88d4c?s=96&d=mm&r=g","caption":"Mads Dreyer"},"description":"Skribent og fodboldn\u00f8rd, der lige nu fort\u00e6ller om alt og intet i fodboldverdenen p\u00e5 acefootball.com. Uddannet i kommunikation fra Aalborg Universitet.","sameAs":["https:\/\/www.linkedin.com\/in\/mads-dreyer-b9b08266\/"],"url":"https:\/\/acefootball.com\/da\/fodboldnyheder\/author\/mdnronaldo\/"}]}},"fimg_url":"https:\/\/acefootball.com\/da\/wp-content\/uploads\/sites\/2\/2020\/11\/GettyImages-1205709480.jpg","_links":{"self":[{"href":"https:\/\/acefootball.com\/da\/wp-json\/wp\/v2\/posts\/246628"}],"collection":[{"href":"https:\/\/acefootball.com\/da\/wp-json\/wp\/v2\/posts"}],"about":[{"href":"https:\/\/acefootball.com\/da\/wp-json\/wp\/v2\/types\/post"}],"author":[{"embeddable":true,"href":"https:\/\/acefootball.com\/da\/wp-json\/wp\/v2\/users\/705"}],"replies":[{"embeddable":true,"href":"https:\/\/acefootball.com\/da\/wp-json\/wp\/v2\/comments?post=246628"}],"version-history":[{"count":0,"href":"https:\/\/acefootball.com\/da\/wp-json\/wp\/v2\/posts\/246628\/revisions"}],"wp:featuredmedia":[{"embeddable":true,"href":"https:\/\/acefootball.com\/da\/wp-json\/wp\/v2\/media\/242233"}],"wp:attachment":[{"href":"https:\/\/acefootball.com\/da\/wp-json\/wp\/v2\/media?parent=246628"}],"wp:term":[{"taxonomy":"category","embeddable":true,"href":"https:\/\/acefootball.com\/da\/wp-json\/wp\/v2\/categories?post=246628"},{"taxonomy":"post_tag","embeddable":true,"href":"https:\/\/acefootball.com\/da\/wp-json\/wp\/v2\/tags?post=246628"}],"curies":[{"name":"wp","href":"https:\/\/api.w.org\/{rel}","templated":true}]}}