{"id":246614,"date":"2020-12-17T10:22:37","date_gmt":"2020-12-17T09:22:37","guid":{"rendered":"https:\/\/acefootball.com\/da\/?p=246614"},"modified":"2020-12-17T10:23:37","modified_gmt":"2020-12-17T09:23:37","slug":"18-mand-udtaget-til-broendbys-pokalkamp","status":"publish","type":"post","link":"https:\/\/acefootball.com\/da\/fodboldnyheder\/18-mand-udtaget-til-broendbys-pokalkamp\/","title":{"rendered":"18 mand udtaget til Br\u00f8ndbys pokalkamp"},"content":{"rendered":"\n<h2 id=\"h-niels-frederiksen-har-udtaget-de-samme-18-mand-fra-s-nderjyske-kampen-til-aftenens-pokaldyst-mod-fremad-amager\">Niels Frederiksen har udtaget de samme 18 mand fra S\u00f8nderjyskE-kampen til aftenens pokaldyst mod Fremad Amager<\/h2>\n\n\n\n<div class=\"wp-block-si-widget wp-block-si-widget--center\"><si-lb-widget widget-id=\"MatchInfoWithOdds\" data-nopadding=\"true\" data-card=\"true\" width=\"440\" data-event-id=\"3482018\" data-theme-appearance=\"dark\" data-provider=\"mrgreen\"><\/si-lb-widget><\/div>\n\n\n\n<p>Torsdag aften skal de sidste to kvartfinalister i \u00e5rets Sydbank Pokalen findes, og den f\u00f8rste af dem bliver enten Fremad Amager eller Br\u00f8ndby IF.<\/p>\n\n\n\n<p>De to mandskaber dyster p\u00e5 Sundby Idr\u00e6tspark, og Niels Frederiksen har allerede varslet, at der ikke bliver taget let p\u00e5 tingene fra de bl\u00e5gules side.<\/p>\n\n\n\n<figure class=\"wp-block-embed-wordpress wp-block-embed is-type-wp-embed is-provider-ace-football-danmark\"><div class=\"wp-block-embed__wrapper\">\n<blockquote class=\"wp-embedded-content\" data-secret=\"EtVePL2XJT\"><a href=\"https:\/\/acefootball.com\/da\/fodboldnyheder\/broendby-traener-den-mest-direkte-vej-til-europa\/\">Br\u00f8ndby-tr\u00e6ner: Den mest direkte vej til Europa<\/a><\/blockquote><iframe class=\"wp-embedded-content\" sandbox=\"allow-scripts\" security=\"restricted\" style=\"position: absolute; clip: rect(1px, 1px, 1px, 1px);\" title=\"&#8220;Br\u00f8ndby-tr\u00e6ner: Den mest direkte vej til Europa&#8221; &#8212; Ace Football Danmark\" src=\"https:\/\/acefootball.com\/da\/fodboldnyheder\/broendby-traener-den-mest-direkte-vej-til-europa\/embed\/#?secret=EtVePL2XJT\" data-secret=\"EtVePL2XJT\" width=\"600\" height=\"338\" frameborder=\"0\" marginwidth=\"0\" marginheight=\"0\" scrolling=\"no\"><\/iframe>\n<\/div><\/figure>\n\n\n\n<p>Derfor tager Br\u00f8ndby-tr\u00e6neren ogs\u00e5 hele kavaleriet med til kampen, da de samme 18 mand fra weekendens sejr over S\u00f8nderjyskE er udtaget til truppen.<\/p>\n\n\n\n<p><strong>Br\u00f8ndby-truppen:<\/strong><br>1. Marvin Schw\u00e4be<br>30. Mads Hermansen<br>3. Anthony Jung<br>4. Sigurd Rosted<br>5. Andreas Maxs\u00f8<br>6. Hj\u00f6rtur Hermannsson<br>11. Mikael Uhre<br>17. Andreas Bruus\u00a0<br>18. Jesper &#8216;Jobbe&#8217; Lindstr\u00f8m<br>19. Morten Frendrup<br>21. Lasse Vigen<br>22. Josip Radosevic<br>24. Joel Kabongo<br>25. Anis Slimane<br>27. Simon Hedlund<br>34. Andreas Pyndt Andersen<br>36. Mathias Kvistgaarden<br>42. Tobias B\u00f8rkeeiet<\/p>\n\n\n\n<div class=\"wp-block-image\"><figure class=\"aligncenter size-large is-resized\"><a href=\"https:\/\/bit.ly\/36Zmta7\" target=\"_blank\" rel=\"noopener\"><img loading=\"lazy\" src=\"https:\/\/acefootball.com\/da\/wp-content\/uploads\/sites\/2\/2020\/12\/frembif-1024x683.jpg\" alt=\"500 kroner cash bet p\u00e5 Br\u00f8ndby-Fremad Amager fra Mr. Green\" class=\"wp-image-246545\" width=\"512\" height=\"342\" srcset=\"https:\/\/acefootball.com\/da\/wp-content\/uploads\/sites\/2\/2020\/12\/frembif-1024x683.jpg 1024w, https:\/\/acefootball.com\/da\/wp-content\/uploads\/sites\/2\/2020\/12\/frembif-300x200.jpg 300w, https:\/\/acefootball.com\/da\/wp-content\/uploads\/sites\/2\/2020\/12\/frembif-768x512.jpg 768w, https:\/\/acefootball.com\/da\/wp-content\/uploads\/sites\/2\/2020\/12\/frembif.jpg 1500w\" sizes=\"(max-width: 512px) 100vw, 512px\" \/><\/a><\/figure><\/div>\n","protected":false},"excerpt":{"rendered":"<p>Niels Frederiksen har udtaget de samme 18 mand fra S\u00f8nderjyskE-kampen til aftenens pokaldyst mod Fremad Amager<\/p>\n","protected":false},"author":705,"featured_media":245254,"comment_status":"open","ping_status":"closed","sticky":false,"template":"","format":"standard","meta":{"om_disable_all_campaigns":false,"push_articles_ronaldo":{"active":false,"canonical":0,"publish":false},"force_updates":null},"categories":[8062],"tags":[53,644,588],"enet_tags":{"team":["8595"],"league":["242","46"],"sport_events":[3482018]},"yoast_head":"<!-- This site is optimized with the Yoast SEO plugin v18.3 - https:\/\/yoast.com\/wordpress\/plugins\/seo\/ -->\n<title>18 mand udtaget til Br\u00f8ndbys pokalkamp<\/title>\n<meta name=\"description\" content=\"Niels Frederiksen har udtaget de samme 18 mand fra S\u00f8nderjyskE-kampen til aftenens pokaldyst mod Fremad Amager\" \/>\n<meta name=\"robots\" content=\"index, follow, max-snippet:-1, max-image-preview:large, max-video-preview:-1\" \/>\n<link rel=\"canonical\" href=\"https:\/\/acefootball.com\/da\/fodboldnyheder\/18-mand-udtaget-til-broendbys-pokalkamp\/\" \/>\n<meta property=\"og:locale\" content=\"en_US\" \/>\n<meta property=\"og:type\" content=\"article\" \/>\n<meta property=\"og:title\" content=\"18 mand udtaget til Br\u00f8ndbys pokalkamp\" \/>\n<meta property=\"og:description\" content=\"Niels Frederiksen har udtaget de samme 18 mand fra S\u00f8nderjyskE-kampen til aftenens pokaldyst mod Fremad Amager\" \/>\n<meta property=\"og:url\" content=\"https:\/\/acefootball.com\/da\/fodboldnyheder\/18-mand-udtaget-til-broendbys-pokalkamp\/\" \/>\n<meta property=\"og:site_name\" content=\"Ace Football Danmark\" \/>\n<meta property=\"article:publisher\" content=\"https:\/\/www.facebook.com\/acefootballdk\" \/>\n<meta property=\"article:published_time\" content=\"2020-12-17T09:22:37+00:00\" \/>\n<meta property=\"article:modified_time\" content=\"2020-12-17T09:23:37+00:00\" \/>\n<meta property=\"og:image\" content=\"https:\/\/acefootball.com\/da\/wp-content\/uploads\/sites\/2\/2020\/12\/Brondby-9.jpg\" \/>\n\t<meta property=\"og:image:width\" content=\"1920\" \/>\n\t<meta property=\"og:image:height\" content=\"1008\" \/>\n\t<meta property=\"og:image:type\" content=\"image\/jpeg\" \/>\n<meta name=\"twitter:card\" content=\"summary_large_image\" \/>\n<meta name=\"twitter:label1\" content=\"Written by\" \/>\n\t<meta name=\"twitter:data1\" content=\"Mads Dreyer\" \/>\n\t<meta name=\"twitter:label2\" content=\"Est. reading time\" \/>\n\t<meta name=\"twitter:data2\" content=\"1 minute\" \/>\n<script type=\"application\/ld+json\" class=\"yoast-schema-graph\">{\"@context\":\"https:\/\/schema.org\",\"@graph\":[{\"@type\":\"Organization\",\"@id\":\"https:\/\/acefootball.com\/da\/#organization\",\"name\":\"Ace Football\",\"url\":\"https:\/\/acefootball.com\/da\/\",\"sameAs\":[\"https:\/\/www.facebook.com\/acefootballdk\"],\"logo\":{\"@type\":\"ImageObject\",\"@id\":\"https:\/\/acefootball.com\/da\/#logo\",\"inLanguage\":\"en-US\",\"url\":\"https:\/\/acefootball.com\/da\/wp-content\/uploads\/sites\/2\/2020\/07\/Ace-Football-30-07-2020-2.png\",\"contentUrl\":\"https:\/\/acefootball.com\/da\/wp-content\/uploads\/sites\/2\/2020\/07\/Ace-Football-30-07-2020-2.png\",\"width\":1200,\"height\":600,\"caption\":\"Ace Football\"},\"image\":{\"@id\":\"https:\/\/acefootball.com\/da\/#logo\"}},{\"@type\":\"WebSite\",\"@id\":\"https:\/\/acefootball.com\/da\/#website\",\"url\":\"https:\/\/acefootball.com\/da\/\",\"name\":\"Ace Football Danmark\",\"description\":\"Nyheder, Spiltips &amp; Livescore\",\"publisher\":{\"@id\":\"https:\/\/acefootball.com\/da\/#organization\"},\"potentialAction\":[{\"@type\":\"SearchAction\",\"target\":{\"@type\":\"EntryPoint\",\"urlTemplate\":\"https:\/\/acefootball.com\/da\/?s={search_term_string}\"},\"query-input\":\"required name=search_term_string\"}],\"inLanguage\":\"en-US\"},{\"@type\":\"ImageObject\",\"@id\":\"https:\/\/acefootball.com\/da\/fodboldnyheder\/18-mand-udtaget-til-broendbys-pokalkamp\/#primaryimage\",\"inLanguage\":\"en-US\",\"url\":\"https:\/\/acefootball.com\/da\/wp-content\/uploads\/sites\/2\/2020\/12\/Brondby-9.jpg\",\"contentUrl\":\"https:\/\/acefootball.com\/da\/wp-content\/uploads\/sites\/2\/2020\/12\/Brondby-9.jpg\",\"width\":1920,\"height\":1008},{\"@type\":\"WebPage\",\"@id\":\"https:\/\/acefootball.com\/da\/fodboldnyheder\/18-mand-udtaget-til-broendbys-pokalkamp\/#webpage\",\"url\":\"https:\/\/acefootball.com\/da\/fodboldnyheder\/18-mand-udtaget-til-broendbys-pokalkamp\/\",\"name\":\"18 mand udtaget til Br\u00f8ndbys pokalkamp\",\"isPartOf\":{\"@id\":\"https:\/\/acefootball.com\/da\/#website\"},\"primaryImageOfPage\":{\"@id\":\"https:\/\/acefootball.com\/da\/fodboldnyheder\/18-mand-udtaget-til-broendbys-pokalkamp\/#primaryimage\"},\"datePublished\":\"2020-12-17T09:22:37+00:00\",\"dateModified\":\"2020-12-17T09:23:37+00:00\",\"description\":\"Niels Frederiksen har udtaget de samme 18 mand fra S\u00f8nderjyskE-kampen til aftenens pokaldyst mod Fremad Amager\",\"breadcrumb\":{\"@id\":\"https:\/\/acefootball.com\/da\/fodboldnyheder\/18-mand-udtaget-til-broendbys-pokalkamp\/#breadcrumb\"},\"inLanguage\":\"en-US\",\"potentialAction\":[{\"@type\":\"ReadAction\",\"target\":[\"https:\/\/acefootball.com\/da\/fodboldnyheder\/18-mand-udtaget-til-broendbys-pokalkamp\/\"]}]},{\"@type\":\"BreadcrumbList\",\"@id\":\"https:\/\/acefootball.com\/da\/fodboldnyheder\/18-mand-udtaget-til-broendbys-pokalkamp\/#breadcrumb\",\"itemListElement\":[{\"@type\":\"ListItem\",\"position\":1,\"name\":\"Home\",\"item\":\"https:\/\/acefootball.com\/da\/\"},{\"@type\":\"ListItem\",\"position\":2,\"name\":\"18 mand udtaget til Br\u00f8ndbys pokalkamp\"}]},{\"@type\":\"Article\",\"@id\":\"https:\/\/acefootball.com\/da\/fodboldnyheder\/18-mand-udtaget-til-broendbys-pokalkamp\/#article\",\"isPartOf\":{\"@id\":\"https:\/\/acefootball.com\/da\/fodboldnyheder\/18-mand-udtaget-til-broendbys-pokalkamp\/#webpage\"},\"author\":{\"@id\":\"https:\/\/acefootball.com\/da\/#\/schema\/person\/ee67e9cf04a276f144100ffa722f10cd\"},\"headline\":\"18 mand udtaget til Br\u00f8ndbys pokalkamp\",\"datePublished\":\"2020-12-17T09:22:37+00:00\",\"dateModified\":\"2020-12-17T09:23:37+00:00\",\"mainEntityOfPage\":{\"@id\":\"https:\/\/acefootball.com\/da\/fodboldnyheder\/18-mand-udtaget-til-broendbys-pokalkamp\/#webpage\"},\"wordCount\":150,\"commentCount\":0,\"publisher\":{\"@id\":\"https:\/\/acefootball.com\/da\/#organization\"},\"image\":{\"@id\":\"https:\/\/acefootball.com\/da\/fodboldnyheder\/18-mand-udtaget-til-broendbys-pokalkamp\/#primaryimage\"},\"thumbnailUrl\":\"https:\/\/acefootball.com\/da\/wp-content\/uploads\/sites\/2\/2020\/12\/GettyImages-1229259742.jpg\",\"keywords\":[\"Br\u00f8ndby IF\",\"DBU Pokalen\",\"Superligaen\"],\"articleSection\":[\"Kamp\"],\"inLanguage\":\"en-US\",\"potentialAction\":[{\"@type\":\"CommentAction\",\"name\":\"Comment\",\"target\":[\"https:\/\/acefootball.com\/da\/fodboldnyheder\/18-mand-udtaget-til-broendbys-pokalkamp\/#respond\"]}]},{\"@type\":\"Person\",\"@id\":\"https:\/\/acefootball.com\/da\/#\/schema\/person\/ee67e9cf04a276f144100ffa722f10cd\",\"name\":\"Mads Dreyer\",\"image\":{\"@type\":\"ImageObject\",\"@id\":\"https:\/\/acefootball.com\/da\/#personlogo\",\"inLanguage\":\"en-US\",\"url\":\"https:\/\/secure.gravatar.com\/avatar\/7c7abf72cfde9902b6a60efe60c88d4c?s=96&d=mm&r=g\",\"contentUrl\":\"https:\/\/secure.gravatar.com\/avatar\/7c7abf72cfde9902b6a60efe60c88d4c?s=96&d=mm&r=g\",\"caption\":\"Mads Dreyer\"},\"description\":\"Skribent og fodboldn\u00f8rd, der lige nu fort\u00e6ller om alt og intet i fodboldverdenen p\u00e5 acefootball.com. Uddannet i kommunikation fra Aalborg Universitet.\",\"sameAs\":[\"https:\/\/www.linkedin.com\/in\/mads-dreyer-b9b08266\/\"],\"url\":\"https:\/\/acefootball.com\/da\/fodboldnyheder\/author\/mdnronaldo\/\"}]}<\/script>\n<!-- \/ Yoast SEO plugin. -->","yoast_head_json":{"title":"18 mand udtaget til Br\u00f8ndbys pokalkamp","description":"Niels Frederiksen har udtaget de samme 18 mand fra S\u00f8nderjyskE-kampen til aftenens pokaldyst mod Fremad Amager","robots":{"index":"index","follow":"follow","max-snippet":"max-snippet:-1","max-image-preview":"max-image-preview:large","max-video-preview":"max-video-preview:-1"},"canonical":"https:\/\/acefootball.com\/da\/fodboldnyheder\/18-mand-udtaget-til-broendbys-pokalkamp\/","og_locale":"en_US","og_type":"article","og_title":"18 mand udtaget til Br\u00f8ndbys pokalkamp","og_description":"Niels Frederiksen har udtaget de samme 18 mand fra S\u00f8nderjyskE-kampen til aftenens pokaldyst mod Fremad Amager","og_url":"https:\/\/acefootball.com\/da\/fodboldnyheder\/18-mand-udtaget-til-broendbys-pokalkamp\/","og_site_name":"Ace Football Danmark","article_publisher":"https:\/\/www.facebook.com\/acefootballdk","article_published_time":"2020-12-17T09:22:37+00:00","article_modified_time":"2020-12-17T09:23:37+00:00","og_image":[{"width":1920,"height":1008,"url":"https:\/\/acefootball.com\/da\/wp-content\/uploads\/sites\/2\/2020\/12\/Brondby-9.jpg","type":"image\/jpeg"}],"twitter_card":"summary_large_image","twitter_misc":{"Written by":"Mads Dreyer","Est. reading time":"1 minute"},"schema":{"@context":"https:\/\/schema.org","@graph":[{"@type":"Organization","@id":"https:\/\/acefootball.com\/da\/#organization","name":"Ace Football","url":"https:\/\/acefootball.com\/da\/","sameAs":["https:\/\/www.facebook.com\/acefootballdk"],"logo":{"@type":"ImageObject","@id":"https:\/\/acefootball.com\/da\/#logo","inLanguage":"en-US","url":"https:\/\/acefootball.com\/da\/wp-content\/uploads\/sites\/2\/2020\/07\/Ace-Football-30-07-2020-2.png","contentUrl":"https:\/\/acefootball.com\/da\/wp-content\/uploads\/sites\/2\/2020\/07\/Ace-Football-30-07-2020-2.png","width":1200,"height":600,"caption":"Ace Football"},"image":{"@id":"https:\/\/acefootball.com\/da\/#logo"}},{"@type":"WebSite","@id":"https:\/\/acefootball.com\/da\/#website","url":"https:\/\/acefootball.com\/da\/","name":"Ace Football Danmark","description":"Nyheder, Spiltips &amp; Livescore","publisher":{"@id":"https:\/\/acefootball.com\/da\/#organization"},"potentialAction":[{"@type":"SearchAction","target":{"@type":"EntryPoint","urlTemplate":"https:\/\/acefootball.com\/da\/?s={search_term_string}"},"query-input":"required name=search_term_string"}],"inLanguage":"en-US"},{"@type":"ImageObject","@id":"https:\/\/acefootball.com\/da\/fodboldnyheder\/18-mand-udtaget-til-broendbys-pokalkamp\/#primaryimage","inLanguage":"en-US","url":"https:\/\/acefootball.com\/da\/wp-content\/uploads\/sites\/2\/2020\/12\/Brondby-9.jpg","contentUrl":"https:\/\/acefootball.com\/da\/wp-content\/uploads\/sites\/2\/2020\/12\/Brondby-9.jpg","width":1920,"height":1008},{"@type":"WebPage","@id":"https:\/\/acefootball.com\/da\/fodboldnyheder\/18-mand-udtaget-til-broendbys-pokalkamp\/#webpage","url":"https:\/\/acefootball.com\/da\/fodboldnyheder\/18-mand-udtaget-til-broendbys-pokalkamp\/","name":"18 mand udtaget til Br\u00f8ndbys pokalkamp","isPartOf":{"@id":"https:\/\/acefootball.com\/da\/#website"},"primaryImageOfPage":{"@id":"https:\/\/acefootball.com\/da\/fodboldnyheder\/18-mand-udtaget-til-broendbys-pokalkamp\/#primaryimage"},"datePublished":"2020-12-17T09:22:37+00:00","dateModified":"2020-12-17T09:23:37+00:00","description":"Niels Frederiksen har udtaget de samme 18 mand fra S\u00f8nderjyskE-kampen til aftenens pokaldyst mod Fremad Amager","breadcrumb":{"@id":"https:\/\/acefootball.com\/da\/fodboldnyheder\/18-mand-udtaget-til-broendbys-pokalkamp\/#breadcrumb"},"inLanguage":"en-US","potentialAction":[{"@type":"ReadAction","target":["https:\/\/acefootball.com\/da\/fodboldnyheder\/18-mand-udtaget-til-broendbys-pokalkamp\/"]}]},{"@type":"BreadcrumbList","@id":"https:\/\/acefootball.com\/da\/fodboldnyheder\/18-mand-udtaget-til-broendbys-pokalkamp\/#breadcrumb","itemListElement":[{"@type":"ListItem","position":1,"name":"Home","item":"https:\/\/acefootball.com\/da\/"},{"@type":"ListItem","position":2,"name":"18 mand udtaget til Br\u00f8ndbys pokalkamp"}]},{"@type":"Article","@id":"https:\/\/acefootball.com\/da\/fodboldnyheder\/18-mand-udtaget-til-broendbys-pokalkamp\/#article","isPartOf":{"@id":"https:\/\/acefootball.com\/da\/fodboldnyheder\/18-mand-udtaget-til-broendbys-pokalkamp\/#webpage"},"author":{"@id":"https:\/\/acefootball.com\/da\/#\/schema\/person\/ee67e9cf04a276f144100ffa722f10cd"},"headline":"18 mand udtaget til Br\u00f8ndbys pokalkamp","datePublished":"2020-12-17T09:22:37+00:00","dateModified":"2020-12-17T09:23:37+00:00","mainEntityOfPage":{"@id":"https:\/\/acefootball.com\/da\/fodboldnyheder\/18-mand-udtaget-til-broendbys-pokalkamp\/#webpage"},"wordCount":150,"commentCount":0,"publisher":{"@id":"https:\/\/acefootball.com\/da\/#organization"},"image":{"@id":"https:\/\/acefootball.com\/da\/fodboldnyheder\/18-mand-udtaget-til-broendbys-pokalkamp\/#primaryimage"},"thumbnailUrl":"https:\/\/acefootball.com\/da\/wp-content\/uploads\/sites\/2\/2020\/12\/GettyImages-1229259742.jpg","keywords":["Br\u00f8ndby IF","DBU Pokalen","Superligaen"],"articleSection":["Kamp"],"inLanguage":"en-US","potentialAction":[{"@type":"CommentAction","name":"Comment","target":["https:\/\/acefootball.com\/da\/fodboldnyheder\/18-mand-udtaget-til-broendbys-pokalkamp\/#respond"]}]},{"@type":"Person","@id":"https:\/\/acefootball.com\/da\/#\/schema\/person\/ee67e9cf04a276f144100ffa722f10cd","name":"Mads Dreyer","image":{"@type":"ImageObject","@id":"https:\/\/acefootball.com\/da\/#personlogo","inLanguage":"en-US","url":"https:\/\/secure.gravatar.com\/avatar\/7c7abf72cfde9902b6a60efe60c88d4c?s=96&d=mm&r=g","contentUrl":"https:\/\/secure.gravatar.com\/avatar\/7c7abf72cfde9902b6a60efe60c88d4c?s=96&d=mm&r=g","caption":"Mads Dreyer"},"description":"Skribent og fodboldn\u00f8rd, der lige nu fort\u00e6ller om alt og intet i fodboldverdenen p\u00e5 acefootball.com. Uddannet i kommunikation fra Aalborg Universitet.","sameAs":["https:\/\/www.linkedin.com\/in\/mads-dreyer-b9b08266\/"],"url":"https:\/\/acefootball.com\/da\/fodboldnyheder\/author\/mdnronaldo\/"}]}},"fimg_url":"https:\/\/acefootball.com\/da\/wp-content\/uploads\/sites\/2\/2020\/12\/GettyImages-1229259742.jpg","_links":{"self":[{"href":"https:\/\/acefootball.com\/da\/wp-json\/wp\/v2\/posts\/246614"}],"collection":[{"href":"https:\/\/acefootball.com\/da\/wp-json\/wp\/v2\/posts"}],"about":[{"href":"https:\/\/acefootball.com\/da\/wp-json\/wp\/v2\/types\/post"}],"author":[{"embeddable":true,"href":"https:\/\/acefootball.com\/da\/wp-json\/wp\/v2\/users\/705"}],"replies":[{"embeddable":true,"href":"https:\/\/acefootball.com\/da\/wp-json\/wp\/v2\/comments?post=246614"}],"version-history":[{"count":0,"href":"https:\/\/acefootball.com\/da\/wp-json\/wp\/v2\/posts\/246614\/revisions"}],"wp:featuredmedia":[{"embeddable":true,"href":"https:\/\/acefootball.com\/da\/wp-json\/wp\/v2\/media\/245254"}],"wp:attachment":[{"href":"https:\/\/acefootball.com\/da\/wp-json\/wp\/v2\/media?parent=246614"}],"wp:term":[{"taxonomy":"category","embeddable":true,"href":"https:\/\/acefootball.com\/da\/wp-json\/wp\/v2\/categories?post=246614"},{"taxonomy":"post_tag","embeddable":true,"href":"https:\/\/acefootball.com\/da\/wp-json\/wp\/v2\/tags?post=246614"}],"curies":[{"name":"wp","href":"https:\/\/api.w.org\/{rel}","templated":true}]}}