{"id":246577,"date":"2020-12-16T21:03:52","date_gmt":"2020-12-16T20:03:52","guid":{"rendered":"https:\/\/acefootball.com\/da\/?p=246577"},"modified":"2020-12-16T21:03:53","modified_gmt":"2020-12-16T20:03:53","slug":"nyt-roedt-kort-arteta-og-arsenal-foejer-til-skraekkelig-statistik","status":"publish","type":"post","link":"https:\/\/acefootball.com\/da\/fodboldnyheder\/nyt-roedt-kort-arteta-og-arsenal-foejer-til-skraekkelig-statistik\/","title":{"rendered":"Nyt r\u00f8dt kort: Arteta og Arsenal f\u00f8jer til skr\u00e6kkelig statistik"},"content":{"rendered":"\n<h2 id=\"h-arsenal-l-b-ind-i-endnu-et-r-dt-kort-i-denne-s-son-da-gabriel-trak-dobbelt-gult-p-kun-f-minutter-i-kampen-mod-southampton\">Arsenal l\u00f8b ind i endnu et r\u00f8dt kort i denne s\u00e6son, da Gabriel trak dobbelt gult p\u00e5 kun f\u00e5 minutter i kampen mod Southampton<\/h2>\n\n\n\n<div class=\"wp-block-si-widget wp-block-si-widget--center\"><si-lb-widget widget-id=\"MatchInfoWithOdds\" data-nopadding=\"true\" data-card=\"true\" width=\"440\" data-event-id=\"3411469\" data-theme-appearance=\"dark\"><\/si-lb-widget><\/div>\n\n\n\n<p>Torsdag aften fik Mikel Arteta og Arsenal en ny chance for at s\u00e6tte tre tiltr\u00e6ngte point p\u00e5 kontoen i Premier League, men heller ikke i hjemmekampen mod Southampton lykkedes det.<\/p>\n\n\n\n<p>V\u00e6rterne kom bagud i f\u00f8rste halvleg ved deres tidligere spiller, Theo Walcott, men efter pausen fik Pierre-Emerick Aubameyang udlignet med s\u00e6sonens f\u00f8rste scoring p\u00e5 Emirates.<\/p>\n\n\n\n<p>Men kort efter gjorde Arsenal det igen sv\u00e6rt for sig selv, da Gabriel trak to gule kort p\u00e5 ganske kort tid og dermed m\u00e5tte g\u00e5 tidligt i bad.<\/p>\n\n\n\n\n        <div class=\"svf-video-single only-video\">\n            <div class=\"svf-video-container svf-embedded embedded\">\n                <script>(function(){const el = document.createElement('iframe');el.allow = 'autoplay';el.frameBorder = '0';el.classList.add('svf-video');el.allowFullscreen = true;document.currentScript.parentNode.style.display = 'none';el.src = \"https:\/\/www.viafree.dk\/embed\/sport\/id\/68595f9d-cb38-48de-8ffc-2f8007daf601?partnerId=a788403f-2c83-488f-adb0-2650ac7278a3\";el.addEventListener( 'load', function(){ this.parentNode.style.display = ''; });document.currentScript.parentNode.insertBefore(el, document.currentScript.nextSibling);})();<\/script>\n                <noscript><iframe allow=\"autoplay\" allowfullscreen frameborder=\"0\" class=\"svf-video\" src=\"https:\/\/www.viafree.dk\/embed\/sport\/id\/68595f9d-cb38-48de-8ffc-2f8007daf601?partnerId=a788403f-2c83-488f-adb0-2650ac7278a3\"><\/iframe><\/noscript>\n            <\/div>\n                    <\/div>\n        \n\n\n\n<p><\/p>\n\n\n\n<p>Det er efterh\u00e5nden blevet en vane for The Gunners at spille en mand i undertal. Siden Arteta overtog t\u00f8jlerne i december sidste \u00e5r har klubben raget hele syv udvisninger til sig i Premier League. Det er mere end dobbelt s\u00e5 mange som enhver anden klub.<\/p>\n\n\n\n<figure class=\"wp-block-embed-twitter wp-block-embed is-type-rich is-provider-twitter\"><div class=\"wp-block-embed__wrapper\">\n<blockquote class=\"twitter-tweet\" data-width=\"550\" data-dnt=\"true\"><p lang=\"en\" dir=\"ltr\">7 &#8211; Since Mikel Arteta\u2019s first Premier League game in charge (Boxing Day 2019), Arsenal have been shown seven red cards, four more than any other PL side in this period. Mist. <a href=\"https:\/\/t.co\/6fXjoVralK\">pic.twitter.com\/6fXjoVralK<\/a><\/p>&mdash; OptaJoe (@OptaJoe) <a href=\"https:\/\/twitter.com\/OptaJoe\/status\/1339290529050267648?ref_src=twsrc%5Etfw\">December 16, 2020<\/a><\/blockquote><script async src=\"https:\/\/platform.twitter.com\/widgets.js\" charset=\"utf-8\"><\/script>\n<\/div><\/figure>\n\n\n\n<p>Ogs\u00e5 bare i denne s\u00e6son har Arsenal-spillerne ikke kunne holde sig i skindet. Du kan se et par mindre heldige statistikker herunder.<\/p>\n\n\n\n<figure class=\"wp-block-embed-twitter wp-block-embed is-type-rich is-provider-twitter\"><div class=\"wp-block-embed__wrapper\">\n<blockquote class=\"twitter-tweet\" data-width=\"550\" data-dnt=\"true\"><p lang=\"en\" dir=\"ltr\">Arsenal in the last 6 premier league games: <br><br>Goals: 2 <br><br>Red cards: 3<\/p>&mdash; TikiTakaConnor (@TikiTakaConnor) <a href=\"https:\/\/twitter.com\/TikiTakaConnor\/status\/1339290524109430788?ref_src=twsrc%5Etfw\">December 16, 2020<\/a><\/blockquote><script async src=\"https:\/\/platform.twitter.com\/widgets.js\" charset=\"utf-8\"><\/script>\n<\/div><\/figure>\n\n\n\n<figure class=\"wp-block-embed-twitter wp-block-embed is-type-rich is-provider-twitter\"><div class=\"wp-block-embed__wrapper\">\n<blockquote class=\"twitter-tweet\" data-width=\"550\" data-dnt=\"true\"><p lang=\"en\" dir=\"ltr\">In the Premier League this season:<br><br>Arsenal wins 4-3 Arsenal red cards <br><br>A fascinating contest. \ud83d\udc40 <a href=\"https:\/\/t.co\/0UL5WFabXq\">pic.twitter.com\/0UL5WFabXq<\/a><\/p>&mdash; Statman Dave (@StatmanDave) <a href=\"https:\/\/twitter.com\/StatmanDave\/status\/1339291527517007876?ref_src=twsrc%5Etfw\">December 16, 2020<\/a><\/blockquote><script async src=\"https:\/\/platform.twitter.com\/widgets.js\" charset=\"utf-8\"><\/script>\n<\/div><\/figure>\n","protected":false},"excerpt":{"rendered":"<p>Arsenal l\u00f8b ind i endnu et r\u00f8dt kort i denne s\u00e6son, da Gabriel trak dobbelt gult p\u00e5 kun f\u00e5 minutter i kampen mod Southampton<\/p>\n","protected":false},"author":705,"featured_media":246581,"comment_status":"open","ping_status":"closed","sticky":false,"template":"","format":"video","meta":{"om_disable_all_campaigns":false,"push_articles_ronaldo":{"active":false,"canonical":0,"publish":false},"force_updates":null},"categories":[1],"tags":[227,134],"enet_tags":{"team":["9825"],"league":["47"],"sport_events":[3411469]},"yoast_head":"<!-- This site is optimized with the Yoast SEO plugin v18.3 - https:\/\/yoast.com\/wordpress\/plugins\/seo\/ -->\n<title>Nyt r\u00f8dt kort: Arteta og Arsenal f\u00f8jer til skr\u00e6kkelig statistik<\/title>\n<meta name=\"description\" content=\"Arsenal l\u00f8b ind i endnu et r\u00f8dt kort i denne s\u00e6son, da Gabriel trak dobbelt gult p\u00e5 kun f\u00e5 minutter i kampen mod Southampton\" \/>\n<meta name=\"robots\" content=\"index, follow, max-snippet:-1, max-image-preview:large, max-video-preview:-1\" \/>\n<link rel=\"canonical\" href=\"https:\/\/acefootball.com\/da\/fodboldnyheder\/nyt-roedt-kort-arteta-og-arsenal-foejer-til-skraekkelig-statistik\/\" \/>\n<meta property=\"og:locale\" content=\"en_US\" \/>\n<meta property=\"og:type\" content=\"article\" \/>\n<meta property=\"og:title\" content=\"Nyt r\u00f8dt kort: Arteta og Arsenal f\u00f8jer til skr\u00e6kkelig statistik\" \/>\n<meta property=\"og:description\" content=\"Arsenal l\u00f8b ind i endnu et r\u00f8dt kort i denne s\u00e6son, da Gabriel trak dobbelt gult p\u00e5 kun f\u00e5 minutter i kampen mod Southampton\" \/>\n<meta property=\"og:url\" content=\"https:\/\/acefootball.com\/da\/fodboldnyheder\/nyt-roedt-kort-arteta-og-arsenal-foejer-til-skraekkelig-statistik\/\" \/>\n<meta property=\"og:site_name\" content=\"Ace Football Danmark\" \/>\n<meta property=\"article:publisher\" content=\"https:\/\/www.facebook.com\/acefootballdk\" \/>\n<meta property=\"article:published_time\" content=\"2020-12-16T20:03:52+00:00\" \/>\n<meta property=\"article:modified_time\" content=\"2020-12-16T20:03:53+00:00\" \/>\n<meta property=\"og:image\" content=\"https:\/\/acefootball.com\/da\/wp-content\/uploads\/sites\/2\/2020\/12\/Ace-1.jpg\" \/>\n\t<meta property=\"og:image:width\" content=\"1920\" \/>\n\t<meta property=\"og:image:height\" content=\"1008\" \/>\n\t<meta property=\"og:image:type\" content=\"image\/jpeg\" \/>\n<meta name=\"twitter:card\" content=\"summary_large_image\" \/>\n<meta name=\"twitter:label1\" content=\"Written by\" \/>\n\t<meta name=\"twitter:data1\" content=\"Mads Dreyer\" \/>\n\t<meta name=\"twitter:label2\" content=\"Est. reading time\" \/>\n\t<meta name=\"twitter:data2\" content=\"1 minute\" \/>\n<script type=\"application\/ld+json\" class=\"yoast-schema-graph\">{\"@context\":\"https:\/\/schema.org\",\"@graph\":[{\"@type\":\"Organization\",\"@id\":\"https:\/\/acefootball.com\/da\/#organization\",\"name\":\"Ace Football\",\"url\":\"https:\/\/acefootball.com\/da\/\",\"sameAs\":[\"https:\/\/www.facebook.com\/acefootballdk\"],\"logo\":{\"@type\":\"ImageObject\",\"@id\":\"https:\/\/acefootball.com\/da\/#logo\",\"inLanguage\":\"en-US\",\"url\":\"https:\/\/acefootball.com\/da\/wp-content\/uploads\/sites\/2\/2020\/07\/Ace-Football-30-07-2020-2.png\",\"contentUrl\":\"https:\/\/acefootball.com\/da\/wp-content\/uploads\/sites\/2\/2020\/07\/Ace-Football-30-07-2020-2.png\",\"width\":1200,\"height\":600,\"caption\":\"Ace Football\"},\"image\":{\"@id\":\"https:\/\/acefootball.com\/da\/#logo\"}},{\"@type\":\"WebSite\",\"@id\":\"https:\/\/acefootball.com\/da\/#website\",\"url\":\"https:\/\/acefootball.com\/da\/\",\"name\":\"Ace Football Danmark\",\"description\":\"Nyheder, Spiltips &amp; Livescore\",\"publisher\":{\"@id\":\"https:\/\/acefootball.com\/da\/#organization\"},\"potentialAction\":[{\"@type\":\"SearchAction\",\"target\":{\"@type\":\"EntryPoint\",\"urlTemplate\":\"https:\/\/acefootball.com\/da\/?s={search_term_string}\"},\"query-input\":\"required name=search_term_string\"}],\"inLanguage\":\"en-US\"},{\"@type\":\"ImageObject\",\"@id\":\"https:\/\/acefootball.com\/da\/fodboldnyheder\/nyt-roedt-kort-arteta-og-arsenal-foejer-til-skraekkelig-statistik\/#primaryimage\",\"inLanguage\":\"en-US\",\"url\":\"https:\/\/acefootball.com\/da\/wp-content\/uploads\/sites\/2\/2020\/12\/Ace-1.jpg\",\"contentUrl\":\"https:\/\/acefootball.com\/da\/wp-content\/uploads\/sites\/2\/2020\/12\/Ace-1.jpg\",\"width\":1920,\"height\":1008},{\"@type\":\"WebPage\",\"@id\":\"https:\/\/acefootball.com\/da\/fodboldnyheder\/nyt-roedt-kort-arteta-og-arsenal-foejer-til-skraekkelig-statistik\/#webpage\",\"url\":\"https:\/\/acefootball.com\/da\/fodboldnyheder\/nyt-roedt-kort-arteta-og-arsenal-foejer-til-skraekkelig-statistik\/\",\"name\":\"Nyt r\u00f8dt kort: Arteta og Arsenal f\u00f8jer til skr\u00e6kkelig statistik\",\"isPartOf\":{\"@id\":\"https:\/\/acefootball.com\/da\/#website\"},\"primaryImageOfPage\":{\"@id\":\"https:\/\/acefootball.com\/da\/fodboldnyheder\/nyt-roedt-kort-arteta-og-arsenal-foejer-til-skraekkelig-statistik\/#primaryimage\"},\"datePublished\":\"2020-12-16T20:03:52+00:00\",\"dateModified\":\"2020-12-16T20:03:53+00:00\",\"description\":\"Arsenal l\u00f8b ind i endnu et r\u00f8dt kort i denne s\u00e6son, da Gabriel trak dobbelt gult p\u00e5 kun f\u00e5 minutter i kampen mod Southampton\",\"breadcrumb\":{\"@id\":\"https:\/\/acefootball.com\/da\/fodboldnyheder\/nyt-roedt-kort-arteta-og-arsenal-foejer-til-skraekkelig-statistik\/#breadcrumb\"},\"inLanguage\":\"en-US\",\"potentialAction\":[{\"@type\":\"ReadAction\",\"target\":[\"https:\/\/acefootball.com\/da\/fodboldnyheder\/nyt-roedt-kort-arteta-og-arsenal-foejer-til-skraekkelig-statistik\/\"]}]},{\"@type\":\"BreadcrumbList\",\"@id\":\"https:\/\/acefootball.com\/da\/fodboldnyheder\/nyt-roedt-kort-arteta-og-arsenal-foejer-til-skraekkelig-statistik\/#breadcrumb\",\"itemListElement\":[{\"@type\":\"ListItem\",\"position\":1,\"name\":\"Home\",\"item\":\"https:\/\/acefootball.com\/da\/\"},{\"@type\":\"ListItem\",\"position\":2,\"name\":\"Nyt r\u00f8dt kort: Arteta og Arsenal f\u00f8jer til skr\u00e6kkelig statistik\"}]},{\"@type\":\"Article\",\"@id\":\"https:\/\/acefootball.com\/da\/fodboldnyheder\/nyt-roedt-kort-arteta-og-arsenal-foejer-til-skraekkelig-statistik\/#article\",\"isPartOf\":{\"@id\":\"https:\/\/acefootball.com\/da\/fodboldnyheder\/nyt-roedt-kort-arteta-og-arsenal-foejer-til-skraekkelig-statistik\/#webpage\"},\"author\":{\"@id\":\"https:\/\/acefootball.com\/da\/#\/schema\/person\/ee67e9cf04a276f144100ffa722f10cd\"},\"headline\":\"Nyt r\u00f8dt kort: Arteta og Arsenal f\u00f8jer til skr\u00e6kkelig statistik\",\"datePublished\":\"2020-12-16T20:03:52+00:00\",\"dateModified\":\"2020-12-16T20:03:53+00:00\",\"mainEntityOfPage\":{\"@id\":\"https:\/\/acefootball.com\/da\/fodboldnyheder\/nyt-roedt-kort-arteta-og-arsenal-foejer-til-skraekkelig-statistik\/#webpage\"},\"wordCount\":228,\"commentCount\":0,\"publisher\":{\"@id\":\"https:\/\/acefootball.com\/da\/#organization\"},\"image\":{\"@id\":\"https:\/\/acefootball.com\/da\/fodboldnyheder\/nyt-roedt-kort-arteta-og-arsenal-foejer-til-skraekkelig-statistik\/#primaryimage\"},\"thumbnailUrl\":\"https:\/\/acefootball.com\/da\/wp-content\/uploads\/sites\/2\/2020\/12\/201216_utvisnign.jpg\",\"keywords\":[\"Arsenal\",\"Premier League\"],\"articleSection\":[\"Nyhed\"],\"inLanguage\":\"en-US\",\"potentialAction\":[{\"@type\":\"CommentAction\",\"name\":\"Comment\",\"target\":[\"https:\/\/acefootball.com\/da\/fodboldnyheder\/nyt-roedt-kort-arteta-og-arsenal-foejer-til-skraekkelig-statistik\/#respond\"]}]},{\"@type\":\"Person\",\"@id\":\"https:\/\/acefootball.com\/da\/#\/schema\/person\/ee67e9cf04a276f144100ffa722f10cd\",\"name\":\"Mads Dreyer\",\"image\":{\"@type\":\"ImageObject\",\"@id\":\"https:\/\/acefootball.com\/da\/#personlogo\",\"inLanguage\":\"en-US\",\"url\":\"https:\/\/secure.gravatar.com\/avatar\/7c7abf72cfde9902b6a60efe60c88d4c?s=96&d=mm&r=g\",\"contentUrl\":\"https:\/\/secure.gravatar.com\/avatar\/7c7abf72cfde9902b6a60efe60c88d4c?s=96&d=mm&r=g\",\"caption\":\"Mads Dreyer\"},\"description\":\"Skribent og fodboldn\u00f8rd, der lige nu fort\u00e6ller om alt og intet i fodboldverdenen p\u00e5 acefootball.com. Uddannet i kommunikation fra Aalborg Universitet.\",\"sameAs\":[\"https:\/\/www.linkedin.com\/in\/mads-dreyer-b9b08266\/\"],\"url\":\"https:\/\/acefootball.com\/da\/fodboldnyheder\/author\/mdnronaldo\/\"}]}<\/script>\n<!-- \/ Yoast SEO plugin. -->","yoast_head_json":{"title":"Nyt r\u00f8dt kort: Arteta og Arsenal f\u00f8jer til skr\u00e6kkelig statistik","description":"Arsenal l\u00f8b ind i endnu et r\u00f8dt kort i denne s\u00e6son, da Gabriel trak dobbelt gult p\u00e5 kun f\u00e5 minutter i kampen mod Southampton","robots":{"index":"index","follow":"follow","max-snippet":"max-snippet:-1","max-image-preview":"max-image-preview:large","max-video-preview":"max-video-preview:-1"},"canonical":"https:\/\/acefootball.com\/da\/fodboldnyheder\/nyt-roedt-kort-arteta-og-arsenal-foejer-til-skraekkelig-statistik\/","og_locale":"en_US","og_type":"article","og_title":"Nyt r\u00f8dt kort: Arteta og Arsenal f\u00f8jer til skr\u00e6kkelig statistik","og_description":"Arsenal l\u00f8b ind i endnu et r\u00f8dt kort i denne s\u00e6son, da Gabriel trak dobbelt gult p\u00e5 kun f\u00e5 minutter i kampen mod Southampton","og_url":"https:\/\/acefootball.com\/da\/fodboldnyheder\/nyt-roedt-kort-arteta-og-arsenal-foejer-til-skraekkelig-statistik\/","og_site_name":"Ace Football Danmark","article_publisher":"https:\/\/www.facebook.com\/acefootballdk","article_published_time":"2020-12-16T20:03:52+00:00","article_modified_time":"2020-12-16T20:03:53+00:00","og_image":[{"width":1920,"height":1008,"url":"https:\/\/acefootball.com\/da\/wp-content\/uploads\/sites\/2\/2020\/12\/Ace-1.jpg","type":"image\/jpeg"}],"twitter_card":"summary_large_image","twitter_misc":{"Written by":"Mads Dreyer","Est. reading time":"1 minute"},"schema":{"@context":"https:\/\/schema.org","@graph":[{"@type":"Organization","@id":"https:\/\/acefootball.com\/da\/#organization","name":"Ace Football","url":"https:\/\/acefootball.com\/da\/","sameAs":["https:\/\/www.facebook.com\/acefootballdk"],"logo":{"@type":"ImageObject","@id":"https:\/\/acefootball.com\/da\/#logo","inLanguage":"en-US","url":"https:\/\/acefootball.com\/da\/wp-content\/uploads\/sites\/2\/2020\/07\/Ace-Football-30-07-2020-2.png","contentUrl":"https:\/\/acefootball.com\/da\/wp-content\/uploads\/sites\/2\/2020\/07\/Ace-Football-30-07-2020-2.png","width":1200,"height":600,"caption":"Ace Football"},"image":{"@id":"https:\/\/acefootball.com\/da\/#logo"}},{"@type":"WebSite","@id":"https:\/\/acefootball.com\/da\/#website","url":"https:\/\/acefootball.com\/da\/","name":"Ace Football Danmark","description":"Nyheder, Spiltips &amp; Livescore","publisher":{"@id":"https:\/\/acefootball.com\/da\/#organization"},"potentialAction":[{"@type":"SearchAction","target":{"@type":"EntryPoint","urlTemplate":"https:\/\/acefootball.com\/da\/?s={search_term_string}"},"query-input":"required name=search_term_string"}],"inLanguage":"en-US"},{"@type":"ImageObject","@id":"https:\/\/acefootball.com\/da\/fodboldnyheder\/nyt-roedt-kort-arteta-og-arsenal-foejer-til-skraekkelig-statistik\/#primaryimage","inLanguage":"en-US","url":"https:\/\/acefootball.com\/da\/wp-content\/uploads\/sites\/2\/2020\/12\/Ace-1.jpg","contentUrl":"https:\/\/acefootball.com\/da\/wp-content\/uploads\/sites\/2\/2020\/12\/Ace-1.jpg","width":1920,"height":1008},{"@type":"WebPage","@id":"https:\/\/acefootball.com\/da\/fodboldnyheder\/nyt-roedt-kort-arteta-og-arsenal-foejer-til-skraekkelig-statistik\/#webpage","url":"https:\/\/acefootball.com\/da\/fodboldnyheder\/nyt-roedt-kort-arteta-og-arsenal-foejer-til-skraekkelig-statistik\/","name":"Nyt r\u00f8dt kort: Arteta og Arsenal f\u00f8jer til skr\u00e6kkelig statistik","isPartOf":{"@id":"https:\/\/acefootball.com\/da\/#website"},"primaryImageOfPage":{"@id":"https:\/\/acefootball.com\/da\/fodboldnyheder\/nyt-roedt-kort-arteta-og-arsenal-foejer-til-skraekkelig-statistik\/#primaryimage"},"datePublished":"2020-12-16T20:03:52+00:00","dateModified":"2020-12-16T20:03:53+00:00","description":"Arsenal l\u00f8b ind i endnu et r\u00f8dt kort i denne s\u00e6son, da Gabriel trak dobbelt gult p\u00e5 kun f\u00e5 minutter i kampen mod Southampton","breadcrumb":{"@id":"https:\/\/acefootball.com\/da\/fodboldnyheder\/nyt-roedt-kort-arteta-og-arsenal-foejer-til-skraekkelig-statistik\/#breadcrumb"},"inLanguage":"en-US","potentialAction":[{"@type":"ReadAction","target":["https:\/\/acefootball.com\/da\/fodboldnyheder\/nyt-roedt-kort-arteta-og-arsenal-foejer-til-skraekkelig-statistik\/"]}]},{"@type":"BreadcrumbList","@id":"https:\/\/acefootball.com\/da\/fodboldnyheder\/nyt-roedt-kort-arteta-og-arsenal-foejer-til-skraekkelig-statistik\/#breadcrumb","itemListElement":[{"@type":"ListItem","position":1,"name":"Home","item":"https:\/\/acefootball.com\/da\/"},{"@type":"ListItem","position":2,"name":"Nyt r\u00f8dt kort: Arteta og Arsenal f\u00f8jer til skr\u00e6kkelig statistik"}]},{"@type":"Article","@id":"https:\/\/acefootball.com\/da\/fodboldnyheder\/nyt-roedt-kort-arteta-og-arsenal-foejer-til-skraekkelig-statistik\/#article","isPartOf":{"@id":"https:\/\/acefootball.com\/da\/fodboldnyheder\/nyt-roedt-kort-arteta-og-arsenal-foejer-til-skraekkelig-statistik\/#webpage"},"author":{"@id":"https:\/\/acefootball.com\/da\/#\/schema\/person\/ee67e9cf04a276f144100ffa722f10cd"},"headline":"Nyt r\u00f8dt kort: Arteta og Arsenal f\u00f8jer til skr\u00e6kkelig statistik","datePublished":"2020-12-16T20:03:52+00:00","dateModified":"2020-12-16T20:03:53+00:00","mainEntityOfPage":{"@id":"https:\/\/acefootball.com\/da\/fodboldnyheder\/nyt-roedt-kort-arteta-og-arsenal-foejer-til-skraekkelig-statistik\/#webpage"},"wordCount":228,"commentCount":0,"publisher":{"@id":"https:\/\/acefootball.com\/da\/#organization"},"image":{"@id":"https:\/\/acefootball.com\/da\/fodboldnyheder\/nyt-roedt-kort-arteta-og-arsenal-foejer-til-skraekkelig-statistik\/#primaryimage"},"thumbnailUrl":"https:\/\/acefootball.com\/da\/wp-content\/uploads\/sites\/2\/2020\/12\/201216_utvisnign.jpg","keywords":["Arsenal","Premier League"],"articleSection":["Nyhed"],"inLanguage":"en-US","potentialAction":[{"@type":"CommentAction","name":"Comment","target":["https:\/\/acefootball.com\/da\/fodboldnyheder\/nyt-roedt-kort-arteta-og-arsenal-foejer-til-skraekkelig-statistik\/#respond"]}]},{"@type":"Person","@id":"https:\/\/acefootball.com\/da\/#\/schema\/person\/ee67e9cf04a276f144100ffa722f10cd","name":"Mads Dreyer","image":{"@type":"ImageObject","@id":"https:\/\/acefootball.com\/da\/#personlogo","inLanguage":"en-US","url":"https:\/\/secure.gravatar.com\/avatar\/7c7abf72cfde9902b6a60efe60c88d4c?s=96&d=mm&r=g","contentUrl":"https:\/\/secure.gravatar.com\/avatar\/7c7abf72cfde9902b6a60efe60c88d4c?s=96&d=mm&r=g","caption":"Mads Dreyer"},"description":"Skribent og fodboldn\u00f8rd, der lige nu fort\u00e6ller om alt og intet i fodboldverdenen p\u00e5 acefootball.com. Uddannet i kommunikation fra Aalborg Universitet.","sameAs":["https:\/\/www.linkedin.com\/in\/mads-dreyer-b9b08266\/"],"url":"https:\/\/acefootball.com\/da\/fodboldnyheder\/author\/mdnronaldo\/"}]}},"fimg_url":"https:\/\/acefootball.com\/da\/wp-content\/uploads\/sites\/2\/2020\/12\/201216_utvisnign.jpg","_links":{"self":[{"href":"https:\/\/acefootball.com\/da\/wp-json\/wp\/v2\/posts\/246577"}],"collection":[{"href":"https:\/\/acefootball.com\/da\/wp-json\/wp\/v2\/posts"}],"about":[{"href":"https:\/\/acefootball.com\/da\/wp-json\/wp\/v2\/types\/post"}],"author":[{"embeddable":true,"href":"https:\/\/acefootball.com\/da\/wp-json\/wp\/v2\/users\/705"}],"replies":[{"embeddable":true,"href":"https:\/\/acefootball.com\/da\/wp-json\/wp\/v2\/comments?post=246577"}],"version-history":[{"count":0,"href":"https:\/\/acefootball.com\/da\/wp-json\/wp\/v2\/posts\/246577\/revisions"}],"wp:featuredmedia":[{"embeddable":true,"href":"https:\/\/acefootball.com\/da\/wp-json\/wp\/v2\/media\/246581"}],"wp:attachment":[{"href":"https:\/\/acefootball.com\/da\/wp-json\/wp\/v2\/media?parent=246577"}],"wp:term":[{"taxonomy":"category","embeddable":true,"href":"https:\/\/acefootball.com\/da\/wp-json\/wp\/v2\/categories?post=246577"},{"taxonomy":"post_tag","embeddable":true,"href":"https:\/\/acefootball.com\/da\/wp-json\/wp\/v2\/tags?post=246577"}],"curies":[{"name":"wp","href":"https:\/\/api.w.org\/{rel}","templated":true}]}}