{"id":246551,"date":"2020-12-16T16:41:55","date_gmt":"2020-12-16T15:41:55","guid":{"rendered":"https:\/\/acefootball.com\/da\/?p=246551"},"modified":"2020-12-16T16:43:51","modified_gmt":"2020-12-16T15:43:51","slug":"fc-midtjylland-er-uden-stjerne-mod-fc-koebenhavn","status":"publish","type":"post","link":"https:\/\/acefootball.com\/da\/fodboldnyheder\/fc-midtjylland-er-uden-stjerne-mod-fc-koebenhavn\/","title":{"rendered":"FC Midtjylland er uden stjerne mod FC K\u00f8benhavn"},"content":{"rendered":"\n<h2 id=\"h-fc-midtjylland-har-ikke-en-af-klubbens-st-rste-stjerner-alexander-scholz-med-i-torsdagens-pokalbrag-mod-fc-k-benhavn\">FC Midtjylland har ikke en af klubbens st\u00f8rste stjerner, Alexander Scholz, med i torsdagens pokalbrag mod FC K\u00f8benhavn<\/h2>\n\n\n\n<div class=\"wp-block-si-widget wp-block-si-widget--center\"><si-lb-widget widget-id=\"MatchInfoWithOdds\" data-nopadding=\"true\" data-card=\"true\" width=\"440\" data-event-id=\"3482018\" data-provider=\"mrgreen\" data-theme-appearance=\"dark\"><\/si-lb-widget><\/div>\n\n\n\n<p>To af dansk fodbolds mastodonter t\u00f8rner sammen i Sydbank Pokalens ottendedelsfinale, n\u00e5r FC K\u00f8benhavn tager imod FC Midtjylland torsdag aften.<\/p>\n\n\n\n<p>Hjemmeholdet har allerede offentliggjort truppen tidligere onsdag, og her var der flere mangler. Bedre ser det ud for g\u00e6sterne, der dog m\u00e5 undv\u00e6re deres m\u00e5ske bedste spiller.<\/p>\n\n\n\n<figure class=\"wp-block-embed-wordpress wp-block-embed is-type-wp-embed is-provider-ace-football-danmark\"><div class=\"wp-block-embed__wrapper\">\n<blockquote class=\"wp-embedded-content\" data-secret=\"mZPEe1g17I\"><a href=\"https:\/\/acefootball.com\/da\/fodboldnyheder\/svaekket-fck-trup-forud-for-pokalbrag-mod-midtjylland\/\">Sv\u00e6kket FCK-trup forud for pokalbrag mod Midtjylland<\/a><\/blockquote><iframe class=\"wp-embedded-content\" sandbox=\"allow-scripts\" security=\"restricted\" style=\"position: absolute; clip: rect(1px, 1px, 1px, 1px);\" title=\"&#8220;Sv\u00e6kket FCK-trup forud for pokalbrag mod Midtjylland&#8221; &#8212; Ace Football Danmark\" src=\"https:\/\/acefootball.com\/da\/fodboldnyheder\/svaekket-fck-trup-forud-for-pokalbrag-mod-midtjylland\/embed\/#?secret=mZPEe1g17I\" data-secret=\"mZPEe1g17I\" width=\"600\" height=\"338\" frameborder=\"0\" marginwidth=\"0\" marginheight=\"0\" scrolling=\"no\"><\/iframe>\n<\/div><\/figure>\n\n\n\n<p>FC Midtjylland er s\u00e5ledes uden forsvarsstjernen Alexander Scholz, som har v\u00e6ret i forrygende form i l\u00f8bet af efter\u00e5ret. Der gives ingen forklaring p\u00e5 frav\u00e6ret.<\/p>\n\n\n\n<p>Scholz bliver erstattet af Japhet Sery Larsen, som er eneste nye mand i forhold til mandagens kamp mod OB.<\/p>\n\n\n\n<p><strong>FC Midtjylland-truppen:<\/strong><br>1. Jesper Hansen<br>2. Dion Cools<br>5. Daniel H\u00f8egh<br>6. Joel Andersson<br>7. Pione Sisto<br>9. Sory Kaba<br>10. Evander<br>11. Awer Mabil<br>28. Erik Sviatchenko<br>29. Paulinho<br>30. Oliver Ottesen<br>33. Luca Pfeiffer<br>34. Mikael Anderson<br>36. Anders Dreyer<br>38. Frank Onyeka<br>40. Jens-Lys Cajuste<br>45. Gustav Isaksen<br>46. Japhet Sery Larsen<\/p>\n","protected":false},"excerpt":{"rendered":"<p>FC Midtjylland har ikke en af klubbens st\u00f8rste stjerner, Alexander Scholz, med i torsdagens pokalbrag mod FC K\u00f8benhavn<\/p>\n","protected":false},"author":705,"featured_media":246553,"comment_status":"open","ping_status":"closed","sticky":false,"template":"","format":"standard","meta":{"om_disable_all_campaigns":false,"push_articles_ronaldo":{"active":false,"canonical":0,"publish":false},"force_updates":null},"categories":[8062],"tags":[1182,644,51,588],"enet_tags":{"player":["203755"],"league":["242","46"],"team":["8113"],"sport_events":[3482018]},"yoast_head":"<!-- This site is optimized with the Yoast SEO plugin v18.3 - https:\/\/yoast.com\/wordpress\/plugins\/seo\/ -->\n<title>FC Midtjylland er uden stjerne mod FC K\u00f8benhavn<\/title>\n<meta name=\"description\" content=\"FC Midtjylland har ikke en af klubbens st\u00f8rste stjerner, Alexander Scholz, med i torsdagens pokalbrag mod FC K\u00f8benhavn\" \/>\n<meta name=\"robots\" content=\"index, follow, max-snippet:-1, max-image-preview:large, max-video-preview:-1\" \/>\n<link rel=\"canonical\" href=\"https:\/\/acefootball.com\/da\/fodboldnyheder\/fc-midtjylland-er-uden-stjerne-mod-fc-koebenhavn\/\" \/>\n<meta property=\"og:locale\" content=\"en_US\" \/>\n<meta property=\"og:type\" content=\"article\" \/>\n<meta property=\"og:title\" content=\"FC Midtjylland er uden stjerne mod FC K\u00f8benhavn\" \/>\n<meta property=\"og:description\" content=\"FC Midtjylland har ikke en af klubbens st\u00f8rste stjerner, Alexander Scholz, med i torsdagens pokalbrag mod FC K\u00f8benhavn\" \/>\n<meta property=\"og:url\" content=\"https:\/\/acefootball.com\/da\/fodboldnyheder\/fc-midtjylland-er-uden-stjerne-mod-fc-koebenhavn\/\" \/>\n<meta property=\"og:site_name\" content=\"Ace Football Danmark\" \/>\n<meta property=\"article:publisher\" content=\"https:\/\/www.facebook.com\/acefootballdk\" \/>\n<meta property=\"article:published_time\" content=\"2020-12-16T15:41:55+00:00\" \/>\n<meta property=\"article:modified_time\" content=\"2020-12-16T15:43:51+00:00\" \/>\n<meta property=\"og:image\" content=\"https:\/\/acefootball.com\/da\/wp-content\/uploads\/sites\/2\/2020\/12\/Copy-of-Ace-1-9.jpg\" \/>\n\t<meta property=\"og:image:width\" content=\"1920\" \/>\n\t<meta property=\"og:image:height\" content=\"1008\" \/>\n\t<meta property=\"og:image:type\" content=\"image\/jpeg\" \/>\n<meta name=\"twitter:card\" content=\"summary_large_image\" \/>\n<meta name=\"twitter:label1\" content=\"Written by\" \/>\n\t<meta name=\"twitter:data1\" content=\"Mads Dreyer\" \/>\n\t<meta name=\"twitter:label2\" content=\"Est. reading time\" \/>\n\t<meta name=\"twitter:data2\" content=\"1 minute\" \/>\n<script type=\"application\/ld+json\" class=\"yoast-schema-graph\">{\"@context\":\"https:\/\/schema.org\",\"@graph\":[{\"@type\":\"Organization\",\"@id\":\"https:\/\/acefootball.com\/da\/#organization\",\"name\":\"Ace Football\",\"url\":\"https:\/\/acefootball.com\/da\/\",\"sameAs\":[\"https:\/\/www.facebook.com\/acefootballdk\"],\"logo\":{\"@type\":\"ImageObject\",\"@id\":\"https:\/\/acefootball.com\/da\/#logo\",\"inLanguage\":\"en-US\",\"url\":\"https:\/\/acefootball.com\/da\/wp-content\/uploads\/sites\/2\/2020\/07\/Ace-Football-30-07-2020-2.png\",\"contentUrl\":\"https:\/\/acefootball.com\/da\/wp-content\/uploads\/sites\/2\/2020\/07\/Ace-Football-30-07-2020-2.png\",\"width\":1200,\"height\":600,\"caption\":\"Ace Football\"},\"image\":{\"@id\":\"https:\/\/acefootball.com\/da\/#logo\"}},{\"@type\":\"WebSite\",\"@id\":\"https:\/\/acefootball.com\/da\/#website\",\"url\":\"https:\/\/acefootball.com\/da\/\",\"name\":\"Ace Football Danmark\",\"description\":\"Nyheder, Spiltips &amp; Livescore\",\"publisher\":{\"@id\":\"https:\/\/acefootball.com\/da\/#organization\"},\"potentialAction\":[{\"@type\":\"SearchAction\",\"target\":{\"@type\":\"EntryPoint\",\"urlTemplate\":\"https:\/\/acefootball.com\/da\/?s={search_term_string}\"},\"query-input\":\"required name=search_term_string\"}],\"inLanguage\":\"en-US\"},{\"@type\":\"ImageObject\",\"@id\":\"https:\/\/acefootball.com\/da\/fodboldnyheder\/fc-midtjylland-er-uden-stjerne-mod-fc-koebenhavn\/#primaryimage\",\"inLanguage\":\"en-US\",\"url\":\"https:\/\/acefootball.com\/da\/wp-content\/uploads\/sites\/2\/2020\/12\/Copy-of-Ace-1-9.jpg\",\"contentUrl\":\"https:\/\/acefootball.com\/da\/wp-content\/uploads\/sites\/2\/2020\/12\/Copy-of-Ace-1-9.jpg\",\"width\":1920,\"height\":1008},{\"@type\":\"WebPage\",\"@id\":\"https:\/\/acefootball.com\/da\/fodboldnyheder\/fc-midtjylland-er-uden-stjerne-mod-fc-koebenhavn\/#webpage\",\"url\":\"https:\/\/acefootball.com\/da\/fodboldnyheder\/fc-midtjylland-er-uden-stjerne-mod-fc-koebenhavn\/\",\"name\":\"FC Midtjylland er uden stjerne mod FC K\u00f8benhavn\",\"isPartOf\":{\"@id\":\"https:\/\/acefootball.com\/da\/#website\"},\"primaryImageOfPage\":{\"@id\":\"https:\/\/acefootball.com\/da\/fodboldnyheder\/fc-midtjylland-er-uden-stjerne-mod-fc-koebenhavn\/#primaryimage\"},\"datePublished\":\"2020-12-16T15:41:55+00:00\",\"dateModified\":\"2020-12-16T15:43:51+00:00\",\"description\":\"FC Midtjylland har ikke en af klubbens st\u00f8rste stjerner, Alexander Scholz, med i torsdagens pokalbrag mod FC K\u00f8benhavn\",\"breadcrumb\":{\"@id\":\"https:\/\/acefootball.com\/da\/fodboldnyheder\/fc-midtjylland-er-uden-stjerne-mod-fc-koebenhavn\/#breadcrumb\"},\"inLanguage\":\"en-US\",\"potentialAction\":[{\"@type\":\"ReadAction\",\"target\":[\"https:\/\/acefootball.com\/da\/fodboldnyheder\/fc-midtjylland-er-uden-stjerne-mod-fc-koebenhavn\/\"]}]},{\"@type\":\"BreadcrumbList\",\"@id\":\"https:\/\/acefootball.com\/da\/fodboldnyheder\/fc-midtjylland-er-uden-stjerne-mod-fc-koebenhavn\/#breadcrumb\",\"itemListElement\":[{\"@type\":\"ListItem\",\"position\":1,\"name\":\"Home\",\"item\":\"https:\/\/acefootball.com\/da\/\"},{\"@type\":\"ListItem\",\"position\":2,\"name\":\"FC Midtjylland er uden stjerne mod FC K\u00f8benhavn\"}]},{\"@type\":\"Article\",\"@id\":\"https:\/\/acefootball.com\/da\/fodboldnyheder\/fc-midtjylland-er-uden-stjerne-mod-fc-koebenhavn\/#article\",\"isPartOf\":{\"@id\":\"https:\/\/acefootball.com\/da\/fodboldnyheder\/fc-midtjylland-er-uden-stjerne-mod-fc-koebenhavn\/#webpage\"},\"author\":{\"@id\":\"https:\/\/acefootball.com\/da\/#\/schema\/person\/ee67e9cf04a276f144100ffa722f10cd\"},\"headline\":\"FC Midtjylland er uden stjerne mod FC K\u00f8benhavn\",\"datePublished\":\"2020-12-16T15:41:55+00:00\",\"dateModified\":\"2020-12-16T15:43:51+00:00\",\"mainEntityOfPage\":{\"@id\":\"https:\/\/acefootball.com\/da\/fodboldnyheder\/fc-midtjylland-er-uden-stjerne-mod-fc-koebenhavn\/#webpage\"},\"wordCount\":174,\"commentCount\":0,\"publisher\":{\"@id\":\"https:\/\/acefootball.com\/da\/#organization\"},\"image\":{\"@id\":\"https:\/\/acefootball.com\/da\/fodboldnyheder\/fc-midtjylland-er-uden-stjerne-mod-fc-koebenhavn\/#primaryimage\"},\"thumbnailUrl\":\"https:\/\/acefootball.com\/da\/wp-content\/uploads\/sites\/2\/2020\/12\/GettyImages-1223411871.jpg\",\"keywords\":[\"Alexander Scholz\",\"DBU Pokalen\",\"FC Midtjylland\",\"Superligaen\"],\"articleSection\":[\"Kamp\"],\"inLanguage\":\"en-US\",\"potentialAction\":[{\"@type\":\"CommentAction\",\"name\":\"Comment\",\"target\":[\"https:\/\/acefootball.com\/da\/fodboldnyheder\/fc-midtjylland-er-uden-stjerne-mod-fc-koebenhavn\/#respond\"]}]},{\"@type\":\"Person\",\"@id\":\"https:\/\/acefootball.com\/da\/#\/schema\/person\/ee67e9cf04a276f144100ffa722f10cd\",\"name\":\"Mads Dreyer\",\"image\":{\"@type\":\"ImageObject\",\"@id\":\"https:\/\/acefootball.com\/da\/#personlogo\",\"inLanguage\":\"en-US\",\"url\":\"https:\/\/secure.gravatar.com\/avatar\/7c7abf72cfde9902b6a60efe60c88d4c?s=96&d=mm&r=g\",\"contentUrl\":\"https:\/\/secure.gravatar.com\/avatar\/7c7abf72cfde9902b6a60efe60c88d4c?s=96&d=mm&r=g\",\"caption\":\"Mads Dreyer\"},\"description\":\"Skribent og fodboldn\u00f8rd, der lige nu fort\u00e6ller om alt og intet i fodboldverdenen p\u00e5 acefootball.com. Uddannet i kommunikation fra Aalborg Universitet.\",\"sameAs\":[\"https:\/\/www.linkedin.com\/in\/mads-dreyer-b9b08266\/\"],\"url\":\"https:\/\/acefootball.com\/da\/fodboldnyheder\/author\/mdnronaldo\/\"}]}<\/script>\n<!-- \/ Yoast SEO plugin. -->","yoast_head_json":{"title":"FC Midtjylland er uden stjerne mod FC K\u00f8benhavn","description":"FC Midtjylland har ikke en af klubbens st\u00f8rste stjerner, Alexander Scholz, med i torsdagens pokalbrag mod FC K\u00f8benhavn","robots":{"index":"index","follow":"follow","max-snippet":"max-snippet:-1","max-image-preview":"max-image-preview:large","max-video-preview":"max-video-preview:-1"},"canonical":"https:\/\/acefootball.com\/da\/fodboldnyheder\/fc-midtjylland-er-uden-stjerne-mod-fc-koebenhavn\/","og_locale":"en_US","og_type":"article","og_title":"FC Midtjylland er uden stjerne mod FC K\u00f8benhavn","og_description":"FC Midtjylland har ikke en af klubbens st\u00f8rste stjerner, Alexander Scholz, med i torsdagens pokalbrag mod FC K\u00f8benhavn","og_url":"https:\/\/acefootball.com\/da\/fodboldnyheder\/fc-midtjylland-er-uden-stjerne-mod-fc-koebenhavn\/","og_site_name":"Ace Football Danmark","article_publisher":"https:\/\/www.facebook.com\/acefootballdk","article_published_time":"2020-12-16T15:41:55+00:00","article_modified_time":"2020-12-16T15:43:51+00:00","og_image":[{"width":1920,"height":1008,"url":"https:\/\/acefootball.com\/da\/wp-content\/uploads\/sites\/2\/2020\/12\/Copy-of-Ace-1-9.jpg","type":"image\/jpeg"}],"twitter_card":"summary_large_image","twitter_misc":{"Written by":"Mads Dreyer","Est. reading time":"1 minute"},"schema":{"@context":"https:\/\/schema.org","@graph":[{"@type":"Organization","@id":"https:\/\/acefootball.com\/da\/#organization","name":"Ace Football","url":"https:\/\/acefootball.com\/da\/","sameAs":["https:\/\/www.facebook.com\/acefootballdk"],"logo":{"@type":"ImageObject","@id":"https:\/\/acefootball.com\/da\/#logo","inLanguage":"en-US","url":"https:\/\/acefootball.com\/da\/wp-content\/uploads\/sites\/2\/2020\/07\/Ace-Football-30-07-2020-2.png","contentUrl":"https:\/\/acefootball.com\/da\/wp-content\/uploads\/sites\/2\/2020\/07\/Ace-Football-30-07-2020-2.png","width":1200,"height":600,"caption":"Ace Football"},"image":{"@id":"https:\/\/acefootball.com\/da\/#logo"}},{"@type":"WebSite","@id":"https:\/\/acefootball.com\/da\/#website","url":"https:\/\/acefootball.com\/da\/","name":"Ace Football Danmark","description":"Nyheder, Spiltips &amp; Livescore","publisher":{"@id":"https:\/\/acefootball.com\/da\/#organization"},"potentialAction":[{"@type":"SearchAction","target":{"@type":"EntryPoint","urlTemplate":"https:\/\/acefootball.com\/da\/?s={search_term_string}"},"query-input":"required name=search_term_string"}],"inLanguage":"en-US"},{"@type":"ImageObject","@id":"https:\/\/acefootball.com\/da\/fodboldnyheder\/fc-midtjylland-er-uden-stjerne-mod-fc-koebenhavn\/#primaryimage","inLanguage":"en-US","url":"https:\/\/acefootball.com\/da\/wp-content\/uploads\/sites\/2\/2020\/12\/Copy-of-Ace-1-9.jpg","contentUrl":"https:\/\/acefootball.com\/da\/wp-content\/uploads\/sites\/2\/2020\/12\/Copy-of-Ace-1-9.jpg","width":1920,"height":1008},{"@type":"WebPage","@id":"https:\/\/acefootball.com\/da\/fodboldnyheder\/fc-midtjylland-er-uden-stjerne-mod-fc-koebenhavn\/#webpage","url":"https:\/\/acefootball.com\/da\/fodboldnyheder\/fc-midtjylland-er-uden-stjerne-mod-fc-koebenhavn\/","name":"FC Midtjylland er uden stjerne mod FC K\u00f8benhavn","isPartOf":{"@id":"https:\/\/acefootball.com\/da\/#website"},"primaryImageOfPage":{"@id":"https:\/\/acefootball.com\/da\/fodboldnyheder\/fc-midtjylland-er-uden-stjerne-mod-fc-koebenhavn\/#primaryimage"},"datePublished":"2020-12-16T15:41:55+00:00","dateModified":"2020-12-16T15:43:51+00:00","description":"FC Midtjylland har ikke en af klubbens st\u00f8rste stjerner, Alexander Scholz, med i torsdagens pokalbrag mod FC K\u00f8benhavn","breadcrumb":{"@id":"https:\/\/acefootball.com\/da\/fodboldnyheder\/fc-midtjylland-er-uden-stjerne-mod-fc-koebenhavn\/#breadcrumb"},"inLanguage":"en-US","potentialAction":[{"@type":"ReadAction","target":["https:\/\/acefootball.com\/da\/fodboldnyheder\/fc-midtjylland-er-uden-stjerne-mod-fc-koebenhavn\/"]}]},{"@type":"BreadcrumbList","@id":"https:\/\/acefootball.com\/da\/fodboldnyheder\/fc-midtjylland-er-uden-stjerne-mod-fc-koebenhavn\/#breadcrumb","itemListElement":[{"@type":"ListItem","position":1,"name":"Home","item":"https:\/\/acefootball.com\/da\/"},{"@type":"ListItem","position":2,"name":"FC Midtjylland er uden stjerne mod FC K\u00f8benhavn"}]},{"@type":"Article","@id":"https:\/\/acefootball.com\/da\/fodboldnyheder\/fc-midtjylland-er-uden-stjerne-mod-fc-koebenhavn\/#article","isPartOf":{"@id":"https:\/\/acefootball.com\/da\/fodboldnyheder\/fc-midtjylland-er-uden-stjerne-mod-fc-koebenhavn\/#webpage"},"author":{"@id":"https:\/\/acefootball.com\/da\/#\/schema\/person\/ee67e9cf04a276f144100ffa722f10cd"},"headline":"FC Midtjylland er uden stjerne mod FC K\u00f8benhavn","datePublished":"2020-12-16T15:41:55+00:00","dateModified":"2020-12-16T15:43:51+00:00","mainEntityOfPage":{"@id":"https:\/\/acefootball.com\/da\/fodboldnyheder\/fc-midtjylland-er-uden-stjerne-mod-fc-koebenhavn\/#webpage"},"wordCount":174,"commentCount":0,"publisher":{"@id":"https:\/\/acefootball.com\/da\/#organization"},"image":{"@id":"https:\/\/acefootball.com\/da\/fodboldnyheder\/fc-midtjylland-er-uden-stjerne-mod-fc-koebenhavn\/#primaryimage"},"thumbnailUrl":"https:\/\/acefootball.com\/da\/wp-content\/uploads\/sites\/2\/2020\/12\/GettyImages-1223411871.jpg","keywords":["Alexander Scholz","DBU Pokalen","FC Midtjylland","Superligaen"],"articleSection":["Kamp"],"inLanguage":"en-US","potentialAction":[{"@type":"CommentAction","name":"Comment","target":["https:\/\/acefootball.com\/da\/fodboldnyheder\/fc-midtjylland-er-uden-stjerne-mod-fc-koebenhavn\/#respond"]}]},{"@type":"Person","@id":"https:\/\/acefootball.com\/da\/#\/schema\/person\/ee67e9cf04a276f144100ffa722f10cd","name":"Mads Dreyer","image":{"@type":"ImageObject","@id":"https:\/\/acefootball.com\/da\/#personlogo","inLanguage":"en-US","url":"https:\/\/secure.gravatar.com\/avatar\/7c7abf72cfde9902b6a60efe60c88d4c?s=96&d=mm&r=g","contentUrl":"https:\/\/secure.gravatar.com\/avatar\/7c7abf72cfde9902b6a60efe60c88d4c?s=96&d=mm&r=g","caption":"Mads Dreyer"},"description":"Skribent og fodboldn\u00f8rd, der lige nu fort\u00e6ller om alt og intet i fodboldverdenen p\u00e5 acefootball.com. Uddannet i kommunikation fra Aalborg Universitet.","sameAs":["https:\/\/www.linkedin.com\/in\/mads-dreyer-b9b08266\/"],"url":"https:\/\/acefootball.com\/da\/fodboldnyheder\/author\/mdnronaldo\/"}]}},"fimg_url":"https:\/\/acefootball.com\/da\/wp-content\/uploads\/sites\/2\/2020\/12\/GettyImages-1223411871.jpg","_links":{"self":[{"href":"https:\/\/acefootball.com\/da\/wp-json\/wp\/v2\/posts\/246551"}],"collection":[{"href":"https:\/\/acefootball.com\/da\/wp-json\/wp\/v2\/posts"}],"about":[{"href":"https:\/\/acefootball.com\/da\/wp-json\/wp\/v2\/types\/post"}],"author":[{"embeddable":true,"href":"https:\/\/acefootball.com\/da\/wp-json\/wp\/v2\/users\/705"}],"replies":[{"embeddable":true,"href":"https:\/\/acefootball.com\/da\/wp-json\/wp\/v2\/comments?post=246551"}],"version-history":[{"count":0,"href":"https:\/\/acefootball.com\/da\/wp-json\/wp\/v2\/posts\/246551\/revisions"}],"wp:featuredmedia":[{"embeddable":true,"href":"https:\/\/acefootball.com\/da\/wp-json\/wp\/v2\/media\/246553"}],"wp:attachment":[{"href":"https:\/\/acefootball.com\/da\/wp-json\/wp\/v2\/media?parent=246551"}],"wp:term":[{"taxonomy":"category","embeddable":true,"href":"https:\/\/acefootball.com\/da\/wp-json\/wp\/v2\/categories?post=246551"},{"taxonomy":"post_tag","embeddable":true,"href":"https:\/\/acefootball.com\/da\/wp-json\/wp\/v2\/tags?post=246551"}],"curies":[{"name":"wp","href":"https:\/\/api.w.org\/{rel}","templated":true}]}}