{"id":246471,"date":"2020-12-15T15:49:48","date_gmt":"2020-12-15T14:49:48","guid":{"rendered":"https:\/\/acefootball.com\/da\/?p=246471"},"modified":"2020-12-15T15:52:25","modified_gmt":"2020-12-15T14:52:25","slug":"mourinho-sabler-klopp-vi-har-to-u16-spillere-skadet","status":"publish","type":"post","link":"https:\/\/acefootball.com\/da\/fodboldnyheder\/mourinho-sabler-klopp-vi-har-to-u16-spillere-skadet\/","title":{"rendered":"Mourinho sabler Klopp: &#8220;Vi har to U16-spillere skadet&#8221;"},"content":{"rendered":"\n<h2 id=\"h-jos-mourinho-giver-ikke-meget-for-j-rgen-klopps-beklagelser-over-den-lange-liste-af-skader-i-liverpool\">Jos\u00e9 Mourinho giver ikke meget for J\u00fcrgen Klopps beklagelser over den lange liste af skader i Liverpool<\/h2>\n\n\n\n<div class=\"wp-block-si-widget wp-block-si-widget--center\"><si-lb-widget widget-id=\"MatchInfoWithOdds\" data-nopadding=\"true\" data-card=\"true\" width=\"440\" data-event-id=\"3411477\" data-provider=\"mrgreen\" data-theme-appearance=\"dark\"><\/si-lb-widget><\/div>\n\n\n\n<p>Onsdag aften er der topbrag i Premier League, n\u00e5r titelaspiranterne fra Liverpool og Tottenham brager sammen p\u00e5 Anfield.<\/p>\n\n\n\n<p>Der er dog stor nerv\u00f8sitet hos J\u00fcrgen Klopp forud for opg\u00f8ret, og det drejer sig naturligvis om de fortsatte skadesproblemer, man oplever i Merseyside-klubben.<\/p>\n\n\n\n<p>Liverpool har senest m\u00e5tte melde Diogo Jota ude i l\u00e6ngere tid, og samtidig er Joel Matip og Naby Keita igen tvivlsomme, efter de ellers var kommet tilbage fra tidligere skader.<\/p>\n\n\n\n<figure class=\"wp-block-embed-wordpress wp-block-embed is-type-wp-embed is-provider-ace-football-danmark\"><div class=\"wp-block-embed__wrapper\">\n<blockquote class=\"wp-embedded-content\" data-secret=\"bCN90KqgJq\"><a href=\"https:\/\/acefootball.com\/da\/fodboldnyheder\/premier-league-stjerne-mister-koerekortet-efter-spritkoersel\/\">Premier League-stjerne mister k\u00f8rekortet efter spritk\u00f8rsel<\/a><\/blockquote><iframe class=\"wp-embedded-content\" sandbox=\"allow-scripts\" security=\"restricted\" style=\"position: absolute; clip: rect(1px, 1px, 1px, 1px);\" title=\"&#8220;Premier League-stjerne mister k\u00f8rekortet efter spritk\u00f8rsel&#8221; &#8212; Ace Football Danmark\" src=\"https:\/\/acefootball.com\/da\/fodboldnyheder\/premier-league-stjerne-mister-koerekortet-efter-spritkoersel\/embed\/#?secret=bCN90KqgJq\" data-secret=\"bCN90KqgJq\" width=\"600\" height=\"338\" frameborder=\"0\" marginwidth=\"0\" marginheight=\"0\" scrolling=\"no\"><\/iframe>\n<\/div><\/figure>\n\n\n\n<p>Den rivaliserende manager, Jos\u00e9 Mourinho, har dog ikke meget til overs for Klopps beklagelser, da portugiseren mener, at kun Virgil van Dijk er et betydeligt tab.<\/p>\n\n\n\n<p>&#8220;Van Dijk er skadet, og han er selvf\u00f8lgelig en virkelig god spiller, men giv mig Liverpools liste over skadede spillere, og lad os se, hvor mange af dem, der er med p\u00e5 det bedste hold,&#8221; udtaler Mourinho if\u00f8lge <a href=\"https:\/\/www.standard.co.uk\/sport\/football\/tottenham-news-liverpool-mourino-press-conference-injury-premier-league-b323380.html\" target=\"_blank\" rel=\"noreferrer noopener\">Evening Standard<\/a>.<\/p>\n\n\n\n<p>&#8220;Jeg kan give jer en liste over ti skader i Tottenham. Vi har to drenge p\u00e5 U16-holdet med skader, vi har to p\u00e5 U21-holdet og to p\u00e5 U23-holdet. Vi har Lamela og Tanganga. Her er ti spillere.&#8221;<\/p>\n\n\n\n<div class=\"wp-block-si-widget wp-block-si-widget--center\"><si-lb-widget widget-id=\"FormTwoTeamSnap\" data-nopadding=\"true\" width=\"440\" data-event-id=\"3411477\" data-card=\"true\" data-theme-appearance=\"dark\"><\/si-lb-widget><\/div>\n\n\n\n<p>&#8220;S\u00e5 hvor er skaderne? Det er normalt at have skader. James Milner er skadet, og Erik Lamela er skadet. Alle hold har skader en gang i mellem. Liverpool har \u00e9n stor skade, og det er Van Dijk.&#8221;<\/p>\n\n\n\n<p>Liverpool og Tottenham ligger inden morgendagens opg\u00f8r side om side p\u00e5 Premier Leagues f\u00f8rsteplads med 25 point.<\/p>\n","protected":false},"excerpt":{"rendered":"<p>Jos\u00e9 Mourinho giver ikke meget for J\u00fcrgen Klopps beklagelser over den lange liste af skader i Liverpool<\/p>\n","protected":false},"author":705,"featured_media":246472,"comment_status":"open","ping_status":"closed","sticky":false,"template":"","format":"standard","meta":{"om_disable_all_campaigns":false,"push_articles_ronaldo":{"active":false,"canonical":0,"publish":false},"force_updates":null},"categories":[8204],"tags":[380,135,132,134,45],"enet_tags":{"player":["78719","78660"],"team":["8650","8586"],"league":["47"],"sport_events":[3411477]},"yoast_head":"<!-- This site is optimized with the Yoast SEO plugin v18.3 - https:\/\/yoast.com\/wordpress\/plugins\/seo\/ -->\n<title>Mourinho sabler Klopp: &quot;Vi har to U16-spillere skadet&quot;<\/title>\n<meta name=\"description\" content=\"Tottenham-manager Jos\u00e9 Mourinho giver ikke meget for J\u00fcrgen Klopps beklagelser over den lange liste af skader i Liverpool\" \/>\n<meta name=\"robots\" content=\"index, follow, max-snippet:-1, max-image-preview:large, max-video-preview:-1\" \/>\n<link rel=\"canonical\" href=\"https:\/\/acefootball.com\/da\/fodboldnyheder\/mourinho-sabler-klopp-vi-har-to-u16-spillere-skadet\/\" \/>\n<meta property=\"og:locale\" content=\"en_US\" \/>\n<meta property=\"og:type\" content=\"article\" \/>\n<meta property=\"og:title\" content=\"Mourinho sabler Klopp: &quot;Vi har to U16-spillere skadet&quot;\" \/>\n<meta property=\"og:description\" content=\"Tottenham-manager Jos\u00e9 Mourinho giver ikke meget for J\u00fcrgen Klopps beklagelser over den lange liste af skader i Liverpool\" \/>\n<meta property=\"og:url\" content=\"https:\/\/acefootball.com\/da\/fodboldnyheder\/mourinho-sabler-klopp-vi-har-to-u16-spillere-skadet\/\" \/>\n<meta property=\"og:site_name\" content=\"Ace Football Danmark\" \/>\n<meta property=\"article:publisher\" content=\"https:\/\/www.facebook.com\/acefootballdk\" \/>\n<meta property=\"article:published_time\" content=\"2020-12-15T14:49:48+00:00\" \/>\n<meta property=\"article:modified_time\" content=\"2020-12-15T14:52:25+00:00\" \/>\n<meta property=\"og:image\" content=\"https:\/\/acefootball.com\/da\/wp-content\/uploads\/sites\/2\/2020\/12\/Copy-of-Ace-33.jpg\" \/>\n\t<meta property=\"og:image:width\" content=\"1920\" \/>\n\t<meta property=\"og:image:height\" content=\"1008\" \/>\n\t<meta property=\"og:image:type\" content=\"image\/jpeg\" \/>\n<meta name=\"twitter:card\" content=\"summary_large_image\" \/>\n<meta name=\"twitter:label1\" content=\"Written by\" \/>\n\t<meta name=\"twitter:data1\" content=\"Mads Dreyer\" \/>\n\t<meta name=\"twitter:label2\" content=\"Est. reading time\" \/>\n\t<meta name=\"twitter:data2\" content=\"1 minute\" \/>\n<script type=\"application\/ld+json\" class=\"yoast-schema-graph\">{\"@context\":\"https:\/\/schema.org\",\"@graph\":[{\"@type\":\"Organization\",\"@id\":\"https:\/\/acefootball.com\/da\/#organization\",\"name\":\"Ace Football\",\"url\":\"https:\/\/acefootball.com\/da\/\",\"sameAs\":[\"https:\/\/www.facebook.com\/acefootballdk\"],\"logo\":{\"@type\":\"ImageObject\",\"@id\":\"https:\/\/acefootball.com\/da\/#logo\",\"inLanguage\":\"en-US\",\"url\":\"https:\/\/acefootball.com\/da\/wp-content\/uploads\/sites\/2\/2020\/07\/Ace-Football-30-07-2020-2.png\",\"contentUrl\":\"https:\/\/acefootball.com\/da\/wp-content\/uploads\/sites\/2\/2020\/07\/Ace-Football-30-07-2020-2.png\",\"width\":1200,\"height\":600,\"caption\":\"Ace Football\"},\"image\":{\"@id\":\"https:\/\/acefootball.com\/da\/#logo\"}},{\"@type\":\"WebSite\",\"@id\":\"https:\/\/acefootball.com\/da\/#website\",\"url\":\"https:\/\/acefootball.com\/da\/\",\"name\":\"Ace Football Danmark\",\"description\":\"Nyheder, Spiltips &amp; Livescore\",\"publisher\":{\"@id\":\"https:\/\/acefootball.com\/da\/#organization\"},\"potentialAction\":[{\"@type\":\"SearchAction\",\"target\":{\"@type\":\"EntryPoint\",\"urlTemplate\":\"https:\/\/acefootball.com\/da\/?s={search_term_string}\"},\"query-input\":\"required name=search_term_string\"}],\"inLanguage\":\"en-US\"},{\"@type\":\"ImageObject\",\"@id\":\"https:\/\/acefootball.com\/da\/fodboldnyheder\/mourinho-sabler-klopp-vi-har-to-u16-spillere-skadet\/#primaryimage\",\"inLanguage\":\"en-US\",\"url\":\"https:\/\/acefootball.com\/da\/wp-content\/uploads\/sites\/2\/2020\/12\/Copy-of-Ace-33.jpg\",\"contentUrl\":\"https:\/\/acefootball.com\/da\/wp-content\/uploads\/sites\/2\/2020\/12\/Copy-of-Ace-33.jpg\",\"width\":1920,\"height\":1008},{\"@type\":\"WebPage\",\"@id\":\"https:\/\/acefootball.com\/da\/fodboldnyheder\/mourinho-sabler-klopp-vi-har-to-u16-spillere-skadet\/#webpage\",\"url\":\"https:\/\/acefootball.com\/da\/fodboldnyheder\/mourinho-sabler-klopp-vi-har-to-u16-spillere-skadet\/\",\"name\":\"Mourinho sabler Klopp: \\\"Vi har to U16-spillere skadet\\\"\",\"isPartOf\":{\"@id\":\"https:\/\/acefootball.com\/da\/#website\"},\"primaryImageOfPage\":{\"@id\":\"https:\/\/acefootball.com\/da\/fodboldnyheder\/mourinho-sabler-klopp-vi-har-to-u16-spillere-skadet\/#primaryimage\"},\"datePublished\":\"2020-12-15T14:49:48+00:00\",\"dateModified\":\"2020-12-15T14:52:25+00:00\",\"description\":\"Tottenham-manager Jos\u00e9 Mourinho giver ikke meget for J\u00fcrgen Klopps beklagelser over den lange liste af skader i Liverpool\",\"breadcrumb\":{\"@id\":\"https:\/\/acefootball.com\/da\/fodboldnyheder\/mourinho-sabler-klopp-vi-har-to-u16-spillere-skadet\/#breadcrumb\"},\"inLanguage\":\"en-US\",\"potentialAction\":[{\"@type\":\"ReadAction\",\"target\":[\"https:\/\/acefootball.com\/da\/fodboldnyheder\/mourinho-sabler-klopp-vi-har-to-u16-spillere-skadet\/\"]}]},{\"@type\":\"BreadcrumbList\",\"@id\":\"https:\/\/acefootball.com\/da\/fodboldnyheder\/mourinho-sabler-klopp-vi-har-to-u16-spillere-skadet\/#breadcrumb\",\"itemListElement\":[{\"@type\":\"ListItem\",\"position\":1,\"name\":\"Home\",\"item\":\"https:\/\/acefootball.com\/da\/\"},{\"@type\":\"ListItem\",\"position\":2,\"name\":\"Mourinho sabler Klopp: &#8220;Vi har to U16-spillere skadet&#8221;\"}]},{\"@type\":\"Article\",\"@id\":\"https:\/\/acefootball.com\/da\/fodboldnyheder\/mourinho-sabler-klopp-vi-har-to-u16-spillere-skadet\/#article\",\"isPartOf\":{\"@id\":\"https:\/\/acefootball.com\/da\/fodboldnyheder\/mourinho-sabler-klopp-vi-har-to-u16-spillere-skadet\/#webpage\"},\"author\":{\"@id\":\"https:\/\/acefootball.com\/da\/#\/schema\/person\/ee67e9cf04a276f144100ffa722f10cd\"},\"headline\":\"Mourinho sabler Klopp: &#8220;Vi har to U16-spillere skadet&#8221;\",\"datePublished\":\"2020-12-15T14:49:48+00:00\",\"dateModified\":\"2020-12-15T14:52:25+00:00\",\"mainEntityOfPage\":{\"@id\":\"https:\/\/acefootball.com\/da\/fodboldnyheder\/mourinho-sabler-klopp-vi-har-to-u16-spillere-skadet\/#webpage\"},\"wordCount\":274,\"commentCount\":0,\"publisher\":{\"@id\":\"https:\/\/acefootball.com\/da\/#organization\"},\"image\":{\"@id\":\"https:\/\/acefootball.com\/da\/fodboldnyheder\/mourinho-sabler-klopp-vi-har-to-u16-spillere-skadet\/#primaryimage\"},\"thumbnailUrl\":\"https:\/\/acefootball.com\/da\/wp-content\/uploads\/sites\/2\/2020\/12\/Untitled-design-16.jpg\",\"keywords\":[\"Jos\u00e9 Mourinho\",\"J\u00fcrgen Klopp\",\"Liverpool\",\"Premier League\",\"Tottenham\"],\"articleSection\":[\"Udtalelse\"],\"inLanguage\":\"en-US\",\"potentialAction\":[{\"@type\":\"CommentAction\",\"name\":\"Comment\",\"target\":[\"https:\/\/acefootball.com\/da\/fodboldnyheder\/mourinho-sabler-klopp-vi-har-to-u16-spillere-skadet\/#respond\"]}]},{\"@type\":\"Person\",\"@id\":\"https:\/\/acefootball.com\/da\/#\/schema\/person\/ee67e9cf04a276f144100ffa722f10cd\",\"name\":\"Mads Dreyer\",\"image\":{\"@type\":\"ImageObject\",\"@id\":\"https:\/\/acefootball.com\/da\/#personlogo\",\"inLanguage\":\"en-US\",\"url\":\"https:\/\/secure.gravatar.com\/avatar\/7c7abf72cfde9902b6a60efe60c88d4c?s=96&d=mm&r=g\",\"contentUrl\":\"https:\/\/secure.gravatar.com\/avatar\/7c7abf72cfde9902b6a60efe60c88d4c?s=96&d=mm&r=g\",\"caption\":\"Mads Dreyer\"},\"description\":\"Skribent og fodboldn\u00f8rd, der lige nu fort\u00e6ller om alt og intet i fodboldverdenen p\u00e5 acefootball.com. Uddannet i kommunikation fra Aalborg Universitet.\",\"sameAs\":[\"https:\/\/www.linkedin.com\/in\/mads-dreyer-b9b08266\/\"],\"url\":\"https:\/\/acefootball.com\/da\/fodboldnyheder\/author\/mdnronaldo\/\"}]}<\/script>\n<!-- \/ Yoast SEO plugin. -->","yoast_head_json":{"title":"Mourinho sabler Klopp: \"Vi har to U16-spillere skadet\"","description":"Tottenham-manager Jos\u00e9 Mourinho giver ikke meget for J\u00fcrgen Klopps beklagelser over den lange liste af skader i Liverpool","robots":{"index":"index","follow":"follow","max-snippet":"max-snippet:-1","max-image-preview":"max-image-preview:large","max-video-preview":"max-video-preview:-1"},"canonical":"https:\/\/acefootball.com\/da\/fodboldnyheder\/mourinho-sabler-klopp-vi-har-to-u16-spillere-skadet\/","og_locale":"en_US","og_type":"article","og_title":"Mourinho sabler Klopp: \"Vi har to U16-spillere skadet\"","og_description":"Tottenham-manager Jos\u00e9 Mourinho giver ikke meget for J\u00fcrgen Klopps beklagelser over den lange liste af skader i Liverpool","og_url":"https:\/\/acefootball.com\/da\/fodboldnyheder\/mourinho-sabler-klopp-vi-har-to-u16-spillere-skadet\/","og_site_name":"Ace Football Danmark","article_publisher":"https:\/\/www.facebook.com\/acefootballdk","article_published_time":"2020-12-15T14:49:48+00:00","article_modified_time":"2020-12-15T14:52:25+00:00","og_image":[{"width":1920,"height":1008,"url":"https:\/\/acefootball.com\/da\/wp-content\/uploads\/sites\/2\/2020\/12\/Copy-of-Ace-33.jpg","type":"image\/jpeg"}],"twitter_card":"summary_large_image","twitter_misc":{"Written by":"Mads Dreyer","Est. reading time":"1 minute"},"schema":{"@context":"https:\/\/schema.org","@graph":[{"@type":"Organization","@id":"https:\/\/acefootball.com\/da\/#organization","name":"Ace Football","url":"https:\/\/acefootball.com\/da\/","sameAs":["https:\/\/www.facebook.com\/acefootballdk"],"logo":{"@type":"ImageObject","@id":"https:\/\/acefootball.com\/da\/#logo","inLanguage":"en-US","url":"https:\/\/acefootball.com\/da\/wp-content\/uploads\/sites\/2\/2020\/07\/Ace-Football-30-07-2020-2.png","contentUrl":"https:\/\/acefootball.com\/da\/wp-content\/uploads\/sites\/2\/2020\/07\/Ace-Football-30-07-2020-2.png","width":1200,"height":600,"caption":"Ace Football"},"image":{"@id":"https:\/\/acefootball.com\/da\/#logo"}},{"@type":"WebSite","@id":"https:\/\/acefootball.com\/da\/#website","url":"https:\/\/acefootball.com\/da\/","name":"Ace Football Danmark","description":"Nyheder, Spiltips &amp; Livescore","publisher":{"@id":"https:\/\/acefootball.com\/da\/#organization"},"potentialAction":[{"@type":"SearchAction","target":{"@type":"EntryPoint","urlTemplate":"https:\/\/acefootball.com\/da\/?s={search_term_string}"},"query-input":"required name=search_term_string"}],"inLanguage":"en-US"},{"@type":"ImageObject","@id":"https:\/\/acefootball.com\/da\/fodboldnyheder\/mourinho-sabler-klopp-vi-har-to-u16-spillere-skadet\/#primaryimage","inLanguage":"en-US","url":"https:\/\/acefootball.com\/da\/wp-content\/uploads\/sites\/2\/2020\/12\/Copy-of-Ace-33.jpg","contentUrl":"https:\/\/acefootball.com\/da\/wp-content\/uploads\/sites\/2\/2020\/12\/Copy-of-Ace-33.jpg","width":1920,"height":1008},{"@type":"WebPage","@id":"https:\/\/acefootball.com\/da\/fodboldnyheder\/mourinho-sabler-klopp-vi-har-to-u16-spillere-skadet\/#webpage","url":"https:\/\/acefootball.com\/da\/fodboldnyheder\/mourinho-sabler-klopp-vi-har-to-u16-spillere-skadet\/","name":"Mourinho sabler Klopp: \"Vi har to U16-spillere skadet\"","isPartOf":{"@id":"https:\/\/acefootball.com\/da\/#website"},"primaryImageOfPage":{"@id":"https:\/\/acefootball.com\/da\/fodboldnyheder\/mourinho-sabler-klopp-vi-har-to-u16-spillere-skadet\/#primaryimage"},"datePublished":"2020-12-15T14:49:48+00:00","dateModified":"2020-12-15T14:52:25+00:00","description":"Tottenham-manager Jos\u00e9 Mourinho giver ikke meget for J\u00fcrgen Klopps beklagelser over den lange liste af skader i Liverpool","breadcrumb":{"@id":"https:\/\/acefootball.com\/da\/fodboldnyheder\/mourinho-sabler-klopp-vi-har-to-u16-spillere-skadet\/#breadcrumb"},"inLanguage":"en-US","potentialAction":[{"@type":"ReadAction","target":["https:\/\/acefootball.com\/da\/fodboldnyheder\/mourinho-sabler-klopp-vi-har-to-u16-spillere-skadet\/"]}]},{"@type":"BreadcrumbList","@id":"https:\/\/acefootball.com\/da\/fodboldnyheder\/mourinho-sabler-klopp-vi-har-to-u16-spillere-skadet\/#breadcrumb","itemListElement":[{"@type":"ListItem","position":1,"name":"Home","item":"https:\/\/acefootball.com\/da\/"},{"@type":"ListItem","position":2,"name":"Mourinho sabler Klopp: &#8220;Vi har to U16-spillere skadet&#8221;"}]},{"@type":"Article","@id":"https:\/\/acefootball.com\/da\/fodboldnyheder\/mourinho-sabler-klopp-vi-har-to-u16-spillere-skadet\/#article","isPartOf":{"@id":"https:\/\/acefootball.com\/da\/fodboldnyheder\/mourinho-sabler-klopp-vi-har-to-u16-spillere-skadet\/#webpage"},"author":{"@id":"https:\/\/acefootball.com\/da\/#\/schema\/person\/ee67e9cf04a276f144100ffa722f10cd"},"headline":"Mourinho sabler Klopp: &#8220;Vi har to U16-spillere skadet&#8221;","datePublished":"2020-12-15T14:49:48+00:00","dateModified":"2020-12-15T14:52:25+00:00","mainEntityOfPage":{"@id":"https:\/\/acefootball.com\/da\/fodboldnyheder\/mourinho-sabler-klopp-vi-har-to-u16-spillere-skadet\/#webpage"},"wordCount":274,"commentCount":0,"publisher":{"@id":"https:\/\/acefootball.com\/da\/#organization"},"image":{"@id":"https:\/\/acefootball.com\/da\/fodboldnyheder\/mourinho-sabler-klopp-vi-har-to-u16-spillere-skadet\/#primaryimage"},"thumbnailUrl":"https:\/\/acefootball.com\/da\/wp-content\/uploads\/sites\/2\/2020\/12\/Untitled-design-16.jpg","keywords":["Jos\u00e9 Mourinho","J\u00fcrgen Klopp","Liverpool","Premier League","Tottenham"],"articleSection":["Udtalelse"],"inLanguage":"en-US","potentialAction":[{"@type":"CommentAction","name":"Comment","target":["https:\/\/acefootball.com\/da\/fodboldnyheder\/mourinho-sabler-klopp-vi-har-to-u16-spillere-skadet\/#respond"]}]},{"@type":"Person","@id":"https:\/\/acefootball.com\/da\/#\/schema\/person\/ee67e9cf04a276f144100ffa722f10cd","name":"Mads Dreyer","image":{"@type":"ImageObject","@id":"https:\/\/acefootball.com\/da\/#personlogo","inLanguage":"en-US","url":"https:\/\/secure.gravatar.com\/avatar\/7c7abf72cfde9902b6a60efe60c88d4c?s=96&d=mm&r=g","contentUrl":"https:\/\/secure.gravatar.com\/avatar\/7c7abf72cfde9902b6a60efe60c88d4c?s=96&d=mm&r=g","caption":"Mads Dreyer"},"description":"Skribent og fodboldn\u00f8rd, der lige nu fort\u00e6ller om alt og intet i fodboldverdenen p\u00e5 acefootball.com. Uddannet i kommunikation fra Aalborg Universitet.","sameAs":["https:\/\/www.linkedin.com\/in\/mads-dreyer-b9b08266\/"],"url":"https:\/\/acefootball.com\/da\/fodboldnyheder\/author\/mdnronaldo\/"}]}},"fimg_url":"https:\/\/acefootball.com\/da\/wp-content\/uploads\/sites\/2\/2020\/12\/Untitled-design-16.jpg","_links":{"self":[{"href":"https:\/\/acefootball.com\/da\/wp-json\/wp\/v2\/posts\/246471"}],"collection":[{"href":"https:\/\/acefootball.com\/da\/wp-json\/wp\/v2\/posts"}],"about":[{"href":"https:\/\/acefootball.com\/da\/wp-json\/wp\/v2\/types\/post"}],"author":[{"embeddable":true,"href":"https:\/\/acefootball.com\/da\/wp-json\/wp\/v2\/users\/705"}],"replies":[{"embeddable":true,"href":"https:\/\/acefootball.com\/da\/wp-json\/wp\/v2\/comments?post=246471"}],"version-history":[{"count":0,"href":"https:\/\/acefootball.com\/da\/wp-json\/wp\/v2\/posts\/246471\/revisions"}],"wp:featuredmedia":[{"embeddable":true,"href":"https:\/\/acefootball.com\/da\/wp-json\/wp\/v2\/media\/246472"}],"wp:attachment":[{"href":"https:\/\/acefootball.com\/da\/wp-json\/wp\/v2\/media?parent=246471"}],"wp:term":[{"taxonomy":"category","embeddable":true,"href":"https:\/\/acefootball.com\/da\/wp-json\/wp\/v2\/categories?post=246471"},{"taxonomy":"post_tag","embeddable":true,"href":"https:\/\/acefootball.com\/da\/wp-json\/wp\/v2\/tags?post=246471"}],"curies":[{"name":"wp","href":"https:\/\/api.w.org\/{rel}","templated":true}]}}