{"id":246261,"date":"2020-12-13T19:54:31","date_gmt":"2020-12-13T18:54:31","guid":{"rendered":"https:\/\/acefootball.com\/da\/?p=246261"},"modified":"2020-12-13T19:54:32","modified_gmt":"2020-12-13T18:54:32","slug":"broendby-fans-raser-over-var-dom-det-oedelaegger-fodbolden","status":"publish","type":"post","link":"https:\/\/acefootball.com\/da\/fodboldnyheder\/broendby-fans-raser-over-var-dom-det-oedelaegger-fodbolden\/","title":{"rendered":"Br\u00f8ndby-fans raser over VAR-dom: &#8220;Det \u00f8del\u00e6gger fodbolden&#8221;"},"content":{"rendered":"\n<h2 id=\"h-flere-tilh-ngere-hos-br-ndby-if-viser-stor-frustration-over-var-kendelsen-der-gav-straffespark-til-s-nderjyske-i-dagens-kamp\">Flere tilh\u00e6ngere hos Br\u00f8ndby IF viser stor frustration over VAR-kendelsen, der gav straffespark til S\u00f8nderjyskE i dagens kamp<\/h2>\n\n\n\n<div class=\"wp-block-si-widget wp-block-si-widget--center\"><si-lb-widget widget-id=\"MatchInfoWithOdds\" data-nopadding=\"true\" data-card=\"true\" width=\"440\" data-event-id=\"3389138\" data-theme-appearance=\"dark\"><\/si-lb-widget><\/div>\n\n\n\n<p>Der var stor dramatik i afslutningen p\u00e5 f\u00f8rste halvleg i kampen mellem Br\u00f8ndby og S\u00f8nderjyskE, da der efter en lang VAR-gennemgang blev peget p\u00e5 pletten ved hjemmeholdets m\u00e5l.<\/p>\n\n\n\n<p>\u00c5rsagen var en duel mellem Mikael Uhre og Marc Dal Hende, hvor S\u00f8nderjyskE-spilleren modtog en albue i ansigtet fra sin direkte oppasser.<\/p>\n\n\n\n\n        <div class=\"svf-video-single only-video\">\n            <div class=\"svf-video-container svf-embedded embedded\">\n                <script>(function(){const el = document.createElement('iframe');el.allow = 'autoplay';el.frameBorder = '0';el.classList.add('svf-video');el.allowFullscreen = true;document.currentScript.parentNode.style.display = 'none';el.src = \"https:\/\/www.viafree.dk\/embed\/sport\/id\/f466ef44-080d-4246-8e98-85aa930272cb?partnerId=a788403f-2c83-488f-adb0-2650ac7278a3\";el.addEventListener( 'load', function(){ this.parentNode.style.display = ''; });document.currentScript.parentNode.insertBefore(el, document.currentScript.nextSibling);})();<\/script>\n                <noscript><iframe allow=\"autoplay\" allowfullscreen frameborder=\"0\" class=\"svf-video\" src=\"https:\/\/www.viafree.dk\/embed\/sport\/id\/f466ef44-080d-4246-8e98-85aa930272cb?partnerId=a788403f-2c83-488f-adb0-2650ac7278a3\"><\/iframe><\/noscript>\n            <\/div>\n                    <\/div>\n        \n\n\n\n<p><\/p>\n\n\n\n<p>Kampens dommer reagerede dog ikke p\u00e5 situationen i f\u00f8rste omgang, men s\u00e5 kom VAR p\u00e5 banen. Det kr\u00e6vede dog flere minutter og et utal af kameravinkler, f\u00f8r der blev truffet en beslutning. Og den gik imod Br\u00f8ndby.<\/p>\n\n\n\n<p>Det har f\u00e5et de bl\u00e5gules fans til tasterne med b\u00e5de raseri og fortvivlelse over videosystemet.<\/p>\n\n\n\n<p>Du kan se flere af reaktionerne herunder.<\/p>\n\n\n\n<figure class=\"wp-block-embed-twitter wp-block-embed is-type-rich is-provider-twitter\"><div class=\"wp-block-embed__wrapper\">\n<blockquote class=\"twitter-tweet\" data-width=\"550\" data-dnt=\"true\"><p lang=\"da\" dir=\"ltr\">VAR kv\u00e6ler langsomt men sikkert gl\u00e6den ved at se fodbold for mig. Et teknokratisk stunt, hvis konsekvenser jo helt tydeligt er ugennemt\u00e6nkt af fodboldforbundene.<br>S\u00f8nderjyskes straffe her til aften er blot endnu en lille kvist til dette b\u00e5l&#8230;<br>This is NOT football!<a href=\"https:\/\/twitter.com\/hashtag\/sldk?src=hash&amp;ref_src=twsrc%5Etfw\">#sldk<\/a><a href=\"https:\/\/twitter.com\/hashtag\/bifsje?src=hash&amp;ref_src=twsrc%5Etfw\">#bifsje<\/a><\/p>&mdash; Morten Holm (@holmorten) <a href=\"https:\/\/twitter.com\/holmorten\/status\/1338183110354231296?ref_src=twsrc%5Etfw\">December 13, 2020<\/a><\/blockquote><script async src=\"https:\/\/platform.twitter.com\/widgets.js\" charset=\"utf-8\"><\/script>\n<\/div><\/figure>\n\n\n\n<figure class=\"wp-block-embed-twitter wp-block-embed is-type-rich is-provider-twitter\"><div class=\"wp-block-embed__wrapper\">\n<blockquote class=\"twitter-tweet\" data-width=\"550\" data-dnt=\"true\"><p lang=\"da\" dir=\"ltr\">VAR \u00f8del\u00e6gger fodbolden. Is\u00e6r n\u00e5r det bruges i situationer, hvor man selv efter at have set episoden igen gennem fem forskellige kameraer og mindst liges\u00e5 mange vinkler, stadig er i tvivl, om der var en forseelse. Drop nu det pis. <a href=\"https:\/\/twitter.com\/hashtag\/sldk?src=hash&amp;ref_src=twsrc%5Etfw\">#sldk<\/a> <a href=\"https:\/\/twitter.com\/hashtag\/bifsje?src=hash&amp;ref_src=twsrc%5Etfw\">#bifsje<\/a> <a href=\"https:\/\/twitter.com\/hashtag\/biflive?src=hash&amp;ref_src=twsrc%5Etfw\">#biflive<\/a><\/p>&mdash; Martin Hjort (@MartinHjort) <a href=\"https:\/\/twitter.com\/MartinHjort\/status\/1338182957123690497?ref_src=twsrc%5Etfw\">December 13, 2020<\/a><\/blockquote><script async src=\"https:\/\/platform.twitter.com\/widgets.js\" charset=\"utf-8\"><\/script>\n<\/div><\/figure>\n\n\n\n<figure class=\"wp-block-embed-twitter wp-block-embed is-type-rich is-provider-twitter\"><div class=\"wp-block-embed__wrapper\">\n<blockquote class=\"twitter-tweet\" data-width=\"550\" data-dnt=\"true\"><p lang=\"da\" dir=\"ltr\">I alle de kampe jeg har set  hvor VAR har k\u00f8rt, har jeg ikke p\u00e5 et ENESTE tidspunkt sagt til mig selv \u2018Det var godt vi havde VAR. Retf\u00e6rdighed er sket fyldest.\u2019 Det smadrer fodbolden og jeg gider sgu snart ikke mere. <a href=\"https:\/\/twitter.com\/DBUfodbold?ref_src=twsrc%5Etfw\">@DBUfodbold<\/a>, <a href=\"https:\/\/twitter.com\/Superligaen?ref_src=twsrc%5Etfw\">@Superligaen<\/a> <a href=\"https:\/\/twitter.com\/hashtag\/bifsje?src=hash&amp;ref_src=twsrc%5Etfw\">#bifsje<\/a><\/p>&mdash; Adam Borch (@adborch) <a href=\"https:\/\/twitter.com\/adborch\/status\/1338181841623404548?ref_src=twsrc%5Etfw\">December 13, 2020<\/a><\/blockquote><script async src=\"https:\/\/platform.twitter.com\/widgets.js\" charset=\"utf-8\"><\/script>\n<\/div><\/figure>\n\n\n\n<figure class=\"wp-block-embed-twitter wp-block-embed is-type-rich is-provider-twitter\"><div class=\"wp-block-embed__wrapper\">\n<blockquote class=\"twitter-tweet\" data-width=\"550\" data-dnt=\"true\"><p lang=\"da\" dir=\"ltr\">Selvom VAR er indf\u00f8rt er der jo stadig ingen linje i kendelserne. S\u00e5 kan vi jo lige s\u00e5 godt spille uden <a href=\"https:\/\/twitter.com\/hashtag\/bifsje?src=hash&amp;ref_src=twsrc%5Etfw\">#bifsje<\/a><\/p>&mdash; Frank G. Jensen (@vvsjensen) <a href=\"https:\/\/twitter.com\/vvsjensen\/status\/1338181779212169217?ref_src=twsrc%5Etfw\">December 13, 2020<\/a><\/blockquote><script async src=\"https:\/\/platform.twitter.com\/widgets.js\" charset=\"utf-8\"><\/script>\n<\/div><\/figure>\n\n\n\n<figure class=\"wp-block-embed-twitter wp-block-embed is-type-rich is-provider-twitter\"><div class=\"wp-block-embed__wrapper\">\n<blockquote class=\"twitter-tweet\" data-width=\"550\" data-dnt=\"true\"><p lang=\"da\" dir=\"ltr\">VAR er imod spillets \u00e5nd. Der er hundredevis af situationer i en kamp som ikke objektivt kan kaldes. Det er vurderinger. Det m\u00e5 og skal v\u00e6re manden i sort i midten af spillet der styrer slagets gang. Mens det sker! Det her er absurd! <a href=\"https:\/\/twitter.com\/hashtag\/imodmodernefodbold?src=hash&amp;ref_src=twsrc%5Etfw\">#imodmodernefodbold<\/a> <a href=\"https:\/\/twitter.com\/hashtag\/bifsje?src=hash&amp;ref_src=twsrc%5Etfw\">#bifsje<\/a><\/p>&mdash; Mikkel Jes Hansen (@mikkeljes) <a href=\"https:\/\/twitter.com\/mikkeljes\/status\/1338181571975782400?ref_src=twsrc%5Etfw\">December 13, 2020<\/a><\/blockquote><script async src=\"https:\/\/platform.twitter.com\/widgets.js\" charset=\"utf-8\"><\/script>\n<\/div><\/figure>\n\n\n\n<figure class=\"wp-block-embed-twitter wp-block-embed is-type-rich is-provider-twitter\"><div class=\"wp-block-embed__wrapper\">\n<blockquote class=\"twitter-tweet\" data-width=\"550\" data-dnt=\"true\"><p lang=\"da\" dir=\"ltr\">Man sidder efterh\u00e5nden med fornemmelsen af, at enhver situation i feltet kan ende med at ligne et straffespark, hvis der k\u00f8res tilstr\u00e6kkeligt med superslows. VAR m\u00e5 gerne pakke sammen og forlade fodbolden igen <a href=\"https:\/\/twitter.com\/hashtag\/bifsje?src=hash&amp;ref_src=twsrc%5Etfw\">#bifsje<\/a> <a href=\"https:\/\/twitter.com\/hashtag\/sldk?src=hash&amp;ref_src=twsrc%5Etfw\">#sldk<\/a><\/p>&mdash; Mikkel Davidsen (@mikkeldavidsen) <a href=\"https:\/\/twitter.com\/mikkeldavidsen\/status\/1338180951902457856?ref_src=twsrc%5Etfw\">December 13, 2020<\/a><\/blockquote><script async src=\"https:\/\/platform.twitter.com\/widgets.js\" charset=\"utf-8\"><\/script>\n<\/div><\/figure>\n\n\n\n<figure class=\"wp-block-embed-twitter wp-block-embed is-type-rich is-provider-twitter\"><div class=\"wp-block-embed__wrapper\">\n<blockquote class=\"twitter-tweet\" data-width=\"550\" data-dnt=\"true\"><p lang=\"da\" dir=\"ltr\">Jeg kan ikke understrege nok hvor meget jeg hader VAR. Det er \u00f8del\u00e6ggende for alt hvad man elsker ved fodbold. Dette er mit 3. Tweet i tr\u00e6k s\u00e5 frustreret er jeg. <a href=\"https:\/\/twitter.com\/hashtag\/bifsje?src=hash&amp;ref_src=twsrc%5Etfw\">#bifsje<\/a> <a href=\"https:\/\/twitter.com\/hashtag\/sldk?src=hash&amp;ref_src=twsrc%5Etfw\">#sldk<\/a> <a href=\"https:\/\/twitter.com\/hashtag\/VAR?src=hash&amp;ref_src=twsrc%5Etfw\">#VAR<\/a> <a href=\"https:\/\/t.co\/Cb1RhN7iEQ\">pic.twitter.com\/Cb1RhN7iEQ<\/a><\/p>&mdash; Martin Kjehr (@MKjehr) <a href=\"https:\/\/twitter.com\/MKjehr\/status\/1338180523206782981?ref_src=twsrc%5Etfw\">December 13, 2020<\/a><\/blockquote><script async src=\"https:\/\/platform.twitter.com\/widgets.js\" charset=\"utf-8\"><\/script>\n<\/div><\/figure>\n","protected":false},"excerpt":{"rendered":"<p>Flere tilh\u00e6ngere hos Br\u00f8ndby IF viser stor frustration over VAR-kendelsen, der gav straffespark til S\u00f8nderjyskE i dagens kamp<\/p>\n","protected":false},"author":705,"featured_media":241425,"comment_status":"open","ping_status":"closed","sticky":false,"template":"","format":"standard","meta":{"om_disable_all_campaigns":false,"push_articles_ronaldo":{"active":false,"canonical":0,"publish":false},"force_updates":null},"categories":[8060],"tags":[53,588],"enet_tags":{"team":["8595"],"league":["46"],"sport_events":[3389138]},"yoast_head":"<!-- This site is optimized with the Yoast SEO plugin v18.3 - https:\/\/yoast.com\/wordpress\/plugins\/seo\/ -->\n<title>Br\u00f8ndby-fans raser over VAR-dom: &quot;Det \u00f8del\u00e6gger fodbolden&quot;<\/title>\n<meta name=\"description\" content=\"Flere tilh\u00e6ngere hos Br\u00f8ndby IF viser stor frustration over VAR-kendelsen, der gav straffespark til S\u00f8nderjyskE i dagens kamp\" \/>\n<meta name=\"robots\" content=\"index, follow, max-snippet:-1, max-image-preview:large, max-video-preview:-1\" \/>\n<link rel=\"canonical\" href=\"https:\/\/acefootball.com\/da\/fodboldnyheder\/broendby-fans-raser-over-var-dom-det-oedelaegger-fodbolden\/\" \/>\n<meta property=\"og:locale\" content=\"en_US\" \/>\n<meta property=\"og:type\" content=\"article\" \/>\n<meta property=\"og:title\" content=\"Br\u00f8ndby-fans raser over VAR-dom: &quot;Det \u00f8del\u00e6gger fodbolden&quot;\" \/>\n<meta property=\"og:description\" content=\"Flere tilh\u00e6ngere hos Br\u00f8ndby IF viser stor frustration over VAR-kendelsen, der gav straffespark til S\u00f8nderjyskE i dagens kamp\" \/>\n<meta property=\"og:url\" content=\"https:\/\/acefootball.com\/da\/fodboldnyheder\/broendby-fans-raser-over-var-dom-det-oedelaegger-fodbolden\/\" \/>\n<meta property=\"og:site_name\" content=\"Ace Football Danmark\" \/>\n<meta property=\"article:publisher\" content=\"https:\/\/www.facebook.com\/acefootballdk\" \/>\n<meta property=\"article:published_time\" content=\"2020-12-13T18:54:31+00:00\" \/>\n<meta property=\"article:modified_time\" content=\"2020-12-13T18:54:32+00:00\" \/>\n<meta property=\"og:image\" content=\"https:\/\/acefootball.com\/da\/wp-content\/uploads\/sites\/2\/2020\/10\/Broendby-IF-fans.jpg\" \/>\n\t<meta property=\"og:image:width\" content=\"1920\" \/>\n\t<meta property=\"og:image:height\" content=\"1008\" \/>\n\t<meta property=\"og:image:type\" content=\"image\/jpeg\" \/>\n<meta name=\"twitter:card\" content=\"summary_large_image\" \/>\n<meta name=\"twitter:label1\" content=\"Written by\" \/>\n\t<meta name=\"twitter:data1\" content=\"Mads Dreyer\" \/>\n\t<meta name=\"twitter:label2\" content=\"Est. reading time\" \/>\n\t<meta name=\"twitter:data2\" content=\"1 minute\" \/>\n<script type=\"application\/ld+json\" class=\"yoast-schema-graph\">{\"@context\":\"https:\/\/schema.org\",\"@graph\":[{\"@type\":\"Organization\",\"@id\":\"https:\/\/acefootball.com\/da\/#organization\",\"name\":\"Ace Football\",\"url\":\"https:\/\/acefootball.com\/da\/\",\"sameAs\":[\"https:\/\/www.facebook.com\/acefootballdk\"],\"logo\":{\"@type\":\"ImageObject\",\"@id\":\"https:\/\/acefootball.com\/da\/#logo\",\"inLanguage\":\"en-US\",\"url\":\"https:\/\/acefootball.com\/da\/wp-content\/uploads\/sites\/2\/2020\/07\/Ace-Football-30-07-2020-2.png\",\"contentUrl\":\"https:\/\/acefootball.com\/da\/wp-content\/uploads\/sites\/2\/2020\/07\/Ace-Football-30-07-2020-2.png\",\"width\":1200,\"height\":600,\"caption\":\"Ace Football\"},\"image\":{\"@id\":\"https:\/\/acefootball.com\/da\/#logo\"}},{\"@type\":\"WebSite\",\"@id\":\"https:\/\/acefootball.com\/da\/#website\",\"url\":\"https:\/\/acefootball.com\/da\/\",\"name\":\"Ace Football Danmark\",\"description\":\"Nyheder, Spiltips &amp; Livescore\",\"publisher\":{\"@id\":\"https:\/\/acefootball.com\/da\/#organization\"},\"potentialAction\":[{\"@type\":\"SearchAction\",\"target\":{\"@type\":\"EntryPoint\",\"urlTemplate\":\"https:\/\/acefootball.com\/da\/?s={search_term_string}\"},\"query-input\":\"required name=search_term_string\"}],\"inLanguage\":\"en-US\"},{\"@type\":\"ImageObject\",\"@id\":\"https:\/\/acefootball.com\/da\/fodboldnyheder\/broendby-fans-raser-over-var-dom-det-oedelaegger-fodbolden\/#primaryimage\",\"inLanguage\":\"en-US\",\"url\":\"https:\/\/acefootball.com\/da\/wp-content\/uploads\/sites\/2\/2020\/10\/Broendby-IF-fans.jpg\",\"contentUrl\":\"https:\/\/acefootball.com\/da\/wp-content\/uploads\/sites\/2\/2020\/10\/Broendby-IF-fans.jpg\",\"width\":1920,\"height\":1008},{\"@type\":\"WebPage\",\"@id\":\"https:\/\/acefootball.com\/da\/fodboldnyheder\/broendby-fans-raser-over-var-dom-det-oedelaegger-fodbolden\/#webpage\",\"url\":\"https:\/\/acefootball.com\/da\/fodboldnyheder\/broendby-fans-raser-over-var-dom-det-oedelaegger-fodbolden\/\",\"name\":\"Br\u00f8ndby-fans raser over VAR-dom: \\\"Det \u00f8del\u00e6gger fodbolden\\\"\",\"isPartOf\":{\"@id\":\"https:\/\/acefootball.com\/da\/#website\"},\"primaryImageOfPage\":{\"@id\":\"https:\/\/acefootball.com\/da\/fodboldnyheder\/broendby-fans-raser-over-var-dom-det-oedelaegger-fodbolden\/#primaryimage\"},\"datePublished\":\"2020-12-13T18:54:31+00:00\",\"dateModified\":\"2020-12-13T18:54:32+00:00\",\"description\":\"Flere tilh\u00e6ngere hos Br\u00f8ndby IF viser stor frustration over VAR-kendelsen, der gav straffespark til S\u00f8nderjyskE i dagens kamp\",\"breadcrumb\":{\"@id\":\"https:\/\/acefootball.com\/da\/fodboldnyheder\/broendby-fans-raser-over-var-dom-det-oedelaegger-fodbolden\/#breadcrumb\"},\"inLanguage\":\"en-US\",\"potentialAction\":[{\"@type\":\"ReadAction\",\"target\":[\"https:\/\/acefootball.com\/da\/fodboldnyheder\/broendby-fans-raser-over-var-dom-det-oedelaegger-fodbolden\/\"]}]},{\"@type\":\"BreadcrumbList\",\"@id\":\"https:\/\/acefootball.com\/da\/fodboldnyheder\/broendby-fans-raser-over-var-dom-det-oedelaegger-fodbolden\/#breadcrumb\",\"itemListElement\":[{\"@type\":\"ListItem\",\"position\":1,\"name\":\"Home\",\"item\":\"https:\/\/acefootball.com\/da\/\"},{\"@type\":\"ListItem\",\"position\":2,\"name\":\"Br\u00f8ndby-fans raser over VAR-dom: &#8220;Det \u00f8del\u00e6gger fodbolden&#8221;\"}]},{\"@type\":\"Article\",\"@id\":\"https:\/\/acefootball.com\/da\/fodboldnyheder\/broendby-fans-raser-over-var-dom-det-oedelaegger-fodbolden\/#article\",\"isPartOf\":{\"@id\":\"https:\/\/acefootball.com\/da\/fodboldnyheder\/broendby-fans-raser-over-var-dom-det-oedelaegger-fodbolden\/#webpage\"},\"author\":{\"@id\":\"https:\/\/acefootball.com\/da\/#\/schema\/person\/ee67e9cf04a276f144100ffa722f10cd\"},\"headline\":\"Br\u00f8ndby-fans raser over VAR-dom: &#8220;Det \u00f8del\u00e6gger fodbolden&#8221;\",\"datePublished\":\"2020-12-13T18:54:31+00:00\",\"dateModified\":\"2020-12-13T18:54:32+00:00\",\"mainEntityOfPage\":{\"@id\":\"https:\/\/acefootball.com\/da\/fodboldnyheder\/broendby-fans-raser-over-var-dom-det-oedelaegger-fodbolden\/#webpage\"},\"wordCount\":200,\"commentCount\":0,\"publisher\":{\"@id\":\"https:\/\/acefootball.com\/da\/#organization\"},\"image\":{\"@id\":\"https:\/\/acefootball.com\/da\/fodboldnyheder\/broendby-fans-raser-over-var-dom-det-oedelaegger-fodbolden\/#primaryimage\"},\"thumbnailUrl\":\"https:\/\/acefootball.com\/da\/wp-content\/uploads\/sites\/2\/2020\/10\/GettyImages-1227696004.jpg\",\"keywords\":[\"Br\u00f8ndby IF\",\"Superligaen\"],\"articleSection\":[\"Reaktion\"],\"inLanguage\":\"en-US\",\"potentialAction\":[{\"@type\":\"CommentAction\",\"name\":\"Comment\",\"target\":[\"https:\/\/acefootball.com\/da\/fodboldnyheder\/broendby-fans-raser-over-var-dom-det-oedelaegger-fodbolden\/#respond\"]}]},{\"@type\":\"Person\",\"@id\":\"https:\/\/acefootball.com\/da\/#\/schema\/person\/ee67e9cf04a276f144100ffa722f10cd\",\"name\":\"Mads Dreyer\",\"image\":{\"@type\":\"ImageObject\",\"@id\":\"https:\/\/acefootball.com\/da\/#personlogo\",\"inLanguage\":\"en-US\",\"url\":\"https:\/\/secure.gravatar.com\/avatar\/7c7abf72cfde9902b6a60efe60c88d4c?s=96&d=mm&r=g\",\"contentUrl\":\"https:\/\/secure.gravatar.com\/avatar\/7c7abf72cfde9902b6a60efe60c88d4c?s=96&d=mm&r=g\",\"caption\":\"Mads Dreyer\"},\"description\":\"Skribent og fodboldn\u00f8rd, der lige nu fort\u00e6ller om alt og intet i fodboldverdenen p\u00e5 acefootball.com. Uddannet i kommunikation fra Aalborg Universitet.\",\"sameAs\":[\"https:\/\/www.linkedin.com\/in\/mads-dreyer-b9b08266\/\"],\"url\":\"https:\/\/acefootball.com\/da\/fodboldnyheder\/author\/mdnronaldo\/\"}]}<\/script>\n<!-- \/ Yoast SEO plugin. -->","yoast_head_json":{"title":"Br\u00f8ndby-fans raser over VAR-dom: \"Det \u00f8del\u00e6gger fodbolden\"","description":"Flere tilh\u00e6ngere hos Br\u00f8ndby IF viser stor frustration over VAR-kendelsen, der gav straffespark til S\u00f8nderjyskE i dagens kamp","robots":{"index":"index","follow":"follow","max-snippet":"max-snippet:-1","max-image-preview":"max-image-preview:large","max-video-preview":"max-video-preview:-1"},"canonical":"https:\/\/acefootball.com\/da\/fodboldnyheder\/broendby-fans-raser-over-var-dom-det-oedelaegger-fodbolden\/","og_locale":"en_US","og_type":"article","og_title":"Br\u00f8ndby-fans raser over VAR-dom: \"Det \u00f8del\u00e6gger fodbolden\"","og_description":"Flere tilh\u00e6ngere hos Br\u00f8ndby IF viser stor frustration over VAR-kendelsen, der gav straffespark til S\u00f8nderjyskE i dagens kamp","og_url":"https:\/\/acefootball.com\/da\/fodboldnyheder\/broendby-fans-raser-over-var-dom-det-oedelaegger-fodbolden\/","og_site_name":"Ace Football Danmark","article_publisher":"https:\/\/www.facebook.com\/acefootballdk","article_published_time":"2020-12-13T18:54:31+00:00","article_modified_time":"2020-12-13T18:54:32+00:00","og_image":[{"width":1920,"height":1008,"url":"https:\/\/acefootball.com\/da\/wp-content\/uploads\/sites\/2\/2020\/10\/Broendby-IF-fans.jpg","type":"image\/jpeg"}],"twitter_card":"summary_large_image","twitter_misc":{"Written by":"Mads Dreyer","Est. reading time":"1 minute"},"schema":{"@context":"https:\/\/schema.org","@graph":[{"@type":"Organization","@id":"https:\/\/acefootball.com\/da\/#organization","name":"Ace Football","url":"https:\/\/acefootball.com\/da\/","sameAs":["https:\/\/www.facebook.com\/acefootballdk"],"logo":{"@type":"ImageObject","@id":"https:\/\/acefootball.com\/da\/#logo","inLanguage":"en-US","url":"https:\/\/acefootball.com\/da\/wp-content\/uploads\/sites\/2\/2020\/07\/Ace-Football-30-07-2020-2.png","contentUrl":"https:\/\/acefootball.com\/da\/wp-content\/uploads\/sites\/2\/2020\/07\/Ace-Football-30-07-2020-2.png","width":1200,"height":600,"caption":"Ace Football"},"image":{"@id":"https:\/\/acefootball.com\/da\/#logo"}},{"@type":"WebSite","@id":"https:\/\/acefootball.com\/da\/#website","url":"https:\/\/acefootball.com\/da\/","name":"Ace Football Danmark","description":"Nyheder, Spiltips &amp; Livescore","publisher":{"@id":"https:\/\/acefootball.com\/da\/#organization"},"potentialAction":[{"@type":"SearchAction","target":{"@type":"EntryPoint","urlTemplate":"https:\/\/acefootball.com\/da\/?s={search_term_string}"},"query-input":"required name=search_term_string"}],"inLanguage":"en-US"},{"@type":"ImageObject","@id":"https:\/\/acefootball.com\/da\/fodboldnyheder\/broendby-fans-raser-over-var-dom-det-oedelaegger-fodbolden\/#primaryimage","inLanguage":"en-US","url":"https:\/\/acefootball.com\/da\/wp-content\/uploads\/sites\/2\/2020\/10\/Broendby-IF-fans.jpg","contentUrl":"https:\/\/acefootball.com\/da\/wp-content\/uploads\/sites\/2\/2020\/10\/Broendby-IF-fans.jpg","width":1920,"height":1008},{"@type":"WebPage","@id":"https:\/\/acefootball.com\/da\/fodboldnyheder\/broendby-fans-raser-over-var-dom-det-oedelaegger-fodbolden\/#webpage","url":"https:\/\/acefootball.com\/da\/fodboldnyheder\/broendby-fans-raser-over-var-dom-det-oedelaegger-fodbolden\/","name":"Br\u00f8ndby-fans raser over VAR-dom: \"Det \u00f8del\u00e6gger fodbolden\"","isPartOf":{"@id":"https:\/\/acefootball.com\/da\/#website"},"primaryImageOfPage":{"@id":"https:\/\/acefootball.com\/da\/fodboldnyheder\/broendby-fans-raser-over-var-dom-det-oedelaegger-fodbolden\/#primaryimage"},"datePublished":"2020-12-13T18:54:31+00:00","dateModified":"2020-12-13T18:54:32+00:00","description":"Flere tilh\u00e6ngere hos Br\u00f8ndby IF viser stor frustration over VAR-kendelsen, der gav straffespark til S\u00f8nderjyskE i dagens kamp","breadcrumb":{"@id":"https:\/\/acefootball.com\/da\/fodboldnyheder\/broendby-fans-raser-over-var-dom-det-oedelaegger-fodbolden\/#breadcrumb"},"inLanguage":"en-US","potentialAction":[{"@type":"ReadAction","target":["https:\/\/acefootball.com\/da\/fodboldnyheder\/broendby-fans-raser-over-var-dom-det-oedelaegger-fodbolden\/"]}]},{"@type":"BreadcrumbList","@id":"https:\/\/acefootball.com\/da\/fodboldnyheder\/broendby-fans-raser-over-var-dom-det-oedelaegger-fodbolden\/#breadcrumb","itemListElement":[{"@type":"ListItem","position":1,"name":"Home","item":"https:\/\/acefootball.com\/da\/"},{"@type":"ListItem","position":2,"name":"Br\u00f8ndby-fans raser over VAR-dom: &#8220;Det \u00f8del\u00e6gger fodbolden&#8221;"}]},{"@type":"Article","@id":"https:\/\/acefootball.com\/da\/fodboldnyheder\/broendby-fans-raser-over-var-dom-det-oedelaegger-fodbolden\/#article","isPartOf":{"@id":"https:\/\/acefootball.com\/da\/fodboldnyheder\/broendby-fans-raser-over-var-dom-det-oedelaegger-fodbolden\/#webpage"},"author":{"@id":"https:\/\/acefootball.com\/da\/#\/schema\/person\/ee67e9cf04a276f144100ffa722f10cd"},"headline":"Br\u00f8ndby-fans raser over VAR-dom: &#8220;Det \u00f8del\u00e6gger fodbolden&#8221;","datePublished":"2020-12-13T18:54:31+00:00","dateModified":"2020-12-13T18:54:32+00:00","mainEntityOfPage":{"@id":"https:\/\/acefootball.com\/da\/fodboldnyheder\/broendby-fans-raser-over-var-dom-det-oedelaegger-fodbolden\/#webpage"},"wordCount":200,"commentCount":0,"publisher":{"@id":"https:\/\/acefootball.com\/da\/#organization"},"image":{"@id":"https:\/\/acefootball.com\/da\/fodboldnyheder\/broendby-fans-raser-over-var-dom-det-oedelaegger-fodbolden\/#primaryimage"},"thumbnailUrl":"https:\/\/acefootball.com\/da\/wp-content\/uploads\/sites\/2\/2020\/10\/GettyImages-1227696004.jpg","keywords":["Br\u00f8ndby IF","Superligaen"],"articleSection":["Reaktion"],"inLanguage":"en-US","potentialAction":[{"@type":"CommentAction","name":"Comment","target":["https:\/\/acefootball.com\/da\/fodboldnyheder\/broendby-fans-raser-over-var-dom-det-oedelaegger-fodbolden\/#respond"]}]},{"@type":"Person","@id":"https:\/\/acefootball.com\/da\/#\/schema\/person\/ee67e9cf04a276f144100ffa722f10cd","name":"Mads Dreyer","image":{"@type":"ImageObject","@id":"https:\/\/acefootball.com\/da\/#personlogo","inLanguage":"en-US","url":"https:\/\/secure.gravatar.com\/avatar\/7c7abf72cfde9902b6a60efe60c88d4c?s=96&d=mm&r=g","contentUrl":"https:\/\/secure.gravatar.com\/avatar\/7c7abf72cfde9902b6a60efe60c88d4c?s=96&d=mm&r=g","caption":"Mads Dreyer"},"description":"Skribent og fodboldn\u00f8rd, der lige nu fort\u00e6ller om alt og intet i fodboldverdenen p\u00e5 acefootball.com. Uddannet i kommunikation fra Aalborg Universitet.","sameAs":["https:\/\/www.linkedin.com\/in\/mads-dreyer-b9b08266\/"],"url":"https:\/\/acefootball.com\/da\/fodboldnyheder\/author\/mdnronaldo\/"}]}},"fimg_url":"https:\/\/acefootball.com\/da\/wp-content\/uploads\/sites\/2\/2020\/10\/GettyImages-1227696004.jpg","_links":{"self":[{"href":"https:\/\/acefootball.com\/da\/wp-json\/wp\/v2\/posts\/246261"}],"collection":[{"href":"https:\/\/acefootball.com\/da\/wp-json\/wp\/v2\/posts"}],"about":[{"href":"https:\/\/acefootball.com\/da\/wp-json\/wp\/v2\/types\/post"}],"author":[{"embeddable":true,"href":"https:\/\/acefootball.com\/da\/wp-json\/wp\/v2\/users\/705"}],"replies":[{"embeddable":true,"href":"https:\/\/acefootball.com\/da\/wp-json\/wp\/v2\/comments?post=246261"}],"version-history":[{"count":0,"href":"https:\/\/acefootball.com\/da\/wp-json\/wp\/v2\/posts\/246261\/revisions"}],"wp:featuredmedia":[{"embeddable":true,"href":"https:\/\/acefootball.com\/da\/wp-json\/wp\/v2\/media\/241425"}],"wp:attachment":[{"href":"https:\/\/acefootball.com\/da\/wp-json\/wp\/v2\/media?parent=246261"}],"wp:term":[{"taxonomy":"category","embeddable":true,"href":"https:\/\/acefootball.com\/da\/wp-json\/wp\/v2\/categories?post=246261"},{"taxonomy":"post_tag","embeddable":true,"href":"https:\/\/acefootball.com\/da\/wp-json\/wp\/v2\/tags?post=246261"}],"curies":[{"name":"wp","href":"https:\/\/api.w.org\/{rel}","templated":true}]}}