{"id":246103,"date":"2020-12-10T16:01:00","date_gmt":"2020-12-10T15:01:00","guid":{"rendered":"https:\/\/acefootball.com\/da\/?p=246103"},"modified":"2020-12-10T16:01:02","modified_gmt":"2020-12-10T15:01:02","slug":"kaffe-comeback-william-kvists-kaffekop-er-tilbage","status":"publish","type":"post","link":"https:\/\/acefootball.com\/da\/fodboldnyheder\/kaffe-comeback-william-kvists-kaffekop-er-tilbage\/","title":{"rendered":"Kaffe-comeback: William Kvists kaffekop er tilbage"},"content":{"rendered":"\n<h2 id=\"h-william-kvist-flashede-igen-den-ber-mte-kaffekop-i-et-interview-hvor-han-forsvarede-fc-k-benhavns-valg-af-destination-til-vinterens-tr-ningslejr\">William Kvist flashede igen den ber\u00f8mte kaffekop i et interview, hvor han forsvarede FC K\u00f8benhavns valg af destination til vinterens tr\u00e6ningslejr<\/h2>\n\n\n\n<p>Efter fyringen af St\u00e5le Solbakken stillede bestyrelsesmedlem i FC K\u00f8benhavn, William Kvist, op til et interview i Parken, der endte med at g\u00e5 viralt.<\/p>\n\n\n\n<p>Her var der specielt \u00e9n episode, der fangede folks opm\u00e6rksomhed. Kvist fandt nemlig tid til en t\u00e5r kaffe under interviewet, hvilket fik masser af fodboldfans til at tr\u00e6kke p\u00e5 smileb\u00e5ndet.<\/p>\n\n\n\n<figure class=\"wp-block-embed-wordpress wp-block-embed is-type-wp-embed is-provider-ace-football-danmark\"><div class=\"wp-block-embed__wrapper\">\n<blockquote class=\"wp-embedded-content\" data-secret=\"2AXJsp36jd\"><a href=\"https:\/\/acefootball.com\/da\/fodboldnyheder\/fck-fans-dropper-stoette-til-klubben-donerer-saesonkort-til-menneskerettigheder\/\">FCK-fans dropper st\u00f8tte til klubben: Donerer s\u00e6sonkort til menneskerettigheder<\/a><\/blockquote><iframe class=\"wp-embedded-content\" sandbox=\"allow-scripts\" security=\"restricted\" style=\"position: absolute; clip: rect(1px, 1px, 1px, 1px);\" title=\"&#8220;FCK-fans dropper st\u00f8tte til klubben: Donerer s\u00e6sonkort til menneskerettigheder&#8221; &#8212; Ace Football Danmark\" src=\"https:\/\/acefootball.com\/da\/fodboldnyheder\/fck-fans-dropper-stoette-til-klubben-donerer-saesonkort-til-menneskerettigheder\/embed\/#?secret=2AXJsp36jd\" data-secret=\"2AXJsp36jd\" width=\"600\" height=\"338\" frameborder=\"0\" marginwidth=\"0\" marginheight=\"0\" scrolling=\"no\"><\/iframe>\n<\/div><\/figure>\n\n\n\n<p>Og nu har bestyrelsesmedlemmet igen fundet kaffekoppen frem. Denne gang skete det i et interview til flere medier, hvor han forsvarede klubbens h\u00e5rdt udsk\u00e6ldte valg om at tage p\u00e5 tr\u00e6ningslejr i Dubai.<\/p>\n\n\n\n<p>Det er ogs\u00e5 noget flere brugere p\u00e5 Twitter allerede har opfanget. Du kan se forskellige reaktioner herunder.<\/p>\n\n\n\n<figure class=\"wp-block-embed-twitter wp-block-embed is-type-rich is-provider-twitter\"><div class=\"wp-block-embed__wrapper\">\n<blockquote class=\"twitter-tweet\" data-width=\"550\" data-dnt=\"true\"><p lang=\"da\" dir=\"ltr\">KAFFEKOPPERNE ER TILBAGE!!!! \ud83e\udd23\ud83e\udd23\ud83e\udd23\ud83e\udd23\ud83e\udd23\ud83e\udd23\ud83e\udd23\ud83e\udd23\ud83e\udd23 <a href=\"https:\/\/twitter.com\/hashtag\/sldk?src=hash&amp;ref_src=twsrc%5Etfw\">#sldk<\/a> <a href=\"https:\/\/t.co\/AKboApRWXt\">pic.twitter.com\/AKboApRWXt<\/a><\/p>&mdash; Andrew S. R. Antonsen (@Drew_aka_drew) <a href=\"https:\/\/twitter.com\/Drew_aka_drew\/status\/1337043392174362638?ref_src=twsrc%5Etfw\">December 10, 2020<\/a><\/blockquote><script async src=\"https:\/\/platform.twitter.com\/widgets.js\" charset=\"utf-8\"><\/script>\n<\/div><\/figure>\n\n\n\n<figure class=\"wp-block-embed-twitter wp-block-embed is-type-rich is-provider-twitter\"><div class=\"wp-block-embed__wrapper\">\n<blockquote class=\"twitter-tweet\" data-width=\"550\" data-dnt=\"true\"><p lang=\"da\" dir=\"ltr\">Den nye tilf\u00f8jelse!<br>-Dobbelt koppen!!<br>\ud83e\udd21\ud83d\ude02\ud83e\udd21\ud83d\ude02\ud83e\udd21\ud83d\ude02\ud83e\udd21 <a href=\"https:\/\/t.co\/7kN0MQKuwX\">pic.twitter.com\/7kN0MQKuwX<\/a><\/p>&mdash; Morten Brown (@Mortenbrown) <a href=\"https:\/\/twitter.com\/Mortenbrown\/status\/1337045718494818306?ref_src=twsrc%5Etfw\">December 10, 2020<\/a><\/blockquote><script async src=\"https:\/\/platform.twitter.com\/widgets.js\" charset=\"utf-8\"><\/script>\n<\/div><\/figure>\n\n\n\n<figure class=\"wp-block-embed-twitter wp-block-embed is-type-rich is-provider-twitter\"><div class=\"wp-block-embed__wrapper\">\n<blockquote class=\"twitter-tweet\" data-width=\"550\" data-dnt=\"true\"><p lang=\"da\" dir=\"ltr\">Kaffekoppen er gudhj\u00e6lpemig tilbage. Det er horribelt h\u00e5ndteret, og ligesom St\u00e5le kan jeg ikke undg\u00e5 at have ondt af William. Han er \u00e5benlyst ude, hvor han slet ikke kan bunde. <a href=\"https:\/\/twitter.com\/FCKobenhavn?ref_src=twsrc%5Etfw\">@FCKobenhavn<\/a> kan I ikke sende en voksen n\u00e6ste gang? <a href=\"https:\/\/twitter.com\/hashtag\/fcklive?src=hash&amp;ref_src=twsrc%5Etfw\">#fcklive<\/a> <a href=\"https:\/\/t.co\/CprvfysqZW\">https:\/\/t.co\/CprvfysqZW<\/a><\/p>&mdash; Mathias Pachler (@MathiasPachler) <a href=\"https:\/\/twitter.com\/MathiasPachler\/status\/1337042240129167366?ref_src=twsrc%5Etfw\">December 10, 2020<\/a><\/blockquote><script async src=\"https:\/\/platform.twitter.com\/widgets.js\" charset=\"utf-8\"><\/script>\n<\/div><\/figure>\n\n\n\n<figure class=\"wp-block-embed-twitter wp-block-embed is-type-rich is-provider-twitter\"><div class=\"wp-block-embed__wrapper\">\n<blockquote class=\"twitter-tweet\" data-width=\"550\" data-dnt=\"true\"><p lang=\"sv\" dir=\"ltr\">Sk\u00e5l! \u2615\ufe0f <a href=\"https:\/\/twitter.com\/hashtag\/sldk?src=hash&amp;ref_src=twsrc%5Etfw\">#sldk<\/a> <a href=\"https:\/\/t.co\/fGu4fXJ0Nv\">pic.twitter.com\/fGu4fXJ0Nv<\/a><\/p>&mdash; Henrik Alexandersen (@HAlexandersen) <a href=\"https:\/\/twitter.com\/HAlexandersen\/status\/1337047688563535877?ref_src=twsrc%5Etfw\">December 10, 2020<\/a><\/blockquote><script async src=\"https:\/\/platform.twitter.com\/widgets.js\" charset=\"utf-8\"><\/script>\n<\/div><\/figure>\n\n\n\n<p>Du kan desuden se interviewet p\u00e5 Ekstra Bladets hjemmeside ved at klikke <a href=\"https:\/\/ekstrabladet.dk\/sport\/fodbold\/dansk_fodbold\/superligaen\/fc_koebenhavn\/komiske-kvists-kovending\/8396251\" target=\"_blank\" rel=\"noreferrer noopener\">her<\/a>.<\/p>\n","protected":false},"excerpt":{"rendered":"<p>William Kvist flashede igen den ber\u00f8mte kaffekop i et interview, hvor han forsvarede FC K\u00f8benhavns valg af destination til vinterens tr\u00e6ningslejr<\/p>\n","protected":false},"author":705,"featured_media":244418,"comment_status":"open","ping_status":"closed","sticky":false,"template":"","format":"standard","meta":{"om_disable_all_campaigns":false,"push_articles_ronaldo":{"active":false,"canonical":0,"publish":false},"force_updates":null},"categories":[8098],"tags":[16,588],"enet_tags":{"team":["8391"],"league":["46"],"sport_events":[]},"yoast_head":"<!-- This site is optimized with the Yoast SEO plugin v18.3 - https:\/\/yoast.com\/wordpress\/plugins\/seo\/ -->\n<title>Kaffe-comeback: William Kvists kaffekop er tilbage<\/title>\n<meta name=\"description\" content=\"William Kvist flashede igen den ber\u00f8mte kaffekop i et interview, hvor han forsvarede FC K\u00f8benhavns valg af destination til tr\u00e6ningslejren\" \/>\n<meta name=\"robots\" content=\"index, follow, max-snippet:-1, max-image-preview:large, max-video-preview:-1\" \/>\n<link rel=\"canonical\" href=\"https:\/\/acefootball.com\/da\/fodboldnyheder\/kaffe-comeback-william-kvists-kaffekop-er-tilbage\/\" \/>\n<meta property=\"og:locale\" content=\"en_US\" \/>\n<meta property=\"og:type\" content=\"article\" \/>\n<meta property=\"og:title\" content=\"Kaffe-comeback: William Kvists kaffekop er tilbage\" \/>\n<meta property=\"og:description\" content=\"William Kvist flashede igen den ber\u00f8mte kaffekop i et interview, hvor han forsvarede FC K\u00f8benhavns valg af destination til tr\u00e6ningslejren\" \/>\n<meta property=\"og:url\" content=\"https:\/\/acefootball.com\/da\/fodboldnyheder\/kaffe-comeback-william-kvists-kaffekop-er-tilbage\/\" \/>\n<meta property=\"og:site_name\" content=\"Ace Football Danmark\" \/>\n<meta property=\"article:publisher\" content=\"https:\/\/www.facebook.com\/acefootballdk\" \/>\n<meta property=\"article:published_time\" content=\"2020-12-10T15:01:00+00:00\" \/>\n<meta property=\"article:modified_time\" content=\"2020-12-10T15:01:02+00:00\" \/>\n<meta property=\"og:image\" content=\"https:\/\/acefootball.com\/da\/wp-content\/uploads\/sites\/2\/2020\/12\/Copy-of-Ace-22.jpg\" \/>\n\t<meta property=\"og:image:width\" content=\"1920\" \/>\n\t<meta property=\"og:image:height\" content=\"1008\" \/>\n\t<meta property=\"og:image:type\" content=\"image\/jpeg\" \/>\n<meta name=\"twitter:card\" content=\"summary_large_image\" \/>\n<meta name=\"twitter:label1\" content=\"Written by\" \/>\n\t<meta name=\"twitter:data1\" content=\"Mads Dreyer\" \/>\n\t<meta name=\"twitter:label2\" content=\"Est. reading time\" \/>\n\t<meta name=\"twitter:data2\" content=\"1 minute\" \/>\n<script type=\"application\/ld+json\" class=\"yoast-schema-graph\">{\"@context\":\"https:\/\/schema.org\",\"@graph\":[{\"@type\":\"Organization\",\"@id\":\"https:\/\/acefootball.com\/da\/#organization\",\"name\":\"Ace Football\",\"url\":\"https:\/\/acefootball.com\/da\/\",\"sameAs\":[\"https:\/\/www.facebook.com\/acefootballdk\"],\"logo\":{\"@type\":\"ImageObject\",\"@id\":\"https:\/\/acefootball.com\/da\/#logo\",\"inLanguage\":\"en-US\",\"url\":\"https:\/\/acefootball.com\/da\/wp-content\/uploads\/sites\/2\/2020\/07\/Ace-Football-30-07-2020-2.png\",\"contentUrl\":\"https:\/\/acefootball.com\/da\/wp-content\/uploads\/sites\/2\/2020\/07\/Ace-Football-30-07-2020-2.png\",\"width\":1200,\"height\":600,\"caption\":\"Ace Football\"},\"image\":{\"@id\":\"https:\/\/acefootball.com\/da\/#logo\"}},{\"@type\":\"WebSite\",\"@id\":\"https:\/\/acefootball.com\/da\/#website\",\"url\":\"https:\/\/acefootball.com\/da\/\",\"name\":\"Ace Football Danmark\",\"description\":\"Nyheder, Spiltips &amp; Livescore\",\"publisher\":{\"@id\":\"https:\/\/acefootball.com\/da\/#organization\"},\"potentialAction\":[{\"@type\":\"SearchAction\",\"target\":{\"@type\":\"EntryPoint\",\"urlTemplate\":\"https:\/\/acefootball.com\/da\/?s={search_term_string}\"},\"query-input\":\"required name=search_term_string\"}],\"inLanguage\":\"en-US\"},{\"@type\":\"ImageObject\",\"@id\":\"https:\/\/acefootball.com\/da\/fodboldnyheder\/kaffe-comeback-william-kvists-kaffekop-er-tilbage\/#primaryimage\",\"inLanguage\":\"en-US\",\"url\":\"https:\/\/acefootball.com\/da\/wp-content\/uploads\/sites\/2\/2020\/12\/Copy-of-Ace-22.jpg\",\"contentUrl\":\"https:\/\/acefootball.com\/da\/wp-content\/uploads\/sites\/2\/2020\/12\/Copy-of-Ace-22.jpg\",\"width\":1920,\"height\":1008},{\"@type\":\"WebPage\",\"@id\":\"https:\/\/acefootball.com\/da\/fodboldnyheder\/kaffe-comeback-william-kvists-kaffekop-er-tilbage\/#webpage\",\"url\":\"https:\/\/acefootball.com\/da\/fodboldnyheder\/kaffe-comeback-william-kvists-kaffekop-er-tilbage\/\",\"name\":\"Kaffe-comeback: William Kvists kaffekop er tilbage\",\"isPartOf\":{\"@id\":\"https:\/\/acefootball.com\/da\/#website\"},\"primaryImageOfPage\":{\"@id\":\"https:\/\/acefootball.com\/da\/fodboldnyheder\/kaffe-comeback-william-kvists-kaffekop-er-tilbage\/#primaryimage\"},\"datePublished\":\"2020-12-10T15:01:00+00:00\",\"dateModified\":\"2020-12-10T15:01:02+00:00\",\"description\":\"William Kvist flashede igen den ber\u00f8mte kaffekop i et interview, hvor han forsvarede FC K\u00f8benhavns valg af destination til tr\u00e6ningslejren\",\"breadcrumb\":{\"@id\":\"https:\/\/acefootball.com\/da\/fodboldnyheder\/kaffe-comeback-william-kvists-kaffekop-er-tilbage\/#breadcrumb\"},\"inLanguage\":\"en-US\",\"potentialAction\":[{\"@type\":\"ReadAction\",\"target\":[\"https:\/\/acefootball.com\/da\/fodboldnyheder\/kaffe-comeback-william-kvists-kaffekop-er-tilbage\/\"]}]},{\"@type\":\"BreadcrumbList\",\"@id\":\"https:\/\/acefootball.com\/da\/fodboldnyheder\/kaffe-comeback-william-kvists-kaffekop-er-tilbage\/#breadcrumb\",\"itemListElement\":[{\"@type\":\"ListItem\",\"position\":1,\"name\":\"Home\",\"item\":\"https:\/\/acefootball.com\/da\/\"},{\"@type\":\"ListItem\",\"position\":2,\"name\":\"Kaffe-comeback: William Kvists kaffekop er tilbage\"}]},{\"@type\":\"Article\",\"@id\":\"https:\/\/acefootball.com\/da\/fodboldnyheder\/kaffe-comeback-william-kvists-kaffekop-er-tilbage\/#article\",\"isPartOf\":{\"@id\":\"https:\/\/acefootball.com\/da\/fodboldnyheder\/kaffe-comeback-william-kvists-kaffekop-er-tilbage\/#webpage\"},\"author\":{\"@id\":\"https:\/\/acefootball.com\/da\/#\/schema\/person\/ee67e9cf04a276f144100ffa722f10cd\"},\"headline\":\"Kaffe-comeback: William Kvists kaffekop er tilbage\",\"datePublished\":\"2020-12-10T15:01:00+00:00\",\"dateModified\":\"2020-12-10T15:01:02+00:00\",\"mainEntityOfPage\":{\"@id\":\"https:\/\/acefootball.com\/da\/fodboldnyheder\/kaffe-comeback-william-kvists-kaffekop-er-tilbage\/#webpage\"},\"wordCount\":183,\"commentCount\":0,\"publisher\":{\"@id\":\"https:\/\/acefootball.com\/da\/#organization\"},\"image\":{\"@id\":\"https:\/\/acefootball.com\/da\/fodboldnyheder\/kaffe-comeback-william-kvists-kaffekop-er-tilbage\/#primaryimage\"},\"thumbnailUrl\":\"https:\/\/acefootball.com\/da\/wp-content\/uploads\/sites\/2\/2020\/11\/GettyImages-1228995299.jpg\",\"keywords\":[\"FC K\u00f8benhavn\",\"Superligaen\"],\"articleSection\":[\"Video\"],\"inLanguage\":\"en-US\",\"potentialAction\":[{\"@type\":\"CommentAction\",\"name\":\"Comment\",\"target\":[\"https:\/\/acefootball.com\/da\/fodboldnyheder\/kaffe-comeback-william-kvists-kaffekop-er-tilbage\/#respond\"]}]},{\"@type\":\"Person\",\"@id\":\"https:\/\/acefootball.com\/da\/#\/schema\/person\/ee67e9cf04a276f144100ffa722f10cd\",\"name\":\"Mads Dreyer\",\"image\":{\"@type\":\"ImageObject\",\"@id\":\"https:\/\/acefootball.com\/da\/#personlogo\",\"inLanguage\":\"en-US\",\"url\":\"https:\/\/secure.gravatar.com\/avatar\/7c7abf72cfde9902b6a60efe60c88d4c?s=96&d=mm&r=g\",\"contentUrl\":\"https:\/\/secure.gravatar.com\/avatar\/7c7abf72cfde9902b6a60efe60c88d4c?s=96&d=mm&r=g\",\"caption\":\"Mads Dreyer\"},\"description\":\"Skribent og fodboldn\u00f8rd, der lige nu fort\u00e6ller om alt og intet i fodboldverdenen p\u00e5 acefootball.com. Uddannet i kommunikation fra Aalborg Universitet.\",\"sameAs\":[\"https:\/\/www.linkedin.com\/in\/mads-dreyer-b9b08266\/\"],\"url\":\"https:\/\/acefootball.com\/da\/fodboldnyheder\/author\/mdnronaldo\/\"}]}<\/script>\n<!-- \/ Yoast SEO plugin. -->","yoast_head_json":{"title":"Kaffe-comeback: William Kvists kaffekop er tilbage","description":"William Kvist flashede igen den ber\u00f8mte kaffekop i et interview, hvor han forsvarede FC K\u00f8benhavns valg af destination til tr\u00e6ningslejren","robots":{"index":"index","follow":"follow","max-snippet":"max-snippet:-1","max-image-preview":"max-image-preview:large","max-video-preview":"max-video-preview:-1"},"canonical":"https:\/\/acefootball.com\/da\/fodboldnyheder\/kaffe-comeback-william-kvists-kaffekop-er-tilbage\/","og_locale":"en_US","og_type":"article","og_title":"Kaffe-comeback: William Kvists kaffekop er tilbage","og_description":"William Kvist flashede igen den ber\u00f8mte kaffekop i et interview, hvor han forsvarede FC K\u00f8benhavns valg af destination til tr\u00e6ningslejren","og_url":"https:\/\/acefootball.com\/da\/fodboldnyheder\/kaffe-comeback-william-kvists-kaffekop-er-tilbage\/","og_site_name":"Ace Football Danmark","article_publisher":"https:\/\/www.facebook.com\/acefootballdk","article_published_time":"2020-12-10T15:01:00+00:00","article_modified_time":"2020-12-10T15:01:02+00:00","og_image":[{"width":1920,"height":1008,"url":"https:\/\/acefootball.com\/da\/wp-content\/uploads\/sites\/2\/2020\/12\/Copy-of-Ace-22.jpg","type":"image\/jpeg"}],"twitter_card":"summary_large_image","twitter_misc":{"Written by":"Mads Dreyer","Est. reading time":"1 minute"},"schema":{"@context":"https:\/\/schema.org","@graph":[{"@type":"Organization","@id":"https:\/\/acefootball.com\/da\/#organization","name":"Ace Football","url":"https:\/\/acefootball.com\/da\/","sameAs":["https:\/\/www.facebook.com\/acefootballdk"],"logo":{"@type":"ImageObject","@id":"https:\/\/acefootball.com\/da\/#logo","inLanguage":"en-US","url":"https:\/\/acefootball.com\/da\/wp-content\/uploads\/sites\/2\/2020\/07\/Ace-Football-30-07-2020-2.png","contentUrl":"https:\/\/acefootball.com\/da\/wp-content\/uploads\/sites\/2\/2020\/07\/Ace-Football-30-07-2020-2.png","width":1200,"height":600,"caption":"Ace Football"},"image":{"@id":"https:\/\/acefootball.com\/da\/#logo"}},{"@type":"WebSite","@id":"https:\/\/acefootball.com\/da\/#website","url":"https:\/\/acefootball.com\/da\/","name":"Ace Football Danmark","description":"Nyheder, Spiltips &amp; Livescore","publisher":{"@id":"https:\/\/acefootball.com\/da\/#organization"},"potentialAction":[{"@type":"SearchAction","target":{"@type":"EntryPoint","urlTemplate":"https:\/\/acefootball.com\/da\/?s={search_term_string}"},"query-input":"required name=search_term_string"}],"inLanguage":"en-US"},{"@type":"ImageObject","@id":"https:\/\/acefootball.com\/da\/fodboldnyheder\/kaffe-comeback-william-kvists-kaffekop-er-tilbage\/#primaryimage","inLanguage":"en-US","url":"https:\/\/acefootball.com\/da\/wp-content\/uploads\/sites\/2\/2020\/12\/Copy-of-Ace-22.jpg","contentUrl":"https:\/\/acefootball.com\/da\/wp-content\/uploads\/sites\/2\/2020\/12\/Copy-of-Ace-22.jpg","width":1920,"height":1008},{"@type":"WebPage","@id":"https:\/\/acefootball.com\/da\/fodboldnyheder\/kaffe-comeback-william-kvists-kaffekop-er-tilbage\/#webpage","url":"https:\/\/acefootball.com\/da\/fodboldnyheder\/kaffe-comeback-william-kvists-kaffekop-er-tilbage\/","name":"Kaffe-comeback: William Kvists kaffekop er tilbage","isPartOf":{"@id":"https:\/\/acefootball.com\/da\/#website"},"primaryImageOfPage":{"@id":"https:\/\/acefootball.com\/da\/fodboldnyheder\/kaffe-comeback-william-kvists-kaffekop-er-tilbage\/#primaryimage"},"datePublished":"2020-12-10T15:01:00+00:00","dateModified":"2020-12-10T15:01:02+00:00","description":"William Kvist flashede igen den ber\u00f8mte kaffekop i et interview, hvor han forsvarede FC K\u00f8benhavns valg af destination til tr\u00e6ningslejren","breadcrumb":{"@id":"https:\/\/acefootball.com\/da\/fodboldnyheder\/kaffe-comeback-william-kvists-kaffekop-er-tilbage\/#breadcrumb"},"inLanguage":"en-US","potentialAction":[{"@type":"ReadAction","target":["https:\/\/acefootball.com\/da\/fodboldnyheder\/kaffe-comeback-william-kvists-kaffekop-er-tilbage\/"]}]},{"@type":"BreadcrumbList","@id":"https:\/\/acefootball.com\/da\/fodboldnyheder\/kaffe-comeback-william-kvists-kaffekop-er-tilbage\/#breadcrumb","itemListElement":[{"@type":"ListItem","position":1,"name":"Home","item":"https:\/\/acefootball.com\/da\/"},{"@type":"ListItem","position":2,"name":"Kaffe-comeback: William Kvists kaffekop er tilbage"}]},{"@type":"Article","@id":"https:\/\/acefootball.com\/da\/fodboldnyheder\/kaffe-comeback-william-kvists-kaffekop-er-tilbage\/#article","isPartOf":{"@id":"https:\/\/acefootball.com\/da\/fodboldnyheder\/kaffe-comeback-william-kvists-kaffekop-er-tilbage\/#webpage"},"author":{"@id":"https:\/\/acefootball.com\/da\/#\/schema\/person\/ee67e9cf04a276f144100ffa722f10cd"},"headline":"Kaffe-comeback: William Kvists kaffekop er tilbage","datePublished":"2020-12-10T15:01:00+00:00","dateModified":"2020-12-10T15:01:02+00:00","mainEntityOfPage":{"@id":"https:\/\/acefootball.com\/da\/fodboldnyheder\/kaffe-comeback-william-kvists-kaffekop-er-tilbage\/#webpage"},"wordCount":183,"commentCount":0,"publisher":{"@id":"https:\/\/acefootball.com\/da\/#organization"},"image":{"@id":"https:\/\/acefootball.com\/da\/fodboldnyheder\/kaffe-comeback-william-kvists-kaffekop-er-tilbage\/#primaryimage"},"thumbnailUrl":"https:\/\/acefootball.com\/da\/wp-content\/uploads\/sites\/2\/2020\/11\/GettyImages-1228995299.jpg","keywords":["FC K\u00f8benhavn","Superligaen"],"articleSection":["Video"],"inLanguage":"en-US","potentialAction":[{"@type":"CommentAction","name":"Comment","target":["https:\/\/acefootball.com\/da\/fodboldnyheder\/kaffe-comeback-william-kvists-kaffekop-er-tilbage\/#respond"]}]},{"@type":"Person","@id":"https:\/\/acefootball.com\/da\/#\/schema\/person\/ee67e9cf04a276f144100ffa722f10cd","name":"Mads Dreyer","image":{"@type":"ImageObject","@id":"https:\/\/acefootball.com\/da\/#personlogo","inLanguage":"en-US","url":"https:\/\/secure.gravatar.com\/avatar\/7c7abf72cfde9902b6a60efe60c88d4c?s=96&d=mm&r=g","contentUrl":"https:\/\/secure.gravatar.com\/avatar\/7c7abf72cfde9902b6a60efe60c88d4c?s=96&d=mm&r=g","caption":"Mads Dreyer"},"description":"Skribent og fodboldn\u00f8rd, der lige nu fort\u00e6ller om alt og intet i fodboldverdenen p\u00e5 acefootball.com. Uddannet i kommunikation fra Aalborg Universitet.","sameAs":["https:\/\/www.linkedin.com\/in\/mads-dreyer-b9b08266\/"],"url":"https:\/\/acefootball.com\/da\/fodboldnyheder\/author\/mdnronaldo\/"}]}},"fimg_url":"https:\/\/acefootball.com\/da\/wp-content\/uploads\/sites\/2\/2020\/11\/GettyImages-1228995299.jpg","_links":{"self":[{"href":"https:\/\/acefootball.com\/da\/wp-json\/wp\/v2\/posts\/246103"}],"collection":[{"href":"https:\/\/acefootball.com\/da\/wp-json\/wp\/v2\/posts"}],"about":[{"href":"https:\/\/acefootball.com\/da\/wp-json\/wp\/v2\/types\/post"}],"author":[{"embeddable":true,"href":"https:\/\/acefootball.com\/da\/wp-json\/wp\/v2\/users\/705"}],"replies":[{"embeddable":true,"href":"https:\/\/acefootball.com\/da\/wp-json\/wp\/v2\/comments?post=246103"}],"version-history":[{"count":0,"href":"https:\/\/acefootball.com\/da\/wp-json\/wp\/v2\/posts\/246103\/revisions"}],"wp:featuredmedia":[{"embeddable":true,"href":"https:\/\/acefootball.com\/da\/wp-json\/wp\/v2\/media\/244418"}],"wp:attachment":[{"href":"https:\/\/acefootball.com\/da\/wp-json\/wp\/v2\/media?parent=246103"}],"wp:term":[{"taxonomy":"category","embeddable":true,"href":"https:\/\/acefootball.com\/da\/wp-json\/wp\/v2\/categories?post=246103"},{"taxonomy":"post_tag","embeddable":true,"href":"https:\/\/acefootball.com\/da\/wp-json\/wp\/v2\/tags?post=246103"}],"curies":[{"name":"wp","href":"https:\/\/api.w.org\/{rel}","templated":true}]}}