{"id":246096,"date":"2020-12-10T15:31:35","date_gmt":"2020-12-10T14:31:35","guid":{"rendered":"https:\/\/acefootball.com\/da\/?p=246096"},"modified":"2020-12-10T15:31:36","modified_gmt":"2020-12-10T14:31:36","slug":"fck-fans-dropper-stoette-til-klubben-donerer-saesonkort-til-menneskerettigheder","status":"publish","type":"post","link":"https:\/\/acefootball.com\/da\/fodboldnyheder\/fck-fans-dropper-stoette-til-klubben-donerer-saesonkort-til-menneskerettigheder\/","title":{"rendered":"FCK-fans dropper st\u00f8tte til klubben: Donerer s\u00e6sonkort til menneskerettigheder"},"content":{"rendered":"\n<h2 id=\"h-flere-fc-k-benhavn-fans-har-valgt-at-f-refunderet-efter-rets-s-sonkort-i-protest-over-beslutningen-om-at-tage-p-tr-ningslejr-i-dubai\">Flere FC K\u00f8benhavn-fans har valgt at f\u00e5 refunderet efter\u00e5rets s\u00e6sonkort i protest over beslutningen om at tage p\u00e5 tr\u00e6ningslejr i Dubai<\/h2>\n\n\n\n<p>FC K\u00f8benhavn er virkelig kommet i stormvejr, efter klubben onsdag meddelte, at tr\u00e6ningsturen til Portugal var blevet erstattet med et smut til Dubai.<\/p>\n\n\n\n<p>Det er faldet mange fans for brystet, da der i De Forenede Arabiske Emirater har v\u00e6ret stor kritik for brud p\u00e5 menneskerettigheder, og der opfordres derfor til at \u00e6ndre beslutningen.<\/p>\n\n\n\n<figure class=\"wp-block-embed-wordpress wp-block-embed is-type-wp-embed is-provider-ace-football-danmark\"><div class=\"wp-block-embed__wrapper\">\n<blockquote class=\"wp-embedded-content\" data-secret=\"YkmVqTmyuO\"><a href=\"https:\/\/acefootball.com\/da\/fodboldnyheder\/kvist-forsvarer-dubai-valg-vi-ved-at-fansene-gerne-vil-vinde-fodboldkampe\/\">Kvist forsvarer Dubai-valg: Vi ved, at fansene gerne vil vinde fodboldkampe<\/a><\/blockquote><iframe class=\"wp-embedded-content\" sandbox=\"allow-scripts\" security=\"restricted\" style=\"position: absolute; clip: rect(1px, 1px, 1px, 1px);\" title=\"&#8220;Kvist forsvarer Dubai-valg: Vi ved, at fansene gerne vil vinde fodboldkampe&#8221; &#8212; Ace Football Danmark\" src=\"https:\/\/acefootball.com\/da\/fodboldnyheder\/kvist-forsvarer-dubai-valg-vi-ved-at-fansene-gerne-vil-vinde-fodboldkampe\/embed\/#?secret=YkmVqTmyuO\" data-secret=\"YkmVqTmyuO\" width=\"600\" height=\"338\" frameborder=\"0\" marginwidth=\"0\" marginheight=\"0\" scrolling=\"no\"><\/iframe>\n<\/div><\/figure>\n\n\n\n<p>Det er dog ikke kun h\u00e5rde ord, der er sendt afsted mod FC K\u00f8benhavn. Flere fans har efter g\u00e5rsdagens nyhed ogs\u00e5 valgt at ramme klubben p\u00e5 pengepungen.<\/p>\n\n\n\n<p>P\u00e5 Twitter viser en r\u00e6kke brugere s\u00e5ledes deres utilfredshed ved at vise en anmodning om refundering af efter\u00e5rets s\u00e6sonkort.<\/p>\n\n\n\n<figure class=\"wp-block-embed-twitter wp-block-embed is-type-rich is-provider-twitter\"><div class=\"wp-block-embed__wrapper\">\n<blockquote class=\"twitter-tweet\" data-width=\"550\" data-dnt=\"true\"><p lang=\"da\" dir=\"ltr\">Egentlig havde jeg valgt at donere pengene til <a href=\"https:\/\/twitter.com\/FCKobenhavn?ref_src=twsrc%5Etfw\">@FCKobenhavn<\/a> &#8211; men det totale svigt de har lavet, er simpelthen for meget. S\u00e5 hvem kan jeg st\u00f8tte, som reelt vil g\u00f8re en forskel for klubben, fansne og vores omverden? <a href=\"https:\/\/t.co\/s8Vmf3utst\">pic.twitter.com\/s8Vmf3utst<\/a><\/p>&mdash; S\u00f8ren Moth (@smothf) <a href=\"https:\/\/twitter.com\/smothf\/status\/1336955820169453568?ref_src=twsrc%5Etfw\">December 10, 2020<\/a><\/blockquote><script async src=\"https:\/\/platform.twitter.com\/widgets.js\" charset=\"utf-8\"><\/script>\n<\/div><\/figure>\n\n\n\n<figure class=\"wp-block-embed-twitter wp-block-embed is-type-rich is-provider-twitter\"><div class=\"wp-block-embed__wrapper\">\n<blockquote class=\"twitter-tweet\" data-width=\"550\" data-dnt=\"true\"><p lang=\"da\" dir=\"ltr\">K\u00e6re <a href=\"https:\/\/twitter.com\/FCKobenhavn?ref_src=twsrc%5Etfw\">@FCKobenhavn<\/a>.<br><br>Jeg er stadig rasende. Rasende over jeres toned\u00f8ve og ignorante beslutning om at st\u00f8tte brud p\u00e5 menneskerettigheder.<br>Jeg ser desv\u00e6rre ikke anden udvej end at \u00e6ndre mit valg for donation. Det er eneste mulighed jeg har, for at ramme jer hvor I forst\u00e5r det. 1\/2 <a href=\"https:\/\/t.co\/JL0qEM6uF2\">pic.twitter.com\/JL0qEM6uF2<\/a><\/p>&mdash; Casper Fischer Raavig (@Fiscker89) <a href=\"https:\/\/twitter.com\/Fiscker89\/status\/1336919626815594496?ref_src=twsrc%5Etfw\">December 10, 2020<\/a><\/blockquote><script async src=\"https:\/\/platform.twitter.com\/widgets.js\" charset=\"utf-8\"><\/script>\n<\/div><\/figure>\n\n\n\n<p>Den humanit\u00e6re organisation Amnesty International er ogs\u00e5 blandt dem, der har opfordret til at aflyse turen til Dubai, og der er endda FCK-fans, som har valgt at donere deres tilgodehavende dertil.<\/p>\n\n\n\n<p>Nedenst\u00e5ende fan f\u00e5r desuden masser af opbakning fra ligesindede, og formand i fanklubben FCKFC, Lars Thor Jensen, bekr\u00e6fter over for <a href=\"https:\/\/www.tipsbladet.dk\/nyhed\/superliga\/fanklub-forstaar-ikke-fck-find-et-alternativ\" target=\"_blank\" rel=\"noreferrer noopener\">Tipsbladet<\/a>, at der er flere eksempler p\u00e5 samme.<\/p>\n\n\n\n<figure class=\"wp-block-embed-twitter wp-block-embed is-type-rich is-provider-twitter\"><div class=\"wp-block-embed__wrapper\">\n<blockquote class=\"twitter-tweet\" data-width=\"550\" data-dnt=\"true\"><p lang=\"da\" dir=\"ltr\">K\u00e6re <a href=\"https:\/\/twitter.com\/FCKobenhavn?ref_src=twsrc%5Etfw\">@FCKobenhavn<\/a>, det er vist f\u00f8rste gang jeg har v\u00e6ret decideret flov over at v\u00e6re fan. Havde egentlig f\u00f8rst valgt at donere, men oven p\u00e5 det her, synes jeg pengene b\u00f8r g\u00e5 til nogen der tager menneskerettigheder alvorligt&#8230; <a href=\"https:\/\/t.co\/TDt4UHD8j8\">pic.twitter.com\/TDt4UHD8j8<\/a><\/p>&mdash; Anders Frei Hansen (@AndersFrei) <a href=\"https:\/\/twitter.com\/AndersFrei\/status\/1336782930262323200?ref_src=twsrc%5Etfw\">December 9, 2020<\/a><\/blockquote><script async src=\"https:\/\/platform.twitter.com\/widgets.js\" charset=\"utf-8\"><\/script>\n<\/div><\/figure>\n","protected":false},"excerpt":{"rendered":"<p>Flere FC K\u00f8benhavn-fans har valgt at f\u00e5 refunderet efter\u00e5rets s\u00e6sonkort i protest over beslutningen om at tage p\u00e5 tr\u00e6ningslejr i Dubai<\/p>\n","protected":false},"author":705,"featured_media":246101,"comment_status":"open","ping_status":"closed","sticky":false,"template":"","format":"standard","meta":{"om_disable_all_campaigns":false,"push_articles_ronaldo":{"active":false,"canonical":0,"publish":false},"force_updates":null},"categories":[2470],"tags":[16,588],"enet_tags":{"team":["8391"],"league":["46"],"sport_events":[]},"yoast_head":"<!-- This site is optimized with the Yoast SEO plugin v18.3 - https:\/\/yoast.com\/wordpress\/plugins\/seo\/ -->\n<title>FCK-fans dropper st\u00f8tte til klubben: Donerer s\u00e6sonkort til menneskerettigheder<\/title>\n<meta name=\"description\" content=\"Flere FC K\u00f8benhavn-fans har valgt at f\u00e5 refunderet efter\u00e5rets s\u00e6sonkort i protest over beslutningen om at tage p\u00e5 tr\u00e6ningslejr i Dubai\" \/>\n<meta name=\"robots\" content=\"index, follow, max-snippet:-1, max-image-preview:large, max-video-preview:-1\" \/>\n<link rel=\"canonical\" href=\"https:\/\/acefootball.com\/da\/fodboldnyheder\/fck-fans-dropper-stoette-til-klubben-donerer-saesonkort-til-menneskerettigheder\/\" \/>\n<meta property=\"og:locale\" content=\"en_US\" \/>\n<meta property=\"og:type\" content=\"article\" \/>\n<meta property=\"og:title\" content=\"FCK-fans dropper st\u00f8tte til klubben: Donerer s\u00e6sonkort til menneskerettigheder\" \/>\n<meta property=\"og:description\" content=\"Flere FC K\u00f8benhavn-fans har valgt at f\u00e5 refunderet efter\u00e5rets s\u00e6sonkort i protest over beslutningen om at tage p\u00e5 tr\u00e6ningslejr i Dubai\" \/>\n<meta property=\"og:url\" content=\"https:\/\/acefootball.com\/da\/fodboldnyheder\/fck-fans-dropper-stoette-til-klubben-donerer-saesonkort-til-menneskerettigheder\/\" \/>\n<meta property=\"og:site_name\" content=\"Ace Football Danmark\" \/>\n<meta property=\"article:publisher\" content=\"https:\/\/www.facebook.com\/acefootballdk\" \/>\n<meta property=\"article:published_time\" content=\"2020-12-10T14:31:35+00:00\" \/>\n<meta property=\"article:modified_time\" content=\"2020-12-10T14:31:36+00:00\" \/>\n<meta property=\"og:image\" content=\"https:\/\/acefootball.com\/da\/wp-content\/uploads\/sites\/2\/2020\/12\/FCK-10.jpg\" \/>\n\t<meta property=\"og:image:width\" content=\"1920\" \/>\n\t<meta property=\"og:image:height\" content=\"1008\" \/>\n\t<meta property=\"og:image:type\" content=\"image\/jpeg\" \/>\n<meta name=\"twitter:card\" content=\"summary_large_image\" \/>\n<meta name=\"twitter:label1\" content=\"Written by\" \/>\n\t<meta name=\"twitter:data1\" content=\"Mads Dreyer\" \/>\n\t<meta name=\"twitter:label2\" content=\"Est. reading time\" \/>\n\t<meta name=\"twitter:data2\" content=\"1 minute\" \/>\n<script type=\"application\/ld+json\" class=\"yoast-schema-graph\">{\"@context\":\"https:\/\/schema.org\",\"@graph\":[{\"@type\":\"Organization\",\"@id\":\"https:\/\/acefootball.com\/da\/#organization\",\"name\":\"Ace Football\",\"url\":\"https:\/\/acefootball.com\/da\/\",\"sameAs\":[\"https:\/\/www.facebook.com\/acefootballdk\"],\"logo\":{\"@type\":\"ImageObject\",\"@id\":\"https:\/\/acefootball.com\/da\/#logo\",\"inLanguage\":\"en-US\",\"url\":\"https:\/\/acefootball.com\/da\/wp-content\/uploads\/sites\/2\/2020\/07\/Ace-Football-30-07-2020-2.png\",\"contentUrl\":\"https:\/\/acefootball.com\/da\/wp-content\/uploads\/sites\/2\/2020\/07\/Ace-Football-30-07-2020-2.png\",\"width\":1200,\"height\":600,\"caption\":\"Ace Football\"},\"image\":{\"@id\":\"https:\/\/acefootball.com\/da\/#logo\"}},{\"@type\":\"WebSite\",\"@id\":\"https:\/\/acefootball.com\/da\/#website\",\"url\":\"https:\/\/acefootball.com\/da\/\",\"name\":\"Ace Football Danmark\",\"description\":\"Nyheder, Spiltips &amp; Livescore\",\"publisher\":{\"@id\":\"https:\/\/acefootball.com\/da\/#organization\"},\"potentialAction\":[{\"@type\":\"SearchAction\",\"target\":{\"@type\":\"EntryPoint\",\"urlTemplate\":\"https:\/\/acefootball.com\/da\/?s={search_term_string}\"},\"query-input\":\"required name=search_term_string\"}],\"inLanguage\":\"en-US\"},{\"@type\":\"ImageObject\",\"@id\":\"https:\/\/acefootball.com\/da\/fodboldnyheder\/fck-fans-dropper-stoette-til-klubben-donerer-saesonkort-til-menneskerettigheder\/#primaryimage\",\"inLanguage\":\"en-US\",\"url\":\"https:\/\/acefootball.com\/da\/wp-content\/uploads\/sites\/2\/2020\/12\/FCK-10.jpg\",\"contentUrl\":\"https:\/\/acefootball.com\/da\/wp-content\/uploads\/sites\/2\/2020\/12\/FCK-10.jpg\",\"width\":1920,\"height\":1008},{\"@type\":\"WebPage\",\"@id\":\"https:\/\/acefootball.com\/da\/fodboldnyheder\/fck-fans-dropper-stoette-til-klubben-donerer-saesonkort-til-menneskerettigheder\/#webpage\",\"url\":\"https:\/\/acefootball.com\/da\/fodboldnyheder\/fck-fans-dropper-stoette-til-klubben-donerer-saesonkort-til-menneskerettigheder\/\",\"name\":\"FCK-fans dropper st\u00f8tte til klubben: Donerer s\u00e6sonkort til menneskerettigheder\",\"isPartOf\":{\"@id\":\"https:\/\/acefootball.com\/da\/#website\"},\"primaryImageOfPage\":{\"@id\":\"https:\/\/acefootball.com\/da\/fodboldnyheder\/fck-fans-dropper-stoette-til-klubben-donerer-saesonkort-til-menneskerettigheder\/#primaryimage\"},\"datePublished\":\"2020-12-10T14:31:35+00:00\",\"dateModified\":\"2020-12-10T14:31:36+00:00\",\"description\":\"Flere FC K\u00f8benhavn-fans har valgt at f\u00e5 refunderet efter\u00e5rets s\u00e6sonkort i protest over beslutningen om at tage p\u00e5 tr\u00e6ningslejr i Dubai\",\"breadcrumb\":{\"@id\":\"https:\/\/acefootball.com\/da\/fodboldnyheder\/fck-fans-dropper-stoette-til-klubben-donerer-saesonkort-til-menneskerettigheder\/#breadcrumb\"},\"inLanguage\":\"en-US\",\"potentialAction\":[{\"@type\":\"ReadAction\",\"target\":[\"https:\/\/acefootball.com\/da\/fodboldnyheder\/fck-fans-dropper-stoette-til-klubben-donerer-saesonkort-til-menneskerettigheder\/\"]}]},{\"@type\":\"BreadcrumbList\",\"@id\":\"https:\/\/acefootball.com\/da\/fodboldnyheder\/fck-fans-dropper-stoette-til-klubben-donerer-saesonkort-til-menneskerettigheder\/#breadcrumb\",\"itemListElement\":[{\"@type\":\"ListItem\",\"position\":1,\"name\":\"Home\",\"item\":\"https:\/\/acefootball.com\/da\/\"},{\"@type\":\"ListItem\",\"position\":2,\"name\":\"FCK-fans dropper st\u00f8tte til klubben: Donerer s\u00e6sonkort til menneskerettigheder\"}]},{\"@type\":\"Article\",\"@id\":\"https:\/\/acefootball.com\/da\/fodboldnyheder\/fck-fans-dropper-stoette-til-klubben-donerer-saesonkort-til-menneskerettigheder\/#article\",\"isPartOf\":{\"@id\":\"https:\/\/acefootball.com\/da\/fodboldnyheder\/fck-fans-dropper-stoette-til-klubben-donerer-saesonkort-til-menneskerettigheder\/#webpage\"},\"author\":{\"@id\":\"https:\/\/acefootball.com\/da\/#\/schema\/person\/ee67e9cf04a276f144100ffa722f10cd\"},\"headline\":\"FCK-fans dropper st\u00f8tte til klubben: Donerer s\u00e6sonkort til menneskerettigheder\",\"datePublished\":\"2020-12-10T14:31:35+00:00\",\"dateModified\":\"2020-12-10T14:31:36+00:00\",\"mainEntityOfPage\":{\"@id\":\"https:\/\/acefootball.com\/da\/fodboldnyheder\/fck-fans-dropper-stoette-til-klubben-donerer-saesonkort-til-menneskerettigheder\/#webpage\"},\"wordCount\":229,\"commentCount\":0,\"publisher\":{\"@id\":\"https:\/\/acefootball.com\/da\/#organization\"},\"image\":{\"@id\":\"https:\/\/acefootball.com\/da\/fodboldnyheder\/fck-fans-dropper-stoette-til-klubben-donerer-saesonkort-til-menneskerettigheder\/#primaryimage\"},\"thumbnailUrl\":\"https:\/\/acefootball.com\/da\/wp-content\/uploads\/sites\/2\/2020\/12\/Untitled-design-14.jpg\",\"keywords\":[\"FC K\u00f8benhavn\",\"Superligaen\"],\"articleSection\":[\"Offsite\"],\"inLanguage\":\"en-US\",\"potentialAction\":[{\"@type\":\"CommentAction\",\"name\":\"Comment\",\"target\":[\"https:\/\/acefootball.com\/da\/fodboldnyheder\/fck-fans-dropper-stoette-til-klubben-donerer-saesonkort-til-menneskerettigheder\/#respond\"]}]},{\"@type\":\"Person\",\"@id\":\"https:\/\/acefootball.com\/da\/#\/schema\/person\/ee67e9cf04a276f144100ffa722f10cd\",\"name\":\"Mads Dreyer\",\"image\":{\"@type\":\"ImageObject\",\"@id\":\"https:\/\/acefootball.com\/da\/#personlogo\",\"inLanguage\":\"en-US\",\"url\":\"https:\/\/secure.gravatar.com\/avatar\/7c7abf72cfde9902b6a60efe60c88d4c?s=96&d=mm&r=g\",\"contentUrl\":\"https:\/\/secure.gravatar.com\/avatar\/7c7abf72cfde9902b6a60efe60c88d4c?s=96&d=mm&r=g\",\"caption\":\"Mads Dreyer\"},\"description\":\"Skribent og fodboldn\u00f8rd, der lige nu fort\u00e6ller om alt og intet i fodboldverdenen p\u00e5 acefootball.com. Uddannet i kommunikation fra Aalborg Universitet.\",\"sameAs\":[\"https:\/\/www.linkedin.com\/in\/mads-dreyer-b9b08266\/\"],\"url\":\"https:\/\/acefootball.com\/da\/fodboldnyheder\/author\/mdnronaldo\/\"}]}<\/script>\n<!-- \/ Yoast SEO plugin. -->","yoast_head_json":{"title":"FCK-fans dropper st\u00f8tte til klubben: Donerer s\u00e6sonkort til menneskerettigheder","description":"Flere FC K\u00f8benhavn-fans har valgt at f\u00e5 refunderet efter\u00e5rets s\u00e6sonkort i protest over beslutningen om at tage p\u00e5 tr\u00e6ningslejr i Dubai","robots":{"index":"index","follow":"follow","max-snippet":"max-snippet:-1","max-image-preview":"max-image-preview:large","max-video-preview":"max-video-preview:-1"},"canonical":"https:\/\/acefootball.com\/da\/fodboldnyheder\/fck-fans-dropper-stoette-til-klubben-donerer-saesonkort-til-menneskerettigheder\/","og_locale":"en_US","og_type":"article","og_title":"FCK-fans dropper st\u00f8tte til klubben: Donerer s\u00e6sonkort til menneskerettigheder","og_description":"Flere FC K\u00f8benhavn-fans har valgt at f\u00e5 refunderet efter\u00e5rets s\u00e6sonkort i protest over beslutningen om at tage p\u00e5 tr\u00e6ningslejr i Dubai","og_url":"https:\/\/acefootball.com\/da\/fodboldnyheder\/fck-fans-dropper-stoette-til-klubben-donerer-saesonkort-til-menneskerettigheder\/","og_site_name":"Ace Football Danmark","article_publisher":"https:\/\/www.facebook.com\/acefootballdk","article_published_time":"2020-12-10T14:31:35+00:00","article_modified_time":"2020-12-10T14:31:36+00:00","og_image":[{"width":1920,"height":1008,"url":"https:\/\/acefootball.com\/da\/wp-content\/uploads\/sites\/2\/2020\/12\/FCK-10.jpg","type":"image\/jpeg"}],"twitter_card":"summary_large_image","twitter_misc":{"Written by":"Mads Dreyer","Est. reading time":"1 minute"},"schema":{"@context":"https:\/\/schema.org","@graph":[{"@type":"Organization","@id":"https:\/\/acefootball.com\/da\/#organization","name":"Ace Football","url":"https:\/\/acefootball.com\/da\/","sameAs":["https:\/\/www.facebook.com\/acefootballdk"],"logo":{"@type":"ImageObject","@id":"https:\/\/acefootball.com\/da\/#logo","inLanguage":"en-US","url":"https:\/\/acefootball.com\/da\/wp-content\/uploads\/sites\/2\/2020\/07\/Ace-Football-30-07-2020-2.png","contentUrl":"https:\/\/acefootball.com\/da\/wp-content\/uploads\/sites\/2\/2020\/07\/Ace-Football-30-07-2020-2.png","width":1200,"height":600,"caption":"Ace Football"},"image":{"@id":"https:\/\/acefootball.com\/da\/#logo"}},{"@type":"WebSite","@id":"https:\/\/acefootball.com\/da\/#website","url":"https:\/\/acefootball.com\/da\/","name":"Ace Football Danmark","description":"Nyheder, Spiltips &amp; Livescore","publisher":{"@id":"https:\/\/acefootball.com\/da\/#organization"},"potentialAction":[{"@type":"SearchAction","target":{"@type":"EntryPoint","urlTemplate":"https:\/\/acefootball.com\/da\/?s={search_term_string}"},"query-input":"required name=search_term_string"}],"inLanguage":"en-US"},{"@type":"ImageObject","@id":"https:\/\/acefootball.com\/da\/fodboldnyheder\/fck-fans-dropper-stoette-til-klubben-donerer-saesonkort-til-menneskerettigheder\/#primaryimage","inLanguage":"en-US","url":"https:\/\/acefootball.com\/da\/wp-content\/uploads\/sites\/2\/2020\/12\/FCK-10.jpg","contentUrl":"https:\/\/acefootball.com\/da\/wp-content\/uploads\/sites\/2\/2020\/12\/FCK-10.jpg","width":1920,"height":1008},{"@type":"WebPage","@id":"https:\/\/acefootball.com\/da\/fodboldnyheder\/fck-fans-dropper-stoette-til-klubben-donerer-saesonkort-til-menneskerettigheder\/#webpage","url":"https:\/\/acefootball.com\/da\/fodboldnyheder\/fck-fans-dropper-stoette-til-klubben-donerer-saesonkort-til-menneskerettigheder\/","name":"FCK-fans dropper st\u00f8tte til klubben: Donerer s\u00e6sonkort til menneskerettigheder","isPartOf":{"@id":"https:\/\/acefootball.com\/da\/#website"},"primaryImageOfPage":{"@id":"https:\/\/acefootball.com\/da\/fodboldnyheder\/fck-fans-dropper-stoette-til-klubben-donerer-saesonkort-til-menneskerettigheder\/#primaryimage"},"datePublished":"2020-12-10T14:31:35+00:00","dateModified":"2020-12-10T14:31:36+00:00","description":"Flere FC K\u00f8benhavn-fans har valgt at f\u00e5 refunderet efter\u00e5rets s\u00e6sonkort i protest over beslutningen om at tage p\u00e5 tr\u00e6ningslejr i Dubai","breadcrumb":{"@id":"https:\/\/acefootball.com\/da\/fodboldnyheder\/fck-fans-dropper-stoette-til-klubben-donerer-saesonkort-til-menneskerettigheder\/#breadcrumb"},"inLanguage":"en-US","potentialAction":[{"@type":"ReadAction","target":["https:\/\/acefootball.com\/da\/fodboldnyheder\/fck-fans-dropper-stoette-til-klubben-donerer-saesonkort-til-menneskerettigheder\/"]}]},{"@type":"BreadcrumbList","@id":"https:\/\/acefootball.com\/da\/fodboldnyheder\/fck-fans-dropper-stoette-til-klubben-donerer-saesonkort-til-menneskerettigheder\/#breadcrumb","itemListElement":[{"@type":"ListItem","position":1,"name":"Home","item":"https:\/\/acefootball.com\/da\/"},{"@type":"ListItem","position":2,"name":"FCK-fans dropper st\u00f8tte til klubben: Donerer s\u00e6sonkort til menneskerettigheder"}]},{"@type":"Article","@id":"https:\/\/acefootball.com\/da\/fodboldnyheder\/fck-fans-dropper-stoette-til-klubben-donerer-saesonkort-til-menneskerettigheder\/#article","isPartOf":{"@id":"https:\/\/acefootball.com\/da\/fodboldnyheder\/fck-fans-dropper-stoette-til-klubben-donerer-saesonkort-til-menneskerettigheder\/#webpage"},"author":{"@id":"https:\/\/acefootball.com\/da\/#\/schema\/person\/ee67e9cf04a276f144100ffa722f10cd"},"headline":"FCK-fans dropper st\u00f8tte til klubben: Donerer s\u00e6sonkort til menneskerettigheder","datePublished":"2020-12-10T14:31:35+00:00","dateModified":"2020-12-10T14:31:36+00:00","mainEntityOfPage":{"@id":"https:\/\/acefootball.com\/da\/fodboldnyheder\/fck-fans-dropper-stoette-til-klubben-donerer-saesonkort-til-menneskerettigheder\/#webpage"},"wordCount":229,"commentCount":0,"publisher":{"@id":"https:\/\/acefootball.com\/da\/#organization"},"image":{"@id":"https:\/\/acefootball.com\/da\/fodboldnyheder\/fck-fans-dropper-stoette-til-klubben-donerer-saesonkort-til-menneskerettigheder\/#primaryimage"},"thumbnailUrl":"https:\/\/acefootball.com\/da\/wp-content\/uploads\/sites\/2\/2020\/12\/Untitled-design-14.jpg","keywords":["FC K\u00f8benhavn","Superligaen"],"articleSection":["Offsite"],"inLanguage":"en-US","potentialAction":[{"@type":"CommentAction","name":"Comment","target":["https:\/\/acefootball.com\/da\/fodboldnyheder\/fck-fans-dropper-stoette-til-klubben-donerer-saesonkort-til-menneskerettigheder\/#respond"]}]},{"@type":"Person","@id":"https:\/\/acefootball.com\/da\/#\/schema\/person\/ee67e9cf04a276f144100ffa722f10cd","name":"Mads Dreyer","image":{"@type":"ImageObject","@id":"https:\/\/acefootball.com\/da\/#personlogo","inLanguage":"en-US","url":"https:\/\/secure.gravatar.com\/avatar\/7c7abf72cfde9902b6a60efe60c88d4c?s=96&d=mm&r=g","contentUrl":"https:\/\/secure.gravatar.com\/avatar\/7c7abf72cfde9902b6a60efe60c88d4c?s=96&d=mm&r=g","caption":"Mads Dreyer"},"description":"Skribent og fodboldn\u00f8rd, der lige nu fort\u00e6ller om alt og intet i fodboldverdenen p\u00e5 acefootball.com. Uddannet i kommunikation fra Aalborg Universitet.","sameAs":["https:\/\/www.linkedin.com\/in\/mads-dreyer-b9b08266\/"],"url":"https:\/\/acefootball.com\/da\/fodboldnyheder\/author\/mdnronaldo\/"}]}},"fimg_url":"https:\/\/acefootball.com\/da\/wp-content\/uploads\/sites\/2\/2020\/12\/Untitled-design-14.jpg","_links":{"self":[{"href":"https:\/\/acefootball.com\/da\/wp-json\/wp\/v2\/posts\/246096"}],"collection":[{"href":"https:\/\/acefootball.com\/da\/wp-json\/wp\/v2\/posts"}],"about":[{"href":"https:\/\/acefootball.com\/da\/wp-json\/wp\/v2\/types\/post"}],"author":[{"embeddable":true,"href":"https:\/\/acefootball.com\/da\/wp-json\/wp\/v2\/users\/705"}],"replies":[{"embeddable":true,"href":"https:\/\/acefootball.com\/da\/wp-json\/wp\/v2\/comments?post=246096"}],"version-history":[{"count":0,"href":"https:\/\/acefootball.com\/da\/wp-json\/wp\/v2\/posts\/246096\/revisions"}],"wp:featuredmedia":[{"embeddable":true,"href":"https:\/\/acefootball.com\/da\/wp-json\/wp\/v2\/media\/246101"}],"wp:attachment":[{"href":"https:\/\/acefootball.com\/da\/wp-json\/wp\/v2\/media?parent=246096"}],"wp:term":[{"taxonomy":"category","embeddable":true,"href":"https:\/\/acefootball.com\/da\/wp-json\/wp\/v2\/categories?post=246096"},{"taxonomy":"post_tag","embeddable":true,"href":"https:\/\/acefootball.com\/da\/wp-json\/wp\/v2\/tags?post=246096"}],"curies":[{"name":"wp","href":"https:\/\/api.w.org\/{rel}","templated":true}]}}