{"id":246019,"date":"2020-12-09T18:41:35","date_gmt":"2020-12-09T17:41:35","guid":{"rendered":"https:\/\/acefootball.com\/da\/?p=246019"},"modified":"2020-12-09T18:44:17","modified_gmt":"2020-12-09T17:44:17","slug":"benfica-traener-gaar-mod-stroemmen-efter-racisme-anklager","status":"publish","type":"post","link":"https:\/\/acefootball.com\/da\/fodboldnyheder\/benfica-traener-gaar-mod-stroemmen-efter-racisme-anklager\/","title":{"rendered":"Benfica-tr\u00e6ner g\u00e5r mod str\u00f8mmen efter racisme-anklager"},"content":{"rendered":"\n<h2 id=\"h-benficas-cheftr-ner-jorge-jesus-er-en-af-de-f-der-ikke-ubetinget-st-tter-afbrydelsen-af-g-rsdagens-kamp-mellem-psg-og-basaksehir\">Benficas cheftr\u00e6ner Jorge Jesus er en af de f\u00e5, der ikke ubetinget st\u00f8tter afbrydelsen af g\u00e5rsdagens kamp mellem PSG og Basaksehir<\/h2>\n\n\n\n<div class=\"wp-block-si-widget wp-block-si-widget--center\"><si-lb-widget widget-id=\"MatchInfoWithOdds\" data-nopadding=\"true\" data-card=\"true\" width=\"440\" data-event-id=\"3462210\" data-theme-appearance=\"dark\" data-provider=\"mrgreen\"><\/si-lb-widget><\/div>\n\n\n\n<p>Der var stor dramatik i tirsdagens Champions League-kamp mellem PSG og Istanbul Basaksehir, som blev afbrudt midt i f\u00f8rste halvleg.<\/p>\n\n\n\n<p>Det tyrkiske mandskab valgte nemlig at udvandre fra opg\u00f8ret, da de mente, at fjerdedommeren havde ytret sig racistisk over for assistenttr\u00e6ner Pierre Webo.<\/p>\n\n\n\n<figure class=\"wp-block-embed-wordpress wp-block-embed is-type-wp-embed is-provider-ace-football-danmark\"><div class=\"wp-block-embed__wrapper\">\n<blockquote class=\"wp-embedded-content\" data-secret=\"w2tW20dzsp\"><a href=\"https:\/\/acefootball.com\/da\/fodboldnyheder\/journalist-forklarer-saadan-foregik-racismeepisoden-i-paris\/\">Journalist forklarer: S\u00e5dan foregik racismeepisoden i Paris<\/a><\/blockquote><iframe class=\"wp-embedded-content\" sandbox=\"allow-scripts\" security=\"restricted\" style=\"position: absolute; clip: rect(1px, 1px, 1px, 1px);\" title=\"&#8220;Journalist forklarer: S\u00e5dan foregik racismeepisoden i Paris&#8221; &#8212; Ace Football Danmark\" src=\"https:\/\/acefootball.com\/da\/fodboldnyheder\/journalist-forklarer-saadan-foregik-racismeepisoden-i-paris\/embed\/#?secret=w2tW20dzsp\" data-secret=\"w2tW20dzsp\" width=\"600\" height=\"338\" frameborder=\"0\" marginwidth=\"0\" marginheight=\"0\" scrolling=\"no\"><\/iframe>\n<\/div><\/figure>\n\n\n\n<p>Den beslutning har ikke bare f\u00e5et stor opbakning fra kolleger i fodboldverdenen, men ogs\u00e5 udefra er den rum\u00e6nske dommers ordvalg blevet ford\u00f8mt.<\/p>\n\n\n\n<p>Samme vogn hopper Benficas til tider kontroversielle cheftr\u00e6ner, Jorge Jesus, dog ikke p\u00e5.<\/p>\n\n\n\n<p>&#8220;Jeg ved ikke pr\u00e6cist, hvad der skete, men nu om dage er det her med racisme meget moderne,&#8221; starter portugiseren if\u00f8lge <a href=\"https:\/\/www.marca.com\/en\/football\/international-football\/2020\/12\/09\/5fd0cc5446163f3b798b4606.html\" target=\"_blank\" rel=\"noreferrer noopener\">Marca<\/a>.<\/p>\n\n\n\n\n        <div class=\"svf-video-single only-video\">\n            <div class=\"svf-video-container svf-embedded embedded\">\n                <script>(function(){const el = document.createElement('iframe');el.allow = 'autoplay';el.frameBorder = '0';el.classList.add('svf-video');el.allowFullscreen = true;document.currentScript.parentNode.style.display = 'none';el.src = \"https:\/\/www.viafree.dk\/embed\/sport\/id\/981c4c87-5c55-45e6-accb-7bbcaa0e3d71?partnerId=a788403f-2c83-488f-adb0-2650ac7278a3\";el.addEventListener( 'load', function(){ this.parentNode.style.display = ''; });document.currentScript.parentNode.insertBefore(el, document.currentScript.nextSibling);})();<\/script>\n                <noscript><iframe allow=\"autoplay\" allowfullscreen frameborder=\"0\" class=\"svf-video\" src=\"https:\/\/www.viafree.dk\/embed\/sport\/id\/981c4c87-5c55-45e6-accb-7bbcaa0e3d71?partnerId=a788403f-2c83-488f-adb0-2650ac7278a3\"><\/iframe><\/noscript>\n            <\/div>\n                    <\/div>\n        \n\n\n\n<p><\/p>\n\n\n\n<p>&#8220;Som borger har jeg ret til at t\u00e6nke, hvad jeg vil, og danne min egen mening, n\u00e5r jeg ved, hvad der er sket. I dag er alt, man siger til en sort person, et tegn p\u00e5 racisme, men det samme til en hvid person er ikke racisme. Det er en b\u00f8lge, der er ved at overtage verden.&#8221;<\/p>\n\n\n\n<p>Jorge Jesus vil dog ikke kommentere p\u00e5 den specifikke episode i Paris, da han ikke har fuldt kendskab til begivenhederne.<\/p>\n\n\n\n<p>Opg\u00f8ret mellem PSG og Basaksehir spilles i stedet i aften.<\/p>\n","protected":false},"excerpt":{"rendered":"<p>Benficas cheftr\u00e6ner Jorge Jesus er en af de f\u00e5, der ikke ubetinget st\u00f8tter afbrydelsen af g\u00e5rsdagens kamp mellem PSG og Basaksehir<\/p>\n","protected":false},"author":705,"featured_media":246022,"comment_status":"open","ping_status":"closed","sticky":false,"template":"","format":"standard","meta":{"om_disable_all_campaigns":false,"push_articles_ronaldo":{"active":false,"canonical":0,"publish":false},"force_updates":null},"categories":[8204],"tags":[1133,206,461,3238,39],"enet_tags":{"team":["1933","9847","9772"],"league":["42","61"],"sport_events":[3462210]},"yoast_head":"<!-- This site is optimized with the Yoast SEO plugin v18.3 - https:\/\/yoast.com\/wordpress\/plugins\/seo\/ -->\n<title>Benfica-tr\u00e6ner g\u00e5r mod str\u00f8mmen efter racisme-anklager<\/title>\n<meta name=\"description\" content=\"Benficas cheftr\u00e6ner Jorge Jesus er en af de f\u00e5, der ikke ubetinget st\u00f8tter afbrydelsen af g\u00e5rsdagens kamp mellem PSG og Basaksehir\" \/>\n<meta name=\"robots\" content=\"index, follow, max-snippet:-1, max-image-preview:large, max-video-preview:-1\" \/>\n<link rel=\"canonical\" href=\"https:\/\/acefootball.com\/da\/fodboldnyheder\/benfica-traener-gaar-mod-stroemmen-efter-racisme-anklager\/\" \/>\n<meta property=\"og:locale\" content=\"en_US\" \/>\n<meta property=\"og:type\" content=\"article\" \/>\n<meta property=\"og:title\" content=\"Benfica-tr\u00e6ner g\u00e5r mod str\u00f8mmen efter racisme-anklager\" \/>\n<meta property=\"og:description\" content=\"Benficas cheftr\u00e6ner Jorge Jesus er en af de f\u00e5, der ikke ubetinget st\u00f8tter afbrydelsen af g\u00e5rsdagens kamp mellem PSG og Basaksehir\" \/>\n<meta property=\"og:url\" content=\"https:\/\/acefootball.com\/da\/fodboldnyheder\/benfica-traener-gaar-mod-stroemmen-efter-racisme-anklager\/\" \/>\n<meta property=\"og:site_name\" content=\"Ace Football Danmark\" \/>\n<meta property=\"article:publisher\" content=\"https:\/\/www.facebook.com\/acefootballdk\" \/>\n<meta property=\"article:published_time\" content=\"2020-12-09T17:41:35+00:00\" \/>\n<meta property=\"article:modified_time\" content=\"2020-12-09T17:44:17+00:00\" \/>\n<meta property=\"og:image\" content=\"https:\/\/acefootball.com\/da\/wp-content\/uploads\/sites\/2\/2020\/12\/Copy-of-Ace-3-6.jpg\" \/>\n\t<meta property=\"og:image:width\" content=\"1920\" \/>\n\t<meta property=\"og:image:height\" content=\"1008\" \/>\n\t<meta property=\"og:image:type\" content=\"image\/jpeg\" \/>\n<meta name=\"twitter:card\" content=\"summary_large_image\" \/>\n<meta name=\"twitter:label1\" content=\"Written by\" \/>\n\t<meta name=\"twitter:data1\" content=\"Mads Dreyer\" \/>\n\t<meta name=\"twitter:label2\" content=\"Est. reading time\" \/>\n\t<meta name=\"twitter:data2\" content=\"1 minute\" \/>\n<script type=\"application\/ld+json\" class=\"yoast-schema-graph\">{\"@context\":\"https:\/\/schema.org\",\"@graph\":[{\"@type\":\"Organization\",\"@id\":\"https:\/\/acefootball.com\/da\/#organization\",\"name\":\"Ace Football\",\"url\":\"https:\/\/acefootball.com\/da\/\",\"sameAs\":[\"https:\/\/www.facebook.com\/acefootballdk\"],\"logo\":{\"@type\":\"ImageObject\",\"@id\":\"https:\/\/acefootball.com\/da\/#logo\",\"inLanguage\":\"en-US\",\"url\":\"https:\/\/acefootball.com\/da\/wp-content\/uploads\/sites\/2\/2020\/07\/Ace-Football-30-07-2020-2.png\",\"contentUrl\":\"https:\/\/acefootball.com\/da\/wp-content\/uploads\/sites\/2\/2020\/07\/Ace-Football-30-07-2020-2.png\",\"width\":1200,\"height\":600,\"caption\":\"Ace Football\"},\"image\":{\"@id\":\"https:\/\/acefootball.com\/da\/#logo\"}},{\"@type\":\"WebSite\",\"@id\":\"https:\/\/acefootball.com\/da\/#website\",\"url\":\"https:\/\/acefootball.com\/da\/\",\"name\":\"Ace Football Danmark\",\"description\":\"Nyheder, Spiltips &amp; Livescore\",\"publisher\":{\"@id\":\"https:\/\/acefootball.com\/da\/#organization\"},\"potentialAction\":[{\"@type\":\"SearchAction\",\"target\":{\"@type\":\"EntryPoint\",\"urlTemplate\":\"https:\/\/acefootball.com\/da\/?s={search_term_string}\"},\"query-input\":\"required name=search_term_string\"}],\"inLanguage\":\"en-US\"},{\"@type\":\"ImageObject\",\"@id\":\"https:\/\/acefootball.com\/da\/fodboldnyheder\/benfica-traener-gaar-mod-stroemmen-efter-racisme-anklager\/#primaryimage\",\"inLanguage\":\"en-US\",\"url\":\"https:\/\/acefootball.com\/da\/wp-content\/uploads\/sites\/2\/2020\/12\/Copy-of-Ace-3-6.jpg\",\"contentUrl\":\"https:\/\/acefootball.com\/da\/wp-content\/uploads\/sites\/2\/2020\/12\/Copy-of-Ace-3-6.jpg\",\"width\":1920,\"height\":1008},{\"@type\":\"WebPage\",\"@id\":\"https:\/\/acefootball.com\/da\/fodboldnyheder\/benfica-traener-gaar-mod-stroemmen-efter-racisme-anklager\/#webpage\",\"url\":\"https:\/\/acefootball.com\/da\/fodboldnyheder\/benfica-traener-gaar-mod-stroemmen-efter-racisme-anklager\/\",\"name\":\"Benfica-tr\u00e6ner g\u00e5r mod str\u00f8mmen efter racisme-anklager\",\"isPartOf\":{\"@id\":\"https:\/\/acefootball.com\/da\/#website\"},\"primaryImageOfPage\":{\"@id\":\"https:\/\/acefootball.com\/da\/fodboldnyheder\/benfica-traener-gaar-mod-stroemmen-efter-racisme-anklager\/#primaryimage\"},\"datePublished\":\"2020-12-09T17:41:35+00:00\",\"dateModified\":\"2020-12-09T17:44:17+00:00\",\"description\":\"Benficas cheftr\u00e6ner Jorge Jesus er en af de f\u00e5, der ikke ubetinget st\u00f8tter afbrydelsen af g\u00e5rsdagens kamp mellem PSG og Basaksehir\",\"breadcrumb\":{\"@id\":\"https:\/\/acefootball.com\/da\/fodboldnyheder\/benfica-traener-gaar-mod-stroemmen-efter-racisme-anklager\/#breadcrumb\"},\"inLanguage\":\"en-US\",\"potentialAction\":[{\"@type\":\"ReadAction\",\"target\":[\"https:\/\/acefootball.com\/da\/fodboldnyheder\/benfica-traener-gaar-mod-stroemmen-efter-racisme-anklager\/\"]}]},{\"@type\":\"BreadcrumbList\",\"@id\":\"https:\/\/acefootball.com\/da\/fodboldnyheder\/benfica-traener-gaar-mod-stroemmen-efter-racisme-anklager\/#breadcrumb\",\"itemListElement\":[{\"@type\":\"ListItem\",\"position\":1,\"name\":\"Home\",\"item\":\"https:\/\/acefootball.com\/da\/\"},{\"@type\":\"ListItem\",\"position\":2,\"name\":\"Benfica-tr\u00e6ner g\u00e5r mod str\u00f8mmen efter racisme-anklager\"}]},{\"@type\":\"Article\",\"@id\":\"https:\/\/acefootball.com\/da\/fodboldnyheder\/benfica-traener-gaar-mod-stroemmen-efter-racisme-anklager\/#article\",\"isPartOf\":{\"@id\":\"https:\/\/acefootball.com\/da\/fodboldnyheder\/benfica-traener-gaar-mod-stroemmen-efter-racisme-anklager\/#webpage\"},\"author\":{\"@id\":\"https:\/\/acefootball.com\/da\/#\/schema\/person\/ee67e9cf04a276f144100ffa722f10cd\"},\"headline\":\"Benfica-tr\u00e6ner g\u00e5r mod str\u00f8mmen efter racisme-anklager\",\"datePublished\":\"2020-12-09T17:41:35+00:00\",\"dateModified\":\"2020-12-09T17:44:17+00:00\",\"mainEntityOfPage\":{\"@id\":\"https:\/\/acefootball.com\/da\/fodboldnyheder\/benfica-traener-gaar-mod-stroemmen-efter-racisme-anklager\/#webpage\"},\"wordCount\":254,\"commentCount\":0,\"publisher\":{\"@id\":\"https:\/\/acefootball.com\/da\/#organization\"},\"image\":{\"@id\":\"https:\/\/acefootball.com\/da\/fodboldnyheder\/benfica-traener-gaar-mod-stroemmen-efter-racisme-anklager\/#primaryimage\"},\"thumbnailUrl\":\"https:\/\/acefootball.com\/da\/wp-content\/uploads\/sites\/2\/2020\/12\/Untitled-design-1-2.jpg\",\"keywords\":[\"Basaksehir\",\"Champions League\",\"Paris Saint-Germain\",\"Primeira Liga\",\"SL Benfica\"],\"articleSection\":[\"Udtalelse\"],\"inLanguage\":\"en-US\",\"potentialAction\":[{\"@type\":\"CommentAction\",\"name\":\"Comment\",\"target\":[\"https:\/\/acefootball.com\/da\/fodboldnyheder\/benfica-traener-gaar-mod-stroemmen-efter-racisme-anklager\/#respond\"]}]},{\"@type\":\"Person\",\"@id\":\"https:\/\/acefootball.com\/da\/#\/schema\/person\/ee67e9cf04a276f144100ffa722f10cd\",\"name\":\"Mads Dreyer\",\"image\":{\"@type\":\"ImageObject\",\"@id\":\"https:\/\/acefootball.com\/da\/#personlogo\",\"inLanguage\":\"en-US\",\"url\":\"https:\/\/secure.gravatar.com\/avatar\/7c7abf72cfde9902b6a60efe60c88d4c?s=96&d=mm&r=g\",\"contentUrl\":\"https:\/\/secure.gravatar.com\/avatar\/7c7abf72cfde9902b6a60efe60c88d4c?s=96&d=mm&r=g\",\"caption\":\"Mads Dreyer\"},\"description\":\"Skribent og fodboldn\u00f8rd, der lige nu fort\u00e6ller om alt og intet i fodboldverdenen p\u00e5 acefootball.com. Uddannet i kommunikation fra Aalborg Universitet.\",\"sameAs\":[\"https:\/\/www.linkedin.com\/in\/mads-dreyer-b9b08266\/\"],\"url\":\"https:\/\/acefootball.com\/da\/fodboldnyheder\/author\/mdnronaldo\/\"}]}<\/script>\n<!-- \/ Yoast SEO plugin. -->","yoast_head_json":{"title":"Benfica-tr\u00e6ner g\u00e5r mod str\u00f8mmen efter racisme-anklager","description":"Benficas cheftr\u00e6ner Jorge Jesus er en af de f\u00e5, der ikke ubetinget st\u00f8tter afbrydelsen af g\u00e5rsdagens kamp mellem PSG og Basaksehir","robots":{"index":"index","follow":"follow","max-snippet":"max-snippet:-1","max-image-preview":"max-image-preview:large","max-video-preview":"max-video-preview:-1"},"canonical":"https:\/\/acefootball.com\/da\/fodboldnyheder\/benfica-traener-gaar-mod-stroemmen-efter-racisme-anklager\/","og_locale":"en_US","og_type":"article","og_title":"Benfica-tr\u00e6ner g\u00e5r mod str\u00f8mmen efter racisme-anklager","og_description":"Benficas cheftr\u00e6ner Jorge Jesus er en af de f\u00e5, der ikke ubetinget st\u00f8tter afbrydelsen af g\u00e5rsdagens kamp mellem PSG og Basaksehir","og_url":"https:\/\/acefootball.com\/da\/fodboldnyheder\/benfica-traener-gaar-mod-stroemmen-efter-racisme-anklager\/","og_site_name":"Ace Football Danmark","article_publisher":"https:\/\/www.facebook.com\/acefootballdk","article_published_time":"2020-12-09T17:41:35+00:00","article_modified_time":"2020-12-09T17:44:17+00:00","og_image":[{"width":1920,"height":1008,"url":"https:\/\/acefootball.com\/da\/wp-content\/uploads\/sites\/2\/2020\/12\/Copy-of-Ace-3-6.jpg","type":"image\/jpeg"}],"twitter_card":"summary_large_image","twitter_misc":{"Written by":"Mads Dreyer","Est. reading time":"1 minute"},"schema":{"@context":"https:\/\/schema.org","@graph":[{"@type":"Organization","@id":"https:\/\/acefootball.com\/da\/#organization","name":"Ace Football","url":"https:\/\/acefootball.com\/da\/","sameAs":["https:\/\/www.facebook.com\/acefootballdk"],"logo":{"@type":"ImageObject","@id":"https:\/\/acefootball.com\/da\/#logo","inLanguage":"en-US","url":"https:\/\/acefootball.com\/da\/wp-content\/uploads\/sites\/2\/2020\/07\/Ace-Football-30-07-2020-2.png","contentUrl":"https:\/\/acefootball.com\/da\/wp-content\/uploads\/sites\/2\/2020\/07\/Ace-Football-30-07-2020-2.png","width":1200,"height":600,"caption":"Ace Football"},"image":{"@id":"https:\/\/acefootball.com\/da\/#logo"}},{"@type":"WebSite","@id":"https:\/\/acefootball.com\/da\/#website","url":"https:\/\/acefootball.com\/da\/","name":"Ace Football Danmark","description":"Nyheder, Spiltips &amp; Livescore","publisher":{"@id":"https:\/\/acefootball.com\/da\/#organization"},"potentialAction":[{"@type":"SearchAction","target":{"@type":"EntryPoint","urlTemplate":"https:\/\/acefootball.com\/da\/?s={search_term_string}"},"query-input":"required name=search_term_string"}],"inLanguage":"en-US"},{"@type":"ImageObject","@id":"https:\/\/acefootball.com\/da\/fodboldnyheder\/benfica-traener-gaar-mod-stroemmen-efter-racisme-anklager\/#primaryimage","inLanguage":"en-US","url":"https:\/\/acefootball.com\/da\/wp-content\/uploads\/sites\/2\/2020\/12\/Copy-of-Ace-3-6.jpg","contentUrl":"https:\/\/acefootball.com\/da\/wp-content\/uploads\/sites\/2\/2020\/12\/Copy-of-Ace-3-6.jpg","width":1920,"height":1008},{"@type":"WebPage","@id":"https:\/\/acefootball.com\/da\/fodboldnyheder\/benfica-traener-gaar-mod-stroemmen-efter-racisme-anklager\/#webpage","url":"https:\/\/acefootball.com\/da\/fodboldnyheder\/benfica-traener-gaar-mod-stroemmen-efter-racisme-anklager\/","name":"Benfica-tr\u00e6ner g\u00e5r mod str\u00f8mmen efter racisme-anklager","isPartOf":{"@id":"https:\/\/acefootball.com\/da\/#website"},"primaryImageOfPage":{"@id":"https:\/\/acefootball.com\/da\/fodboldnyheder\/benfica-traener-gaar-mod-stroemmen-efter-racisme-anklager\/#primaryimage"},"datePublished":"2020-12-09T17:41:35+00:00","dateModified":"2020-12-09T17:44:17+00:00","description":"Benficas cheftr\u00e6ner Jorge Jesus er en af de f\u00e5, der ikke ubetinget st\u00f8tter afbrydelsen af g\u00e5rsdagens kamp mellem PSG og Basaksehir","breadcrumb":{"@id":"https:\/\/acefootball.com\/da\/fodboldnyheder\/benfica-traener-gaar-mod-stroemmen-efter-racisme-anklager\/#breadcrumb"},"inLanguage":"en-US","potentialAction":[{"@type":"ReadAction","target":["https:\/\/acefootball.com\/da\/fodboldnyheder\/benfica-traener-gaar-mod-stroemmen-efter-racisme-anklager\/"]}]},{"@type":"BreadcrumbList","@id":"https:\/\/acefootball.com\/da\/fodboldnyheder\/benfica-traener-gaar-mod-stroemmen-efter-racisme-anklager\/#breadcrumb","itemListElement":[{"@type":"ListItem","position":1,"name":"Home","item":"https:\/\/acefootball.com\/da\/"},{"@type":"ListItem","position":2,"name":"Benfica-tr\u00e6ner g\u00e5r mod str\u00f8mmen efter racisme-anklager"}]},{"@type":"Article","@id":"https:\/\/acefootball.com\/da\/fodboldnyheder\/benfica-traener-gaar-mod-stroemmen-efter-racisme-anklager\/#article","isPartOf":{"@id":"https:\/\/acefootball.com\/da\/fodboldnyheder\/benfica-traener-gaar-mod-stroemmen-efter-racisme-anklager\/#webpage"},"author":{"@id":"https:\/\/acefootball.com\/da\/#\/schema\/person\/ee67e9cf04a276f144100ffa722f10cd"},"headline":"Benfica-tr\u00e6ner g\u00e5r mod str\u00f8mmen efter racisme-anklager","datePublished":"2020-12-09T17:41:35+00:00","dateModified":"2020-12-09T17:44:17+00:00","mainEntityOfPage":{"@id":"https:\/\/acefootball.com\/da\/fodboldnyheder\/benfica-traener-gaar-mod-stroemmen-efter-racisme-anklager\/#webpage"},"wordCount":254,"commentCount":0,"publisher":{"@id":"https:\/\/acefootball.com\/da\/#organization"},"image":{"@id":"https:\/\/acefootball.com\/da\/fodboldnyheder\/benfica-traener-gaar-mod-stroemmen-efter-racisme-anklager\/#primaryimage"},"thumbnailUrl":"https:\/\/acefootball.com\/da\/wp-content\/uploads\/sites\/2\/2020\/12\/Untitled-design-1-2.jpg","keywords":["Basaksehir","Champions League","Paris Saint-Germain","Primeira Liga","SL Benfica"],"articleSection":["Udtalelse"],"inLanguage":"en-US","potentialAction":[{"@type":"CommentAction","name":"Comment","target":["https:\/\/acefootball.com\/da\/fodboldnyheder\/benfica-traener-gaar-mod-stroemmen-efter-racisme-anklager\/#respond"]}]},{"@type":"Person","@id":"https:\/\/acefootball.com\/da\/#\/schema\/person\/ee67e9cf04a276f144100ffa722f10cd","name":"Mads Dreyer","image":{"@type":"ImageObject","@id":"https:\/\/acefootball.com\/da\/#personlogo","inLanguage":"en-US","url":"https:\/\/secure.gravatar.com\/avatar\/7c7abf72cfde9902b6a60efe60c88d4c?s=96&d=mm&r=g","contentUrl":"https:\/\/secure.gravatar.com\/avatar\/7c7abf72cfde9902b6a60efe60c88d4c?s=96&d=mm&r=g","caption":"Mads Dreyer"},"description":"Skribent og fodboldn\u00f8rd, der lige nu fort\u00e6ller om alt og intet i fodboldverdenen p\u00e5 acefootball.com. Uddannet i kommunikation fra Aalborg Universitet.","sameAs":["https:\/\/www.linkedin.com\/in\/mads-dreyer-b9b08266\/"],"url":"https:\/\/acefootball.com\/da\/fodboldnyheder\/author\/mdnronaldo\/"}]}},"fimg_url":"https:\/\/acefootball.com\/da\/wp-content\/uploads\/sites\/2\/2020\/12\/Untitled-design-1-2.jpg","_links":{"self":[{"href":"https:\/\/acefootball.com\/da\/wp-json\/wp\/v2\/posts\/246019"}],"collection":[{"href":"https:\/\/acefootball.com\/da\/wp-json\/wp\/v2\/posts"}],"about":[{"href":"https:\/\/acefootball.com\/da\/wp-json\/wp\/v2\/types\/post"}],"author":[{"embeddable":true,"href":"https:\/\/acefootball.com\/da\/wp-json\/wp\/v2\/users\/705"}],"replies":[{"embeddable":true,"href":"https:\/\/acefootball.com\/da\/wp-json\/wp\/v2\/comments?post=246019"}],"version-history":[{"count":0,"href":"https:\/\/acefootball.com\/da\/wp-json\/wp\/v2\/posts\/246019\/revisions"}],"wp:featuredmedia":[{"embeddable":true,"href":"https:\/\/acefootball.com\/da\/wp-json\/wp\/v2\/media\/246022"}],"wp:attachment":[{"href":"https:\/\/acefootball.com\/da\/wp-json\/wp\/v2\/media?parent=246019"}],"wp:term":[{"taxonomy":"category","embeddable":true,"href":"https:\/\/acefootball.com\/da\/wp-json\/wp\/v2\/categories?post=246019"},{"taxonomy":"post_tag","embeddable":true,"href":"https:\/\/acefootball.com\/da\/wp-json\/wp\/v2\/tags?post=246019"}],"curies":[{"name":"wp","href":"https:\/\/api.w.org\/{rel}","templated":true}]}}