{"id":246007,"date":"2020-12-09T16:29:02","date_gmt":"2020-12-09T15:29:02","guid":{"rendered":"https:\/\/acefootball.com\/da\/?p=246007"},"modified":"2020-12-09T16:32:04","modified_gmt":"2020-12-09T15:32:04","slug":"problemerne-fortsaetter-koeman-er-ved-at-tabe-omklaedningsrummet","status":"publish","type":"post","link":"https:\/\/acefootball.com\/da\/fodboldnyheder\/problemerne-fortsaetter-koeman-er-ved-at-tabe-omklaedningsrummet\/","title":{"rendered":"Problemerne forts\u00e6tter: Koeman er ved at tabe omkl\u00e6dningsrummet"},"content":{"rendered":"\n<h2 id=\"h-der-er-en-stigende-utilfredshed-blandt-barcelona-spillerne-med-cheftr-ner-ronald-koeman-beretter-det-lokale-medie-sport\">Der er en stigende utilfredshed blandt Barcelona-spillerne med cheftr\u00e6ner Ronald Koeman, beretter det lokale medie Sport<\/h2>\n\n\n\n<div class=\"wp-block-si-widget wp-block-si-widget--center\"><si-lb-widget widget-id=\"MatchInfoWithOdds\" data-nopadding=\"true\" data-card=\"true\" width=\"440\" data-event-id=\"3462016\" data-theme-appearance=\"dark\"><\/si-lb-widget><\/div>\n\n\n\n<p>FC Barcelona satte f\u00f8rstepladsen i Champions Leagues gruppe G over styr, da man tabte med hele 0-3 p\u00e5 hjemmebane til Juventus.<\/p>\n\n\n\n<p>Det var dog blot endnu en tilf\u00f8jelse af en lang r\u00e6kke svipsere i denne s\u00e6son, der ogs\u00e5 efterlader den kriseramte storklub i alvorlige problemer i den hjemlige La Liga.<\/p>\n\n\n\n<p>Fyringen af Quique Seti\u00e9n og ans\u00e6ttelsen af Ronald Koeman har fortsat ikke haft den \u00f8nskede effekt, og nu berettes der om en ulmende uro i spillertruppen.<\/p>\n\n\n\n<p>Barcelona-avisen <a href=\"https:\/\/www.sport.es\/es\/noticias\/barca\/voces-criticas-del-vestuario-sistema-koeman-8235320\" target=\"_blank\" rel=\"noreferrer noopener\">Sport <\/a>skriver s\u00e5ledes, at interne kilder i klubben kan fort\u00e6lle om en stigende utilfredshed med holl\u00e6nderens taktik blandt en gruppe spillere.<\/p>\n\n\n\n<figure class=\"wp-block-embed-wordpress wp-block-embed is-type-wp-embed is-provider-ace-football-danmark\"><div class=\"wp-block-embed__wrapper\">\n<blockquote class=\"wp-embedded-content\" data-secret=\"1wJnDlYVDC\"><a href=\"https:\/\/acefootball.com\/da\/fodboldnyheder\/journalist-saver-barca-stopper-haaber-at-han-faar-et-polititilhold-paa-100-km-fra-camp-nou\/\">Journalist saver Barca-stopper: H\u00e5ber, at han f\u00e5r et polititilhold p\u00e5 100 km fra Camp Nou<\/a><\/blockquote><iframe class=\"wp-embedded-content\" sandbox=\"allow-scripts\" security=\"restricted\" style=\"position: absolute; clip: rect(1px, 1px, 1px, 1px);\" title=\"&#8220;Journalist saver Barca-stopper: H\u00e5ber, at han f\u00e5r et polititilhold p\u00e5 100 km fra Camp Nou&#8221; &#8212; Ace Football Danmark\" src=\"https:\/\/acefootball.com\/da\/fodboldnyheder\/journalist-saver-barca-stopper-haaber-at-han-faar-et-polititilhold-paa-100-km-fra-camp-nou\/embed\/#?secret=1wJnDlYVDC\" data-secret=\"1wJnDlYVDC\" width=\"600\" height=\"338\" frameborder=\"0\" marginwidth=\"0\" marginheight=\"0\" scrolling=\"no\"><\/iframe>\n<\/div><\/figure>\n\n\n\n<p>Kritikken g\u00e5r efter sigende p\u00e5, at spillerne ikke f\u00f8ler sig tilpasse i den 4-2-3-1-formation, som Koeman har viet sig til, i mods\u00e6tning til 4-3-3, som i mange \u00e5r har gennemsyret klubben.<\/p>\n\n\n\n<p>Med den nuv\u00e6rende formation bliver der efterladt for store rum p\u00e5 midten af banen, da der b\u00e5de angribes og forsvares med fire spillere, mens de to midtbanespillere st\u00e5r med en h\u00e5bl\u00f8s opgave om at d\u00e6kke resten af banen.<\/p>\n\n\n\n<p>Der skulle dog ikke v\u00e6re nogen problemer med Koemans m\u00e5de at h\u00e5ndtere spillerne p\u00e5. Kritikken er udelukkende sportslig.<\/p>\n","protected":false},"excerpt":{"rendered":"<p>Der er en stigende utilfredshed blandt Barcelona-spillerne med cheftr\u00e6ner Ronald Koeman, beretter det lokale medie Sport<\/p>\n","protected":false},"author":705,"featured_media":234579,"comment_status":"open","ping_status":"closed","sticky":false,"template":"","format":"standard","meta":{"om_disable_all_campaigns":false,"push_articles_ronaldo":{"active":false,"canonical":0,"publish":false},"force_updates":null},"categories":[1],"tags":[206,41,303,847],"enet_tags":{"league":["42","87"],"team":["8634"],"sport_events":[3462016]},"yoast_head":"<!-- This site is optimized with the Yoast SEO plugin v18.3 - https:\/\/yoast.com\/wordpress\/plugins\/seo\/ -->\n<title>Problemerne forts\u00e6tter: Koeman er ved at tabe omkl\u00e6dningsrummet<\/title>\n<meta name=\"description\" content=\"Der er en stigende utilfredshed blandt Barcelona-spillerne med cheftr\u00e6ner Ronald Koeman, beretter det lokale medie Sport\" \/>\n<meta name=\"robots\" content=\"index, follow, max-snippet:-1, max-image-preview:large, max-video-preview:-1\" \/>\n<link rel=\"canonical\" href=\"https:\/\/acefootball.com\/da\/fodboldnyheder\/problemerne-fortsaetter-koeman-er-ved-at-tabe-omklaedningsrummet\/\" \/>\n<meta property=\"og:locale\" content=\"en_US\" \/>\n<meta property=\"og:type\" content=\"article\" \/>\n<meta property=\"og:title\" content=\"Problemerne forts\u00e6tter: Koeman er ved at tabe omkl\u00e6dningsrummet\" \/>\n<meta property=\"og:description\" content=\"Der er en stigende utilfredshed blandt Barcelona-spillerne med cheftr\u00e6ner Ronald Koeman, beretter det lokale medie Sport\" \/>\n<meta property=\"og:url\" content=\"https:\/\/acefootball.com\/da\/fodboldnyheder\/problemerne-fortsaetter-koeman-er-ved-at-tabe-omklaedningsrummet\/\" \/>\n<meta property=\"og:site_name\" content=\"Ace Football Danmark\" \/>\n<meta property=\"article:publisher\" content=\"https:\/\/www.facebook.com\/acefootballdk\" \/>\n<meta property=\"article:published_time\" content=\"2020-12-09T15:29:02+00:00\" \/>\n<meta property=\"article:modified_time\" content=\"2020-12-09T15:32:04+00:00\" \/>\n<meta property=\"og:image\" content=\"https:\/\/acefootball.com\/da\/wp-content\/uploads\/sites\/2\/2020\/12\/Copy-of-Ace-17.jpg\" \/>\n\t<meta property=\"og:image:width\" content=\"1920\" \/>\n\t<meta property=\"og:image:height\" content=\"1008\" \/>\n\t<meta property=\"og:image:type\" content=\"image\/jpeg\" \/>\n<meta name=\"twitter:card\" content=\"summary_large_image\" \/>\n<meta name=\"twitter:label1\" content=\"Written by\" \/>\n\t<meta name=\"twitter:data1\" content=\"Mads Dreyer\" \/>\n\t<meta name=\"twitter:label2\" content=\"Est. reading time\" \/>\n\t<meta name=\"twitter:data2\" content=\"1 minute\" \/>\n<script type=\"application\/ld+json\" class=\"yoast-schema-graph\">{\"@context\":\"https:\/\/schema.org\",\"@graph\":[{\"@type\":\"Organization\",\"@id\":\"https:\/\/acefootball.com\/da\/#organization\",\"name\":\"Ace Football\",\"url\":\"https:\/\/acefootball.com\/da\/\",\"sameAs\":[\"https:\/\/www.facebook.com\/acefootballdk\"],\"logo\":{\"@type\":\"ImageObject\",\"@id\":\"https:\/\/acefootball.com\/da\/#logo\",\"inLanguage\":\"en-US\",\"url\":\"https:\/\/acefootball.com\/da\/wp-content\/uploads\/sites\/2\/2020\/07\/Ace-Football-30-07-2020-2.png\",\"contentUrl\":\"https:\/\/acefootball.com\/da\/wp-content\/uploads\/sites\/2\/2020\/07\/Ace-Football-30-07-2020-2.png\",\"width\":1200,\"height\":600,\"caption\":\"Ace Football\"},\"image\":{\"@id\":\"https:\/\/acefootball.com\/da\/#logo\"}},{\"@type\":\"WebSite\",\"@id\":\"https:\/\/acefootball.com\/da\/#website\",\"url\":\"https:\/\/acefootball.com\/da\/\",\"name\":\"Ace Football Danmark\",\"description\":\"Nyheder, Spiltips &amp; Livescore\",\"publisher\":{\"@id\":\"https:\/\/acefootball.com\/da\/#organization\"},\"potentialAction\":[{\"@type\":\"SearchAction\",\"target\":{\"@type\":\"EntryPoint\",\"urlTemplate\":\"https:\/\/acefootball.com\/da\/?s={search_term_string}\"},\"query-input\":\"required name=search_term_string\"}],\"inLanguage\":\"en-US\"},{\"@type\":\"ImageObject\",\"@id\":\"https:\/\/acefootball.com\/da\/fodboldnyheder\/problemerne-fortsaetter-koeman-er-ved-at-tabe-omklaedningsrummet\/#primaryimage\",\"inLanguage\":\"en-US\",\"url\":\"https:\/\/acefootball.com\/da\/wp-content\/uploads\/sites\/2\/2020\/12\/Copy-of-Ace-17.jpg\",\"contentUrl\":\"https:\/\/acefootball.com\/da\/wp-content\/uploads\/sites\/2\/2020\/12\/Copy-of-Ace-17.jpg\",\"width\":1920,\"height\":1008},{\"@type\":\"WebPage\",\"@id\":\"https:\/\/acefootball.com\/da\/fodboldnyheder\/problemerne-fortsaetter-koeman-er-ved-at-tabe-omklaedningsrummet\/#webpage\",\"url\":\"https:\/\/acefootball.com\/da\/fodboldnyheder\/problemerne-fortsaetter-koeman-er-ved-at-tabe-omklaedningsrummet\/\",\"name\":\"Problemerne forts\u00e6tter: Koeman er ved at tabe omkl\u00e6dningsrummet\",\"isPartOf\":{\"@id\":\"https:\/\/acefootball.com\/da\/#website\"},\"primaryImageOfPage\":{\"@id\":\"https:\/\/acefootball.com\/da\/fodboldnyheder\/problemerne-fortsaetter-koeman-er-ved-at-tabe-omklaedningsrummet\/#primaryimage\"},\"datePublished\":\"2020-12-09T15:29:02+00:00\",\"dateModified\":\"2020-12-09T15:32:04+00:00\",\"description\":\"Der er en stigende utilfredshed blandt Barcelona-spillerne med cheftr\u00e6ner Ronald Koeman, beretter det lokale medie Sport\",\"breadcrumb\":{\"@id\":\"https:\/\/acefootball.com\/da\/fodboldnyheder\/problemerne-fortsaetter-koeman-er-ved-at-tabe-omklaedningsrummet\/#breadcrumb\"},\"inLanguage\":\"en-US\",\"potentialAction\":[{\"@type\":\"ReadAction\",\"target\":[\"https:\/\/acefootball.com\/da\/fodboldnyheder\/problemerne-fortsaetter-koeman-er-ved-at-tabe-omklaedningsrummet\/\"]}]},{\"@type\":\"BreadcrumbList\",\"@id\":\"https:\/\/acefootball.com\/da\/fodboldnyheder\/problemerne-fortsaetter-koeman-er-ved-at-tabe-omklaedningsrummet\/#breadcrumb\",\"itemListElement\":[{\"@type\":\"ListItem\",\"position\":1,\"name\":\"Home\",\"item\":\"https:\/\/acefootball.com\/da\/\"},{\"@type\":\"ListItem\",\"position\":2,\"name\":\"Problemerne forts\u00e6tter: Koeman er ved at tabe omkl\u00e6dningsrummet\"}]},{\"@type\":\"Article\",\"@id\":\"https:\/\/acefootball.com\/da\/fodboldnyheder\/problemerne-fortsaetter-koeman-er-ved-at-tabe-omklaedningsrummet\/#article\",\"isPartOf\":{\"@id\":\"https:\/\/acefootball.com\/da\/fodboldnyheder\/problemerne-fortsaetter-koeman-er-ved-at-tabe-omklaedningsrummet\/#webpage\"},\"author\":{\"@id\":\"https:\/\/acefootball.com\/da\/#\/schema\/person\/ee67e9cf04a276f144100ffa722f10cd\"},\"headline\":\"Problemerne forts\u00e6tter: Koeman er ved at tabe omkl\u00e6dningsrummet\",\"datePublished\":\"2020-12-09T15:29:02+00:00\",\"dateModified\":\"2020-12-09T15:32:04+00:00\",\"mainEntityOfPage\":{\"@id\":\"https:\/\/acefootball.com\/da\/fodboldnyheder\/problemerne-fortsaetter-koeman-er-ved-at-tabe-omklaedningsrummet\/#webpage\"},\"wordCount\":244,\"commentCount\":0,\"publisher\":{\"@id\":\"https:\/\/acefootball.com\/da\/#organization\"},\"image\":{\"@id\":\"https:\/\/acefootball.com\/da\/fodboldnyheder\/problemerne-fortsaetter-koeman-er-ved-at-tabe-omklaedningsrummet\/#primaryimage\"},\"thumbnailUrl\":\"https:\/\/acefootball.com\/da\/wp-content\/uploads\/sites\/2\/2020\/08\/GettyImages-1173283798.jpg\",\"keywords\":[\"Champions League\",\"FC Barcelona\",\"La Liga\",\"Ronald Koeman\"],\"articleSection\":[\"Nyhed\"],\"inLanguage\":\"en-US\",\"potentialAction\":[{\"@type\":\"CommentAction\",\"name\":\"Comment\",\"target\":[\"https:\/\/acefootball.com\/da\/fodboldnyheder\/problemerne-fortsaetter-koeman-er-ved-at-tabe-omklaedningsrummet\/#respond\"]}]},{\"@type\":\"Person\",\"@id\":\"https:\/\/acefootball.com\/da\/#\/schema\/person\/ee67e9cf04a276f144100ffa722f10cd\",\"name\":\"Mads Dreyer\",\"image\":{\"@type\":\"ImageObject\",\"@id\":\"https:\/\/acefootball.com\/da\/#personlogo\",\"inLanguage\":\"en-US\",\"url\":\"https:\/\/secure.gravatar.com\/avatar\/7c7abf72cfde9902b6a60efe60c88d4c?s=96&d=mm&r=g\",\"contentUrl\":\"https:\/\/secure.gravatar.com\/avatar\/7c7abf72cfde9902b6a60efe60c88d4c?s=96&d=mm&r=g\",\"caption\":\"Mads Dreyer\"},\"description\":\"Skribent og fodboldn\u00f8rd, der lige nu fort\u00e6ller om alt og intet i fodboldverdenen p\u00e5 acefootball.com. Uddannet i kommunikation fra Aalborg Universitet.\",\"sameAs\":[\"https:\/\/www.linkedin.com\/in\/mads-dreyer-b9b08266\/\"],\"url\":\"https:\/\/acefootball.com\/da\/fodboldnyheder\/author\/mdnronaldo\/\"}]}<\/script>\n<!-- \/ Yoast SEO plugin. -->","yoast_head_json":{"title":"Problemerne forts\u00e6tter: Koeman er ved at tabe omkl\u00e6dningsrummet","description":"Der er en stigende utilfredshed blandt Barcelona-spillerne med cheftr\u00e6ner Ronald Koeman, beretter det lokale medie Sport","robots":{"index":"index","follow":"follow","max-snippet":"max-snippet:-1","max-image-preview":"max-image-preview:large","max-video-preview":"max-video-preview:-1"},"canonical":"https:\/\/acefootball.com\/da\/fodboldnyheder\/problemerne-fortsaetter-koeman-er-ved-at-tabe-omklaedningsrummet\/","og_locale":"en_US","og_type":"article","og_title":"Problemerne forts\u00e6tter: Koeman er ved at tabe omkl\u00e6dningsrummet","og_description":"Der er en stigende utilfredshed blandt Barcelona-spillerne med cheftr\u00e6ner Ronald Koeman, beretter det lokale medie Sport","og_url":"https:\/\/acefootball.com\/da\/fodboldnyheder\/problemerne-fortsaetter-koeman-er-ved-at-tabe-omklaedningsrummet\/","og_site_name":"Ace Football Danmark","article_publisher":"https:\/\/www.facebook.com\/acefootballdk","article_published_time":"2020-12-09T15:29:02+00:00","article_modified_time":"2020-12-09T15:32:04+00:00","og_image":[{"width":1920,"height":1008,"url":"https:\/\/acefootball.com\/da\/wp-content\/uploads\/sites\/2\/2020\/12\/Copy-of-Ace-17.jpg","type":"image\/jpeg"}],"twitter_card":"summary_large_image","twitter_misc":{"Written by":"Mads Dreyer","Est. reading time":"1 minute"},"schema":{"@context":"https:\/\/schema.org","@graph":[{"@type":"Organization","@id":"https:\/\/acefootball.com\/da\/#organization","name":"Ace Football","url":"https:\/\/acefootball.com\/da\/","sameAs":["https:\/\/www.facebook.com\/acefootballdk"],"logo":{"@type":"ImageObject","@id":"https:\/\/acefootball.com\/da\/#logo","inLanguage":"en-US","url":"https:\/\/acefootball.com\/da\/wp-content\/uploads\/sites\/2\/2020\/07\/Ace-Football-30-07-2020-2.png","contentUrl":"https:\/\/acefootball.com\/da\/wp-content\/uploads\/sites\/2\/2020\/07\/Ace-Football-30-07-2020-2.png","width":1200,"height":600,"caption":"Ace Football"},"image":{"@id":"https:\/\/acefootball.com\/da\/#logo"}},{"@type":"WebSite","@id":"https:\/\/acefootball.com\/da\/#website","url":"https:\/\/acefootball.com\/da\/","name":"Ace Football Danmark","description":"Nyheder, Spiltips &amp; Livescore","publisher":{"@id":"https:\/\/acefootball.com\/da\/#organization"},"potentialAction":[{"@type":"SearchAction","target":{"@type":"EntryPoint","urlTemplate":"https:\/\/acefootball.com\/da\/?s={search_term_string}"},"query-input":"required name=search_term_string"}],"inLanguage":"en-US"},{"@type":"ImageObject","@id":"https:\/\/acefootball.com\/da\/fodboldnyheder\/problemerne-fortsaetter-koeman-er-ved-at-tabe-omklaedningsrummet\/#primaryimage","inLanguage":"en-US","url":"https:\/\/acefootball.com\/da\/wp-content\/uploads\/sites\/2\/2020\/12\/Copy-of-Ace-17.jpg","contentUrl":"https:\/\/acefootball.com\/da\/wp-content\/uploads\/sites\/2\/2020\/12\/Copy-of-Ace-17.jpg","width":1920,"height":1008},{"@type":"WebPage","@id":"https:\/\/acefootball.com\/da\/fodboldnyheder\/problemerne-fortsaetter-koeman-er-ved-at-tabe-omklaedningsrummet\/#webpage","url":"https:\/\/acefootball.com\/da\/fodboldnyheder\/problemerne-fortsaetter-koeman-er-ved-at-tabe-omklaedningsrummet\/","name":"Problemerne forts\u00e6tter: Koeman er ved at tabe omkl\u00e6dningsrummet","isPartOf":{"@id":"https:\/\/acefootball.com\/da\/#website"},"primaryImageOfPage":{"@id":"https:\/\/acefootball.com\/da\/fodboldnyheder\/problemerne-fortsaetter-koeman-er-ved-at-tabe-omklaedningsrummet\/#primaryimage"},"datePublished":"2020-12-09T15:29:02+00:00","dateModified":"2020-12-09T15:32:04+00:00","description":"Der er en stigende utilfredshed blandt Barcelona-spillerne med cheftr\u00e6ner Ronald Koeman, beretter det lokale medie Sport","breadcrumb":{"@id":"https:\/\/acefootball.com\/da\/fodboldnyheder\/problemerne-fortsaetter-koeman-er-ved-at-tabe-omklaedningsrummet\/#breadcrumb"},"inLanguage":"en-US","potentialAction":[{"@type":"ReadAction","target":["https:\/\/acefootball.com\/da\/fodboldnyheder\/problemerne-fortsaetter-koeman-er-ved-at-tabe-omklaedningsrummet\/"]}]},{"@type":"BreadcrumbList","@id":"https:\/\/acefootball.com\/da\/fodboldnyheder\/problemerne-fortsaetter-koeman-er-ved-at-tabe-omklaedningsrummet\/#breadcrumb","itemListElement":[{"@type":"ListItem","position":1,"name":"Home","item":"https:\/\/acefootball.com\/da\/"},{"@type":"ListItem","position":2,"name":"Problemerne forts\u00e6tter: Koeman er ved at tabe omkl\u00e6dningsrummet"}]},{"@type":"Article","@id":"https:\/\/acefootball.com\/da\/fodboldnyheder\/problemerne-fortsaetter-koeman-er-ved-at-tabe-omklaedningsrummet\/#article","isPartOf":{"@id":"https:\/\/acefootball.com\/da\/fodboldnyheder\/problemerne-fortsaetter-koeman-er-ved-at-tabe-omklaedningsrummet\/#webpage"},"author":{"@id":"https:\/\/acefootball.com\/da\/#\/schema\/person\/ee67e9cf04a276f144100ffa722f10cd"},"headline":"Problemerne forts\u00e6tter: Koeman er ved at tabe omkl\u00e6dningsrummet","datePublished":"2020-12-09T15:29:02+00:00","dateModified":"2020-12-09T15:32:04+00:00","mainEntityOfPage":{"@id":"https:\/\/acefootball.com\/da\/fodboldnyheder\/problemerne-fortsaetter-koeman-er-ved-at-tabe-omklaedningsrummet\/#webpage"},"wordCount":244,"commentCount":0,"publisher":{"@id":"https:\/\/acefootball.com\/da\/#organization"},"image":{"@id":"https:\/\/acefootball.com\/da\/fodboldnyheder\/problemerne-fortsaetter-koeman-er-ved-at-tabe-omklaedningsrummet\/#primaryimage"},"thumbnailUrl":"https:\/\/acefootball.com\/da\/wp-content\/uploads\/sites\/2\/2020\/08\/GettyImages-1173283798.jpg","keywords":["Champions League","FC Barcelona","La Liga","Ronald Koeman"],"articleSection":["Nyhed"],"inLanguage":"en-US","potentialAction":[{"@type":"CommentAction","name":"Comment","target":["https:\/\/acefootball.com\/da\/fodboldnyheder\/problemerne-fortsaetter-koeman-er-ved-at-tabe-omklaedningsrummet\/#respond"]}]},{"@type":"Person","@id":"https:\/\/acefootball.com\/da\/#\/schema\/person\/ee67e9cf04a276f144100ffa722f10cd","name":"Mads Dreyer","image":{"@type":"ImageObject","@id":"https:\/\/acefootball.com\/da\/#personlogo","inLanguage":"en-US","url":"https:\/\/secure.gravatar.com\/avatar\/7c7abf72cfde9902b6a60efe60c88d4c?s=96&d=mm&r=g","contentUrl":"https:\/\/secure.gravatar.com\/avatar\/7c7abf72cfde9902b6a60efe60c88d4c?s=96&d=mm&r=g","caption":"Mads Dreyer"},"description":"Skribent og fodboldn\u00f8rd, der lige nu fort\u00e6ller om alt og intet i fodboldverdenen p\u00e5 acefootball.com. Uddannet i kommunikation fra Aalborg Universitet.","sameAs":["https:\/\/www.linkedin.com\/in\/mads-dreyer-b9b08266\/"],"url":"https:\/\/acefootball.com\/da\/fodboldnyheder\/author\/mdnronaldo\/"}]}},"fimg_url":"https:\/\/acefootball.com\/da\/wp-content\/uploads\/sites\/2\/2020\/08\/GettyImages-1173283798.jpg","_links":{"self":[{"href":"https:\/\/acefootball.com\/da\/wp-json\/wp\/v2\/posts\/246007"}],"collection":[{"href":"https:\/\/acefootball.com\/da\/wp-json\/wp\/v2\/posts"}],"about":[{"href":"https:\/\/acefootball.com\/da\/wp-json\/wp\/v2\/types\/post"}],"author":[{"embeddable":true,"href":"https:\/\/acefootball.com\/da\/wp-json\/wp\/v2\/users\/705"}],"replies":[{"embeddable":true,"href":"https:\/\/acefootball.com\/da\/wp-json\/wp\/v2\/comments?post=246007"}],"version-history":[{"count":0,"href":"https:\/\/acefootball.com\/da\/wp-json\/wp\/v2\/posts\/246007\/revisions"}],"wp:featuredmedia":[{"embeddable":true,"href":"https:\/\/acefootball.com\/da\/wp-json\/wp\/v2\/media\/234579"}],"wp:attachment":[{"href":"https:\/\/acefootball.com\/da\/wp-json\/wp\/v2\/media?parent=246007"}],"wp:term":[{"taxonomy":"category","embeddable":true,"href":"https:\/\/acefootball.com\/da\/wp-json\/wp\/v2\/categories?post=246007"},{"taxonomy":"post_tag","embeddable":true,"href":"https:\/\/acefootball.com\/da\/wp-json\/wp\/v2\/tags?post=246007"}],"curies":[{"name":"wp","href":"https:\/\/api.w.org\/{rel}","templated":true}]}}