{"id":245916,"date":"2020-12-08T22:24:21","date_gmt":"2020-12-08T21:24:21","guid":{"rendered":"https:\/\/acefootball.com\/da\/?p=245916"},"modified":"2020-12-08T22:34:34","modified_gmt":"2020-12-08T21:34:34","slug":"journalist-forklarer-saadan-foregik-racismeepisoden-i-paris","status":"publish","type":"post","link":"https:\/\/acefootball.com\/da\/fodboldnyheder\/journalist-forklarer-saadan-foregik-racismeepisoden-i-paris\/","title":{"rendered":"Journalist forklarer: S\u00e5dan foregik racismeepisoden i Paris"},"content":{"rendered":"\n<h2 id=\"h-den-spanske-journalist-alexis-har-v-ret-direkte-i-kontakt-med-en-basaksehir-spiller-der-har-forklaret-pr-cis-hvad-der-skete\">Den spanske journalist Alexis har v\u00e6ret direkte i kontakt med en Basaksehir-spiller, der har forklaret pr\u00e6cis, hvad der skete <\/h2>\n\n\n\n<p>Kampen mellem Paris Saint-Germain og Basaksehir er stoppet, og alt tyder p\u00e5, at den ikke vil blive taget op igen i aften.<\/p>\n\n\n\n<figure class=\"wp-block-embed-wordpress wp-block-embed is-type-wp-embed is-provider-ace-football-danmark\"><div class=\"wp-block-embed__wrapper\">\n<blockquote class=\"wp-embedded-content\" data-secret=\"S7xuJhahpB\"><a href=\"https:\/\/acefootball.com\/da\/fodboldnyheder\/live-psg-basaksehir-stoppet-grundet-racismeepisode\/\">LIVE: PSG &#8211; Basaksehir stoppet grundet racismeepisode<\/a><\/blockquote><iframe class=\"wp-embedded-content\" sandbox=\"allow-scripts\" security=\"restricted\" style=\"position: absolute; clip: rect(1px, 1px, 1px, 1px);\" title=\"&#8220;LIVE: PSG &#8211; Basaksehir stoppet grundet racismeepisode&#8221; &#8212; Ace Football Danmark\" src=\"https:\/\/acefootball.com\/da\/fodboldnyheder\/live-psg-basaksehir-stoppet-grundet-racismeepisode\/embed\/#?secret=S7xuJhahpB\" data-secret=\"S7xuJhahpB\" width=\"600\" height=\"338\" frameborder=\"0\" marginwidth=\"0\" marginheight=\"0\" scrolling=\"no\"><\/iframe>\n<\/div><\/figure>\n\n\n\n<p>Der har v\u00e6ret mange gisninger omkring, hvad der er sket, og hvad der er blevet sagt. Den spanske journalist Alexis, der g\u00e5r under navnet MisterChip, har v\u00e6ret i kontakt med en anonym spiller fra Basaksehir og informerer om f\u00f8lgende p\u00e5 sin officielle Twitter-konto:<\/p>\n\n\n\n<p>&#8220;Dette er, hvad der skete i Paris (Jeg har f\u00e5et information direkte fra en spiller i Basaksehir,&#8221; skriver Alexis og citerer Basaksehir-spilleren for at forklare f\u00f8lgende:<\/p>\n\n\n\n<p>&#8220;Mange af os protesterede imod et frispark, og fjerdedommeren sagde til hoveddommeren: &#8216;Det er ham den sorte, der skal udvises&#8217; (Basaksehir-assistenttr\u00e6ner, Pierre Webo, red).&#8221; <\/p>\n\n\n\n<figure class=\"wp-block-embed-twitter wp-block-embed is-type-rich is-provider-twitter\"><div class=\"wp-block-embed__wrapper\">\n<blockquote class=\"twitter-tweet\" data-width=\"550\" data-dnt=\"true\"><p lang=\"es\" dir=\"ltr\">Esto es lo que ha pasado en Par\u00eds (la informaci\u00f3n me llega directa de un jugador del Basaksehir): \u201cEst\u00e1bamos varios del equipo protestando una falta en el banquillo y el cuarto \u00e1rbitro le ha dicho al principal: echa al negro\u201d.<\/p>&mdash; MisterChip (Alexis) (@2010MisterChip) <a href=\"https:\/\/twitter.com\/2010MisterChip\/status\/1336410652244635660?ref_src=twsrc%5Etfw\">December 8, 2020<\/a><\/blockquote><script async src=\"https:\/\/platform.twitter.com\/widgets.js\" charset=\"utf-8\"><\/script>\n<\/div><\/figure>\n","protected":false},"excerpt":{"rendered":"<p>Den spanske journalist Alexis har v\u00e6ret direkte i kontakt med en Basaksehir-spiller, der har forklaret pr\u00e6cis, hvad der skete <\/p>\n","protected":false},"author":74,"featured_media":245918,"comment_status":"open","ping_status":"closed","sticky":false,"template":"","format":"standard","meta":{"om_disable_all_campaigns":false,"push_articles_ronaldo":{"active":false,"canonical":0,"publish":false},"force_updates":null},"categories":[8204],"tags":[1133,206,461],"enet_tags":{"team":["1933","9847"],"league":["42"],"sport_events":[]},"yoast_head":"<!-- This site is optimized with the Yoast SEO plugin v18.3 - https:\/\/yoast.com\/wordpress\/plugins\/seo\/ -->\n<title>Journalist forklarer: S\u00e5dan foregik racismeepisoden i Paris<\/title>\n<meta name=\"description\" content=\"Den spanske journalist Alexis har v\u00e6ret direkte i kontakt med en Basaksehir-spiller, der har forklaret pr\u00e6cis, hvad der skete\" \/>\n<meta name=\"robots\" content=\"index, follow, max-snippet:-1, max-image-preview:large, max-video-preview:-1\" \/>\n<link rel=\"canonical\" href=\"https:\/\/acefootball.com\/da\/fodboldnyheder\/journalist-forklarer-saadan-foregik-racismeepisoden-i-paris\/\" \/>\n<meta property=\"og:locale\" content=\"en_US\" \/>\n<meta property=\"og:type\" content=\"article\" \/>\n<meta property=\"og:title\" content=\"Journalist forklarer: S\u00e5dan foregik racismeepisoden i Paris\" \/>\n<meta property=\"og:description\" content=\"Den spanske journalist Alexis har v\u00e6ret direkte i kontakt med en Basaksehir-spiller, der har forklaret pr\u00e6cis, hvad der skete\" \/>\n<meta property=\"og:url\" content=\"https:\/\/acefootball.com\/da\/fodboldnyheder\/journalist-forklarer-saadan-foregik-racismeepisoden-i-paris\/\" \/>\n<meta property=\"og:site_name\" content=\"Ace Football Danmark\" \/>\n<meta property=\"article:publisher\" content=\"https:\/\/www.facebook.com\/acefootballdk\" \/>\n<meta property=\"article:published_time\" content=\"2020-12-08T21:24:21+00:00\" \/>\n<meta property=\"article:modified_time\" content=\"2020-12-08T21:34:34+00:00\" \/>\n<meta property=\"og:image\" content=\"https:\/\/acefootball.com\/da\/wp-content\/uploads\/sites\/2\/2020\/12\/Copy-of-Ace-14.jpg\" \/>\n\t<meta property=\"og:image:width\" content=\"1920\" \/>\n\t<meta property=\"og:image:height\" content=\"1008\" \/>\n\t<meta property=\"og:image:type\" content=\"image\/jpeg\" \/>\n<meta name=\"twitter:card\" content=\"summary_large_image\" \/>\n<meta name=\"twitter:label1\" content=\"Written by\" \/>\n\t<meta name=\"twitter:data1\" content=\"Patrick Hesselb\u00e6k\" \/>\n\t<meta name=\"twitter:label2\" content=\"Est. reading time\" \/>\n\t<meta name=\"twitter:data2\" content=\"1 minute\" \/>\n<script type=\"application\/ld+json\" class=\"yoast-schema-graph\">{\"@context\":\"https:\/\/schema.org\",\"@graph\":[{\"@type\":\"Organization\",\"@id\":\"https:\/\/acefootball.com\/da\/#organization\",\"name\":\"Ace Football\",\"url\":\"https:\/\/acefootball.com\/da\/\",\"sameAs\":[\"https:\/\/www.facebook.com\/acefootballdk\"],\"logo\":{\"@type\":\"ImageObject\",\"@id\":\"https:\/\/acefootball.com\/da\/#logo\",\"inLanguage\":\"en-US\",\"url\":\"https:\/\/acefootball.com\/da\/wp-content\/uploads\/sites\/2\/2020\/07\/Ace-Football-30-07-2020-2.png\",\"contentUrl\":\"https:\/\/acefootball.com\/da\/wp-content\/uploads\/sites\/2\/2020\/07\/Ace-Football-30-07-2020-2.png\",\"width\":1200,\"height\":600,\"caption\":\"Ace Football\"},\"image\":{\"@id\":\"https:\/\/acefootball.com\/da\/#logo\"}},{\"@type\":\"WebSite\",\"@id\":\"https:\/\/acefootball.com\/da\/#website\",\"url\":\"https:\/\/acefootball.com\/da\/\",\"name\":\"Ace Football Danmark\",\"description\":\"Nyheder, Spiltips &amp; Livescore\",\"publisher\":{\"@id\":\"https:\/\/acefootball.com\/da\/#organization\"},\"potentialAction\":[{\"@type\":\"SearchAction\",\"target\":{\"@type\":\"EntryPoint\",\"urlTemplate\":\"https:\/\/acefootball.com\/da\/?s={search_term_string}\"},\"query-input\":\"required name=search_term_string\"}],\"inLanguage\":\"en-US\"},{\"@type\":\"ImageObject\",\"@id\":\"https:\/\/acefootball.com\/da\/fodboldnyheder\/journalist-forklarer-saadan-foregik-racismeepisoden-i-paris\/#primaryimage\",\"inLanguage\":\"en-US\",\"url\":\"https:\/\/acefootball.com\/da\/wp-content\/uploads\/sites\/2\/2020\/12\/Copy-of-Ace-14.jpg\",\"contentUrl\":\"https:\/\/acefootball.com\/da\/wp-content\/uploads\/sites\/2\/2020\/12\/Copy-of-Ace-14.jpg\",\"width\":1920,\"height\":1008},{\"@type\":\"WebPage\",\"@id\":\"https:\/\/acefootball.com\/da\/fodboldnyheder\/journalist-forklarer-saadan-foregik-racismeepisoden-i-paris\/#webpage\",\"url\":\"https:\/\/acefootball.com\/da\/fodboldnyheder\/journalist-forklarer-saadan-foregik-racismeepisoden-i-paris\/\",\"name\":\"Journalist forklarer: S\u00e5dan foregik racismeepisoden i Paris\",\"isPartOf\":{\"@id\":\"https:\/\/acefootball.com\/da\/#website\"},\"primaryImageOfPage\":{\"@id\":\"https:\/\/acefootball.com\/da\/fodboldnyheder\/journalist-forklarer-saadan-foregik-racismeepisoden-i-paris\/#primaryimage\"},\"datePublished\":\"2020-12-08T21:24:21+00:00\",\"dateModified\":\"2020-12-08T21:34:34+00:00\",\"description\":\"Den spanske journalist Alexis har v\u00e6ret direkte i kontakt med en Basaksehir-spiller, der har forklaret pr\u00e6cis, hvad der skete\",\"breadcrumb\":{\"@id\":\"https:\/\/acefootball.com\/da\/fodboldnyheder\/journalist-forklarer-saadan-foregik-racismeepisoden-i-paris\/#breadcrumb\"},\"inLanguage\":\"en-US\",\"potentialAction\":[{\"@type\":\"ReadAction\",\"target\":[\"https:\/\/acefootball.com\/da\/fodboldnyheder\/journalist-forklarer-saadan-foregik-racismeepisoden-i-paris\/\"]}]},{\"@type\":\"BreadcrumbList\",\"@id\":\"https:\/\/acefootball.com\/da\/fodboldnyheder\/journalist-forklarer-saadan-foregik-racismeepisoden-i-paris\/#breadcrumb\",\"itemListElement\":[{\"@type\":\"ListItem\",\"position\":1,\"name\":\"Home\",\"item\":\"https:\/\/acefootball.com\/da\/\"},{\"@type\":\"ListItem\",\"position\":2,\"name\":\"Journalist forklarer: S\u00e5dan foregik racismeepisoden i Paris\"}]},{\"@type\":\"Article\",\"@id\":\"https:\/\/acefootball.com\/da\/fodboldnyheder\/journalist-forklarer-saadan-foregik-racismeepisoden-i-paris\/#article\",\"isPartOf\":{\"@id\":\"https:\/\/acefootball.com\/da\/fodboldnyheder\/journalist-forklarer-saadan-foregik-racismeepisoden-i-paris\/#webpage\"},\"author\":{\"@id\":\"https:\/\/acefootball.com\/da\/#\/schema\/person\/fd6223a1c033400b41da7853ddf88c84\"},\"headline\":\"Journalist forklarer: S\u00e5dan foregik racismeepisoden i Paris\",\"datePublished\":\"2020-12-08T21:24:21+00:00\",\"dateModified\":\"2020-12-08T21:34:34+00:00\",\"mainEntityOfPage\":{\"@id\":\"https:\/\/acefootball.com\/da\/fodboldnyheder\/journalist-forklarer-saadan-foregik-racismeepisoden-i-paris\/#webpage\"},\"wordCount\":162,\"commentCount\":0,\"publisher\":{\"@id\":\"https:\/\/acefootball.com\/da\/#organization\"},\"image\":{\"@id\":\"https:\/\/acefootball.com\/da\/fodboldnyheder\/journalist-forklarer-saadan-foregik-racismeepisoden-i-paris\/#primaryimage\"},\"thumbnailUrl\":\"https:\/\/acefootball.com\/da\/wp-content\/uploads\/sites\/2\/2020\/12\/0_Paris-Saint-Germain-vs-Istanbul-Basaksehir-France-08-Dec-2020.jpg\",\"keywords\":[\"Basaksehir\",\"Champions League\",\"Paris Saint-Germain\"],\"articleSection\":[\"Udtalelse\"],\"inLanguage\":\"en-US\",\"potentialAction\":[{\"@type\":\"CommentAction\",\"name\":\"Comment\",\"target\":[\"https:\/\/acefootball.com\/da\/fodboldnyheder\/journalist-forklarer-saadan-foregik-racismeepisoden-i-paris\/#respond\"]}]},{\"@type\":\"Person\",\"@id\":\"https:\/\/acefootball.com\/da\/#\/schema\/person\/fd6223a1c033400b41da7853ddf88c84\",\"name\":\"Patrick Hesselb\u00e6k\",\"image\":{\"@type\":\"ImageObject\",\"@id\":\"https:\/\/acefootball.com\/da\/#personlogo\",\"inLanguage\":\"en-US\",\"url\":\"https:\/\/secure.gravatar.com\/avatar\/7919060992759bffbffb199d6cbdce6f?s=96&d=mm&r=g\",\"contentUrl\":\"https:\/\/secure.gravatar.com\/avatar\/7919060992759bffbffb199d6cbdce6f?s=96&d=mm&r=g\",\"caption\":\"Patrick Hesselb\u00e6k\"},\"description\":\"Redakt\u00f8r p\u00e5 den danske Ace Football-redaktion. Uddannet i kommunikation fra Aalborg Universitet. Prim\u00e6rt fokus p\u00e5 den danske 3F Superliga og de st\u00f8rste europ\u00e6iske turneringer.\",\"sameAs\":[\"https:\/\/www.linkedin.com\/in\/patrick-hesselbk-2a4b1711a\/\"],\"url\":\"https:\/\/acefootball.com\/da\/fodboldnyheder\/author\/patrickhesselbaek\/\"}]}<\/script>\n<!-- \/ Yoast SEO plugin. -->","yoast_head_json":{"title":"Journalist forklarer: S\u00e5dan foregik racismeepisoden i Paris","description":"Den spanske journalist Alexis har v\u00e6ret direkte i kontakt med en Basaksehir-spiller, der har forklaret pr\u00e6cis, hvad der skete","robots":{"index":"index","follow":"follow","max-snippet":"max-snippet:-1","max-image-preview":"max-image-preview:large","max-video-preview":"max-video-preview:-1"},"canonical":"https:\/\/acefootball.com\/da\/fodboldnyheder\/journalist-forklarer-saadan-foregik-racismeepisoden-i-paris\/","og_locale":"en_US","og_type":"article","og_title":"Journalist forklarer: S\u00e5dan foregik racismeepisoden i Paris","og_description":"Den spanske journalist Alexis har v\u00e6ret direkte i kontakt med en Basaksehir-spiller, der har forklaret pr\u00e6cis, hvad der skete","og_url":"https:\/\/acefootball.com\/da\/fodboldnyheder\/journalist-forklarer-saadan-foregik-racismeepisoden-i-paris\/","og_site_name":"Ace Football Danmark","article_publisher":"https:\/\/www.facebook.com\/acefootballdk","article_published_time":"2020-12-08T21:24:21+00:00","article_modified_time":"2020-12-08T21:34:34+00:00","og_image":[{"width":1920,"height":1008,"url":"https:\/\/acefootball.com\/da\/wp-content\/uploads\/sites\/2\/2020\/12\/Copy-of-Ace-14.jpg","type":"image\/jpeg"}],"twitter_card":"summary_large_image","twitter_misc":{"Written by":"Patrick Hesselb\u00e6k","Est. reading time":"1 minute"},"schema":{"@context":"https:\/\/schema.org","@graph":[{"@type":"Organization","@id":"https:\/\/acefootball.com\/da\/#organization","name":"Ace Football","url":"https:\/\/acefootball.com\/da\/","sameAs":["https:\/\/www.facebook.com\/acefootballdk"],"logo":{"@type":"ImageObject","@id":"https:\/\/acefootball.com\/da\/#logo","inLanguage":"en-US","url":"https:\/\/acefootball.com\/da\/wp-content\/uploads\/sites\/2\/2020\/07\/Ace-Football-30-07-2020-2.png","contentUrl":"https:\/\/acefootball.com\/da\/wp-content\/uploads\/sites\/2\/2020\/07\/Ace-Football-30-07-2020-2.png","width":1200,"height":600,"caption":"Ace Football"},"image":{"@id":"https:\/\/acefootball.com\/da\/#logo"}},{"@type":"WebSite","@id":"https:\/\/acefootball.com\/da\/#website","url":"https:\/\/acefootball.com\/da\/","name":"Ace Football Danmark","description":"Nyheder, Spiltips &amp; Livescore","publisher":{"@id":"https:\/\/acefootball.com\/da\/#organization"},"potentialAction":[{"@type":"SearchAction","target":{"@type":"EntryPoint","urlTemplate":"https:\/\/acefootball.com\/da\/?s={search_term_string}"},"query-input":"required name=search_term_string"}],"inLanguage":"en-US"},{"@type":"ImageObject","@id":"https:\/\/acefootball.com\/da\/fodboldnyheder\/journalist-forklarer-saadan-foregik-racismeepisoden-i-paris\/#primaryimage","inLanguage":"en-US","url":"https:\/\/acefootball.com\/da\/wp-content\/uploads\/sites\/2\/2020\/12\/Copy-of-Ace-14.jpg","contentUrl":"https:\/\/acefootball.com\/da\/wp-content\/uploads\/sites\/2\/2020\/12\/Copy-of-Ace-14.jpg","width":1920,"height":1008},{"@type":"WebPage","@id":"https:\/\/acefootball.com\/da\/fodboldnyheder\/journalist-forklarer-saadan-foregik-racismeepisoden-i-paris\/#webpage","url":"https:\/\/acefootball.com\/da\/fodboldnyheder\/journalist-forklarer-saadan-foregik-racismeepisoden-i-paris\/","name":"Journalist forklarer: S\u00e5dan foregik racismeepisoden i Paris","isPartOf":{"@id":"https:\/\/acefootball.com\/da\/#website"},"primaryImageOfPage":{"@id":"https:\/\/acefootball.com\/da\/fodboldnyheder\/journalist-forklarer-saadan-foregik-racismeepisoden-i-paris\/#primaryimage"},"datePublished":"2020-12-08T21:24:21+00:00","dateModified":"2020-12-08T21:34:34+00:00","description":"Den spanske journalist Alexis har v\u00e6ret direkte i kontakt med en Basaksehir-spiller, der har forklaret pr\u00e6cis, hvad der skete","breadcrumb":{"@id":"https:\/\/acefootball.com\/da\/fodboldnyheder\/journalist-forklarer-saadan-foregik-racismeepisoden-i-paris\/#breadcrumb"},"inLanguage":"en-US","potentialAction":[{"@type":"ReadAction","target":["https:\/\/acefootball.com\/da\/fodboldnyheder\/journalist-forklarer-saadan-foregik-racismeepisoden-i-paris\/"]}]},{"@type":"BreadcrumbList","@id":"https:\/\/acefootball.com\/da\/fodboldnyheder\/journalist-forklarer-saadan-foregik-racismeepisoden-i-paris\/#breadcrumb","itemListElement":[{"@type":"ListItem","position":1,"name":"Home","item":"https:\/\/acefootball.com\/da\/"},{"@type":"ListItem","position":2,"name":"Journalist forklarer: S\u00e5dan foregik racismeepisoden i Paris"}]},{"@type":"Article","@id":"https:\/\/acefootball.com\/da\/fodboldnyheder\/journalist-forklarer-saadan-foregik-racismeepisoden-i-paris\/#article","isPartOf":{"@id":"https:\/\/acefootball.com\/da\/fodboldnyheder\/journalist-forklarer-saadan-foregik-racismeepisoden-i-paris\/#webpage"},"author":{"@id":"https:\/\/acefootball.com\/da\/#\/schema\/person\/fd6223a1c033400b41da7853ddf88c84"},"headline":"Journalist forklarer: S\u00e5dan foregik racismeepisoden i Paris","datePublished":"2020-12-08T21:24:21+00:00","dateModified":"2020-12-08T21:34:34+00:00","mainEntityOfPage":{"@id":"https:\/\/acefootball.com\/da\/fodboldnyheder\/journalist-forklarer-saadan-foregik-racismeepisoden-i-paris\/#webpage"},"wordCount":162,"commentCount":0,"publisher":{"@id":"https:\/\/acefootball.com\/da\/#organization"},"image":{"@id":"https:\/\/acefootball.com\/da\/fodboldnyheder\/journalist-forklarer-saadan-foregik-racismeepisoden-i-paris\/#primaryimage"},"thumbnailUrl":"https:\/\/acefootball.com\/da\/wp-content\/uploads\/sites\/2\/2020\/12\/0_Paris-Saint-Germain-vs-Istanbul-Basaksehir-France-08-Dec-2020.jpg","keywords":["Basaksehir","Champions League","Paris Saint-Germain"],"articleSection":["Udtalelse"],"inLanguage":"en-US","potentialAction":[{"@type":"CommentAction","name":"Comment","target":["https:\/\/acefootball.com\/da\/fodboldnyheder\/journalist-forklarer-saadan-foregik-racismeepisoden-i-paris\/#respond"]}]},{"@type":"Person","@id":"https:\/\/acefootball.com\/da\/#\/schema\/person\/fd6223a1c033400b41da7853ddf88c84","name":"Patrick Hesselb\u00e6k","image":{"@type":"ImageObject","@id":"https:\/\/acefootball.com\/da\/#personlogo","inLanguage":"en-US","url":"https:\/\/secure.gravatar.com\/avatar\/7919060992759bffbffb199d6cbdce6f?s=96&d=mm&r=g","contentUrl":"https:\/\/secure.gravatar.com\/avatar\/7919060992759bffbffb199d6cbdce6f?s=96&d=mm&r=g","caption":"Patrick Hesselb\u00e6k"},"description":"Redakt\u00f8r p\u00e5 den danske Ace Football-redaktion. Uddannet i kommunikation fra Aalborg Universitet. Prim\u00e6rt fokus p\u00e5 den danske 3F Superliga og de st\u00f8rste europ\u00e6iske turneringer.","sameAs":["https:\/\/www.linkedin.com\/in\/patrick-hesselbk-2a4b1711a\/"],"url":"https:\/\/acefootball.com\/da\/fodboldnyheder\/author\/patrickhesselbaek\/"}]}},"fimg_url":"https:\/\/acefootball.com\/da\/wp-content\/uploads\/sites\/2\/2020\/12\/0_Paris-Saint-Germain-vs-Istanbul-Basaksehir-France-08-Dec-2020.jpg","_links":{"self":[{"href":"https:\/\/acefootball.com\/da\/wp-json\/wp\/v2\/posts\/245916"}],"collection":[{"href":"https:\/\/acefootball.com\/da\/wp-json\/wp\/v2\/posts"}],"about":[{"href":"https:\/\/acefootball.com\/da\/wp-json\/wp\/v2\/types\/post"}],"author":[{"embeddable":true,"href":"https:\/\/acefootball.com\/da\/wp-json\/wp\/v2\/users\/74"}],"replies":[{"embeddable":true,"href":"https:\/\/acefootball.com\/da\/wp-json\/wp\/v2\/comments?post=245916"}],"version-history":[{"count":0,"href":"https:\/\/acefootball.com\/da\/wp-json\/wp\/v2\/posts\/245916\/revisions"}],"wp:featuredmedia":[{"embeddable":true,"href":"https:\/\/acefootball.com\/da\/wp-json\/wp\/v2\/media\/245918"}],"wp:attachment":[{"href":"https:\/\/acefootball.com\/da\/wp-json\/wp\/v2\/media?parent=245916"}],"wp:term":[{"taxonomy":"category","embeddable":true,"href":"https:\/\/acefootball.com\/da\/wp-json\/wp\/v2\/categories?post=245916"},{"taxonomy":"post_tag","embeddable":true,"href":"https:\/\/acefootball.com\/da\/wp-json\/wp\/v2\/tags?post=245916"}],"curies":[{"name":"wp","href":"https:\/\/api.w.org\/{rel}","templated":true}]}}