{"id":245909,"date":"2020-12-08T21:43:47","date_gmt":"2020-12-08T20:43:47","guid":{"rendered":"https:\/\/acefootball.com\/da\/?p=245909"},"modified":"2020-12-08T22:05:55","modified_gmt":"2020-12-08T21:05:55","slug":"live-psg-basaksehir-stoppet-grundet-racismeepisode","status":"publish","type":"post","link":"https:\/\/acefootball.com\/da\/fodboldnyheder\/live-psg-basaksehir-stoppet-grundet-racismeepisode\/","title":{"rendered":"LIVE: PSG &#8211; Basaksehir stoppet grundet racismeepisode"},"content":{"rendered":"\n<h2 id=\"h-der-er-et-k-mpe-drama-i-kampen-mellem-psg-og-basaksehir-hvor-fjerdedommeren-anklages-for-racisme\">Der er et k\u00e6mpe drama i kampen mellem PSG og Basaksehir, hvor fjerdedommeren anklages for racisme <\/h2>\n\n\n\n<div class=\"wp-block-si-widget wp-block-si-widget--center\"><si-lb-widget widget-id=\"MatchInfo\" width=\"440\" data-nopadding=\"true\" data-card=\"true\" data-event-id=\"3462210\" data-theme-appearance=\"dark\"><\/si-lb-widget><\/div>\n\n\n\n<p>14 minutter n\u00e5ede Paris Saint-Germain og Basaksehir at spille p\u00e5 Parc des Princes, men nu er kampen afbrudt.<\/p>\n\n\n\n<p> Dette skyldes, at kampens fjerdedommer angiveligt har ytret sig racistisk overfor Basaksehirs assistenttr\u00e6ner, Pierre Webo.<\/p>\n\n\n\n<figure class=\"wp-block-embed-twitter wp-block-embed is-type-rich is-provider-twitter\"><div class=\"wp-block-embed__wrapper\">\n<blockquote class=\"twitter-tweet\" data-width=\"550\" data-dnt=\"true\"><p lang=\"es\" dir=\"ltr\">\u270a\ud83c\udffb\u270a\ud83c\udfff NO TO RACISM | <a href=\"https:\/\/twitter.com\/hashtag\/Respect?src=hash&amp;ref_src=twsrc%5Etfw\">#Respect<\/a> <a href=\"https:\/\/t.co\/Ic1BzfANoi\">pic.twitter.com\/Ic1BzfANoi<\/a><\/p>&mdash; \u0130stanbul Ba\u015fak\u015fehir (@ibfk2014) <a href=\"https:\/\/twitter.com\/ibfk2014\/status\/1336407284029730818?ref_src=twsrc%5Etfw\">December 8, 2020<\/a><\/blockquote><script async src=\"https:\/\/platform.twitter.com\/widgets.js\" charset=\"utf-8\"><\/script>\n<\/div><\/figure>\n\n\n\n<p>Dette fik holdets profil Demba Ba, der i aftenens kamp sad p\u00e5 sidelinjen, til at opfordre sine medspillere til at forlade banen i protest.<\/p>\n\n\n\n<p>Du kan se video fra episoden herunder.<\/p>\n\n\n\n\n        <div class=\"svf-video-single only-video\">\n            <div class=\"svf-video-container svf-embedded embedded\">\n                <script>(function(){const el = document.createElement('iframe');el.allow = 'autoplay';el.frameBorder = '0';el.classList.add('svf-video');el.allowFullscreen = true;document.currentScript.parentNode.style.display = 'none';el.src = \"https:\/\/www.viafree.dk\/embed\/sport\/id\/981c4c87-5c55-45e6-accb-7bbcaa0e3d71?partnerId=a788403f-2c83-488f-adb0-2650ac7278a3\";el.addEventListener( 'load', function(){ this.parentNode.style.display = ''; });document.currentScript.parentNode.insertBefore(el, document.currentScript.nextSibling);})();<\/script>\n                <noscript><iframe allow=\"autoplay\" allowfullscreen frameborder=\"0\" class=\"svf-video\" src=\"https:\/\/www.viafree.dk\/embed\/sport\/id\/981c4c87-5c55-45e6-accb-7bbcaa0e3d71?partnerId=a788403f-2c83-488f-adb0-2650ac7278a3\"><\/iframe><\/noscript>\n            <\/div>\n                    <\/div>\n        \n\n\n\n<p>If\u00f8lge den italienske journalist, Fabrizio Romano, omtalte fjerdedommeren Pierre Webo som &#8220;the black guy&#8221;.<\/p>\n\n\n\n<figure class=\"wp-block-embed-twitter wp-block-embed is-type-rich is-provider-twitter\"><div class=\"wp-block-embed__wrapper\">\n<blockquote class=\"twitter-tweet\" data-width=\"550\" data-dnt=\"true\"><p lang=\"en\" dir=\"ltr\">What a shame in Paris. 4th ref said \u201cthe black guy\u201d when indicating to the ref who should be booked on Istanbul\u2019s bench. Istanbul Basaksehir walks off the pitch for racism. \u201cWhy you call him black man?!\u201d, Istanbul players are literally furious. \ud83d\udd34 <a href=\"https:\/\/twitter.com\/hashtag\/UCL?src=hash&amp;ref_src=twsrc%5Etfw\">#UCL<\/a> <a href=\"https:\/\/twitter.com\/hashtag\/PSGIBFK?src=hash&amp;ref_src=twsrc%5Etfw\">#PSGIBFK<\/a><\/p>&mdash; Fabrizio Romano (@FabrizioRomano) <a href=\"https:\/\/twitter.com\/FabrizioRomano\/status\/1336407775157612546?ref_src=twsrc%5Etfw\">December 8, 2020<\/a><\/blockquote><script async src=\"https:\/\/platform.twitter.com\/widgets.js\" charset=\"utf-8\"><\/script>\n<\/div><\/figure>\n\n\n\n<p><\/p>\n","protected":false},"excerpt":{"rendered":"<p>Der er et k\u00e6mpe drama i kampen mellem PSG og Basaksehir, hvor fjerdedommeren anklages for racisme <\/p>\n","protected":false},"author":74,"featured_media":245913,"comment_status":"open","ping_status":"closed","sticky":false,"template":"","format":"video","meta":{"om_disable_all_campaigns":false,"push_articles_ronaldo":{"active":false,"canonical":0,"publish":false},"force_updates":null},"categories":[8098],"tags":[1133,206,461],"enet_tags":{"team":["1933","9847"],"league":["42"],"sport_events":[3462210]},"yoast_head":"<!-- This site is optimized with the Yoast SEO plugin v18.3 - https:\/\/yoast.com\/wordpress\/plugins\/seo\/ -->\n<title>LIVE: PSG - Basaksehir stoppet grundet racismeepisode<\/title>\n<meta name=\"description\" content=\"Der er et k\u00e6mpe drama i kampen mellem PSG og Basaksehir, hvor fjerdedommeren anklages for racisme\" \/>\n<meta name=\"robots\" content=\"index, follow, max-snippet:-1, max-image-preview:large, max-video-preview:-1\" \/>\n<link rel=\"canonical\" href=\"https:\/\/acefootball.com\/da\/fodboldnyheder\/live-psg-basaksehir-stoppet-grundet-racismeepisode\/\" \/>\n<meta property=\"og:locale\" content=\"en_US\" \/>\n<meta property=\"og:type\" content=\"article\" \/>\n<meta property=\"og:title\" content=\"LIVE: PSG - Basaksehir stoppet grundet racismeepisode\" \/>\n<meta property=\"og:description\" content=\"Der er et k\u00e6mpe drama i kampen mellem PSG og Basaksehir, hvor fjerdedommeren anklages for racisme\" \/>\n<meta property=\"og:url\" content=\"https:\/\/acefootball.com\/da\/fodboldnyheder\/live-psg-basaksehir-stoppet-grundet-racismeepisode\/\" \/>\n<meta property=\"og:site_name\" content=\"Ace Football Danmark\" \/>\n<meta property=\"article:publisher\" content=\"https:\/\/www.facebook.com\/acefootballdk\" \/>\n<meta property=\"article:published_time\" content=\"2020-12-08T20:43:47+00:00\" \/>\n<meta property=\"article:modified_time\" content=\"2020-12-08T21:05:55+00:00\" \/>\n<meta property=\"og:image\" content=\"https:\/\/acefootball.com\/da\/wp-content\/uploads\/sites\/2\/2020\/12\/Ace-24.jpg\" \/>\n\t<meta property=\"og:image:width\" content=\"1920\" \/>\n\t<meta property=\"og:image:height\" content=\"1008\" \/>\n\t<meta property=\"og:image:type\" content=\"image\/jpeg\" \/>\n<meta name=\"twitter:card\" content=\"summary_large_image\" \/>\n<meta name=\"twitter:label1\" content=\"Written by\" \/>\n\t<meta name=\"twitter:data1\" content=\"Patrick Hesselb\u00e6k\" \/>\n\t<meta name=\"twitter:label2\" content=\"Est. reading time\" \/>\n\t<meta name=\"twitter:data2\" content=\"1 minute\" \/>\n<script type=\"application\/ld+json\" class=\"yoast-schema-graph\">{\"@context\":\"https:\/\/schema.org\",\"@graph\":[{\"@type\":\"Organization\",\"@id\":\"https:\/\/acefootball.com\/da\/#organization\",\"name\":\"Ace Football\",\"url\":\"https:\/\/acefootball.com\/da\/\",\"sameAs\":[\"https:\/\/www.facebook.com\/acefootballdk\"],\"logo\":{\"@type\":\"ImageObject\",\"@id\":\"https:\/\/acefootball.com\/da\/#logo\",\"inLanguage\":\"en-US\",\"url\":\"https:\/\/acefootball.com\/da\/wp-content\/uploads\/sites\/2\/2020\/07\/Ace-Football-30-07-2020-2.png\",\"contentUrl\":\"https:\/\/acefootball.com\/da\/wp-content\/uploads\/sites\/2\/2020\/07\/Ace-Football-30-07-2020-2.png\",\"width\":1200,\"height\":600,\"caption\":\"Ace Football\"},\"image\":{\"@id\":\"https:\/\/acefootball.com\/da\/#logo\"}},{\"@type\":\"WebSite\",\"@id\":\"https:\/\/acefootball.com\/da\/#website\",\"url\":\"https:\/\/acefootball.com\/da\/\",\"name\":\"Ace Football Danmark\",\"description\":\"Nyheder, Spiltips &amp; Livescore\",\"publisher\":{\"@id\":\"https:\/\/acefootball.com\/da\/#organization\"},\"potentialAction\":[{\"@type\":\"SearchAction\",\"target\":{\"@type\":\"EntryPoint\",\"urlTemplate\":\"https:\/\/acefootball.com\/da\/?s={search_term_string}\"},\"query-input\":\"required name=search_term_string\"}],\"inLanguage\":\"en-US\"},{\"@type\":\"ImageObject\",\"@id\":\"https:\/\/acefootball.com\/da\/fodboldnyheder\/live-psg-basaksehir-stoppet-grundet-racismeepisode\/#primaryimage\",\"inLanguage\":\"en-US\",\"url\":\"https:\/\/acefootball.com\/da\/wp-content\/uploads\/sites\/2\/2020\/12\/Ace-24.jpg\",\"contentUrl\":\"https:\/\/acefootball.com\/da\/wp-content\/uploads\/sites\/2\/2020\/12\/Ace-24.jpg\",\"width\":1920,\"height\":1008},{\"@type\":\"WebPage\",\"@id\":\"https:\/\/acefootball.com\/da\/fodboldnyheder\/live-psg-basaksehir-stoppet-grundet-racismeepisode\/#webpage\",\"url\":\"https:\/\/acefootball.com\/da\/fodboldnyheder\/live-psg-basaksehir-stoppet-grundet-racismeepisode\/\",\"name\":\"LIVE: PSG - Basaksehir stoppet grundet racismeepisode\",\"isPartOf\":{\"@id\":\"https:\/\/acefootball.com\/da\/#website\"},\"primaryImageOfPage\":{\"@id\":\"https:\/\/acefootball.com\/da\/fodboldnyheder\/live-psg-basaksehir-stoppet-grundet-racismeepisode\/#primaryimage\"},\"datePublished\":\"2020-12-08T20:43:47+00:00\",\"dateModified\":\"2020-12-08T21:05:55+00:00\",\"description\":\"Der er et k\u00e6mpe drama i kampen mellem PSG og Basaksehir, hvor fjerdedommeren anklages for racisme\",\"breadcrumb\":{\"@id\":\"https:\/\/acefootball.com\/da\/fodboldnyheder\/live-psg-basaksehir-stoppet-grundet-racismeepisode\/#breadcrumb\"},\"inLanguage\":\"en-US\",\"potentialAction\":[{\"@type\":\"ReadAction\",\"target\":[\"https:\/\/acefootball.com\/da\/fodboldnyheder\/live-psg-basaksehir-stoppet-grundet-racismeepisode\/\"]}]},{\"@type\":\"BreadcrumbList\",\"@id\":\"https:\/\/acefootball.com\/da\/fodboldnyheder\/live-psg-basaksehir-stoppet-grundet-racismeepisode\/#breadcrumb\",\"itemListElement\":[{\"@type\":\"ListItem\",\"position\":1,\"name\":\"Home\",\"item\":\"https:\/\/acefootball.com\/da\/\"},{\"@type\":\"ListItem\",\"position\":2,\"name\":\"LIVE: PSG &#8211; Basaksehir stoppet grundet racismeepisode\"}]},{\"@type\":\"Article\",\"@id\":\"https:\/\/acefootball.com\/da\/fodboldnyheder\/live-psg-basaksehir-stoppet-grundet-racismeepisode\/#article\",\"isPartOf\":{\"@id\":\"https:\/\/acefootball.com\/da\/fodboldnyheder\/live-psg-basaksehir-stoppet-grundet-racismeepisode\/#webpage\"},\"author\":{\"@id\":\"https:\/\/acefootball.com\/da\/#\/schema\/person\/fd6223a1c033400b41da7853ddf88c84\"},\"headline\":\"LIVE: PSG &#8211; Basaksehir stoppet grundet racismeepisode\",\"datePublished\":\"2020-12-08T20:43:47+00:00\",\"dateModified\":\"2020-12-08T21:05:55+00:00\",\"mainEntityOfPage\":{\"@id\":\"https:\/\/acefootball.com\/da\/fodboldnyheder\/live-psg-basaksehir-stoppet-grundet-racismeepisode\/#webpage\"},\"wordCount\":129,\"commentCount\":0,\"publisher\":{\"@id\":\"https:\/\/acefootball.com\/da\/#organization\"},\"image\":{\"@id\":\"https:\/\/acefootball.com\/da\/fodboldnyheder\/live-psg-basaksehir-stoppet-grundet-racismeepisode\/#primaryimage\"},\"thumbnailUrl\":\"https:\/\/acefootball.com\/da\/wp-content\/uploads\/sites\/2\/2020\/12\/Ace-25.jpg\",\"keywords\":[\"Basaksehir\",\"Champions League\",\"Paris Saint-Germain\"],\"articleSection\":[\"Video\"],\"inLanguage\":\"en-US\",\"potentialAction\":[{\"@type\":\"CommentAction\",\"name\":\"Comment\",\"target\":[\"https:\/\/acefootball.com\/da\/fodboldnyheder\/live-psg-basaksehir-stoppet-grundet-racismeepisode\/#respond\"]}]},{\"@type\":\"Person\",\"@id\":\"https:\/\/acefootball.com\/da\/#\/schema\/person\/fd6223a1c033400b41da7853ddf88c84\",\"name\":\"Patrick Hesselb\u00e6k\",\"image\":{\"@type\":\"ImageObject\",\"@id\":\"https:\/\/acefootball.com\/da\/#personlogo\",\"inLanguage\":\"en-US\",\"url\":\"https:\/\/secure.gravatar.com\/avatar\/7919060992759bffbffb199d6cbdce6f?s=96&d=mm&r=g\",\"contentUrl\":\"https:\/\/secure.gravatar.com\/avatar\/7919060992759bffbffb199d6cbdce6f?s=96&d=mm&r=g\",\"caption\":\"Patrick Hesselb\u00e6k\"},\"description\":\"Redakt\u00f8r p\u00e5 den danske Ace Football-redaktion. Uddannet i kommunikation fra Aalborg Universitet. Prim\u00e6rt fokus p\u00e5 den danske 3F Superliga og de st\u00f8rste europ\u00e6iske turneringer.\",\"sameAs\":[\"https:\/\/www.linkedin.com\/in\/patrick-hesselbk-2a4b1711a\/\"],\"url\":\"https:\/\/acefootball.com\/da\/fodboldnyheder\/author\/patrickhesselbaek\/\"}]}<\/script>\n<!-- \/ Yoast SEO plugin. -->","yoast_head_json":{"title":"LIVE: PSG - Basaksehir stoppet grundet racismeepisode","description":"Der er et k\u00e6mpe drama i kampen mellem PSG og Basaksehir, hvor fjerdedommeren anklages for racisme","robots":{"index":"index","follow":"follow","max-snippet":"max-snippet:-1","max-image-preview":"max-image-preview:large","max-video-preview":"max-video-preview:-1"},"canonical":"https:\/\/acefootball.com\/da\/fodboldnyheder\/live-psg-basaksehir-stoppet-grundet-racismeepisode\/","og_locale":"en_US","og_type":"article","og_title":"LIVE: PSG - Basaksehir stoppet grundet racismeepisode","og_description":"Der er et k\u00e6mpe drama i kampen mellem PSG og Basaksehir, hvor fjerdedommeren anklages for racisme","og_url":"https:\/\/acefootball.com\/da\/fodboldnyheder\/live-psg-basaksehir-stoppet-grundet-racismeepisode\/","og_site_name":"Ace Football Danmark","article_publisher":"https:\/\/www.facebook.com\/acefootballdk","article_published_time":"2020-12-08T20:43:47+00:00","article_modified_time":"2020-12-08T21:05:55+00:00","og_image":[{"width":1920,"height":1008,"url":"https:\/\/acefootball.com\/da\/wp-content\/uploads\/sites\/2\/2020\/12\/Ace-24.jpg","type":"image\/jpeg"}],"twitter_card":"summary_large_image","twitter_misc":{"Written by":"Patrick Hesselb\u00e6k","Est. reading time":"1 minute"},"schema":{"@context":"https:\/\/schema.org","@graph":[{"@type":"Organization","@id":"https:\/\/acefootball.com\/da\/#organization","name":"Ace Football","url":"https:\/\/acefootball.com\/da\/","sameAs":["https:\/\/www.facebook.com\/acefootballdk"],"logo":{"@type":"ImageObject","@id":"https:\/\/acefootball.com\/da\/#logo","inLanguage":"en-US","url":"https:\/\/acefootball.com\/da\/wp-content\/uploads\/sites\/2\/2020\/07\/Ace-Football-30-07-2020-2.png","contentUrl":"https:\/\/acefootball.com\/da\/wp-content\/uploads\/sites\/2\/2020\/07\/Ace-Football-30-07-2020-2.png","width":1200,"height":600,"caption":"Ace Football"},"image":{"@id":"https:\/\/acefootball.com\/da\/#logo"}},{"@type":"WebSite","@id":"https:\/\/acefootball.com\/da\/#website","url":"https:\/\/acefootball.com\/da\/","name":"Ace Football Danmark","description":"Nyheder, Spiltips &amp; Livescore","publisher":{"@id":"https:\/\/acefootball.com\/da\/#organization"},"potentialAction":[{"@type":"SearchAction","target":{"@type":"EntryPoint","urlTemplate":"https:\/\/acefootball.com\/da\/?s={search_term_string}"},"query-input":"required name=search_term_string"}],"inLanguage":"en-US"},{"@type":"ImageObject","@id":"https:\/\/acefootball.com\/da\/fodboldnyheder\/live-psg-basaksehir-stoppet-grundet-racismeepisode\/#primaryimage","inLanguage":"en-US","url":"https:\/\/acefootball.com\/da\/wp-content\/uploads\/sites\/2\/2020\/12\/Ace-24.jpg","contentUrl":"https:\/\/acefootball.com\/da\/wp-content\/uploads\/sites\/2\/2020\/12\/Ace-24.jpg","width":1920,"height":1008},{"@type":"WebPage","@id":"https:\/\/acefootball.com\/da\/fodboldnyheder\/live-psg-basaksehir-stoppet-grundet-racismeepisode\/#webpage","url":"https:\/\/acefootball.com\/da\/fodboldnyheder\/live-psg-basaksehir-stoppet-grundet-racismeepisode\/","name":"LIVE: PSG - Basaksehir stoppet grundet racismeepisode","isPartOf":{"@id":"https:\/\/acefootball.com\/da\/#website"},"primaryImageOfPage":{"@id":"https:\/\/acefootball.com\/da\/fodboldnyheder\/live-psg-basaksehir-stoppet-grundet-racismeepisode\/#primaryimage"},"datePublished":"2020-12-08T20:43:47+00:00","dateModified":"2020-12-08T21:05:55+00:00","description":"Der er et k\u00e6mpe drama i kampen mellem PSG og Basaksehir, hvor fjerdedommeren anklages for racisme","breadcrumb":{"@id":"https:\/\/acefootball.com\/da\/fodboldnyheder\/live-psg-basaksehir-stoppet-grundet-racismeepisode\/#breadcrumb"},"inLanguage":"en-US","potentialAction":[{"@type":"ReadAction","target":["https:\/\/acefootball.com\/da\/fodboldnyheder\/live-psg-basaksehir-stoppet-grundet-racismeepisode\/"]}]},{"@type":"BreadcrumbList","@id":"https:\/\/acefootball.com\/da\/fodboldnyheder\/live-psg-basaksehir-stoppet-grundet-racismeepisode\/#breadcrumb","itemListElement":[{"@type":"ListItem","position":1,"name":"Home","item":"https:\/\/acefootball.com\/da\/"},{"@type":"ListItem","position":2,"name":"LIVE: PSG &#8211; Basaksehir stoppet grundet racismeepisode"}]},{"@type":"Article","@id":"https:\/\/acefootball.com\/da\/fodboldnyheder\/live-psg-basaksehir-stoppet-grundet-racismeepisode\/#article","isPartOf":{"@id":"https:\/\/acefootball.com\/da\/fodboldnyheder\/live-psg-basaksehir-stoppet-grundet-racismeepisode\/#webpage"},"author":{"@id":"https:\/\/acefootball.com\/da\/#\/schema\/person\/fd6223a1c033400b41da7853ddf88c84"},"headline":"LIVE: PSG &#8211; Basaksehir stoppet grundet racismeepisode","datePublished":"2020-12-08T20:43:47+00:00","dateModified":"2020-12-08T21:05:55+00:00","mainEntityOfPage":{"@id":"https:\/\/acefootball.com\/da\/fodboldnyheder\/live-psg-basaksehir-stoppet-grundet-racismeepisode\/#webpage"},"wordCount":129,"commentCount":0,"publisher":{"@id":"https:\/\/acefootball.com\/da\/#organization"},"image":{"@id":"https:\/\/acefootball.com\/da\/fodboldnyheder\/live-psg-basaksehir-stoppet-grundet-racismeepisode\/#primaryimage"},"thumbnailUrl":"https:\/\/acefootball.com\/da\/wp-content\/uploads\/sites\/2\/2020\/12\/Ace-25.jpg","keywords":["Basaksehir","Champions League","Paris Saint-Germain"],"articleSection":["Video"],"inLanguage":"en-US","potentialAction":[{"@type":"CommentAction","name":"Comment","target":["https:\/\/acefootball.com\/da\/fodboldnyheder\/live-psg-basaksehir-stoppet-grundet-racismeepisode\/#respond"]}]},{"@type":"Person","@id":"https:\/\/acefootball.com\/da\/#\/schema\/person\/fd6223a1c033400b41da7853ddf88c84","name":"Patrick Hesselb\u00e6k","image":{"@type":"ImageObject","@id":"https:\/\/acefootball.com\/da\/#personlogo","inLanguage":"en-US","url":"https:\/\/secure.gravatar.com\/avatar\/7919060992759bffbffb199d6cbdce6f?s=96&d=mm&r=g","contentUrl":"https:\/\/secure.gravatar.com\/avatar\/7919060992759bffbffb199d6cbdce6f?s=96&d=mm&r=g","caption":"Patrick Hesselb\u00e6k"},"description":"Redakt\u00f8r p\u00e5 den danske Ace Football-redaktion. Uddannet i kommunikation fra Aalborg Universitet. Prim\u00e6rt fokus p\u00e5 den danske 3F Superliga og de st\u00f8rste europ\u00e6iske turneringer.","sameAs":["https:\/\/www.linkedin.com\/in\/patrick-hesselbk-2a4b1711a\/"],"url":"https:\/\/acefootball.com\/da\/fodboldnyheder\/author\/patrickhesselbaek\/"}]}},"fimg_url":"https:\/\/acefootball.com\/da\/wp-content\/uploads\/sites\/2\/2020\/12\/Ace-25.jpg","_links":{"self":[{"href":"https:\/\/acefootball.com\/da\/wp-json\/wp\/v2\/posts\/245909"}],"collection":[{"href":"https:\/\/acefootball.com\/da\/wp-json\/wp\/v2\/posts"}],"about":[{"href":"https:\/\/acefootball.com\/da\/wp-json\/wp\/v2\/types\/post"}],"author":[{"embeddable":true,"href":"https:\/\/acefootball.com\/da\/wp-json\/wp\/v2\/users\/74"}],"replies":[{"embeddable":true,"href":"https:\/\/acefootball.com\/da\/wp-json\/wp\/v2\/comments?post=245909"}],"version-history":[{"count":0,"href":"https:\/\/acefootball.com\/da\/wp-json\/wp\/v2\/posts\/245909\/revisions"}],"wp:featuredmedia":[{"embeddable":true,"href":"https:\/\/acefootball.com\/da\/wp-json\/wp\/v2\/media\/245913"}],"wp:attachment":[{"href":"https:\/\/acefootball.com\/da\/wp-json\/wp\/v2\/media?parent=245909"}],"wp:term":[{"taxonomy":"category","embeddable":true,"href":"https:\/\/acefootball.com\/da\/wp-json\/wp\/v2\/categories?post=245909"},{"taxonomy":"post_tag","embeddable":true,"href":"https:\/\/acefootball.com\/da\/wp-json\/wp\/v2\/tags?post=245909"}],"curies":[{"name":"wp","href":"https:\/\/api.w.org\/{rel}","templated":true}]}}