{"id":245859,"date":"2020-12-08T15:35:45","date_gmt":"2020-12-08T14:35:45","guid":{"rendered":"https:\/\/acefootball.com\/da\/?p=245859"},"modified":"2020-12-08T15:35:46","modified_gmt":"2020-12-08T14:35:46","slug":"ny-agf-spiller-faar-hug-af-ob-fans-slange","status":"publish","type":"post","link":"https:\/\/acefootball.com\/da\/fodboldnyheder\/ny-agf-spiller-faar-hug-af-ob-fans-slange\/","title":{"rendered":"Ny AGF-spiller f\u00e5r hug af OB-fans: &#8220;Slange!&#8221;"},"content":{"rendered":"\n<h2 id=\"h-flere-ob-fans-har-sv-rt-ved-at-tolerere-at-klubbens-tidligere-spiller-mathias-j-rgensen-nu-skal-optr-de-i-en-agf-tr-je\"><strong>Flere OB-fans har sv\u00e6rt ved at tolerere, at klubbens tidligere spiller, Mathias J\u00f8rgensen, nu skal optr\u00e6de i en AGF-tr\u00f8je<\/strong><\/h2>\n\n\n\n<p>AGF har i dag sikret sig forst\u00e6rkninger til angrebet, da man fra nyt\u00e5r f\u00e5r tilgang af Mathias J\u00f8rgensen, som skifter fra New York Red Bulls p\u00e5 en lejeaftale.<\/p>\n\n\n\n<p>Dermed vender angriberen tilbage til Danmark efter to \u00e5r i den amerikanske MLS siden skiftet fra OB, hvor han i s\u00e6sonen 2018\/19 fik smagt p\u00e5 Superligaen.<\/p>\n\n\n\n<p>I AGF byder man tilgangen velkommen, men hilsnerne er knap s\u00e5 positive fra en gruppe OB-fans, som husker tilbage p\u00e5 J\u00f8rgensens ord, da han forlod den fynske klub.<\/p>\n\n\n\n<figure class=\"wp-block-embed-twitter wp-block-embed is-type-rich is-provider-twitter\"><div class=\"wp-block-embed__wrapper\">\n<blockquote class=\"twitter-tweet\" data-width=\"550\" data-dnt=\"true\"><p lang=\"da\" dir=\"ltr\">Mathias er kommet for skade at sige til et fanmedie f\u00f8r han rejste, at han helt sikkert vil vende tilbage og kun kunne forestille sig at bo i Odense.<\/p>&mdash; Peder V Mikkelsen (@pedervm) <a href=\"https:\/\/twitter.com\/pedervm\/status\/1336305626968944647?ref_src=twsrc%5Etfw\">December 8, 2020<\/a><\/blockquote><script async src=\"https:\/\/platform.twitter.com\/widgets.js\" charset=\"utf-8\"><\/script>\n<\/div><\/figure>\n\n\n\n<p>If\u00f8lge en Twitter-bruger blev der nemlig udtalt, at den hurtige frontl\u00f8ber ville vende tilbage til Odense og ikke kunne forestille sig at bo andre steder.<\/p>\n\n\n\n<p>Det har flere af De Stribedes tilh\u00e6ngere taget for gode varer, og det er der kommet en r\u00e6kke skarpe kommentarer ud af. Du kan se nogle af dem herunder.<\/p>\n\n\n\n<figure class=\"wp-block-image size-large\"><img loading=\"lazy\" width=\"592\" height=\"175\" src=\"https:\/\/acefootball.com\/da\/wp-content\/uploads\/sites\/2\/2020\/12\/image-93.png\" alt=\"\" class=\"wp-image-245863\" srcset=\"https:\/\/acefootball.com\/da\/wp-content\/uploads\/sites\/2\/2020\/12\/image-93.png 592w, https:\/\/acefootball.com\/da\/wp-content\/uploads\/sites\/2\/2020\/12\/image-93-300x89.png 300w\" sizes=\"(max-width: 592px) 100vw, 592px\" \/><\/figure>\n\n\n\n<figure class=\"wp-block-image size-large\"><img loading=\"lazy\" width=\"589\" height=\"232\" src=\"https:\/\/acefootball.com\/da\/wp-content\/uploads\/sites\/2\/2020\/12\/image-92.png\" alt=\"\" class=\"wp-image-245862\" srcset=\"https:\/\/acefootball.com\/da\/wp-content\/uploads\/sites\/2\/2020\/12\/image-92.png 589w, https:\/\/acefootball.com\/da\/wp-content\/uploads\/sites\/2\/2020\/12\/image-92-300x118.png 300w\" sizes=\"(max-width: 589px) 100vw, 589px\" \/><\/figure>\n\n\n\n<figure class=\"wp-block-image size-large\"><img loading=\"lazy\" width=\"592\" height=\"173\" src=\"https:\/\/acefootball.com\/da\/wp-content\/uploads\/sites\/2\/2020\/12\/image-91.png\" alt=\"\" class=\"wp-image-245861\" srcset=\"https:\/\/acefootball.com\/da\/wp-content\/uploads\/sites\/2\/2020\/12\/image-91.png 592w, https:\/\/acefootball.com\/da\/wp-content\/uploads\/sites\/2\/2020\/12\/image-91-300x88.png 300w\" sizes=\"(max-width: 592px) 100vw, 592px\" \/><\/figure>\n\n\n\n<figure class=\"wp-block-image size-large\"><img loading=\"lazy\" width=\"588\" height=\"173\" src=\"https:\/\/acefootball.com\/da\/wp-content\/uploads\/sites\/2\/2020\/12\/image-90.png\" alt=\"\" class=\"wp-image-245860\" srcset=\"https:\/\/acefootball.com\/da\/wp-content\/uploads\/sites\/2\/2020\/12\/image-90.png 588w, https:\/\/acefootball.com\/da\/wp-content\/uploads\/sites\/2\/2020\/12\/image-90-300x88.png 300w\" sizes=\"(max-width: 588px) 100vw, 588px\" \/><\/figure>\n\n\n\n<p>Mathias J\u00f8rgensen scorede 3 gange i 18 kampe for OB&#8217;s f\u00f8rstehold efter at have bombet l\u00f8s p\u00e5 b\u00e5de U19- og reserveholdet.<\/p>\n\n\n\n<p>Du kan h\u00f8re f\u00f8rste AGF-interview med Mathias J\u00f8rgensen i videoen herunder.<\/p>\n\n\n\n<figure class=\"wp-block-embed-twitter wp-block-embed is-type-rich is-provider-twitter\"><div class=\"wp-block-embed__wrapper\">\n<blockquote class=\"twitter-tweet\" data-width=\"550\" data-dnt=\"true\"><p lang=\"da\" dir=\"ltr\">Her f\u00e5r du det f\u00f8rste interview med Mathias J\u00f8rgensen, som vi tidligere i dag kunne fort\u00e6lle kommer til AGF for det kommende halve \u00e5r. I g\u00e5r var <a href=\"https:\/\/twitter.com\/mattiijoe?ref_src=twsrc%5Etfw\">@mattiijoe<\/a> p\u00e5 bes\u00f8g p\u00e5 Ceres Park. hvor AGF TV m\u00f8dte den nye AGF&#39;er \u2b07\ufe0f\ud83d\udcfa <a href=\"https:\/\/twitter.com\/hashtag\/ksdh?src=hash&amp;ref_src=twsrc%5Etfw\">#ksdh<\/a> <a href=\"https:\/\/twitter.com\/hashtag\/velkommen?src=hash&amp;ref_src=twsrc%5Etfw\">#velkommen<\/a> <a href=\"https:\/\/twitter.com\/hashtag\/sldk?src=hash&amp;ref_src=twsrc%5Etfw\">#sldk<\/a> <a href=\"https:\/\/t.co\/U7GL0wOPJt\">pic.twitter.com\/U7GL0wOPJt<\/a><\/p>&mdash; AGF (@AGFFodbold) <a href=\"https:\/\/twitter.com\/AGFFodbold\/status\/1336297291758628864?ref_src=twsrc%5Etfw\">December 8, 2020<\/a><\/blockquote><script async src=\"https:\/\/platform.twitter.com\/widgets.js\" charset=\"utf-8\"><\/script>\n<\/div><\/figure>\n","protected":false},"excerpt":{"rendered":"<p>Flere OB-fans har sv\u00e6rt ved at tolerere, at klubbens tidligere spiller, Mathias J\u00f8rgensen, nu skal optr\u00e6de i en AGF-tr\u00f8je<\/p>\n","protected":false},"author":705,"featured_media":245874,"comment_status":"open","ping_status":"closed","sticky":false,"template":"","format":"standard","meta":{"om_disable_all_campaigns":false,"push_articles_ronaldo":{"active":false,"canonical":0,"publish":false},"force_updates":null},"categories":[8060],"tags":[18,8325,88,588],"enet_tags":{"team":["8071","8414"],"player":["930184"],"league":["46"],"sport_events":[]},"yoast_head":"<!-- This site is optimized with the Yoast SEO plugin v18.3 - https:\/\/yoast.com\/wordpress\/plugins\/seo\/ -->\n<title>Ny AGF-spiller f\u00e5r hug af OB-fans: &quot;Slange!&quot;<\/title>\n<meta name=\"description\" content=\"Flere OB-fans har sv\u00e6rt ved at tolerere, at klubbens tidligere spiller, Mathias J\u00f8rgensen, nu skal optr\u00e6de i en AGF-tr\u00f8je\" \/>\n<meta name=\"robots\" content=\"index, follow, max-snippet:-1, max-image-preview:large, max-video-preview:-1\" \/>\n<link rel=\"canonical\" href=\"https:\/\/acefootball.com\/da\/fodboldnyheder\/ny-agf-spiller-faar-hug-af-ob-fans-slange\/\" \/>\n<meta property=\"og:locale\" content=\"en_US\" \/>\n<meta property=\"og:type\" content=\"article\" \/>\n<meta property=\"og:title\" content=\"Ny AGF-spiller f\u00e5r hug af OB-fans: &quot;Slange!&quot;\" \/>\n<meta property=\"og:description\" content=\"Flere OB-fans har sv\u00e6rt ved at tolerere, at klubbens tidligere spiller, Mathias J\u00f8rgensen, nu skal optr\u00e6de i en AGF-tr\u00f8je\" \/>\n<meta property=\"og:url\" content=\"https:\/\/acefootball.com\/da\/fodboldnyheder\/ny-agf-spiller-faar-hug-af-ob-fans-slange\/\" \/>\n<meta property=\"og:site_name\" content=\"Ace Football Danmark\" \/>\n<meta property=\"article:publisher\" content=\"https:\/\/www.facebook.com\/acefootballdk\" \/>\n<meta property=\"article:published_time\" content=\"2020-12-08T14:35:45+00:00\" \/>\n<meta property=\"article:modified_time\" content=\"2020-12-08T14:35:46+00:00\" \/>\n<meta property=\"og:image\" content=\"https:\/\/acefootball.com\/da\/wp-content\/uploads\/sites\/2\/2020\/12\/Copy-of-Ace-12.jpg\" \/>\n\t<meta property=\"og:image:width\" content=\"1920\" \/>\n\t<meta property=\"og:image:height\" content=\"1008\" \/>\n\t<meta property=\"og:image:type\" content=\"image\/jpeg\" \/>\n<meta name=\"twitter:card\" content=\"summary_large_image\" \/>\n<meta name=\"twitter:label1\" content=\"Written by\" \/>\n\t<meta name=\"twitter:data1\" content=\"Mads Dreyer\" \/>\n\t<meta name=\"twitter:label2\" content=\"Est. reading time\" \/>\n\t<meta name=\"twitter:data2\" content=\"1 minute\" \/>\n<script type=\"application\/ld+json\" class=\"yoast-schema-graph\">{\"@context\":\"https:\/\/schema.org\",\"@graph\":[{\"@type\":\"Organization\",\"@id\":\"https:\/\/acefootball.com\/da\/#organization\",\"name\":\"Ace Football\",\"url\":\"https:\/\/acefootball.com\/da\/\",\"sameAs\":[\"https:\/\/www.facebook.com\/acefootballdk\"],\"logo\":{\"@type\":\"ImageObject\",\"@id\":\"https:\/\/acefootball.com\/da\/#logo\",\"inLanguage\":\"en-US\",\"url\":\"https:\/\/acefootball.com\/da\/wp-content\/uploads\/sites\/2\/2020\/07\/Ace-Football-30-07-2020-2.png\",\"contentUrl\":\"https:\/\/acefootball.com\/da\/wp-content\/uploads\/sites\/2\/2020\/07\/Ace-Football-30-07-2020-2.png\",\"width\":1200,\"height\":600,\"caption\":\"Ace Football\"},\"image\":{\"@id\":\"https:\/\/acefootball.com\/da\/#logo\"}},{\"@type\":\"WebSite\",\"@id\":\"https:\/\/acefootball.com\/da\/#website\",\"url\":\"https:\/\/acefootball.com\/da\/\",\"name\":\"Ace Football Danmark\",\"description\":\"Nyheder, Spiltips &amp; Livescore\",\"publisher\":{\"@id\":\"https:\/\/acefootball.com\/da\/#organization\"},\"potentialAction\":[{\"@type\":\"SearchAction\",\"target\":{\"@type\":\"EntryPoint\",\"urlTemplate\":\"https:\/\/acefootball.com\/da\/?s={search_term_string}\"},\"query-input\":\"required name=search_term_string\"}],\"inLanguage\":\"en-US\"},{\"@type\":\"ImageObject\",\"@id\":\"https:\/\/acefootball.com\/da\/fodboldnyheder\/ny-agf-spiller-faar-hug-af-ob-fans-slange\/#primaryimage\",\"inLanguage\":\"en-US\",\"url\":\"https:\/\/acefootball.com\/da\/wp-content\/uploads\/sites\/2\/2020\/12\/Copy-of-Ace-12.jpg\",\"contentUrl\":\"https:\/\/acefootball.com\/da\/wp-content\/uploads\/sites\/2\/2020\/12\/Copy-of-Ace-12.jpg\",\"width\":1920,\"height\":1008},{\"@type\":\"WebPage\",\"@id\":\"https:\/\/acefootball.com\/da\/fodboldnyheder\/ny-agf-spiller-faar-hug-af-ob-fans-slange\/#webpage\",\"url\":\"https:\/\/acefootball.com\/da\/fodboldnyheder\/ny-agf-spiller-faar-hug-af-ob-fans-slange\/\",\"name\":\"Ny AGF-spiller f\u00e5r hug af OB-fans: \\\"Slange!\\\"\",\"isPartOf\":{\"@id\":\"https:\/\/acefootball.com\/da\/#website\"},\"primaryImageOfPage\":{\"@id\":\"https:\/\/acefootball.com\/da\/fodboldnyheder\/ny-agf-spiller-faar-hug-af-ob-fans-slange\/#primaryimage\"},\"datePublished\":\"2020-12-08T14:35:45+00:00\",\"dateModified\":\"2020-12-08T14:35:46+00:00\",\"description\":\"Flere OB-fans har sv\u00e6rt ved at tolerere, at klubbens tidligere spiller, Mathias J\u00f8rgensen, nu skal optr\u00e6de i en AGF-tr\u00f8je\",\"breadcrumb\":{\"@id\":\"https:\/\/acefootball.com\/da\/fodboldnyheder\/ny-agf-spiller-faar-hug-af-ob-fans-slange\/#breadcrumb\"},\"inLanguage\":\"en-US\",\"potentialAction\":[{\"@type\":\"ReadAction\",\"target\":[\"https:\/\/acefootball.com\/da\/fodboldnyheder\/ny-agf-spiller-faar-hug-af-ob-fans-slange\/\"]}]},{\"@type\":\"BreadcrumbList\",\"@id\":\"https:\/\/acefootball.com\/da\/fodboldnyheder\/ny-agf-spiller-faar-hug-af-ob-fans-slange\/#breadcrumb\",\"itemListElement\":[{\"@type\":\"ListItem\",\"position\":1,\"name\":\"Home\",\"item\":\"https:\/\/acefootball.com\/da\/\"},{\"@type\":\"ListItem\",\"position\":2,\"name\":\"Ny AGF-spiller f\u00e5r hug af OB-fans: &#8220;Slange!&#8221;\"}]},{\"@type\":\"Article\",\"@id\":\"https:\/\/acefootball.com\/da\/fodboldnyheder\/ny-agf-spiller-faar-hug-af-ob-fans-slange\/#article\",\"isPartOf\":{\"@id\":\"https:\/\/acefootball.com\/da\/fodboldnyheder\/ny-agf-spiller-faar-hug-af-ob-fans-slange\/#webpage\"},\"author\":{\"@id\":\"https:\/\/acefootball.com\/da\/#\/schema\/person\/ee67e9cf04a276f144100ffa722f10cd\"},\"headline\":\"Ny AGF-spiller f\u00e5r hug af OB-fans: &#8220;Slange!&#8221;\",\"datePublished\":\"2020-12-08T14:35:45+00:00\",\"dateModified\":\"2020-12-08T14:35:46+00:00\",\"mainEntityOfPage\":{\"@id\":\"https:\/\/acefootball.com\/da\/fodboldnyheder\/ny-agf-spiller-faar-hug-af-ob-fans-slange\/#webpage\"},\"wordCount\":224,\"commentCount\":0,\"publisher\":{\"@id\":\"https:\/\/acefootball.com\/da\/#organization\"},\"image\":{\"@id\":\"https:\/\/acefootball.com\/da\/fodboldnyheder\/ny-agf-spiller-faar-hug-af-ob-fans-slange\/#primaryimage\"},\"thumbnailUrl\":\"https:\/\/acefootball.com\/da\/wp-content\/uploads\/sites\/2\/2020\/12\/Untitled-design-9.jpg\",\"keywords\":[\"AGF\",\"Mathias J\u00f8rgensen\",\"OB\",\"Superligaen\"],\"articleSection\":[\"Reaktion\"],\"inLanguage\":\"en-US\",\"potentialAction\":[{\"@type\":\"CommentAction\",\"name\":\"Comment\",\"target\":[\"https:\/\/acefootball.com\/da\/fodboldnyheder\/ny-agf-spiller-faar-hug-af-ob-fans-slange\/#respond\"]}]},{\"@type\":\"Person\",\"@id\":\"https:\/\/acefootball.com\/da\/#\/schema\/person\/ee67e9cf04a276f144100ffa722f10cd\",\"name\":\"Mads Dreyer\",\"image\":{\"@type\":\"ImageObject\",\"@id\":\"https:\/\/acefootball.com\/da\/#personlogo\",\"inLanguage\":\"en-US\",\"url\":\"https:\/\/secure.gravatar.com\/avatar\/7c7abf72cfde9902b6a60efe60c88d4c?s=96&d=mm&r=g\",\"contentUrl\":\"https:\/\/secure.gravatar.com\/avatar\/7c7abf72cfde9902b6a60efe60c88d4c?s=96&d=mm&r=g\",\"caption\":\"Mads Dreyer\"},\"description\":\"Skribent og fodboldn\u00f8rd, der lige nu fort\u00e6ller om alt og intet i fodboldverdenen p\u00e5 acefootball.com. Uddannet i kommunikation fra Aalborg Universitet.\",\"sameAs\":[\"https:\/\/www.linkedin.com\/in\/mads-dreyer-b9b08266\/\"],\"url\":\"https:\/\/acefootball.com\/da\/fodboldnyheder\/author\/mdnronaldo\/\"}]}<\/script>\n<!-- \/ Yoast SEO plugin. -->","yoast_head_json":{"title":"Ny AGF-spiller f\u00e5r hug af OB-fans: \"Slange!\"","description":"Flere OB-fans har sv\u00e6rt ved at tolerere, at klubbens tidligere spiller, Mathias J\u00f8rgensen, nu skal optr\u00e6de i en AGF-tr\u00f8je","robots":{"index":"index","follow":"follow","max-snippet":"max-snippet:-1","max-image-preview":"max-image-preview:large","max-video-preview":"max-video-preview:-1"},"canonical":"https:\/\/acefootball.com\/da\/fodboldnyheder\/ny-agf-spiller-faar-hug-af-ob-fans-slange\/","og_locale":"en_US","og_type":"article","og_title":"Ny AGF-spiller f\u00e5r hug af OB-fans: \"Slange!\"","og_description":"Flere OB-fans har sv\u00e6rt ved at tolerere, at klubbens tidligere spiller, Mathias J\u00f8rgensen, nu skal optr\u00e6de i en AGF-tr\u00f8je","og_url":"https:\/\/acefootball.com\/da\/fodboldnyheder\/ny-agf-spiller-faar-hug-af-ob-fans-slange\/","og_site_name":"Ace Football Danmark","article_publisher":"https:\/\/www.facebook.com\/acefootballdk","article_published_time":"2020-12-08T14:35:45+00:00","article_modified_time":"2020-12-08T14:35:46+00:00","og_image":[{"width":1920,"height":1008,"url":"https:\/\/acefootball.com\/da\/wp-content\/uploads\/sites\/2\/2020\/12\/Copy-of-Ace-12.jpg","type":"image\/jpeg"}],"twitter_card":"summary_large_image","twitter_misc":{"Written by":"Mads Dreyer","Est. reading time":"1 minute"},"schema":{"@context":"https:\/\/schema.org","@graph":[{"@type":"Organization","@id":"https:\/\/acefootball.com\/da\/#organization","name":"Ace Football","url":"https:\/\/acefootball.com\/da\/","sameAs":["https:\/\/www.facebook.com\/acefootballdk"],"logo":{"@type":"ImageObject","@id":"https:\/\/acefootball.com\/da\/#logo","inLanguage":"en-US","url":"https:\/\/acefootball.com\/da\/wp-content\/uploads\/sites\/2\/2020\/07\/Ace-Football-30-07-2020-2.png","contentUrl":"https:\/\/acefootball.com\/da\/wp-content\/uploads\/sites\/2\/2020\/07\/Ace-Football-30-07-2020-2.png","width":1200,"height":600,"caption":"Ace Football"},"image":{"@id":"https:\/\/acefootball.com\/da\/#logo"}},{"@type":"WebSite","@id":"https:\/\/acefootball.com\/da\/#website","url":"https:\/\/acefootball.com\/da\/","name":"Ace Football Danmark","description":"Nyheder, Spiltips &amp; Livescore","publisher":{"@id":"https:\/\/acefootball.com\/da\/#organization"},"potentialAction":[{"@type":"SearchAction","target":{"@type":"EntryPoint","urlTemplate":"https:\/\/acefootball.com\/da\/?s={search_term_string}"},"query-input":"required name=search_term_string"}],"inLanguage":"en-US"},{"@type":"ImageObject","@id":"https:\/\/acefootball.com\/da\/fodboldnyheder\/ny-agf-spiller-faar-hug-af-ob-fans-slange\/#primaryimage","inLanguage":"en-US","url":"https:\/\/acefootball.com\/da\/wp-content\/uploads\/sites\/2\/2020\/12\/Copy-of-Ace-12.jpg","contentUrl":"https:\/\/acefootball.com\/da\/wp-content\/uploads\/sites\/2\/2020\/12\/Copy-of-Ace-12.jpg","width":1920,"height":1008},{"@type":"WebPage","@id":"https:\/\/acefootball.com\/da\/fodboldnyheder\/ny-agf-spiller-faar-hug-af-ob-fans-slange\/#webpage","url":"https:\/\/acefootball.com\/da\/fodboldnyheder\/ny-agf-spiller-faar-hug-af-ob-fans-slange\/","name":"Ny AGF-spiller f\u00e5r hug af OB-fans: \"Slange!\"","isPartOf":{"@id":"https:\/\/acefootball.com\/da\/#website"},"primaryImageOfPage":{"@id":"https:\/\/acefootball.com\/da\/fodboldnyheder\/ny-agf-spiller-faar-hug-af-ob-fans-slange\/#primaryimage"},"datePublished":"2020-12-08T14:35:45+00:00","dateModified":"2020-12-08T14:35:46+00:00","description":"Flere OB-fans har sv\u00e6rt ved at tolerere, at klubbens tidligere spiller, Mathias J\u00f8rgensen, nu skal optr\u00e6de i en AGF-tr\u00f8je","breadcrumb":{"@id":"https:\/\/acefootball.com\/da\/fodboldnyheder\/ny-agf-spiller-faar-hug-af-ob-fans-slange\/#breadcrumb"},"inLanguage":"en-US","potentialAction":[{"@type":"ReadAction","target":["https:\/\/acefootball.com\/da\/fodboldnyheder\/ny-agf-spiller-faar-hug-af-ob-fans-slange\/"]}]},{"@type":"BreadcrumbList","@id":"https:\/\/acefootball.com\/da\/fodboldnyheder\/ny-agf-spiller-faar-hug-af-ob-fans-slange\/#breadcrumb","itemListElement":[{"@type":"ListItem","position":1,"name":"Home","item":"https:\/\/acefootball.com\/da\/"},{"@type":"ListItem","position":2,"name":"Ny AGF-spiller f\u00e5r hug af OB-fans: &#8220;Slange!&#8221;"}]},{"@type":"Article","@id":"https:\/\/acefootball.com\/da\/fodboldnyheder\/ny-agf-spiller-faar-hug-af-ob-fans-slange\/#article","isPartOf":{"@id":"https:\/\/acefootball.com\/da\/fodboldnyheder\/ny-agf-spiller-faar-hug-af-ob-fans-slange\/#webpage"},"author":{"@id":"https:\/\/acefootball.com\/da\/#\/schema\/person\/ee67e9cf04a276f144100ffa722f10cd"},"headline":"Ny AGF-spiller f\u00e5r hug af OB-fans: &#8220;Slange!&#8221;","datePublished":"2020-12-08T14:35:45+00:00","dateModified":"2020-12-08T14:35:46+00:00","mainEntityOfPage":{"@id":"https:\/\/acefootball.com\/da\/fodboldnyheder\/ny-agf-spiller-faar-hug-af-ob-fans-slange\/#webpage"},"wordCount":224,"commentCount":0,"publisher":{"@id":"https:\/\/acefootball.com\/da\/#organization"},"image":{"@id":"https:\/\/acefootball.com\/da\/fodboldnyheder\/ny-agf-spiller-faar-hug-af-ob-fans-slange\/#primaryimage"},"thumbnailUrl":"https:\/\/acefootball.com\/da\/wp-content\/uploads\/sites\/2\/2020\/12\/Untitled-design-9.jpg","keywords":["AGF","Mathias J\u00f8rgensen","OB","Superligaen"],"articleSection":["Reaktion"],"inLanguage":"en-US","potentialAction":[{"@type":"CommentAction","name":"Comment","target":["https:\/\/acefootball.com\/da\/fodboldnyheder\/ny-agf-spiller-faar-hug-af-ob-fans-slange\/#respond"]}]},{"@type":"Person","@id":"https:\/\/acefootball.com\/da\/#\/schema\/person\/ee67e9cf04a276f144100ffa722f10cd","name":"Mads Dreyer","image":{"@type":"ImageObject","@id":"https:\/\/acefootball.com\/da\/#personlogo","inLanguage":"en-US","url":"https:\/\/secure.gravatar.com\/avatar\/7c7abf72cfde9902b6a60efe60c88d4c?s=96&d=mm&r=g","contentUrl":"https:\/\/secure.gravatar.com\/avatar\/7c7abf72cfde9902b6a60efe60c88d4c?s=96&d=mm&r=g","caption":"Mads Dreyer"},"description":"Skribent og fodboldn\u00f8rd, der lige nu fort\u00e6ller om alt og intet i fodboldverdenen p\u00e5 acefootball.com. Uddannet i kommunikation fra Aalborg Universitet.","sameAs":["https:\/\/www.linkedin.com\/in\/mads-dreyer-b9b08266\/"],"url":"https:\/\/acefootball.com\/da\/fodboldnyheder\/author\/mdnronaldo\/"}]}},"fimg_url":"https:\/\/acefootball.com\/da\/wp-content\/uploads\/sites\/2\/2020\/12\/Untitled-design-9.jpg","_links":{"self":[{"href":"https:\/\/acefootball.com\/da\/wp-json\/wp\/v2\/posts\/245859"}],"collection":[{"href":"https:\/\/acefootball.com\/da\/wp-json\/wp\/v2\/posts"}],"about":[{"href":"https:\/\/acefootball.com\/da\/wp-json\/wp\/v2\/types\/post"}],"author":[{"embeddable":true,"href":"https:\/\/acefootball.com\/da\/wp-json\/wp\/v2\/users\/705"}],"replies":[{"embeddable":true,"href":"https:\/\/acefootball.com\/da\/wp-json\/wp\/v2\/comments?post=245859"}],"version-history":[{"count":0,"href":"https:\/\/acefootball.com\/da\/wp-json\/wp\/v2\/posts\/245859\/revisions"}],"wp:featuredmedia":[{"embeddable":true,"href":"https:\/\/acefootball.com\/da\/wp-json\/wp\/v2\/media\/245874"}],"wp:attachment":[{"href":"https:\/\/acefootball.com\/da\/wp-json\/wp\/v2\/media?parent=245859"}],"wp:term":[{"taxonomy":"category","embeddable":true,"href":"https:\/\/acefootball.com\/da\/wp-json\/wp\/v2\/categories?post=245859"},{"taxonomy":"post_tag","embeddable":true,"href":"https:\/\/acefootball.com\/da\/wp-json\/wp\/v2\/tags?post=245859"}],"curies":[{"name":"wp","href":"https:\/\/api.w.org\/{rel}","templated":true}]}}