{"id":245801,"date":"2020-12-08T10:09:27","date_gmt":"2020-12-08T09:09:27","guid":{"rendered":"https:\/\/acefootball.com\/da\/?p=245801"},"modified":"2020-12-08T10:09:28","modified_gmt":"2020-12-08T09:09:28","slug":"billede-fra-herning-forarger-superliga-fans-grotesk-og-vanvittigt","status":"publish","type":"post","link":"https:\/\/acefootball.com\/da\/fodboldnyheder\/billede-fra-herning-forarger-superliga-fans-grotesk-og-vanvittigt\/","title":{"rendered":"Billede fra Herning forarger Superliga-fans: Grotesk og vanvittigt"},"content":{"rendered":"\n<h2 id=\"h-et-billede-fra-en-koncert-i-herning-i-weekenden-skaber-forargelse-p-twitter-hvor-folk-stiller-sp-rgsm-lstegn-ved-antallet-af-g-ster-i-forhold-til-superligaen\">Et billede fra en koncert i Herning i weekenden skaber forargelse p\u00e5 Twitter, hvor folk stiller sp\u00f8rgsm\u00e5lstegn ved antallet af g\u00e6ster i forhold til Superligaen<\/h2>\n\n\n\n<p>Det er fortsat kun tilladt at v\u00e6re samlet 500 mennesker p\u00e5 de danske fodboldstadions, n\u00e5r der afholdes Superliga-kampe.<\/p>\n\n\n\n<p>S\u00e5 sent som den 17. november blev der afholdt samr\u00e5d i Folketinget ang\u00e5ende Superliga-modellen, der skulle v\u00e6re med til at lukke flere tilskuere ind p\u00e5 de danske arenaer, men det blev endnu engang afvist af kulturminister Joy Mogensen.<\/p>\n\n\n\n<figure class=\"wp-block-embed-wordpress wp-block-embed is-type-wp-embed is-provider-ace-football-danmark\"><div class=\"wp-block-embed__wrapper\">\n<blockquote class=\"wp-embedded-content\" data-secret=\"4Vfo9tjFHc\"><a href=\"https:\/\/acefootball.com\/da\/fodboldnyheder\/ikke-endnu-kulturministeren-vil-ikke-have-flere-tilskuere\/\">Ikke endnu: Kulturministeren vil ikke have flere tilskuere<\/a><\/blockquote><iframe class=\"wp-embedded-content\" sandbox=\"allow-scripts\" security=\"restricted\" style=\"position: absolute; clip: rect(1px, 1px, 1px, 1px);\" title=\"&#8220;Ikke endnu: Kulturministeren vil ikke have flere tilskuere&#8221; &#8212; Ace Football Danmark\" src=\"https:\/\/acefootball.com\/da\/fodboldnyheder\/ikke-endnu-kulturministeren-vil-ikke-have-flere-tilskuere\/embed\/#?secret=4Vfo9tjFHc\" data-secret=\"4Vfo9tjFHc\" width=\"600\" height=\"338\" frameborder=\"0\" marginwidth=\"0\" marginheight=\"0\" scrolling=\"no\"><\/iframe>\n<\/div><\/figure>\n\n\n\n<p>Begr\u00e6nsningen p\u00e5 500 personer til arrangementer g\u00e6lder dog ogs\u00e5 for spillesteder, hvilket ligeledes var tilf\u00e6ldet i fredags, da bandet Luftens Helte spillede koncert p\u00e5 Terminalen i Herning. Her var folk tilmed samlet p\u00e5 et markant mindre omr\u00e5de end et fodboldstadion.<\/p>\n\n\n\n<figure class=\"wp-block-embed-twitter wp-block-embed is-type-rich is-provider-twitter\"><div class=\"wp-block-embed__wrapper\">\n<blockquote class=\"twitter-tweet\" data-width=\"550\" data-dnt=\"true\"><p lang=\"da\" dir=\"ltr\">Herning i g\u00e5r. <a href=\"https:\/\/twitter.com\/hashtag\/sldk?src=hash&amp;ref_src=twsrc%5Etfw\">#sldk<\/a> <a href=\"https:\/\/twitter.com\/hashtag\/flerefansp%C3%A5stadion?src=hash&amp;ref_src=twsrc%5Etfw\">#flerefansp\u00e5stadion<\/a> <a href=\"https:\/\/t.co\/ahjG8K7o6y\">pic.twitter.com\/ahjG8K7o6y<\/a><\/p>&mdash; Andreas S\u00f8ndergaard (@AFraViborg) <a href=\"https:\/\/twitter.com\/AFraViborg\/status\/1335288341038764035?ref_src=twsrc%5Etfw\">December 5, 2020<\/a><\/blockquote><script async src=\"https:\/\/platform.twitter.com\/widgets.js\" charset=\"utf-8\"><\/script>\n<\/div><\/figure>\n\n\n\n<p>Det var i den grad noget, der fik folk til tasterne p\u00e5 det sociale medie Twitter, hvor der var stor undren og kritik af de nuv\u00e6rende restriktioner:<\/p>\n\n\n\n<figure class=\"wp-block-image size-large\"><img loading=\"lazy\" width=\"591\" height=\"131\" src=\"https:\/\/acefootball.com\/da\/wp-content\/uploads\/sites\/2\/2020\/12\/image-78.png\" alt=\"\" class=\"wp-image-245803\" srcset=\"https:\/\/acefootball.com\/da\/wp-content\/uploads\/sites\/2\/2020\/12\/image-78.png 591w, https:\/\/acefootball.com\/da\/wp-content\/uploads\/sites\/2\/2020\/12\/image-78-300x66.png 300w\" sizes=\"(max-width: 591px) 100vw, 591px\" \/><\/figure>\n\n\n\n<figure class=\"wp-block-image size-large\"><img loading=\"lazy\" width=\"594\" height=\"77\" src=\"https:\/\/acefootball.com\/da\/wp-content\/uploads\/sites\/2\/2020\/12\/image-83.png\" alt=\"\" class=\"wp-image-245808\" srcset=\"https:\/\/acefootball.com\/da\/wp-content\/uploads\/sites\/2\/2020\/12\/image-83.png 594w, https:\/\/acefootball.com\/da\/wp-content\/uploads\/sites\/2\/2020\/12\/image-83-300x39.png 300w\" sizes=\"(max-width: 594px) 100vw, 594px\" \/><\/figure>\n\n\n\n<figure class=\"wp-block-image size-large\"><img loading=\"lazy\" width=\"594\" height=\"76\" src=\"https:\/\/acefootball.com\/da\/wp-content\/uploads\/sites\/2\/2020\/12\/image-80.png\" alt=\"\" class=\"wp-image-245805\" srcset=\"https:\/\/acefootball.com\/da\/wp-content\/uploads\/sites\/2\/2020\/12\/image-80.png 594w, https:\/\/acefootball.com\/da\/wp-content\/uploads\/sites\/2\/2020\/12\/image-80-300x38.png 300w\" sizes=\"(max-width: 594px) 100vw, 594px\" \/><\/figure>\n\n\n\n<figure class=\"wp-block-image size-large\"><img loading=\"lazy\" width=\"592\" height=\"77\" src=\"https:\/\/acefootball.com\/da\/wp-content\/uploads\/sites\/2\/2020\/12\/image-84.png\" alt=\"\" class=\"wp-image-245809\" srcset=\"https:\/\/acefootball.com\/da\/wp-content\/uploads\/sites\/2\/2020\/12\/image-84.png 592w, https:\/\/acefootball.com\/da\/wp-content\/uploads\/sites\/2\/2020\/12\/image-84-300x39.png 300w\" sizes=\"(max-width: 592px) 100vw, 592px\" \/><\/figure>\n\n\n\n<figure class=\"wp-block-image size-large\"><img loading=\"lazy\" width=\"592\" height=\"132\" src=\"https:\/\/acefootball.com\/da\/wp-content\/uploads\/sites\/2\/2020\/12\/image-85.png\" alt=\"\" class=\"wp-image-245810\" srcset=\"https:\/\/acefootball.com\/da\/wp-content\/uploads\/sites\/2\/2020\/12\/image-85.png 592w, https:\/\/acefootball.com\/da\/wp-content\/uploads\/sites\/2\/2020\/12\/image-85-300x67.png 300w\" sizes=\"(max-width: 592px) 100vw, 592px\" \/><\/figure>\n\n\n\n<figure class=\"wp-block-image size-large\"><img loading=\"lazy\" width=\"591\" height=\"77\" src=\"https:\/\/acefootball.com\/da\/wp-content\/uploads\/sites\/2\/2020\/12\/image-86.png\" alt=\"\" class=\"wp-image-245811\" srcset=\"https:\/\/acefootball.com\/da\/wp-content\/uploads\/sites\/2\/2020\/12\/image-86.png 591w, https:\/\/acefootball.com\/da\/wp-content\/uploads\/sites\/2\/2020\/12\/image-86-300x39.png 300w\" sizes=\"(max-width: 591px) 100vw, 591px\" \/><\/figure>\n\n\n\n<figure class=\"wp-block-image size-large\"><img loading=\"lazy\" width=\"592\" height=\"72\" src=\"https:\/\/acefootball.com\/da\/wp-content\/uploads\/sites\/2\/2020\/12\/image-87.png\" alt=\"\" class=\"wp-image-245812\" srcset=\"https:\/\/acefootball.com\/da\/wp-content\/uploads\/sites\/2\/2020\/12\/image-87.png 592w, https:\/\/acefootball.com\/da\/wp-content\/uploads\/sites\/2\/2020\/12\/image-87-300x36.png 300w\" sizes=\"(max-width: 592px) 100vw, 592px\" \/><\/figure>\n\n\n\n<figure class=\"wp-block-image size-large\"><img loading=\"lazy\" width=\"593\" height=\"77\" src=\"https:\/\/acefootball.com\/da\/wp-content\/uploads\/sites\/2\/2020\/12\/image-88.png\" alt=\"\" class=\"wp-image-245813\" srcset=\"https:\/\/acefootball.com\/da\/wp-content\/uploads\/sites\/2\/2020\/12\/image-88.png 593w, https:\/\/acefootball.com\/da\/wp-content\/uploads\/sites\/2\/2020\/12\/image-88-300x39.png 300w\" sizes=\"(max-width: 593px) 100vw, 593px\" \/><\/figure>\n\n\n\n<figure class=\"wp-block-image size-large\"><img loading=\"lazy\" width=\"591\" height=\"112\" src=\"https:\/\/acefootball.com\/da\/wp-content\/uploads\/sites\/2\/2020\/12\/image-89.png\" alt=\"\" class=\"wp-image-245814\" srcset=\"https:\/\/acefootball.com\/da\/wp-content\/uploads\/sites\/2\/2020\/12\/image-89.png 591w, https:\/\/acefootball.com\/da\/wp-content\/uploads\/sites\/2\/2020\/12\/image-89-300x57.png 300w\" sizes=\"(max-width: 591px) 100vw, 591px\" \/><\/figure>\n\n\n\n<p>Flere af brugerne har rettet direkte henvendelse til kulturministeren i kommentarfeltet, men hun har endnu ikke svaret tilbage.<\/p>\n","protected":false},"excerpt":{"rendered":"<p>Et billede fra en koncert i Herning i weekenden skaber forargelse p\u00e5 Twitter, hvor folk stiller sp\u00f8rgsm\u00e5lstegn ved antallet af g\u00e6ster i forhold til Superligaen<\/p>\n","protected":false},"author":43,"featured_media":245817,"comment_status":"open","ping_status":"closed","sticky":false,"template":"","format":"standard","meta":{"om_disable_all_campaigns":false,"push_articles_ronaldo":{"active":false,"canonical":0,"publish":false},"force_updates":null},"categories":[1],"tags":[588],"enet_tags":{"league":["46"],"sport_events":[]},"yoast_head":"<!-- This site is optimized with the Yoast SEO plugin v18.3 - https:\/\/yoast.com\/wordpress\/plugins\/seo\/ -->\n<title>Billede fra Herning forarger Superliga-fans: Grotesk og vanvittigt<\/title>\n<meta name=\"description\" content=\"Et billede fra en koncert i Herning i weekenden skaber forargelse p\u00e5 Twitter, hvor folk stiller sp\u00f8rgsm\u00e5lstegn ved antallet af g\u00e6ster\" \/>\n<meta name=\"robots\" content=\"index, follow, max-snippet:-1, max-image-preview:large, max-video-preview:-1\" \/>\n<link rel=\"canonical\" href=\"https:\/\/acefootball.com\/da\/fodboldnyheder\/billede-fra-herning-forarger-superliga-fans-grotesk-og-vanvittigt\/\" \/>\n<meta property=\"og:locale\" content=\"en_US\" \/>\n<meta property=\"og:type\" content=\"article\" \/>\n<meta property=\"og:title\" content=\"Billede fra Herning forarger Superliga-fans: Grotesk og vanvittigt\" \/>\n<meta property=\"og:description\" content=\"Et billede fra en koncert i Herning i weekenden skaber forargelse p\u00e5 Twitter, hvor folk stiller sp\u00f8rgsm\u00e5lstegn ved antallet af g\u00e6ster\" \/>\n<meta property=\"og:url\" content=\"https:\/\/acefootball.com\/da\/fodboldnyheder\/billede-fra-herning-forarger-superliga-fans-grotesk-og-vanvittigt\/\" \/>\n<meta property=\"og:site_name\" content=\"Ace Football Danmark\" \/>\n<meta property=\"article:publisher\" content=\"https:\/\/www.facebook.com\/acefootballdk\" \/>\n<meta property=\"article:published_time\" content=\"2020-12-08T09:09:27+00:00\" \/>\n<meta property=\"article:modified_time\" content=\"2020-12-08T09:09:28+00:00\" \/>\n<meta property=\"og:image\" content=\"https:\/\/acefootball.com\/da\/wp-content\/uploads\/sites\/2\/2020\/12\/Ace-61.jpg\" \/>\n\t<meta property=\"og:image:width\" content=\"1920\" \/>\n\t<meta property=\"og:image:height\" content=\"1008\" \/>\n\t<meta property=\"og:image:type\" content=\"image\/jpeg\" \/>\n<meta name=\"twitter:card\" content=\"summary_large_image\" \/>\n<meta name=\"twitter:label1\" content=\"Written by\" \/>\n\t<meta name=\"twitter:data1\" content=\"Mikki M\u00f8ller-Iversen\" \/>\n\t<meta name=\"twitter:label2\" content=\"Est. reading time\" \/>\n\t<meta name=\"twitter:data2\" content=\"1 minute\" \/>\n<script type=\"application\/ld+json\" class=\"yoast-schema-graph\">{\"@context\":\"https:\/\/schema.org\",\"@graph\":[{\"@type\":\"Organization\",\"@id\":\"https:\/\/acefootball.com\/da\/#organization\",\"name\":\"Ace Football\",\"url\":\"https:\/\/acefootball.com\/da\/\",\"sameAs\":[\"https:\/\/www.facebook.com\/acefootballdk\"],\"logo\":{\"@type\":\"ImageObject\",\"@id\":\"https:\/\/acefootball.com\/da\/#logo\",\"inLanguage\":\"en-US\",\"url\":\"https:\/\/acefootball.com\/da\/wp-content\/uploads\/sites\/2\/2020\/07\/Ace-Football-30-07-2020-2.png\",\"contentUrl\":\"https:\/\/acefootball.com\/da\/wp-content\/uploads\/sites\/2\/2020\/07\/Ace-Football-30-07-2020-2.png\",\"width\":1200,\"height\":600,\"caption\":\"Ace Football\"},\"image\":{\"@id\":\"https:\/\/acefootball.com\/da\/#logo\"}},{\"@type\":\"WebSite\",\"@id\":\"https:\/\/acefootball.com\/da\/#website\",\"url\":\"https:\/\/acefootball.com\/da\/\",\"name\":\"Ace Football Danmark\",\"description\":\"Nyheder, Spiltips &amp; Livescore\",\"publisher\":{\"@id\":\"https:\/\/acefootball.com\/da\/#organization\"},\"potentialAction\":[{\"@type\":\"SearchAction\",\"target\":{\"@type\":\"EntryPoint\",\"urlTemplate\":\"https:\/\/acefootball.com\/da\/?s={search_term_string}\"},\"query-input\":\"required name=search_term_string\"}],\"inLanguage\":\"en-US\"},{\"@type\":\"ImageObject\",\"@id\":\"https:\/\/acefootball.com\/da\/fodboldnyheder\/billede-fra-herning-forarger-superliga-fans-grotesk-og-vanvittigt\/#primaryimage\",\"inLanguage\":\"en-US\",\"url\":\"https:\/\/acefootball.com\/da\/wp-content\/uploads\/sites\/2\/2020\/12\/Ace-61.jpg\",\"contentUrl\":\"https:\/\/acefootball.com\/da\/wp-content\/uploads\/sites\/2\/2020\/12\/Ace-61.jpg\",\"width\":1920,\"height\":1008,\"caption\":\"Foto: Sahlfoto.dk \/ Getty Images\"},{\"@type\":\"WebPage\",\"@id\":\"https:\/\/acefootball.com\/da\/fodboldnyheder\/billede-fra-herning-forarger-superliga-fans-grotesk-og-vanvittigt\/#webpage\",\"url\":\"https:\/\/acefootball.com\/da\/fodboldnyheder\/billede-fra-herning-forarger-superliga-fans-grotesk-og-vanvittigt\/\",\"name\":\"Billede fra Herning forarger Superliga-fans: Grotesk og vanvittigt\",\"isPartOf\":{\"@id\":\"https:\/\/acefootball.com\/da\/#website\"},\"primaryImageOfPage\":{\"@id\":\"https:\/\/acefootball.com\/da\/fodboldnyheder\/billede-fra-herning-forarger-superliga-fans-grotesk-og-vanvittigt\/#primaryimage\"},\"datePublished\":\"2020-12-08T09:09:27+00:00\",\"dateModified\":\"2020-12-08T09:09:28+00:00\",\"description\":\"Et billede fra en koncert i Herning i weekenden skaber forargelse p\u00e5 Twitter, hvor folk stiller sp\u00f8rgsm\u00e5lstegn ved antallet af g\u00e6ster\",\"breadcrumb\":{\"@id\":\"https:\/\/acefootball.com\/da\/fodboldnyheder\/billede-fra-herning-forarger-superliga-fans-grotesk-og-vanvittigt\/#breadcrumb\"},\"inLanguage\":\"en-US\",\"potentialAction\":[{\"@type\":\"ReadAction\",\"target\":[\"https:\/\/acefootball.com\/da\/fodboldnyheder\/billede-fra-herning-forarger-superliga-fans-grotesk-og-vanvittigt\/\"]}]},{\"@type\":\"BreadcrumbList\",\"@id\":\"https:\/\/acefootball.com\/da\/fodboldnyheder\/billede-fra-herning-forarger-superliga-fans-grotesk-og-vanvittigt\/#breadcrumb\",\"itemListElement\":[{\"@type\":\"ListItem\",\"position\":1,\"name\":\"Home\",\"item\":\"https:\/\/acefootball.com\/da\/\"},{\"@type\":\"ListItem\",\"position\":2,\"name\":\"Billede fra Herning forarger Superliga-fans: Grotesk og vanvittigt\"}]},{\"@type\":\"Article\",\"@id\":\"https:\/\/acefootball.com\/da\/fodboldnyheder\/billede-fra-herning-forarger-superliga-fans-grotesk-og-vanvittigt\/#article\",\"isPartOf\":{\"@id\":\"https:\/\/acefootball.com\/da\/fodboldnyheder\/billede-fra-herning-forarger-superliga-fans-grotesk-og-vanvittigt\/#webpage\"},\"author\":{\"@id\":\"https:\/\/acefootball.com\/da\/#\/schema\/person\/017c0abe4a8e92938220bf6c097dda93\"},\"headline\":\"Billede fra Herning forarger Superliga-fans: Grotesk og vanvittigt\",\"datePublished\":\"2020-12-08T09:09:27+00:00\",\"dateModified\":\"2020-12-08T09:09:28+00:00\",\"mainEntityOfPage\":{\"@id\":\"https:\/\/acefootball.com\/da\/fodboldnyheder\/billede-fra-herning-forarger-superliga-fans-grotesk-og-vanvittigt\/#webpage\"},\"wordCount\":195,\"commentCount\":0,\"publisher\":{\"@id\":\"https:\/\/acefootball.com\/da\/#organization\"},\"image\":{\"@id\":\"https:\/\/acefootball.com\/da\/fodboldnyheder\/billede-fra-herning-forarger-superliga-fans-grotesk-og-vanvittigt\/#primaryimage\"},\"thumbnailUrl\":\"https:\/\/acefootball.com\/da\/wp-content\/uploads\/sites\/2\/2020\/12\/GettyImages-1229879565-1.jpg\",\"keywords\":[\"Superligaen\"],\"articleSection\":[\"Nyhed\"],\"inLanguage\":\"en-US\",\"potentialAction\":[{\"@type\":\"CommentAction\",\"name\":\"Comment\",\"target\":[\"https:\/\/acefootball.com\/da\/fodboldnyheder\/billede-fra-herning-forarger-superliga-fans-grotesk-og-vanvittigt\/#respond\"]}]},{\"@type\":\"Person\",\"@id\":\"https:\/\/acefootball.com\/da\/#\/schema\/person\/017c0abe4a8e92938220bf6c097dda93\",\"name\":\"Mikki M\u00f8ller-Iversen\",\"image\":{\"@type\":\"ImageObject\",\"@id\":\"https:\/\/acefootball.com\/da\/#personlogo\",\"inLanguage\":\"en-US\",\"url\":\"https:\/\/secure.gravatar.com\/avatar\/e05b419e8b5ae5fcf516800181b96aa2?s=96&d=mm&r=g\",\"contentUrl\":\"https:\/\/secure.gravatar.com\/avatar\/e05b419e8b5ae5fcf516800181b96aa2?s=96&d=mm&r=g\",\"caption\":\"Mikki M\u00f8ller-Iversen\"},\"description\":\"Social Media Manager and writer at Ace Football. Main focus on Danish football and special stories.\",\"sameAs\":[\"https:\/\/www.linkedin.com\/in\/mikki-mller-iversen-26a3a689\/\"],\"url\":\"https:\/\/acefootball.com\/da\/fodboldnyheder\/author\/mmironaldo\/\"}]}<\/script>\n<!-- \/ Yoast SEO plugin. -->","yoast_head_json":{"title":"Billede fra Herning forarger Superliga-fans: Grotesk og vanvittigt","description":"Et billede fra en koncert i Herning i weekenden skaber forargelse p\u00e5 Twitter, hvor folk stiller sp\u00f8rgsm\u00e5lstegn ved antallet af g\u00e6ster","robots":{"index":"index","follow":"follow","max-snippet":"max-snippet:-1","max-image-preview":"max-image-preview:large","max-video-preview":"max-video-preview:-1"},"canonical":"https:\/\/acefootball.com\/da\/fodboldnyheder\/billede-fra-herning-forarger-superliga-fans-grotesk-og-vanvittigt\/","og_locale":"en_US","og_type":"article","og_title":"Billede fra Herning forarger Superliga-fans: Grotesk og vanvittigt","og_description":"Et billede fra en koncert i Herning i weekenden skaber forargelse p\u00e5 Twitter, hvor folk stiller sp\u00f8rgsm\u00e5lstegn ved antallet af g\u00e6ster","og_url":"https:\/\/acefootball.com\/da\/fodboldnyheder\/billede-fra-herning-forarger-superliga-fans-grotesk-og-vanvittigt\/","og_site_name":"Ace Football Danmark","article_publisher":"https:\/\/www.facebook.com\/acefootballdk","article_published_time":"2020-12-08T09:09:27+00:00","article_modified_time":"2020-12-08T09:09:28+00:00","og_image":[{"width":1920,"height":1008,"url":"https:\/\/acefootball.com\/da\/wp-content\/uploads\/sites\/2\/2020\/12\/Ace-61.jpg","type":"image\/jpeg"}],"twitter_card":"summary_large_image","twitter_misc":{"Written by":"Mikki M\u00f8ller-Iversen","Est. reading time":"1 minute"},"schema":{"@context":"https:\/\/schema.org","@graph":[{"@type":"Organization","@id":"https:\/\/acefootball.com\/da\/#organization","name":"Ace Football","url":"https:\/\/acefootball.com\/da\/","sameAs":["https:\/\/www.facebook.com\/acefootballdk"],"logo":{"@type":"ImageObject","@id":"https:\/\/acefootball.com\/da\/#logo","inLanguage":"en-US","url":"https:\/\/acefootball.com\/da\/wp-content\/uploads\/sites\/2\/2020\/07\/Ace-Football-30-07-2020-2.png","contentUrl":"https:\/\/acefootball.com\/da\/wp-content\/uploads\/sites\/2\/2020\/07\/Ace-Football-30-07-2020-2.png","width":1200,"height":600,"caption":"Ace Football"},"image":{"@id":"https:\/\/acefootball.com\/da\/#logo"}},{"@type":"WebSite","@id":"https:\/\/acefootball.com\/da\/#website","url":"https:\/\/acefootball.com\/da\/","name":"Ace Football Danmark","description":"Nyheder, Spiltips &amp; Livescore","publisher":{"@id":"https:\/\/acefootball.com\/da\/#organization"},"potentialAction":[{"@type":"SearchAction","target":{"@type":"EntryPoint","urlTemplate":"https:\/\/acefootball.com\/da\/?s={search_term_string}"},"query-input":"required name=search_term_string"}],"inLanguage":"en-US"},{"@type":"ImageObject","@id":"https:\/\/acefootball.com\/da\/fodboldnyheder\/billede-fra-herning-forarger-superliga-fans-grotesk-og-vanvittigt\/#primaryimage","inLanguage":"en-US","url":"https:\/\/acefootball.com\/da\/wp-content\/uploads\/sites\/2\/2020\/12\/Ace-61.jpg","contentUrl":"https:\/\/acefootball.com\/da\/wp-content\/uploads\/sites\/2\/2020\/12\/Ace-61.jpg","width":1920,"height":1008,"caption":"Foto: Sahlfoto.dk \/ Getty Images"},{"@type":"WebPage","@id":"https:\/\/acefootball.com\/da\/fodboldnyheder\/billede-fra-herning-forarger-superliga-fans-grotesk-og-vanvittigt\/#webpage","url":"https:\/\/acefootball.com\/da\/fodboldnyheder\/billede-fra-herning-forarger-superliga-fans-grotesk-og-vanvittigt\/","name":"Billede fra Herning forarger Superliga-fans: Grotesk og vanvittigt","isPartOf":{"@id":"https:\/\/acefootball.com\/da\/#website"},"primaryImageOfPage":{"@id":"https:\/\/acefootball.com\/da\/fodboldnyheder\/billede-fra-herning-forarger-superliga-fans-grotesk-og-vanvittigt\/#primaryimage"},"datePublished":"2020-12-08T09:09:27+00:00","dateModified":"2020-12-08T09:09:28+00:00","description":"Et billede fra en koncert i Herning i weekenden skaber forargelse p\u00e5 Twitter, hvor folk stiller sp\u00f8rgsm\u00e5lstegn ved antallet af g\u00e6ster","breadcrumb":{"@id":"https:\/\/acefootball.com\/da\/fodboldnyheder\/billede-fra-herning-forarger-superliga-fans-grotesk-og-vanvittigt\/#breadcrumb"},"inLanguage":"en-US","potentialAction":[{"@type":"ReadAction","target":["https:\/\/acefootball.com\/da\/fodboldnyheder\/billede-fra-herning-forarger-superliga-fans-grotesk-og-vanvittigt\/"]}]},{"@type":"BreadcrumbList","@id":"https:\/\/acefootball.com\/da\/fodboldnyheder\/billede-fra-herning-forarger-superliga-fans-grotesk-og-vanvittigt\/#breadcrumb","itemListElement":[{"@type":"ListItem","position":1,"name":"Home","item":"https:\/\/acefootball.com\/da\/"},{"@type":"ListItem","position":2,"name":"Billede fra Herning forarger Superliga-fans: Grotesk og vanvittigt"}]},{"@type":"Article","@id":"https:\/\/acefootball.com\/da\/fodboldnyheder\/billede-fra-herning-forarger-superliga-fans-grotesk-og-vanvittigt\/#article","isPartOf":{"@id":"https:\/\/acefootball.com\/da\/fodboldnyheder\/billede-fra-herning-forarger-superliga-fans-grotesk-og-vanvittigt\/#webpage"},"author":{"@id":"https:\/\/acefootball.com\/da\/#\/schema\/person\/017c0abe4a8e92938220bf6c097dda93"},"headline":"Billede fra Herning forarger Superliga-fans: Grotesk og vanvittigt","datePublished":"2020-12-08T09:09:27+00:00","dateModified":"2020-12-08T09:09:28+00:00","mainEntityOfPage":{"@id":"https:\/\/acefootball.com\/da\/fodboldnyheder\/billede-fra-herning-forarger-superliga-fans-grotesk-og-vanvittigt\/#webpage"},"wordCount":195,"commentCount":0,"publisher":{"@id":"https:\/\/acefootball.com\/da\/#organization"},"image":{"@id":"https:\/\/acefootball.com\/da\/fodboldnyheder\/billede-fra-herning-forarger-superliga-fans-grotesk-og-vanvittigt\/#primaryimage"},"thumbnailUrl":"https:\/\/acefootball.com\/da\/wp-content\/uploads\/sites\/2\/2020\/12\/GettyImages-1229879565-1.jpg","keywords":["Superligaen"],"articleSection":["Nyhed"],"inLanguage":"en-US","potentialAction":[{"@type":"CommentAction","name":"Comment","target":["https:\/\/acefootball.com\/da\/fodboldnyheder\/billede-fra-herning-forarger-superliga-fans-grotesk-og-vanvittigt\/#respond"]}]},{"@type":"Person","@id":"https:\/\/acefootball.com\/da\/#\/schema\/person\/017c0abe4a8e92938220bf6c097dda93","name":"Mikki M\u00f8ller-Iversen","image":{"@type":"ImageObject","@id":"https:\/\/acefootball.com\/da\/#personlogo","inLanguage":"en-US","url":"https:\/\/secure.gravatar.com\/avatar\/e05b419e8b5ae5fcf516800181b96aa2?s=96&d=mm&r=g","contentUrl":"https:\/\/secure.gravatar.com\/avatar\/e05b419e8b5ae5fcf516800181b96aa2?s=96&d=mm&r=g","caption":"Mikki M\u00f8ller-Iversen"},"description":"Social Media Manager and writer at Ace Football. Main focus on Danish football and special stories.","sameAs":["https:\/\/www.linkedin.com\/in\/mikki-mller-iversen-26a3a689\/"],"url":"https:\/\/acefootball.com\/da\/fodboldnyheder\/author\/mmironaldo\/"}]}},"fimg_url":"https:\/\/acefootball.com\/da\/wp-content\/uploads\/sites\/2\/2020\/12\/GettyImages-1229879565-1.jpg","_links":{"self":[{"href":"https:\/\/acefootball.com\/da\/wp-json\/wp\/v2\/posts\/245801"}],"collection":[{"href":"https:\/\/acefootball.com\/da\/wp-json\/wp\/v2\/posts"}],"about":[{"href":"https:\/\/acefootball.com\/da\/wp-json\/wp\/v2\/types\/post"}],"author":[{"embeddable":true,"href":"https:\/\/acefootball.com\/da\/wp-json\/wp\/v2\/users\/43"}],"replies":[{"embeddable":true,"href":"https:\/\/acefootball.com\/da\/wp-json\/wp\/v2\/comments?post=245801"}],"version-history":[{"count":0,"href":"https:\/\/acefootball.com\/da\/wp-json\/wp\/v2\/posts\/245801\/revisions"}],"wp:featuredmedia":[{"embeddable":true,"href":"https:\/\/acefootball.com\/da\/wp-json\/wp\/v2\/media\/245817"}],"wp:attachment":[{"href":"https:\/\/acefootball.com\/da\/wp-json\/wp\/v2\/media?parent=245801"}],"wp:term":[{"taxonomy":"category","embeddable":true,"href":"https:\/\/acefootball.com\/da\/wp-json\/wp\/v2\/categories?post=245801"},{"taxonomy":"post_tag","embeddable":true,"href":"https:\/\/acefootball.com\/da\/wp-json\/wp\/v2\/tags?post=245801"}],"curies":[{"name":"wp","href":"https:\/\/api.w.org\/{rel}","templated":true}]}}