{"id":245620,"date":"2020-12-06T17:31:36","date_gmt":"2020-12-06T16:31:36","guid":{"rendered":"https:\/\/acefootball.com\/da\/?p=245620"},"modified":"2020-12-06T17:34:40","modified_gmt":"2020-12-06T16:34:40","slug":"fcm-stjerne-vil-til-udlandet-igen-jeg-er-klar","status":"publish","type":"post","link":"https:\/\/acefootball.com\/da\/fodboldnyheder\/fcm-stjerne-vil-til-udlandet-igen-jeg-er-klar\/","title":{"rendered":"FCM-stjerne vil til udlandet igen: &#8220;Jeg er klar&#8221;"},"content":{"rendered":"\n<h2 id=\"h-alexander-scholz-f-ler-sig-klar-til-igen-at-tage-turen-til-udlandet-men-hvorn-r-det-skal-v-re-ved-fcm-stjernen-ikke\">Alexander Scholz f\u00f8ler sig klar til igen at tage turen til udlandet, men hvorn\u00e5r det skal v\u00e6re, ved FCM-stjernen ikke<\/h2>\n\n\n\n<p>Det var i h\u00f8j grad takket v\u00e6re en solid defensiv, at FC Midtjylland tog det danske mesterskab i sidste s\u00e6son, hvor midterforsvaret prim\u00e6rt blev udgjort af Alexander Scholz og Erik Sviatchenko.<\/p>\n\n\n\n<p>Ogs\u00e5 i denne s\u00e6son har makkerparret v\u00e6ret blandt klubbens profiler, og derfor er den begyndende snak om et udlandsskifte s\u00e5 sm\u00e5t ved at tage til.<\/p>\n\n\n\n<p>28-\u00e5rige Scholz har nu v\u00e6ret i FC Midtjylland i lidt over to \u00e5r, og sp\u00f8rger man hovedpersonen selv, er det snart ved at v\u00e6re tid til endnu et eventyr.<\/p>\n\n\n\n<p>&#8220;Jeg er klar, n\u00e5r det er. Der er ikke s\u00e5 meget bet\u00e6nkningstid,&#8221; udtaler Scholz til <a href=\"https:\/\/www.bold.dk\/fodbold\/nyheder\/scholz-klar-paa-eventyr-vinterskifte-op-til-fcm\/\" target=\"_blank\" rel=\"noreferrer noopener\">bold.dk<\/a> p\u00e5 sp\u00f8rgsm\u00e5let om et snarligt salg.<\/p>\n\n\n\n<figure class=\"wp-block-embed-wordpress wp-block-embed is-type-wp-embed is-provider-ace-football-danmark\"><div class=\"wp-block-embed__wrapper\">\n<blockquote class=\"wp-embedded-content\" data-secret=\"g30meAKCtn\"><a href=\"https:\/\/acefootball.com\/da\/fodboldnyheder\/medie-broendby-og-fck-nyder-godt-af-ny-tv-aftale\/\">Medie: Br\u00f8ndby og FCK nyder godt af ny tv-aftale<\/a><\/blockquote><iframe class=\"wp-embedded-content\" sandbox=\"allow-scripts\" security=\"restricted\" style=\"position: absolute; clip: rect(1px, 1px, 1px, 1px);\" title=\"&#8220;Medie: Br\u00f8ndby og FCK nyder godt af ny tv-aftale&#8221; &#8212; Ace Football Danmark\" src=\"https:\/\/acefootball.com\/da\/fodboldnyheder\/medie-broendby-og-fck-nyder-godt-af-ny-tv-aftale\/embed\/#?secret=g30meAKCtn\" data-secret=\"g30meAKCtn\" width=\"600\" height=\"338\" frameborder=\"0\" marginwidth=\"0\" marginheight=\"0\" scrolling=\"no\"><\/iframe>\n<\/div><\/figure>\n\n\n\n<p>Det bliver dog formentlig ikke allerede til januar, med mindre der dukker et godt tilbud op, da stopperen vil foretr\u00e6kke et sommerskifte for ikke at skulle hoppe ind i en trup midt p\u00e5 s\u00e6sonen.<\/p>\n\n\n\n<p>Inden turen gik til Herning i 2018 havde Scholz fem \u00e5r i belgisk fodbold, hvor han optr\u00e5dte for Lokeren, Standard Liege og Club Br\u00fcgge.<\/p>\n\n\n\n<p>Alexander Scholz har fortsat kontrakt med FC Midtjylland frem til sommeren 2023.<\/p>\n","protected":false},"excerpt":{"rendered":"<p>Alexander Scholz f\u00f8ler sig klar til igen at tage turen til udlandet, men hvorn\u00e5r det skal v\u00e6re, ved FCM-stjernen ikke<\/p>\n","protected":false},"author":705,"featured_media":240478,"comment_status":"open","ping_status":"closed","sticky":false,"template":"","format":"standard","meta":{"om_disable_all_campaigns":false,"push_articles_ronaldo":{"active":false,"canonical":0,"publish":false},"force_updates":null},"categories":[8204],"tags":[1182,51,588],"enet_tags":{"player":["203755"],"team":["8113"],"league":["46"],"sport_events":[]},"yoast_head":"<!-- This site is optimized with the Yoast SEO plugin v18.3 - https:\/\/yoast.com\/wordpress\/plugins\/seo\/ -->\n<title>FCM-stjerne vil til udlandet igen: &quot;Jeg er klar&quot;<\/title>\n<meta name=\"description\" content=\"Alexander Scholz f\u00f8ler sig klar til igen at tage turen til udlandet, men hvorn\u00e5r det skal v\u00e6re, ved FCM-stjernen ikke\" \/>\n<meta name=\"robots\" content=\"index, follow, max-snippet:-1, max-image-preview:large, max-video-preview:-1\" \/>\n<link rel=\"canonical\" href=\"https:\/\/acefootball.com\/da\/fodboldnyheder\/fcm-stjerne-vil-til-udlandet-igen-jeg-er-klar\/\" \/>\n<meta property=\"og:locale\" content=\"en_US\" \/>\n<meta property=\"og:type\" content=\"article\" \/>\n<meta property=\"og:title\" content=\"FCM-stjerne vil til udlandet igen: &quot;Jeg er klar&quot;\" \/>\n<meta property=\"og:description\" content=\"Alexander Scholz f\u00f8ler sig klar til igen at tage turen til udlandet, men hvorn\u00e5r det skal v\u00e6re, ved FCM-stjernen ikke\" \/>\n<meta property=\"og:url\" content=\"https:\/\/acefootball.com\/da\/fodboldnyheder\/fcm-stjerne-vil-til-udlandet-igen-jeg-er-klar\/\" \/>\n<meta property=\"og:site_name\" content=\"Ace Football Danmark\" \/>\n<meta property=\"article:publisher\" content=\"https:\/\/www.facebook.com\/acefootballdk\" \/>\n<meta property=\"article:published_time\" content=\"2020-12-06T16:31:36+00:00\" \/>\n<meta property=\"article:modified_time\" content=\"2020-12-06T16:34:40+00:00\" \/>\n<meta property=\"og:image\" content=\"https:\/\/acefootball.com\/da\/wp-content\/uploads\/sites\/2\/2020\/12\/Copy-of-Ace-6-5.jpg\" \/>\n\t<meta property=\"og:image:width\" content=\"1920\" \/>\n\t<meta property=\"og:image:height\" content=\"1008\" \/>\n\t<meta property=\"og:image:type\" content=\"image\/jpeg\" \/>\n<meta name=\"twitter:card\" content=\"summary_large_image\" \/>\n<meta name=\"twitter:label1\" content=\"Written by\" \/>\n\t<meta name=\"twitter:data1\" content=\"Mads Dreyer\" \/>\n\t<meta name=\"twitter:label2\" content=\"Est. reading time\" \/>\n\t<meta name=\"twitter:data2\" content=\"1 minute\" \/>\n<script type=\"application\/ld+json\" class=\"yoast-schema-graph\">{\"@context\":\"https:\/\/schema.org\",\"@graph\":[{\"@type\":\"Organization\",\"@id\":\"https:\/\/acefootball.com\/da\/#organization\",\"name\":\"Ace Football\",\"url\":\"https:\/\/acefootball.com\/da\/\",\"sameAs\":[\"https:\/\/www.facebook.com\/acefootballdk\"],\"logo\":{\"@type\":\"ImageObject\",\"@id\":\"https:\/\/acefootball.com\/da\/#logo\",\"inLanguage\":\"en-US\",\"url\":\"https:\/\/acefootball.com\/da\/wp-content\/uploads\/sites\/2\/2020\/07\/Ace-Football-30-07-2020-2.png\",\"contentUrl\":\"https:\/\/acefootball.com\/da\/wp-content\/uploads\/sites\/2\/2020\/07\/Ace-Football-30-07-2020-2.png\",\"width\":1200,\"height\":600,\"caption\":\"Ace Football\"},\"image\":{\"@id\":\"https:\/\/acefootball.com\/da\/#logo\"}},{\"@type\":\"WebSite\",\"@id\":\"https:\/\/acefootball.com\/da\/#website\",\"url\":\"https:\/\/acefootball.com\/da\/\",\"name\":\"Ace Football Danmark\",\"description\":\"Nyheder, Spiltips &amp; Livescore\",\"publisher\":{\"@id\":\"https:\/\/acefootball.com\/da\/#organization\"},\"potentialAction\":[{\"@type\":\"SearchAction\",\"target\":{\"@type\":\"EntryPoint\",\"urlTemplate\":\"https:\/\/acefootball.com\/da\/?s={search_term_string}\"},\"query-input\":\"required name=search_term_string\"}],\"inLanguage\":\"en-US\"},{\"@type\":\"ImageObject\",\"@id\":\"https:\/\/acefootball.com\/da\/fodboldnyheder\/fcm-stjerne-vil-til-udlandet-igen-jeg-er-klar\/#primaryimage\",\"inLanguage\":\"en-US\",\"url\":\"https:\/\/acefootball.com\/da\/wp-content\/uploads\/sites\/2\/2020\/12\/Copy-of-Ace-6-5.jpg\",\"contentUrl\":\"https:\/\/acefootball.com\/da\/wp-content\/uploads\/sites\/2\/2020\/12\/Copy-of-Ace-6-5.jpg\",\"width\":1920,\"height\":1008},{\"@type\":\"WebPage\",\"@id\":\"https:\/\/acefootball.com\/da\/fodboldnyheder\/fcm-stjerne-vil-til-udlandet-igen-jeg-er-klar\/#webpage\",\"url\":\"https:\/\/acefootball.com\/da\/fodboldnyheder\/fcm-stjerne-vil-til-udlandet-igen-jeg-er-klar\/\",\"name\":\"FCM-stjerne vil til udlandet igen: \\\"Jeg er klar\\\"\",\"isPartOf\":{\"@id\":\"https:\/\/acefootball.com\/da\/#website\"},\"primaryImageOfPage\":{\"@id\":\"https:\/\/acefootball.com\/da\/fodboldnyheder\/fcm-stjerne-vil-til-udlandet-igen-jeg-er-klar\/#primaryimage\"},\"datePublished\":\"2020-12-06T16:31:36+00:00\",\"dateModified\":\"2020-12-06T16:34:40+00:00\",\"description\":\"Alexander Scholz f\u00f8ler sig klar til igen at tage turen til udlandet, men hvorn\u00e5r det skal v\u00e6re, ved FCM-stjernen ikke\",\"breadcrumb\":{\"@id\":\"https:\/\/acefootball.com\/da\/fodboldnyheder\/fcm-stjerne-vil-til-udlandet-igen-jeg-er-klar\/#breadcrumb\"},\"inLanguage\":\"en-US\",\"potentialAction\":[{\"@type\":\"ReadAction\",\"target\":[\"https:\/\/acefootball.com\/da\/fodboldnyheder\/fcm-stjerne-vil-til-udlandet-igen-jeg-er-klar\/\"]}]},{\"@type\":\"BreadcrumbList\",\"@id\":\"https:\/\/acefootball.com\/da\/fodboldnyheder\/fcm-stjerne-vil-til-udlandet-igen-jeg-er-klar\/#breadcrumb\",\"itemListElement\":[{\"@type\":\"ListItem\",\"position\":1,\"name\":\"Home\",\"item\":\"https:\/\/acefootball.com\/da\/\"},{\"@type\":\"ListItem\",\"position\":2,\"name\":\"FCM-stjerne vil til udlandet igen: &#8220;Jeg er klar&#8221;\"}]},{\"@type\":\"Article\",\"@id\":\"https:\/\/acefootball.com\/da\/fodboldnyheder\/fcm-stjerne-vil-til-udlandet-igen-jeg-er-klar\/#article\",\"isPartOf\":{\"@id\":\"https:\/\/acefootball.com\/da\/fodboldnyheder\/fcm-stjerne-vil-til-udlandet-igen-jeg-er-klar\/#webpage\"},\"author\":{\"@id\":\"https:\/\/acefootball.com\/da\/#\/schema\/person\/ee67e9cf04a276f144100ffa722f10cd\"},\"headline\":\"FCM-stjerne vil til udlandet igen: &#8220;Jeg er klar&#8221;\",\"datePublished\":\"2020-12-06T16:31:36+00:00\",\"dateModified\":\"2020-12-06T16:34:40+00:00\",\"mainEntityOfPage\":{\"@id\":\"https:\/\/acefootball.com\/da\/fodboldnyheder\/fcm-stjerne-vil-til-udlandet-igen-jeg-er-klar\/#webpage\"},\"wordCount\":232,\"commentCount\":0,\"publisher\":{\"@id\":\"https:\/\/acefootball.com\/da\/#organization\"},\"image\":{\"@id\":\"https:\/\/acefootball.com\/da\/fodboldnyheder\/fcm-stjerne-vil-til-udlandet-igen-jeg-er-klar\/#primaryimage\"},\"thumbnailUrl\":\"https:\/\/acefootball.com\/da\/wp-content\/uploads\/sites\/2\/2020\/10\/GettyImages-1228823404.jpg\",\"keywords\":[\"Alexander Scholz\",\"FC Midtjylland\",\"Superligaen\"],\"articleSection\":[\"Udtalelse\"],\"inLanguage\":\"en-US\",\"potentialAction\":[{\"@type\":\"CommentAction\",\"name\":\"Comment\",\"target\":[\"https:\/\/acefootball.com\/da\/fodboldnyheder\/fcm-stjerne-vil-til-udlandet-igen-jeg-er-klar\/#respond\"]}]},{\"@type\":\"Person\",\"@id\":\"https:\/\/acefootball.com\/da\/#\/schema\/person\/ee67e9cf04a276f144100ffa722f10cd\",\"name\":\"Mads Dreyer\",\"image\":{\"@type\":\"ImageObject\",\"@id\":\"https:\/\/acefootball.com\/da\/#personlogo\",\"inLanguage\":\"en-US\",\"url\":\"https:\/\/secure.gravatar.com\/avatar\/7c7abf72cfde9902b6a60efe60c88d4c?s=96&d=mm&r=g\",\"contentUrl\":\"https:\/\/secure.gravatar.com\/avatar\/7c7abf72cfde9902b6a60efe60c88d4c?s=96&d=mm&r=g\",\"caption\":\"Mads Dreyer\"},\"description\":\"Skribent og fodboldn\u00f8rd, der lige nu fort\u00e6ller om alt og intet i fodboldverdenen p\u00e5 acefootball.com. Uddannet i kommunikation fra Aalborg Universitet.\",\"sameAs\":[\"https:\/\/www.linkedin.com\/in\/mads-dreyer-b9b08266\/\"],\"url\":\"https:\/\/acefootball.com\/da\/fodboldnyheder\/author\/mdnronaldo\/\"}]}<\/script>\n<!-- \/ Yoast SEO plugin. -->","yoast_head_json":{"title":"FCM-stjerne vil til udlandet igen: \"Jeg er klar\"","description":"Alexander Scholz f\u00f8ler sig klar til igen at tage turen til udlandet, men hvorn\u00e5r det skal v\u00e6re, ved FCM-stjernen ikke","robots":{"index":"index","follow":"follow","max-snippet":"max-snippet:-1","max-image-preview":"max-image-preview:large","max-video-preview":"max-video-preview:-1"},"canonical":"https:\/\/acefootball.com\/da\/fodboldnyheder\/fcm-stjerne-vil-til-udlandet-igen-jeg-er-klar\/","og_locale":"en_US","og_type":"article","og_title":"FCM-stjerne vil til udlandet igen: \"Jeg er klar\"","og_description":"Alexander Scholz f\u00f8ler sig klar til igen at tage turen til udlandet, men hvorn\u00e5r det skal v\u00e6re, ved FCM-stjernen ikke","og_url":"https:\/\/acefootball.com\/da\/fodboldnyheder\/fcm-stjerne-vil-til-udlandet-igen-jeg-er-klar\/","og_site_name":"Ace Football Danmark","article_publisher":"https:\/\/www.facebook.com\/acefootballdk","article_published_time":"2020-12-06T16:31:36+00:00","article_modified_time":"2020-12-06T16:34:40+00:00","og_image":[{"width":1920,"height":1008,"url":"https:\/\/acefootball.com\/da\/wp-content\/uploads\/sites\/2\/2020\/12\/Copy-of-Ace-6-5.jpg","type":"image\/jpeg"}],"twitter_card":"summary_large_image","twitter_misc":{"Written by":"Mads Dreyer","Est. reading time":"1 minute"},"schema":{"@context":"https:\/\/schema.org","@graph":[{"@type":"Organization","@id":"https:\/\/acefootball.com\/da\/#organization","name":"Ace Football","url":"https:\/\/acefootball.com\/da\/","sameAs":["https:\/\/www.facebook.com\/acefootballdk"],"logo":{"@type":"ImageObject","@id":"https:\/\/acefootball.com\/da\/#logo","inLanguage":"en-US","url":"https:\/\/acefootball.com\/da\/wp-content\/uploads\/sites\/2\/2020\/07\/Ace-Football-30-07-2020-2.png","contentUrl":"https:\/\/acefootball.com\/da\/wp-content\/uploads\/sites\/2\/2020\/07\/Ace-Football-30-07-2020-2.png","width":1200,"height":600,"caption":"Ace Football"},"image":{"@id":"https:\/\/acefootball.com\/da\/#logo"}},{"@type":"WebSite","@id":"https:\/\/acefootball.com\/da\/#website","url":"https:\/\/acefootball.com\/da\/","name":"Ace Football Danmark","description":"Nyheder, Spiltips &amp; Livescore","publisher":{"@id":"https:\/\/acefootball.com\/da\/#organization"},"potentialAction":[{"@type":"SearchAction","target":{"@type":"EntryPoint","urlTemplate":"https:\/\/acefootball.com\/da\/?s={search_term_string}"},"query-input":"required name=search_term_string"}],"inLanguage":"en-US"},{"@type":"ImageObject","@id":"https:\/\/acefootball.com\/da\/fodboldnyheder\/fcm-stjerne-vil-til-udlandet-igen-jeg-er-klar\/#primaryimage","inLanguage":"en-US","url":"https:\/\/acefootball.com\/da\/wp-content\/uploads\/sites\/2\/2020\/12\/Copy-of-Ace-6-5.jpg","contentUrl":"https:\/\/acefootball.com\/da\/wp-content\/uploads\/sites\/2\/2020\/12\/Copy-of-Ace-6-5.jpg","width":1920,"height":1008},{"@type":"WebPage","@id":"https:\/\/acefootball.com\/da\/fodboldnyheder\/fcm-stjerne-vil-til-udlandet-igen-jeg-er-klar\/#webpage","url":"https:\/\/acefootball.com\/da\/fodboldnyheder\/fcm-stjerne-vil-til-udlandet-igen-jeg-er-klar\/","name":"FCM-stjerne vil til udlandet igen: \"Jeg er klar\"","isPartOf":{"@id":"https:\/\/acefootball.com\/da\/#website"},"primaryImageOfPage":{"@id":"https:\/\/acefootball.com\/da\/fodboldnyheder\/fcm-stjerne-vil-til-udlandet-igen-jeg-er-klar\/#primaryimage"},"datePublished":"2020-12-06T16:31:36+00:00","dateModified":"2020-12-06T16:34:40+00:00","description":"Alexander Scholz f\u00f8ler sig klar til igen at tage turen til udlandet, men hvorn\u00e5r det skal v\u00e6re, ved FCM-stjernen ikke","breadcrumb":{"@id":"https:\/\/acefootball.com\/da\/fodboldnyheder\/fcm-stjerne-vil-til-udlandet-igen-jeg-er-klar\/#breadcrumb"},"inLanguage":"en-US","potentialAction":[{"@type":"ReadAction","target":["https:\/\/acefootball.com\/da\/fodboldnyheder\/fcm-stjerne-vil-til-udlandet-igen-jeg-er-klar\/"]}]},{"@type":"BreadcrumbList","@id":"https:\/\/acefootball.com\/da\/fodboldnyheder\/fcm-stjerne-vil-til-udlandet-igen-jeg-er-klar\/#breadcrumb","itemListElement":[{"@type":"ListItem","position":1,"name":"Home","item":"https:\/\/acefootball.com\/da\/"},{"@type":"ListItem","position":2,"name":"FCM-stjerne vil til udlandet igen: &#8220;Jeg er klar&#8221;"}]},{"@type":"Article","@id":"https:\/\/acefootball.com\/da\/fodboldnyheder\/fcm-stjerne-vil-til-udlandet-igen-jeg-er-klar\/#article","isPartOf":{"@id":"https:\/\/acefootball.com\/da\/fodboldnyheder\/fcm-stjerne-vil-til-udlandet-igen-jeg-er-klar\/#webpage"},"author":{"@id":"https:\/\/acefootball.com\/da\/#\/schema\/person\/ee67e9cf04a276f144100ffa722f10cd"},"headline":"FCM-stjerne vil til udlandet igen: &#8220;Jeg er klar&#8221;","datePublished":"2020-12-06T16:31:36+00:00","dateModified":"2020-12-06T16:34:40+00:00","mainEntityOfPage":{"@id":"https:\/\/acefootball.com\/da\/fodboldnyheder\/fcm-stjerne-vil-til-udlandet-igen-jeg-er-klar\/#webpage"},"wordCount":232,"commentCount":0,"publisher":{"@id":"https:\/\/acefootball.com\/da\/#organization"},"image":{"@id":"https:\/\/acefootball.com\/da\/fodboldnyheder\/fcm-stjerne-vil-til-udlandet-igen-jeg-er-klar\/#primaryimage"},"thumbnailUrl":"https:\/\/acefootball.com\/da\/wp-content\/uploads\/sites\/2\/2020\/10\/GettyImages-1228823404.jpg","keywords":["Alexander Scholz","FC Midtjylland","Superligaen"],"articleSection":["Udtalelse"],"inLanguage":"en-US","potentialAction":[{"@type":"CommentAction","name":"Comment","target":["https:\/\/acefootball.com\/da\/fodboldnyheder\/fcm-stjerne-vil-til-udlandet-igen-jeg-er-klar\/#respond"]}]},{"@type":"Person","@id":"https:\/\/acefootball.com\/da\/#\/schema\/person\/ee67e9cf04a276f144100ffa722f10cd","name":"Mads Dreyer","image":{"@type":"ImageObject","@id":"https:\/\/acefootball.com\/da\/#personlogo","inLanguage":"en-US","url":"https:\/\/secure.gravatar.com\/avatar\/7c7abf72cfde9902b6a60efe60c88d4c?s=96&d=mm&r=g","contentUrl":"https:\/\/secure.gravatar.com\/avatar\/7c7abf72cfde9902b6a60efe60c88d4c?s=96&d=mm&r=g","caption":"Mads Dreyer"},"description":"Skribent og fodboldn\u00f8rd, der lige nu fort\u00e6ller om alt og intet i fodboldverdenen p\u00e5 acefootball.com. Uddannet i kommunikation fra Aalborg Universitet.","sameAs":["https:\/\/www.linkedin.com\/in\/mads-dreyer-b9b08266\/"],"url":"https:\/\/acefootball.com\/da\/fodboldnyheder\/author\/mdnronaldo\/"}]}},"fimg_url":"https:\/\/acefootball.com\/da\/wp-content\/uploads\/sites\/2\/2020\/10\/GettyImages-1228823404.jpg","_links":{"self":[{"href":"https:\/\/acefootball.com\/da\/wp-json\/wp\/v2\/posts\/245620"}],"collection":[{"href":"https:\/\/acefootball.com\/da\/wp-json\/wp\/v2\/posts"}],"about":[{"href":"https:\/\/acefootball.com\/da\/wp-json\/wp\/v2\/types\/post"}],"author":[{"embeddable":true,"href":"https:\/\/acefootball.com\/da\/wp-json\/wp\/v2\/users\/705"}],"replies":[{"embeddable":true,"href":"https:\/\/acefootball.com\/da\/wp-json\/wp\/v2\/comments?post=245620"}],"version-history":[{"count":0,"href":"https:\/\/acefootball.com\/da\/wp-json\/wp\/v2\/posts\/245620\/revisions"}],"wp:featuredmedia":[{"embeddable":true,"href":"https:\/\/acefootball.com\/da\/wp-json\/wp\/v2\/media\/240478"}],"wp:attachment":[{"href":"https:\/\/acefootball.com\/da\/wp-json\/wp\/v2\/media?parent=245620"}],"wp:term":[{"taxonomy":"category","embeddable":true,"href":"https:\/\/acefootball.com\/da\/wp-json\/wp\/v2\/categories?post=245620"},{"taxonomy":"post_tag","embeddable":true,"href":"https:\/\/acefootball.com\/da\/wp-json\/wp\/v2\/tags?post=245620"}],"curies":[{"name":"wp","href":"https:\/\/api.w.org\/{rel}","templated":true}]}}