{"id":245617,"date":"2020-12-06T16:15:35","date_gmt":"2020-12-06T15:15:35","guid":{"rendered":"https:\/\/acefootball.com\/da\/?p=245617"},"modified":"2020-12-06T16:20:24","modified_gmt":"2020-12-06T15:20:24","slug":"medie-broendby-og-fck-nyder-godt-af-ny-tv-aftale","status":"publish","type":"post","link":"https:\/\/acefootball.com\/da\/fodboldnyheder\/medie-broendby-og-fck-nyder-godt-af-ny-tv-aftale\/","title":{"rendered":"Medie: Br\u00f8ndby og FCK nyder godt af ny tv-aftale"},"content":{"rendered":"\n<h2 id=\"h-efter-weekendens-superliga-runde-skal-der-udbetales-tv-penge-og-her-kan-r-kkens-tophold-se-frem-til-en-markant-stigning\">Efter weekendens Superliga-runde skal der udbetales tv-penge, og her kan r\u00e6kkens tophold se frem til en markant stigning<\/h2>\n\n\n\n<div class=\"wp-block-si-widget wp-block-si-widget--center\"><si-lb-widget widget-id=\"MatchInfoWithOdds\" data-nopadding=\"true\" data-card=\"true\" width=\"440\" data-event-id=\"3389133\" data-theme-appearance=\"dark\" data-provider=\"mrgreen\"><\/si-lb-widget><\/div>\n\n\n\n<p>Superligaens 11. spillerunde bliver afsluttet mandag aften med topopg\u00f8ret mellem AGF og Br\u00f8ndby IF, og da vil vi v\u00e6re halvvejs i gennem grundspillet.<\/p>\n\n\n\n<p>Det betyder samtidig, at den f\u00f8rste pulje af tv-penge skal uddeles, og her er der visse \u00e6ndringer i forhold til sidste s\u00e6son.<\/p>\n\n\n\n<p>Der er nemlig forhandlet en ny aftale p\u00e5 plads i forbindelse med den nye Superliga-struktur, og i denne s\u00e6son er der tale om en overgangss\u00e6son, inden den reelle aftale tr\u00e6der i kraft i n\u00e6ste s\u00e6son.<\/p>\n\n\n\n<div class=\"wp-block-si-widget wp-block-si-widget--center\"><si-lb-widget widget-id=\"TournamentTableCard\" data-initial-collapse=\"true\" data-allow-collapse=\"true\" data-limit=\"5\" width=\"440\" data-tournament-id=\"46\" data-card=\"true\"><\/si-lb-widget><\/div>\n\n\n\n<p>Her er det imidlertid topklubberne, i s\u00e6rdeleshed FC K\u00f8benhavn og Br\u00f8ndby, der har mest at juble over, da den s\u00e5kaldte markedspulje er blevet st\u00f8rre. Det er de penge, der gives til tv-udbydernes f\u00f8rstevalg.<\/p>\n\n\n\n<p>Det er som oftest de to \u00e6rkerivaler, og if\u00f8lge <a href=\"https:\/\/ekstrabladet.dk\/plus\/sportogspil\/superligaen-indefra-broendby-og-fck-scorer-kassen-paa-ny-aftale\/8391229\" target=\"_blank\" rel=\"noreferrer noopener\">Ekstra Bladet<\/a> kan de nyde godt af en stigning p\u00e5 268.000 kroner per kamp, n\u00e5r de bliver valgt til rundens hovedkamp.<\/p>\n\n\n\n<figure class=\"wp-block-embed-wordpress wp-block-embed is-type-wp-embed is-provider-ace-football-danmark\"><div class=\"wp-block-embed__wrapper\">\n<blockquote class=\"wp-embedded-content\" data-secret=\"UFAL0puQFY\"><a href=\"https:\/\/acefootball.com\/da\/fodboldnyheder\/muligt-lovbrud-fc-koebenhavn-undersoeger-wind-aftale\/\">Muligt lovbrud: FC K\u00f8benhavn unders\u00f8ger Wind-aftale<\/a><\/blockquote><iframe class=\"wp-embedded-content\" sandbox=\"allow-scripts\" security=\"restricted\" style=\"position: absolute; clip: rect(1px, 1px, 1px, 1px);\" title=\"&#8220;Muligt lovbrud: FC K\u00f8benhavn unders\u00f8ger Wind-aftale&#8221; &#8212; Ace Football Danmark\" src=\"https:\/\/acefootball.com\/da\/fodboldnyheder\/muligt-lovbrud-fc-koebenhavn-undersoeger-wind-aftale\/embed\/#?secret=UFAL0puQFY\" data-secret=\"UFAL0puQFY\" width=\"600\" height=\"338\" frameborder=\"0\" marginwidth=\"0\" marginheight=\"0\" scrolling=\"no\"><\/iframe>\n<\/div><\/figure>\n\n\n\n<p>Samtidig oplever tredje- og fjerdevalget ogs\u00e5 en stigning p\u00e5 henholdsvis 252.000 kroner og 162.000 kroner, mens andenpladsen kun f\u00e5r omkring 70.000 kroner flere end i sidste aftale.<\/p>\n\n\n\n<p>Pengene kommer fra kamppuljen, som er blevet nedlagt. Pengene fra denne pulje blev tidligere fordelt ud fra sejre og uafgjorte kampe.<\/p>\n\n\n\n<p>Der uddeles fortsat et solidaritetsbel\u00f8b til alle klubber, mens placeringen ogs\u00e5 stadig spiller ind i det samlede bel\u00f8b.<\/p>\n","protected":false},"excerpt":{"rendered":"<p>Efter weekendens Superliga-runde skal der udbetales tv-penge, og her kan r\u00e6kkens tophold se frem til en markant stigning<\/p>\n","protected":false},"author":705,"featured_media":240298,"comment_status":"open","ping_status":"closed","sticky":false,"template":"","format":"standard","meta":{"om_disable_all_campaigns":false,"push_articles_ronaldo":{"active":false,"canonical":0,"publish":false},"force_updates":null},"categories":[1],"tags":[53,16,588],"enet_tags":{"team":["8595","8391"],"league":["46"],"sport_events":[3389133]},"yoast_head":"<!-- This site is optimized with the Yoast SEO plugin v18.3 - https:\/\/yoast.com\/wordpress\/plugins\/seo\/ -->\n<title>Medie: Br\u00f8ndby og FCK nyder godt af ny tv-aftale<\/title>\n<meta name=\"description\" content=\"Efter weekendens Superliga-runde skal der udbetales tv-penge, og her kan r\u00e6kkens tophold se frem til en markant stigning\" \/>\n<meta name=\"robots\" content=\"index, follow, max-snippet:-1, max-image-preview:large, max-video-preview:-1\" \/>\n<link rel=\"canonical\" href=\"https:\/\/acefootball.com\/da\/fodboldnyheder\/medie-broendby-og-fck-nyder-godt-af-ny-tv-aftale\/\" \/>\n<meta property=\"og:locale\" content=\"en_US\" \/>\n<meta property=\"og:type\" content=\"article\" \/>\n<meta property=\"og:title\" content=\"Medie: Br\u00f8ndby og FCK nyder godt af ny tv-aftale\" \/>\n<meta property=\"og:description\" content=\"Efter weekendens Superliga-runde skal der udbetales tv-penge, og her kan r\u00e6kkens tophold se frem til en markant stigning\" \/>\n<meta property=\"og:url\" content=\"https:\/\/acefootball.com\/da\/fodboldnyheder\/medie-broendby-og-fck-nyder-godt-af-ny-tv-aftale\/\" \/>\n<meta property=\"og:site_name\" content=\"Ace Football Danmark\" \/>\n<meta property=\"article:publisher\" content=\"https:\/\/www.facebook.com\/acefootballdk\" \/>\n<meta property=\"article:published_time\" content=\"2020-12-06T15:15:35+00:00\" \/>\n<meta property=\"article:modified_time\" content=\"2020-12-06T15:20:24+00:00\" \/>\n<meta property=\"og:image\" content=\"https:\/\/acefootball.com\/da\/wp-content\/uploads\/sites\/2\/2020\/12\/Copy-of-Ace-5-6.jpg\" \/>\n\t<meta property=\"og:image:width\" content=\"1920\" \/>\n\t<meta property=\"og:image:height\" content=\"1008\" \/>\n\t<meta property=\"og:image:type\" content=\"image\/jpeg\" \/>\n<meta name=\"twitter:card\" content=\"summary_large_image\" \/>\n<meta name=\"twitter:label1\" content=\"Written by\" \/>\n\t<meta name=\"twitter:data1\" content=\"Mads Dreyer\" \/>\n\t<meta name=\"twitter:label2\" content=\"Est. reading time\" \/>\n\t<meta name=\"twitter:data2\" content=\"1 minute\" \/>\n<script type=\"application\/ld+json\" class=\"yoast-schema-graph\">{\"@context\":\"https:\/\/schema.org\",\"@graph\":[{\"@type\":\"Organization\",\"@id\":\"https:\/\/acefootball.com\/da\/#organization\",\"name\":\"Ace Football\",\"url\":\"https:\/\/acefootball.com\/da\/\",\"sameAs\":[\"https:\/\/www.facebook.com\/acefootballdk\"],\"logo\":{\"@type\":\"ImageObject\",\"@id\":\"https:\/\/acefootball.com\/da\/#logo\",\"inLanguage\":\"en-US\",\"url\":\"https:\/\/acefootball.com\/da\/wp-content\/uploads\/sites\/2\/2020\/07\/Ace-Football-30-07-2020-2.png\",\"contentUrl\":\"https:\/\/acefootball.com\/da\/wp-content\/uploads\/sites\/2\/2020\/07\/Ace-Football-30-07-2020-2.png\",\"width\":1200,\"height\":600,\"caption\":\"Ace Football\"},\"image\":{\"@id\":\"https:\/\/acefootball.com\/da\/#logo\"}},{\"@type\":\"WebSite\",\"@id\":\"https:\/\/acefootball.com\/da\/#website\",\"url\":\"https:\/\/acefootball.com\/da\/\",\"name\":\"Ace Football Danmark\",\"description\":\"Nyheder, Spiltips &amp; Livescore\",\"publisher\":{\"@id\":\"https:\/\/acefootball.com\/da\/#organization\"},\"potentialAction\":[{\"@type\":\"SearchAction\",\"target\":{\"@type\":\"EntryPoint\",\"urlTemplate\":\"https:\/\/acefootball.com\/da\/?s={search_term_string}\"},\"query-input\":\"required name=search_term_string\"}],\"inLanguage\":\"en-US\"},{\"@type\":\"ImageObject\",\"@id\":\"https:\/\/acefootball.com\/da\/fodboldnyheder\/medie-broendby-og-fck-nyder-godt-af-ny-tv-aftale\/#primaryimage\",\"inLanguage\":\"en-US\",\"url\":\"https:\/\/acefootball.com\/da\/wp-content\/uploads\/sites\/2\/2020\/12\/Copy-of-Ace-5-6.jpg\",\"contentUrl\":\"https:\/\/acefootball.com\/da\/wp-content\/uploads\/sites\/2\/2020\/12\/Copy-of-Ace-5-6.jpg\",\"width\":1920,\"height\":1008},{\"@type\":\"WebPage\",\"@id\":\"https:\/\/acefootball.com\/da\/fodboldnyheder\/medie-broendby-og-fck-nyder-godt-af-ny-tv-aftale\/#webpage\",\"url\":\"https:\/\/acefootball.com\/da\/fodboldnyheder\/medie-broendby-og-fck-nyder-godt-af-ny-tv-aftale\/\",\"name\":\"Medie: Br\u00f8ndby og FCK nyder godt af ny tv-aftale\",\"isPartOf\":{\"@id\":\"https:\/\/acefootball.com\/da\/#website\"},\"primaryImageOfPage\":{\"@id\":\"https:\/\/acefootball.com\/da\/fodboldnyheder\/medie-broendby-og-fck-nyder-godt-af-ny-tv-aftale\/#primaryimage\"},\"datePublished\":\"2020-12-06T15:15:35+00:00\",\"dateModified\":\"2020-12-06T15:20:24+00:00\",\"description\":\"Efter weekendens Superliga-runde skal der udbetales tv-penge, og her kan r\u00e6kkens tophold se frem til en markant stigning\",\"breadcrumb\":{\"@id\":\"https:\/\/acefootball.com\/da\/fodboldnyheder\/medie-broendby-og-fck-nyder-godt-af-ny-tv-aftale\/#breadcrumb\"},\"inLanguage\":\"en-US\",\"potentialAction\":[{\"@type\":\"ReadAction\",\"target\":[\"https:\/\/acefootball.com\/da\/fodboldnyheder\/medie-broendby-og-fck-nyder-godt-af-ny-tv-aftale\/\"]}]},{\"@type\":\"BreadcrumbList\",\"@id\":\"https:\/\/acefootball.com\/da\/fodboldnyheder\/medie-broendby-og-fck-nyder-godt-af-ny-tv-aftale\/#breadcrumb\",\"itemListElement\":[{\"@type\":\"ListItem\",\"position\":1,\"name\":\"Home\",\"item\":\"https:\/\/acefootball.com\/da\/\"},{\"@type\":\"ListItem\",\"position\":2,\"name\":\"Medie: Br\u00f8ndby og FCK nyder godt af ny tv-aftale\"}]},{\"@type\":\"Article\",\"@id\":\"https:\/\/acefootball.com\/da\/fodboldnyheder\/medie-broendby-og-fck-nyder-godt-af-ny-tv-aftale\/#article\",\"isPartOf\":{\"@id\":\"https:\/\/acefootball.com\/da\/fodboldnyheder\/medie-broendby-og-fck-nyder-godt-af-ny-tv-aftale\/#webpage\"},\"author\":{\"@id\":\"https:\/\/acefootball.com\/da\/#\/schema\/person\/ee67e9cf04a276f144100ffa722f10cd\"},\"headline\":\"Medie: Br\u00f8ndby og FCK nyder godt af ny tv-aftale\",\"datePublished\":\"2020-12-06T15:15:35+00:00\",\"dateModified\":\"2020-12-06T15:20:24+00:00\",\"mainEntityOfPage\":{\"@id\":\"https:\/\/acefootball.com\/da\/fodboldnyheder\/medie-broendby-og-fck-nyder-godt-af-ny-tv-aftale\/#webpage\"},\"wordCount\":260,\"commentCount\":0,\"publisher\":{\"@id\":\"https:\/\/acefootball.com\/da\/#organization\"},\"image\":{\"@id\":\"https:\/\/acefootball.com\/da\/fodboldnyheder\/medie-broendby-og-fck-nyder-godt-af-ny-tv-aftale\/#primaryimage\"},\"thumbnailUrl\":\"https:\/\/acefootball.com\/da\/wp-content\/uploads\/sites\/2\/2020\/10\/GettyImages-1228613818.jpg\",\"keywords\":[\"Br\u00f8ndby IF\",\"FC K\u00f8benhavn\",\"Superligaen\"],\"articleSection\":[\"Nyhed\"],\"inLanguage\":\"en-US\",\"potentialAction\":[{\"@type\":\"CommentAction\",\"name\":\"Comment\",\"target\":[\"https:\/\/acefootball.com\/da\/fodboldnyheder\/medie-broendby-og-fck-nyder-godt-af-ny-tv-aftale\/#respond\"]}]},{\"@type\":\"Person\",\"@id\":\"https:\/\/acefootball.com\/da\/#\/schema\/person\/ee67e9cf04a276f144100ffa722f10cd\",\"name\":\"Mads Dreyer\",\"image\":{\"@type\":\"ImageObject\",\"@id\":\"https:\/\/acefootball.com\/da\/#personlogo\",\"inLanguage\":\"en-US\",\"url\":\"https:\/\/secure.gravatar.com\/avatar\/7c7abf72cfde9902b6a60efe60c88d4c?s=96&d=mm&r=g\",\"contentUrl\":\"https:\/\/secure.gravatar.com\/avatar\/7c7abf72cfde9902b6a60efe60c88d4c?s=96&d=mm&r=g\",\"caption\":\"Mads Dreyer\"},\"description\":\"Skribent og fodboldn\u00f8rd, der lige nu fort\u00e6ller om alt og intet i fodboldverdenen p\u00e5 acefootball.com. Uddannet i kommunikation fra Aalborg Universitet.\",\"sameAs\":[\"https:\/\/www.linkedin.com\/in\/mads-dreyer-b9b08266\/\"],\"url\":\"https:\/\/acefootball.com\/da\/fodboldnyheder\/author\/mdnronaldo\/\"}]}<\/script>\n<!-- \/ Yoast SEO plugin. -->","yoast_head_json":{"title":"Medie: Br\u00f8ndby og FCK nyder godt af ny tv-aftale","description":"Efter weekendens Superliga-runde skal der udbetales tv-penge, og her kan r\u00e6kkens tophold se frem til en markant stigning","robots":{"index":"index","follow":"follow","max-snippet":"max-snippet:-1","max-image-preview":"max-image-preview:large","max-video-preview":"max-video-preview:-1"},"canonical":"https:\/\/acefootball.com\/da\/fodboldnyheder\/medie-broendby-og-fck-nyder-godt-af-ny-tv-aftale\/","og_locale":"en_US","og_type":"article","og_title":"Medie: Br\u00f8ndby og FCK nyder godt af ny tv-aftale","og_description":"Efter weekendens Superliga-runde skal der udbetales tv-penge, og her kan r\u00e6kkens tophold se frem til en markant stigning","og_url":"https:\/\/acefootball.com\/da\/fodboldnyheder\/medie-broendby-og-fck-nyder-godt-af-ny-tv-aftale\/","og_site_name":"Ace Football Danmark","article_publisher":"https:\/\/www.facebook.com\/acefootballdk","article_published_time":"2020-12-06T15:15:35+00:00","article_modified_time":"2020-12-06T15:20:24+00:00","og_image":[{"width":1920,"height":1008,"url":"https:\/\/acefootball.com\/da\/wp-content\/uploads\/sites\/2\/2020\/12\/Copy-of-Ace-5-6.jpg","type":"image\/jpeg"}],"twitter_card":"summary_large_image","twitter_misc":{"Written by":"Mads Dreyer","Est. reading time":"1 minute"},"schema":{"@context":"https:\/\/schema.org","@graph":[{"@type":"Organization","@id":"https:\/\/acefootball.com\/da\/#organization","name":"Ace Football","url":"https:\/\/acefootball.com\/da\/","sameAs":["https:\/\/www.facebook.com\/acefootballdk"],"logo":{"@type":"ImageObject","@id":"https:\/\/acefootball.com\/da\/#logo","inLanguage":"en-US","url":"https:\/\/acefootball.com\/da\/wp-content\/uploads\/sites\/2\/2020\/07\/Ace-Football-30-07-2020-2.png","contentUrl":"https:\/\/acefootball.com\/da\/wp-content\/uploads\/sites\/2\/2020\/07\/Ace-Football-30-07-2020-2.png","width":1200,"height":600,"caption":"Ace Football"},"image":{"@id":"https:\/\/acefootball.com\/da\/#logo"}},{"@type":"WebSite","@id":"https:\/\/acefootball.com\/da\/#website","url":"https:\/\/acefootball.com\/da\/","name":"Ace Football Danmark","description":"Nyheder, Spiltips &amp; Livescore","publisher":{"@id":"https:\/\/acefootball.com\/da\/#organization"},"potentialAction":[{"@type":"SearchAction","target":{"@type":"EntryPoint","urlTemplate":"https:\/\/acefootball.com\/da\/?s={search_term_string}"},"query-input":"required name=search_term_string"}],"inLanguage":"en-US"},{"@type":"ImageObject","@id":"https:\/\/acefootball.com\/da\/fodboldnyheder\/medie-broendby-og-fck-nyder-godt-af-ny-tv-aftale\/#primaryimage","inLanguage":"en-US","url":"https:\/\/acefootball.com\/da\/wp-content\/uploads\/sites\/2\/2020\/12\/Copy-of-Ace-5-6.jpg","contentUrl":"https:\/\/acefootball.com\/da\/wp-content\/uploads\/sites\/2\/2020\/12\/Copy-of-Ace-5-6.jpg","width":1920,"height":1008},{"@type":"WebPage","@id":"https:\/\/acefootball.com\/da\/fodboldnyheder\/medie-broendby-og-fck-nyder-godt-af-ny-tv-aftale\/#webpage","url":"https:\/\/acefootball.com\/da\/fodboldnyheder\/medie-broendby-og-fck-nyder-godt-af-ny-tv-aftale\/","name":"Medie: Br\u00f8ndby og FCK nyder godt af ny tv-aftale","isPartOf":{"@id":"https:\/\/acefootball.com\/da\/#website"},"primaryImageOfPage":{"@id":"https:\/\/acefootball.com\/da\/fodboldnyheder\/medie-broendby-og-fck-nyder-godt-af-ny-tv-aftale\/#primaryimage"},"datePublished":"2020-12-06T15:15:35+00:00","dateModified":"2020-12-06T15:20:24+00:00","description":"Efter weekendens Superliga-runde skal der udbetales tv-penge, og her kan r\u00e6kkens tophold se frem til en markant stigning","breadcrumb":{"@id":"https:\/\/acefootball.com\/da\/fodboldnyheder\/medie-broendby-og-fck-nyder-godt-af-ny-tv-aftale\/#breadcrumb"},"inLanguage":"en-US","potentialAction":[{"@type":"ReadAction","target":["https:\/\/acefootball.com\/da\/fodboldnyheder\/medie-broendby-og-fck-nyder-godt-af-ny-tv-aftale\/"]}]},{"@type":"BreadcrumbList","@id":"https:\/\/acefootball.com\/da\/fodboldnyheder\/medie-broendby-og-fck-nyder-godt-af-ny-tv-aftale\/#breadcrumb","itemListElement":[{"@type":"ListItem","position":1,"name":"Home","item":"https:\/\/acefootball.com\/da\/"},{"@type":"ListItem","position":2,"name":"Medie: Br\u00f8ndby og FCK nyder godt af ny tv-aftale"}]},{"@type":"Article","@id":"https:\/\/acefootball.com\/da\/fodboldnyheder\/medie-broendby-og-fck-nyder-godt-af-ny-tv-aftale\/#article","isPartOf":{"@id":"https:\/\/acefootball.com\/da\/fodboldnyheder\/medie-broendby-og-fck-nyder-godt-af-ny-tv-aftale\/#webpage"},"author":{"@id":"https:\/\/acefootball.com\/da\/#\/schema\/person\/ee67e9cf04a276f144100ffa722f10cd"},"headline":"Medie: Br\u00f8ndby og FCK nyder godt af ny tv-aftale","datePublished":"2020-12-06T15:15:35+00:00","dateModified":"2020-12-06T15:20:24+00:00","mainEntityOfPage":{"@id":"https:\/\/acefootball.com\/da\/fodboldnyheder\/medie-broendby-og-fck-nyder-godt-af-ny-tv-aftale\/#webpage"},"wordCount":260,"commentCount":0,"publisher":{"@id":"https:\/\/acefootball.com\/da\/#organization"},"image":{"@id":"https:\/\/acefootball.com\/da\/fodboldnyheder\/medie-broendby-og-fck-nyder-godt-af-ny-tv-aftale\/#primaryimage"},"thumbnailUrl":"https:\/\/acefootball.com\/da\/wp-content\/uploads\/sites\/2\/2020\/10\/GettyImages-1228613818.jpg","keywords":["Br\u00f8ndby IF","FC K\u00f8benhavn","Superligaen"],"articleSection":["Nyhed"],"inLanguage":"en-US","potentialAction":[{"@type":"CommentAction","name":"Comment","target":["https:\/\/acefootball.com\/da\/fodboldnyheder\/medie-broendby-og-fck-nyder-godt-af-ny-tv-aftale\/#respond"]}]},{"@type":"Person","@id":"https:\/\/acefootball.com\/da\/#\/schema\/person\/ee67e9cf04a276f144100ffa722f10cd","name":"Mads Dreyer","image":{"@type":"ImageObject","@id":"https:\/\/acefootball.com\/da\/#personlogo","inLanguage":"en-US","url":"https:\/\/secure.gravatar.com\/avatar\/7c7abf72cfde9902b6a60efe60c88d4c?s=96&d=mm&r=g","contentUrl":"https:\/\/secure.gravatar.com\/avatar\/7c7abf72cfde9902b6a60efe60c88d4c?s=96&d=mm&r=g","caption":"Mads Dreyer"},"description":"Skribent og fodboldn\u00f8rd, der lige nu fort\u00e6ller om alt og intet i fodboldverdenen p\u00e5 acefootball.com. Uddannet i kommunikation fra Aalborg Universitet.","sameAs":["https:\/\/www.linkedin.com\/in\/mads-dreyer-b9b08266\/"],"url":"https:\/\/acefootball.com\/da\/fodboldnyheder\/author\/mdnronaldo\/"}]}},"fimg_url":"https:\/\/acefootball.com\/da\/wp-content\/uploads\/sites\/2\/2020\/10\/GettyImages-1228613818.jpg","_links":{"self":[{"href":"https:\/\/acefootball.com\/da\/wp-json\/wp\/v2\/posts\/245617"}],"collection":[{"href":"https:\/\/acefootball.com\/da\/wp-json\/wp\/v2\/posts"}],"about":[{"href":"https:\/\/acefootball.com\/da\/wp-json\/wp\/v2\/types\/post"}],"author":[{"embeddable":true,"href":"https:\/\/acefootball.com\/da\/wp-json\/wp\/v2\/users\/705"}],"replies":[{"embeddable":true,"href":"https:\/\/acefootball.com\/da\/wp-json\/wp\/v2\/comments?post=245617"}],"version-history":[{"count":0,"href":"https:\/\/acefootball.com\/da\/wp-json\/wp\/v2\/posts\/245617\/revisions"}],"wp:featuredmedia":[{"embeddable":true,"href":"https:\/\/acefootball.com\/da\/wp-json\/wp\/v2\/media\/240298"}],"wp:attachment":[{"href":"https:\/\/acefootball.com\/da\/wp-json\/wp\/v2\/media?parent=245617"}],"wp:term":[{"taxonomy":"category","embeddable":true,"href":"https:\/\/acefootball.com\/da\/wp-json\/wp\/v2\/categories?post=245617"},{"taxonomy":"post_tag","embeddable":true,"href":"https:\/\/acefootball.com\/da\/wp-json\/wp\/v2\/tags?post=245617"}],"curies":[{"name":"wp","href":"https:\/\/api.w.org\/{rel}","templated":true}]}}