{"id":245600,"date":"2020-12-06T14:03:16","date_gmt":"2020-12-06T13:03:16","guid":{"rendered":"https:\/\/acefootball.com\/da\/?p=245600"},"modified":"2020-12-06T14:06:54","modified_gmt":"2020-12-06T13:06:54","slug":"barcelona-fans-tager-sig-til-hovedet-offensiv-profil-skadet-igen","status":"publish","type":"post","link":"https:\/\/acefootball.com\/da\/fodboldnyheder\/barcelona-fans-tager-sig-til-hovedet-offensiv-profil-skadet-igen\/","title":{"rendered":"Barcelona-fans tager sig til hovedet: Offensiv profil skadet igen"},"content":{"rendered":"\n<h2 id=\"h-fc-barcelona-melder-ousmane-demb-l-ude-med-en-ny-skade-som-han-p-drog-sig-i-l-rdagens-la-liga-kamp-mod-c-diz\">FC Barcelona melder Ousmane Demb\u00e9l\u00e9 ude med en ny skade, som han p\u00e5drog sig i l\u00f8rdagens La Liga-kamp mod C\u00e1diz<\/h2>\n\n\n\n<div class=\"wp-block-si-widget wp-block-si-widget--center\"><si-lb-widget widget-id=\"MatchInfoWithOdds\" data-nopadding=\"true\" data-card=\"true\" width=\"440\" data-event-id=\"3424152\" data-theme-appearance=\"dark\"><\/si-lb-widget><\/div>\n\n\n\n<p>Det har i denne s\u00e6son omsider set ud til, at der var kommet styr p\u00e5 fysikken hos Ousmane Demb\u00e9l\u00e9, som har v\u00e6ret voldsomt plaget af skader i sin tid i FC Barcelona.<\/p>\n\n\n\n<p>Nu m\u00e5 franskmanden dog igen tage plads p\u00e5 tribunen, efter han m\u00e5tte udg\u00e5 af l\u00f8rdagens kamp mod C\u00e1diz.<\/p>\n\n\n\n<p>Barcelona oplyser p\u00e5 sin hjemmeside, at Demb\u00e9l\u00e9 har p\u00e5draget sig en forstr\u00e6kning i bagl\u00e5ret. Han er nu ude p\u00e5 ubestemt tid.<\/p>\n\n\n\n<figure class=\"wp-block-embed-twitter wp-block-embed is-type-rich is-provider-twitter\"><div class=\"wp-block-embed__wrapper\">\n<blockquote class=\"twitter-tweet\" data-width=\"550\" data-dnt=\"true\"><p lang=\"en\" dir=\"ltr\">\u2757 MEDICAL COMMUNIQUE | Demb\u00e9l\u00e9<br>Tests carried out have shown that the French player has an elongation in the hamstrings of the right thigh<br><br>\ud83d\udd17 All the details:<a href=\"https:\/\/t.co\/skzzAnYPZI\">https:\/\/t.co\/skzzAnYPZI<\/a> <a href=\"https:\/\/t.co\/M6wnQRkydf\">pic.twitter.com\/M6wnQRkydf<\/a><\/p>&mdash; FC Barcelona (@FCBarcelona) <a href=\"https:\/\/twitter.com\/FCBarcelona\/status\/1335563676590497792?ref_src=twsrc%5Etfw\">December 6, 2020<\/a><\/blockquote><script async src=\"https:\/\/platform.twitter.com\/widgets.js\" charset=\"utf-8\"><\/script>\n<\/div><\/figure>\n\n\n\n<p>Den 23-\u00e5rige offensivspiller var ellers kommet fornemt i gang i denne s\u00e6son, hvor han har budt ind med 4 kasser i 12 kampe.<\/p>\n\n\n\n<p>Nyheden har f\u00e5et flere fans p\u00e5 Twitter til at vende \u00f8jnene mod himlen i en tid, hvor muskelskaderne v\u00e6lter ned over klubberne.<\/p>\n\n\n\n<p>Barcelona har allerede Ansu Fati og Gerard Piqu\u00e9 ude med l\u00e6ngerevarende skader, mens Samuel Umtiti og Sergi Roberto formentlig misser resten af \u00e5ret.<\/p>\n\n\n\n<figure class=\"wp-block-embed-twitter wp-block-embed is-type-rich is-provider-twitter\"><div class=\"wp-block-embed__wrapper\">\n<blockquote class=\"twitter-tweet\" data-width=\"550\" data-dnt=\"true\"><p lang=\"en\" dir=\"ltr\">Get well soon, Dembele. Back to square one: No wingers. Ansu injured, Dembele injured. It&#39;s Trincao&#39;s now or never. I doubt Kdlf will get chances but hope so.<\/p>&mdash; Cruyff: \u2018El Flaco\u2019\ud83c\udf97\ufe0f (@LeyendaCruyff) <a href=\"https:\/\/twitter.com\/LeyendaCruyff\/status\/1335566751598305280?ref_src=twsrc%5Etfw\">December 6, 2020<\/a><\/blockquote><script async src=\"https:\/\/platform.twitter.com\/widgets.js\" charset=\"utf-8\"><\/script>\n<\/div><\/figure>\n\n\n\n<figure class=\"wp-block-embed-twitter wp-block-embed is-type-rich is-provider-twitter\"><div class=\"wp-block-embed__wrapper\">\n<blockquote class=\"twitter-tweet\" data-width=\"550\" data-dnt=\"true\"><p lang=\"en\" dir=\"ltr\">So positive news on the Dembele injury.<br><br>\u201cAccording to sources close to Dembele, the player is expected to be out for around 2 to 3 weeks\u201d<br><br>I think that\u2019s manageable \ud83d\ude29<br>Was thinking it\u2019ll be months. God abeg!<\/p>&mdash; Edmund \ud83d\udc89 (@EdmundOris) <a href=\"https:\/\/twitter.com\/EdmundOris\/status\/1335566573923393536?ref_src=twsrc%5Etfw\">December 6, 2020<\/a><\/blockquote><script async src=\"https:\/\/platform.twitter.com\/widgets.js\" charset=\"utf-8\"><\/script>\n<\/div><\/figure>\n","protected":false},"excerpt":{"rendered":"<p>FC Barcelona melder Ousmane Demb\u00e9l\u00e9 ude med en ny skade, som han p\u00e5drog sig i l\u00f8rdagens La Liga-kamp mod C\u00e1diz<\/p>\n","protected":false},"author":705,"featured_media":245602,"comment_status":"open","ping_status":"closed","sticky":false,"template":"","format":"standard","meta":{"om_disable_all_campaigns":false,"push_articles_ronaldo":{"active":false,"canonical":0,"publish":false},"force_updates":null},"categories":[1],"tags":[41,303,608],"enet_tags":{"team":["8634"],"league":["87"],"player":["692984"],"sport_events":[3424152]},"yoast_head":"<!-- This site is optimized with the Yoast SEO plugin v18.3 - https:\/\/yoast.com\/wordpress\/plugins\/seo\/ -->\n<title>Barcelona-fans tager sig til hovedet: Offensiv profil skadet igen<\/title>\n<meta name=\"description\" content=\"FC Barcelona melder Ousmane Demb\u00e9l\u00e9 ude med en ny skade, som han p\u00e5drog sig i l\u00f8rdagens La Liga-kamp mod C\u00e1diz\" \/>\n<meta name=\"robots\" content=\"index, follow, max-snippet:-1, max-image-preview:large, max-video-preview:-1\" \/>\n<link rel=\"canonical\" href=\"https:\/\/acefootball.com\/da\/fodboldnyheder\/barcelona-fans-tager-sig-til-hovedet-offensiv-profil-skadet-igen\/\" \/>\n<meta property=\"og:locale\" content=\"en_US\" \/>\n<meta property=\"og:type\" content=\"article\" \/>\n<meta property=\"og:title\" content=\"Barcelona-fans tager sig til hovedet: Offensiv profil skadet igen\" \/>\n<meta property=\"og:description\" content=\"FC Barcelona melder Ousmane Demb\u00e9l\u00e9 ude med en ny skade, som han p\u00e5drog sig i l\u00f8rdagens La Liga-kamp mod C\u00e1diz\" \/>\n<meta property=\"og:url\" content=\"https:\/\/acefootball.com\/da\/fodboldnyheder\/barcelona-fans-tager-sig-til-hovedet-offensiv-profil-skadet-igen\/\" \/>\n<meta property=\"og:site_name\" content=\"Ace Football Danmark\" \/>\n<meta property=\"article:publisher\" content=\"https:\/\/www.facebook.com\/acefootballdk\" \/>\n<meta property=\"article:published_time\" content=\"2020-12-06T13:03:16+00:00\" \/>\n<meta property=\"article:modified_time\" content=\"2020-12-06T13:06:54+00:00\" \/>\n<meta property=\"og:image\" content=\"https:\/\/acefootball.com\/da\/wp-content\/uploads\/sites\/2\/2020\/12\/Copy-of-Ace-2-5.jpg\" \/>\n\t<meta property=\"og:image:width\" content=\"1920\" \/>\n\t<meta property=\"og:image:height\" content=\"1008\" \/>\n\t<meta property=\"og:image:type\" content=\"image\/jpeg\" \/>\n<meta name=\"twitter:card\" content=\"summary_large_image\" \/>\n<meta name=\"twitter:label1\" content=\"Written by\" \/>\n\t<meta name=\"twitter:data1\" content=\"Mads Dreyer\" \/>\n\t<meta name=\"twitter:label2\" content=\"Est. reading time\" \/>\n\t<meta name=\"twitter:data2\" content=\"1 minute\" \/>\n<script type=\"application\/ld+json\" class=\"yoast-schema-graph\">{\"@context\":\"https:\/\/schema.org\",\"@graph\":[{\"@type\":\"Organization\",\"@id\":\"https:\/\/acefootball.com\/da\/#organization\",\"name\":\"Ace Football\",\"url\":\"https:\/\/acefootball.com\/da\/\",\"sameAs\":[\"https:\/\/www.facebook.com\/acefootballdk\"],\"logo\":{\"@type\":\"ImageObject\",\"@id\":\"https:\/\/acefootball.com\/da\/#logo\",\"inLanguage\":\"en-US\",\"url\":\"https:\/\/acefootball.com\/da\/wp-content\/uploads\/sites\/2\/2020\/07\/Ace-Football-30-07-2020-2.png\",\"contentUrl\":\"https:\/\/acefootball.com\/da\/wp-content\/uploads\/sites\/2\/2020\/07\/Ace-Football-30-07-2020-2.png\",\"width\":1200,\"height\":600,\"caption\":\"Ace Football\"},\"image\":{\"@id\":\"https:\/\/acefootball.com\/da\/#logo\"}},{\"@type\":\"WebSite\",\"@id\":\"https:\/\/acefootball.com\/da\/#website\",\"url\":\"https:\/\/acefootball.com\/da\/\",\"name\":\"Ace Football Danmark\",\"description\":\"Nyheder, Spiltips &amp; Livescore\",\"publisher\":{\"@id\":\"https:\/\/acefootball.com\/da\/#organization\"},\"potentialAction\":[{\"@type\":\"SearchAction\",\"target\":{\"@type\":\"EntryPoint\",\"urlTemplate\":\"https:\/\/acefootball.com\/da\/?s={search_term_string}\"},\"query-input\":\"required name=search_term_string\"}],\"inLanguage\":\"en-US\"},{\"@type\":\"ImageObject\",\"@id\":\"https:\/\/acefootball.com\/da\/fodboldnyheder\/barcelona-fans-tager-sig-til-hovedet-offensiv-profil-skadet-igen\/#primaryimage\",\"inLanguage\":\"en-US\",\"url\":\"https:\/\/acefootball.com\/da\/wp-content\/uploads\/sites\/2\/2020\/12\/Copy-of-Ace-2-5.jpg\",\"contentUrl\":\"https:\/\/acefootball.com\/da\/wp-content\/uploads\/sites\/2\/2020\/12\/Copy-of-Ace-2-5.jpg\",\"width\":1920,\"height\":1008},{\"@type\":\"WebPage\",\"@id\":\"https:\/\/acefootball.com\/da\/fodboldnyheder\/barcelona-fans-tager-sig-til-hovedet-offensiv-profil-skadet-igen\/#webpage\",\"url\":\"https:\/\/acefootball.com\/da\/fodboldnyheder\/barcelona-fans-tager-sig-til-hovedet-offensiv-profil-skadet-igen\/\",\"name\":\"Barcelona-fans tager sig til hovedet: Offensiv profil skadet igen\",\"isPartOf\":{\"@id\":\"https:\/\/acefootball.com\/da\/#website\"},\"primaryImageOfPage\":{\"@id\":\"https:\/\/acefootball.com\/da\/fodboldnyheder\/barcelona-fans-tager-sig-til-hovedet-offensiv-profil-skadet-igen\/#primaryimage\"},\"datePublished\":\"2020-12-06T13:03:16+00:00\",\"dateModified\":\"2020-12-06T13:06:54+00:00\",\"description\":\"FC Barcelona melder Ousmane Demb\u00e9l\u00e9 ude med en ny skade, som han p\u00e5drog sig i l\u00f8rdagens La Liga-kamp mod C\u00e1diz\",\"breadcrumb\":{\"@id\":\"https:\/\/acefootball.com\/da\/fodboldnyheder\/barcelona-fans-tager-sig-til-hovedet-offensiv-profil-skadet-igen\/#breadcrumb\"},\"inLanguage\":\"en-US\",\"potentialAction\":[{\"@type\":\"ReadAction\",\"target\":[\"https:\/\/acefootball.com\/da\/fodboldnyheder\/barcelona-fans-tager-sig-til-hovedet-offensiv-profil-skadet-igen\/\"]}]},{\"@type\":\"BreadcrumbList\",\"@id\":\"https:\/\/acefootball.com\/da\/fodboldnyheder\/barcelona-fans-tager-sig-til-hovedet-offensiv-profil-skadet-igen\/#breadcrumb\",\"itemListElement\":[{\"@type\":\"ListItem\",\"position\":1,\"name\":\"Home\",\"item\":\"https:\/\/acefootball.com\/da\/\"},{\"@type\":\"ListItem\",\"position\":2,\"name\":\"Barcelona-fans tager sig til hovedet: Offensiv profil skadet igen\"}]},{\"@type\":\"Article\",\"@id\":\"https:\/\/acefootball.com\/da\/fodboldnyheder\/barcelona-fans-tager-sig-til-hovedet-offensiv-profil-skadet-igen\/#article\",\"isPartOf\":{\"@id\":\"https:\/\/acefootball.com\/da\/fodboldnyheder\/barcelona-fans-tager-sig-til-hovedet-offensiv-profil-skadet-igen\/#webpage\"},\"author\":{\"@id\":\"https:\/\/acefootball.com\/da\/#\/schema\/person\/ee67e9cf04a276f144100ffa722f10cd\"},\"headline\":\"Barcelona-fans tager sig til hovedet: Offensiv profil skadet igen\",\"datePublished\":\"2020-12-06T13:03:16+00:00\",\"dateModified\":\"2020-12-06T13:06:54+00:00\",\"mainEntityOfPage\":{\"@id\":\"https:\/\/acefootball.com\/da\/fodboldnyheder\/barcelona-fans-tager-sig-til-hovedet-offensiv-profil-skadet-igen\/#webpage\"},\"wordCount\":200,\"commentCount\":0,\"publisher\":{\"@id\":\"https:\/\/acefootball.com\/da\/#organization\"},\"image\":{\"@id\":\"https:\/\/acefootball.com\/da\/fodboldnyheder\/barcelona-fans-tager-sig-til-hovedet-offensiv-profil-skadet-igen\/#primaryimage\"},\"thumbnailUrl\":\"https:\/\/acefootball.com\/da\/wp-content\/uploads\/sites\/2\/2020\/12\/GettyImages-1190698751.jpg\",\"keywords\":[\"FC Barcelona\",\"La Liga\",\"Ousmane Demb\u00e9l\u00e9\"],\"articleSection\":[\"Nyhed\"],\"inLanguage\":\"en-US\",\"potentialAction\":[{\"@type\":\"CommentAction\",\"name\":\"Comment\",\"target\":[\"https:\/\/acefootball.com\/da\/fodboldnyheder\/barcelona-fans-tager-sig-til-hovedet-offensiv-profil-skadet-igen\/#respond\"]}]},{\"@type\":\"Person\",\"@id\":\"https:\/\/acefootball.com\/da\/#\/schema\/person\/ee67e9cf04a276f144100ffa722f10cd\",\"name\":\"Mads Dreyer\",\"image\":{\"@type\":\"ImageObject\",\"@id\":\"https:\/\/acefootball.com\/da\/#personlogo\",\"inLanguage\":\"en-US\",\"url\":\"https:\/\/secure.gravatar.com\/avatar\/7c7abf72cfde9902b6a60efe60c88d4c?s=96&d=mm&r=g\",\"contentUrl\":\"https:\/\/secure.gravatar.com\/avatar\/7c7abf72cfde9902b6a60efe60c88d4c?s=96&d=mm&r=g\",\"caption\":\"Mads Dreyer\"},\"description\":\"Skribent og fodboldn\u00f8rd, der lige nu fort\u00e6ller om alt og intet i fodboldverdenen p\u00e5 acefootball.com. Uddannet i kommunikation fra Aalborg Universitet.\",\"sameAs\":[\"https:\/\/www.linkedin.com\/in\/mads-dreyer-b9b08266\/\"],\"url\":\"https:\/\/acefootball.com\/da\/fodboldnyheder\/author\/mdnronaldo\/\"}]}<\/script>\n<!-- \/ Yoast SEO plugin. -->","yoast_head_json":{"title":"Barcelona-fans tager sig til hovedet: Offensiv profil skadet igen","description":"FC Barcelona melder Ousmane Demb\u00e9l\u00e9 ude med en ny skade, som han p\u00e5drog sig i l\u00f8rdagens La Liga-kamp mod C\u00e1diz","robots":{"index":"index","follow":"follow","max-snippet":"max-snippet:-1","max-image-preview":"max-image-preview:large","max-video-preview":"max-video-preview:-1"},"canonical":"https:\/\/acefootball.com\/da\/fodboldnyheder\/barcelona-fans-tager-sig-til-hovedet-offensiv-profil-skadet-igen\/","og_locale":"en_US","og_type":"article","og_title":"Barcelona-fans tager sig til hovedet: Offensiv profil skadet igen","og_description":"FC Barcelona melder Ousmane Demb\u00e9l\u00e9 ude med en ny skade, som han p\u00e5drog sig i l\u00f8rdagens La Liga-kamp mod C\u00e1diz","og_url":"https:\/\/acefootball.com\/da\/fodboldnyheder\/barcelona-fans-tager-sig-til-hovedet-offensiv-profil-skadet-igen\/","og_site_name":"Ace Football Danmark","article_publisher":"https:\/\/www.facebook.com\/acefootballdk","article_published_time":"2020-12-06T13:03:16+00:00","article_modified_time":"2020-12-06T13:06:54+00:00","og_image":[{"width":1920,"height":1008,"url":"https:\/\/acefootball.com\/da\/wp-content\/uploads\/sites\/2\/2020\/12\/Copy-of-Ace-2-5.jpg","type":"image\/jpeg"}],"twitter_card":"summary_large_image","twitter_misc":{"Written by":"Mads Dreyer","Est. reading time":"1 minute"},"schema":{"@context":"https:\/\/schema.org","@graph":[{"@type":"Organization","@id":"https:\/\/acefootball.com\/da\/#organization","name":"Ace Football","url":"https:\/\/acefootball.com\/da\/","sameAs":["https:\/\/www.facebook.com\/acefootballdk"],"logo":{"@type":"ImageObject","@id":"https:\/\/acefootball.com\/da\/#logo","inLanguage":"en-US","url":"https:\/\/acefootball.com\/da\/wp-content\/uploads\/sites\/2\/2020\/07\/Ace-Football-30-07-2020-2.png","contentUrl":"https:\/\/acefootball.com\/da\/wp-content\/uploads\/sites\/2\/2020\/07\/Ace-Football-30-07-2020-2.png","width":1200,"height":600,"caption":"Ace Football"},"image":{"@id":"https:\/\/acefootball.com\/da\/#logo"}},{"@type":"WebSite","@id":"https:\/\/acefootball.com\/da\/#website","url":"https:\/\/acefootball.com\/da\/","name":"Ace Football Danmark","description":"Nyheder, Spiltips &amp; Livescore","publisher":{"@id":"https:\/\/acefootball.com\/da\/#organization"},"potentialAction":[{"@type":"SearchAction","target":{"@type":"EntryPoint","urlTemplate":"https:\/\/acefootball.com\/da\/?s={search_term_string}"},"query-input":"required name=search_term_string"}],"inLanguage":"en-US"},{"@type":"ImageObject","@id":"https:\/\/acefootball.com\/da\/fodboldnyheder\/barcelona-fans-tager-sig-til-hovedet-offensiv-profil-skadet-igen\/#primaryimage","inLanguage":"en-US","url":"https:\/\/acefootball.com\/da\/wp-content\/uploads\/sites\/2\/2020\/12\/Copy-of-Ace-2-5.jpg","contentUrl":"https:\/\/acefootball.com\/da\/wp-content\/uploads\/sites\/2\/2020\/12\/Copy-of-Ace-2-5.jpg","width":1920,"height":1008},{"@type":"WebPage","@id":"https:\/\/acefootball.com\/da\/fodboldnyheder\/barcelona-fans-tager-sig-til-hovedet-offensiv-profil-skadet-igen\/#webpage","url":"https:\/\/acefootball.com\/da\/fodboldnyheder\/barcelona-fans-tager-sig-til-hovedet-offensiv-profil-skadet-igen\/","name":"Barcelona-fans tager sig til hovedet: Offensiv profil skadet igen","isPartOf":{"@id":"https:\/\/acefootball.com\/da\/#website"},"primaryImageOfPage":{"@id":"https:\/\/acefootball.com\/da\/fodboldnyheder\/barcelona-fans-tager-sig-til-hovedet-offensiv-profil-skadet-igen\/#primaryimage"},"datePublished":"2020-12-06T13:03:16+00:00","dateModified":"2020-12-06T13:06:54+00:00","description":"FC Barcelona melder Ousmane Demb\u00e9l\u00e9 ude med en ny skade, som han p\u00e5drog sig i l\u00f8rdagens La Liga-kamp mod C\u00e1diz","breadcrumb":{"@id":"https:\/\/acefootball.com\/da\/fodboldnyheder\/barcelona-fans-tager-sig-til-hovedet-offensiv-profil-skadet-igen\/#breadcrumb"},"inLanguage":"en-US","potentialAction":[{"@type":"ReadAction","target":["https:\/\/acefootball.com\/da\/fodboldnyheder\/barcelona-fans-tager-sig-til-hovedet-offensiv-profil-skadet-igen\/"]}]},{"@type":"BreadcrumbList","@id":"https:\/\/acefootball.com\/da\/fodboldnyheder\/barcelona-fans-tager-sig-til-hovedet-offensiv-profil-skadet-igen\/#breadcrumb","itemListElement":[{"@type":"ListItem","position":1,"name":"Home","item":"https:\/\/acefootball.com\/da\/"},{"@type":"ListItem","position":2,"name":"Barcelona-fans tager sig til hovedet: Offensiv profil skadet igen"}]},{"@type":"Article","@id":"https:\/\/acefootball.com\/da\/fodboldnyheder\/barcelona-fans-tager-sig-til-hovedet-offensiv-profil-skadet-igen\/#article","isPartOf":{"@id":"https:\/\/acefootball.com\/da\/fodboldnyheder\/barcelona-fans-tager-sig-til-hovedet-offensiv-profil-skadet-igen\/#webpage"},"author":{"@id":"https:\/\/acefootball.com\/da\/#\/schema\/person\/ee67e9cf04a276f144100ffa722f10cd"},"headline":"Barcelona-fans tager sig til hovedet: Offensiv profil skadet igen","datePublished":"2020-12-06T13:03:16+00:00","dateModified":"2020-12-06T13:06:54+00:00","mainEntityOfPage":{"@id":"https:\/\/acefootball.com\/da\/fodboldnyheder\/barcelona-fans-tager-sig-til-hovedet-offensiv-profil-skadet-igen\/#webpage"},"wordCount":200,"commentCount":0,"publisher":{"@id":"https:\/\/acefootball.com\/da\/#organization"},"image":{"@id":"https:\/\/acefootball.com\/da\/fodboldnyheder\/barcelona-fans-tager-sig-til-hovedet-offensiv-profil-skadet-igen\/#primaryimage"},"thumbnailUrl":"https:\/\/acefootball.com\/da\/wp-content\/uploads\/sites\/2\/2020\/12\/GettyImages-1190698751.jpg","keywords":["FC Barcelona","La Liga","Ousmane Demb\u00e9l\u00e9"],"articleSection":["Nyhed"],"inLanguage":"en-US","potentialAction":[{"@type":"CommentAction","name":"Comment","target":["https:\/\/acefootball.com\/da\/fodboldnyheder\/barcelona-fans-tager-sig-til-hovedet-offensiv-profil-skadet-igen\/#respond"]}]},{"@type":"Person","@id":"https:\/\/acefootball.com\/da\/#\/schema\/person\/ee67e9cf04a276f144100ffa722f10cd","name":"Mads Dreyer","image":{"@type":"ImageObject","@id":"https:\/\/acefootball.com\/da\/#personlogo","inLanguage":"en-US","url":"https:\/\/secure.gravatar.com\/avatar\/7c7abf72cfde9902b6a60efe60c88d4c?s=96&d=mm&r=g","contentUrl":"https:\/\/secure.gravatar.com\/avatar\/7c7abf72cfde9902b6a60efe60c88d4c?s=96&d=mm&r=g","caption":"Mads Dreyer"},"description":"Skribent og fodboldn\u00f8rd, der lige nu fort\u00e6ller om alt og intet i fodboldverdenen p\u00e5 acefootball.com. Uddannet i kommunikation fra Aalborg Universitet.","sameAs":["https:\/\/www.linkedin.com\/in\/mads-dreyer-b9b08266\/"],"url":"https:\/\/acefootball.com\/da\/fodboldnyheder\/author\/mdnronaldo\/"}]}},"fimg_url":"https:\/\/acefootball.com\/da\/wp-content\/uploads\/sites\/2\/2020\/12\/GettyImages-1190698751.jpg","_links":{"self":[{"href":"https:\/\/acefootball.com\/da\/wp-json\/wp\/v2\/posts\/245600"}],"collection":[{"href":"https:\/\/acefootball.com\/da\/wp-json\/wp\/v2\/posts"}],"about":[{"href":"https:\/\/acefootball.com\/da\/wp-json\/wp\/v2\/types\/post"}],"author":[{"embeddable":true,"href":"https:\/\/acefootball.com\/da\/wp-json\/wp\/v2\/users\/705"}],"replies":[{"embeddable":true,"href":"https:\/\/acefootball.com\/da\/wp-json\/wp\/v2\/comments?post=245600"}],"version-history":[{"count":0,"href":"https:\/\/acefootball.com\/da\/wp-json\/wp\/v2\/posts\/245600\/revisions"}],"wp:featuredmedia":[{"embeddable":true,"href":"https:\/\/acefootball.com\/da\/wp-json\/wp\/v2\/media\/245602"}],"wp:attachment":[{"href":"https:\/\/acefootball.com\/da\/wp-json\/wp\/v2\/media?parent=245600"}],"wp:term":[{"taxonomy":"category","embeddable":true,"href":"https:\/\/acefootball.com\/da\/wp-json\/wp\/v2\/categories?post=245600"},{"taxonomy":"post_tag","embeddable":true,"href":"https:\/\/acefootball.com\/da\/wp-json\/wp\/v2\/tags?post=245600"}],"curies":[{"name":"wp","href":"https:\/\/api.w.org\/{rel}","templated":true}]}}