{"id":245597,"date":"2020-12-06T13:28:48","date_gmt":"2020-12-06T12:28:48","guid":{"rendered":"https:\/\/acefootball.com\/da\/?p=245597"},"modified":"2020-12-06T13:28:48","modified_gmt":"2020-12-06T12:28:48","slug":"melding-fra-italien-eriksen-gik-direkte-i-omklaedningsrummet","status":"publish","type":"post","link":"https:\/\/acefootball.com\/da\/fodboldnyheder\/melding-fra-italien-eriksen-gik-direkte-i-omklaedningsrummet\/","title":{"rendered":"Melding fra Italien: &#8220;Eriksen gik direkte i omkl\u00e6dningsrummet&#8221;"},"content":{"rendered":"\n<h2 id=\"h-christian-eriksen-fik-et-enkelt-minut-p-banen-da-inter-slog-bologna-med-med-3-1-og-det-har-angiveligt-ikke-passet-danskeren\">Christian Eriksen fik et enkelt minut p\u00e5 banen, da Inter slog Bologna med med 3-1, og det har angiveligt ikke passet danskeren<\/h2>\n\n\n\n<div class=\"wp-block-si-widget wp-block-si-widget--center\"><si-lb-widget widget-id=\"MatchInfoWithOdds\" data-nopadding=\"true\" data-card=\"true\" width=\"440\" data-event-id=\"3429049\" data-theme-appearance=\"dark\"><\/si-lb-widget><\/div>\n\n\n\n<p>Det blev endnu en gang til en plads p\u00e5 b\u00e6nken for Christian Eriksen, da Inter l\u00f8rdag tog imod Bologna i Serie A.<\/p>\n\n\n\n<p>Antonio Conte valgte dog at bringe danskeren p\u00e5 banen i kampens overtid, hvor kampen allerede var vundet, men det var kun et enkelt minut, inden dommeren fl\u00f8jtede opg\u00f8ret af.<\/p>\n\n\n\n<p>Herefter kunne Inters spillere og tr\u00e6nere juble over endnu en sejr i Serie A, hvor man igen ser ud til at byde sig til i topkampen efter en sl\u00f8j start.<\/p>\n\n\n\n<div class=\"wp-block-si-widget wp-block-si-widget--center\"><si-lb-widget widget-id=\"PlayerSeasonStatsSnap\" data-hide-controls=\"false\" width=\"440\" data-player-id=\"157723\" data-card=\"true\" data-theme-appearance=\"dark\"><\/si-lb-widget><\/div>\n\n\n\n<p>Det var dog en jubel uden deltagelse af Eriksen, som angiveligt ikke f\u00f8lte, at det ene minut p\u00e5 banen var noget at fejre. Det fort\u00e6ller den tidligere italienske landsholdsspiller Federico Balzaretti.<\/p>\n\n\n\n<p>&#8220;Eriksen gik direkte i omkl\u00e6dningsrummet uden at fejre sejren,&#8221; beretter Balzaretti if\u00f8lge <a href=\"https:\/\/www.football-italia.net\/163069\/balzaretti-reveals-what-eriksen-did-after-inters-win\" target=\"_blank\" rel=\"noreferrer noopener\">Football Italia<\/a>.<\/p>\n\n\n\n<p>Den tidligere Juventus-spiller ser det dog ikke som et d\u00e5rligt tegn, da det betyder, at Eriksen ikke har givet op.<\/p>\n\n\n\n<figure class=\"wp-block-embed-wordpress wp-block-embed is-type-wp-embed is-provider-ace-football-danmark\"><div class=\"wp-block-embed__wrapper\">\n<blockquote class=\"wp-embedded-content\" data-secret=\"BbbyDoeLIv\"><a href=\"https:\/\/acefootball.com\/da\/fodboldnyheder\/fans-stemmer-paa-hoejbjerg-som-maanedens-spiller-den-danske-roy-keane\/\">Fans stemmer p\u00e5 H\u00f8jbjerg som m\u00e5nedens spiller: Den danske Roy Keane<\/a><\/blockquote><iframe class=\"wp-embedded-content\" sandbox=\"allow-scripts\" security=\"restricted\" style=\"position: absolute; clip: rect(1px, 1px, 1px, 1px);\" title=\"&#8220;Fans stemmer p\u00e5 H\u00f8jbjerg som m\u00e5nedens spiller: Den danske Roy Keane&#8221; &#8212; Ace Football Danmark\" src=\"https:\/\/acefootball.com\/da\/fodboldnyheder\/fans-stemmer-paa-hoejbjerg-som-maanedens-spiller-den-danske-roy-keane\/embed\/#?secret=BbbyDoeLIv\" data-secret=\"BbbyDoeLIv\" width=\"600\" height=\"338\" frameborder=\"0\" marginwidth=\"0\" marginheight=\"0\" scrolling=\"no\"><\/iframe>\n<\/div><\/figure>\n\n\n\n<p>&#8220;Det er et godt tegn, hvis du er sur. Det viser, at du ikke har givet op. Det er ikke noget d\u00e5rligt. Det viser, at der br\u00e6nder en ild indeni dig, og at du kan g\u00f8re mere.&#8221;<\/p>\n\n\n\n<p>Christian Eriksen har kun spillet 10 minutter for Inter siden slutningen af oktober.<\/p>\n","protected":false},"excerpt":{"rendered":"<p>Christian Eriksen fik et enkelt minut p\u00e5 banen, da Inter slog Bologna med med 3-1, og det har angiveligt ikke passet danskeren<\/p>\n","protected":false},"author":705,"featured_media":240842,"comment_status":"open","ping_status":"closed","sticky":false,"template":"","format":"standard","meta":{"om_disable_all_campaigns":false,"push_articles_ronaldo":{"active":false,"canonical":0,"publish":false},"force_updates":null},"categories":[8204],"tags":[478,394,131],"enet_tags":{"player":["157723"],"team":["8636"],"league":["55"],"sport_events":[3429049]},"yoast_head":"<!-- This site is optimized with the Yoast SEO plugin v18.3 - https:\/\/yoast.com\/wordpress\/plugins\/seo\/ -->\n<title>Melding fra Italien: &quot;Eriksen gik direkte i omkl\u00e6dningsrummet&quot;<\/title>\n<meta name=\"description\" content=\"Christian Eriksen fik et enkelt minut p\u00e5 banen, da Inter slog Bologna med med 3-1, og det har angiveligt ikke passet danskeren\" \/>\n<meta name=\"robots\" content=\"index, follow, max-snippet:-1, max-image-preview:large, max-video-preview:-1\" \/>\n<link rel=\"canonical\" href=\"https:\/\/acefootball.com\/da\/fodboldnyheder\/melding-fra-italien-eriksen-gik-direkte-i-omklaedningsrummet\/\" \/>\n<meta property=\"og:locale\" content=\"en_US\" \/>\n<meta property=\"og:type\" content=\"article\" \/>\n<meta property=\"og:title\" content=\"Melding fra Italien: &quot;Eriksen gik direkte i omkl\u00e6dningsrummet&quot;\" \/>\n<meta property=\"og:description\" content=\"Christian Eriksen fik et enkelt minut p\u00e5 banen, da Inter slog Bologna med med 3-1, og det har angiveligt ikke passet danskeren\" \/>\n<meta property=\"og:url\" content=\"https:\/\/acefootball.com\/da\/fodboldnyheder\/melding-fra-italien-eriksen-gik-direkte-i-omklaedningsrummet\/\" \/>\n<meta property=\"og:site_name\" content=\"Ace Football Danmark\" \/>\n<meta property=\"article:publisher\" content=\"https:\/\/www.facebook.com\/acefootballdk\" \/>\n<meta property=\"article:published_time\" content=\"2020-12-06T12:28:48+00:00\" \/>\n<meta property=\"og:image\" content=\"https:\/\/acefootball.com\/da\/wp-content\/uploads\/sites\/2\/2020\/12\/Copy-of-Ace-1-4.jpg\" \/>\n\t<meta property=\"og:image:width\" content=\"1920\" \/>\n\t<meta property=\"og:image:height\" content=\"1008\" \/>\n\t<meta property=\"og:image:type\" content=\"image\/jpeg\" \/>\n<meta name=\"twitter:card\" content=\"summary_large_image\" \/>\n<meta name=\"twitter:label1\" content=\"Written by\" \/>\n\t<meta name=\"twitter:data1\" content=\"Mads Dreyer\" \/>\n\t<meta name=\"twitter:label2\" content=\"Est. reading time\" \/>\n\t<meta name=\"twitter:data2\" content=\"1 minute\" \/>\n<script type=\"application\/ld+json\" class=\"yoast-schema-graph\">{\"@context\":\"https:\/\/schema.org\",\"@graph\":[{\"@type\":\"Organization\",\"@id\":\"https:\/\/acefootball.com\/da\/#organization\",\"name\":\"Ace Football\",\"url\":\"https:\/\/acefootball.com\/da\/\",\"sameAs\":[\"https:\/\/www.facebook.com\/acefootballdk\"],\"logo\":{\"@type\":\"ImageObject\",\"@id\":\"https:\/\/acefootball.com\/da\/#logo\",\"inLanguage\":\"en-US\",\"url\":\"https:\/\/acefootball.com\/da\/wp-content\/uploads\/sites\/2\/2020\/07\/Ace-Football-30-07-2020-2.png\",\"contentUrl\":\"https:\/\/acefootball.com\/da\/wp-content\/uploads\/sites\/2\/2020\/07\/Ace-Football-30-07-2020-2.png\",\"width\":1200,\"height\":600,\"caption\":\"Ace Football\"},\"image\":{\"@id\":\"https:\/\/acefootball.com\/da\/#logo\"}},{\"@type\":\"WebSite\",\"@id\":\"https:\/\/acefootball.com\/da\/#website\",\"url\":\"https:\/\/acefootball.com\/da\/\",\"name\":\"Ace Football Danmark\",\"description\":\"Nyheder, Spiltips &amp; Livescore\",\"publisher\":{\"@id\":\"https:\/\/acefootball.com\/da\/#organization\"},\"potentialAction\":[{\"@type\":\"SearchAction\",\"target\":{\"@type\":\"EntryPoint\",\"urlTemplate\":\"https:\/\/acefootball.com\/da\/?s={search_term_string}\"},\"query-input\":\"required name=search_term_string\"}],\"inLanguage\":\"en-US\"},{\"@type\":\"ImageObject\",\"@id\":\"https:\/\/acefootball.com\/da\/fodboldnyheder\/melding-fra-italien-eriksen-gik-direkte-i-omklaedningsrummet\/#primaryimage\",\"inLanguage\":\"en-US\",\"url\":\"https:\/\/acefootball.com\/da\/wp-content\/uploads\/sites\/2\/2020\/12\/Copy-of-Ace-1-4.jpg\",\"contentUrl\":\"https:\/\/acefootball.com\/da\/wp-content\/uploads\/sites\/2\/2020\/12\/Copy-of-Ace-1-4.jpg\",\"width\":1920,\"height\":1008},{\"@type\":\"WebPage\",\"@id\":\"https:\/\/acefootball.com\/da\/fodboldnyheder\/melding-fra-italien-eriksen-gik-direkte-i-omklaedningsrummet\/#webpage\",\"url\":\"https:\/\/acefootball.com\/da\/fodboldnyheder\/melding-fra-italien-eriksen-gik-direkte-i-omklaedningsrummet\/\",\"name\":\"Melding fra Italien: \\\"Eriksen gik direkte i omkl\u00e6dningsrummet\\\"\",\"isPartOf\":{\"@id\":\"https:\/\/acefootball.com\/da\/#website\"},\"primaryImageOfPage\":{\"@id\":\"https:\/\/acefootball.com\/da\/fodboldnyheder\/melding-fra-italien-eriksen-gik-direkte-i-omklaedningsrummet\/#primaryimage\"},\"datePublished\":\"2020-12-06T12:28:48+00:00\",\"dateModified\":\"2020-12-06T12:28:48+00:00\",\"description\":\"Christian Eriksen fik et enkelt minut p\u00e5 banen, da Inter slog Bologna med med 3-1, og det har angiveligt ikke passet danskeren\",\"breadcrumb\":{\"@id\":\"https:\/\/acefootball.com\/da\/fodboldnyheder\/melding-fra-italien-eriksen-gik-direkte-i-omklaedningsrummet\/#breadcrumb\"},\"inLanguage\":\"en-US\",\"potentialAction\":[{\"@type\":\"ReadAction\",\"target\":[\"https:\/\/acefootball.com\/da\/fodboldnyheder\/melding-fra-italien-eriksen-gik-direkte-i-omklaedningsrummet\/\"]}]},{\"@type\":\"BreadcrumbList\",\"@id\":\"https:\/\/acefootball.com\/da\/fodboldnyheder\/melding-fra-italien-eriksen-gik-direkte-i-omklaedningsrummet\/#breadcrumb\",\"itemListElement\":[{\"@type\":\"ListItem\",\"position\":1,\"name\":\"Home\",\"item\":\"https:\/\/acefootball.com\/da\/\"},{\"@type\":\"ListItem\",\"position\":2,\"name\":\"Melding fra Italien: &#8220;Eriksen gik direkte i omkl\u00e6dningsrummet&#8221;\"}]},{\"@type\":\"Article\",\"@id\":\"https:\/\/acefootball.com\/da\/fodboldnyheder\/melding-fra-italien-eriksen-gik-direkte-i-omklaedningsrummet\/#article\",\"isPartOf\":{\"@id\":\"https:\/\/acefootball.com\/da\/fodboldnyheder\/melding-fra-italien-eriksen-gik-direkte-i-omklaedningsrummet\/#webpage\"},\"author\":{\"@id\":\"https:\/\/acefootball.com\/da\/#\/schema\/person\/ee67e9cf04a276f144100ffa722f10cd\"},\"headline\":\"Melding fra Italien: &#8220;Eriksen gik direkte i omkl\u00e6dningsrummet&#8221;\",\"datePublished\":\"2020-12-06T12:28:48+00:00\",\"dateModified\":\"2020-12-06T12:28:48+00:00\",\"mainEntityOfPage\":{\"@id\":\"https:\/\/acefootball.com\/da\/fodboldnyheder\/melding-fra-italien-eriksen-gik-direkte-i-omklaedningsrummet\/#webpage\"},\"wordCount\":246,\"commentCount\":0,\"publisher\":{\"@id\":\"https:\/\/acefootball.com\/da\/#organization\"},\"image\":{\"@id\":\"https:\/\/acefootball.com\/da\/fodboldnyheder\/melding-fra-italien-eriksen-gik-direkte-i-omklaedningsrummet\/#primaryimage\"},\"thumbnailUrl\":\"https:\/\/acefootball.com\/da\/wp-content\/uploads\/sites\/2\/2020\/10\/GettyImages-1228595649.jpg\",\"keywords\":[\"Christian Eriksen\",\"Inter Milan\",\"Serie A\"],\"articleSection\":[\"Udtalelse\"],\"inLanguage\":\"en-US\",\"potentialAction\":[{\"@type\":\"CommentAction\",\"name\":\"Comment\",\"target\":[\"https:\/\/acefootball.com\/da\/fodboldnyheder\/melding-fra-italien-eriksen-gik-direkte-i-omklaedningsrummet\/#respond\"]}]},{\"@type\":\"Person\",\"@id\":\"https:\/\/acefootball.com\/da\/#\/schema\/person\/ee67e9cf04a276f144100ffa722f10cd\",\"name\":\"Mads Dreyer\",\"image\":{\"@type\":\"ImageObject\",\"@id\":\"https:\/\/acefootball.com\/da\/#personlogo\",\"inLanguage\":\"en-US\",\"url\":\"https:\/\/secure.gravatar.com\/avatar\/7c7abf72cfde9902b6a60efe60c88d4c?s=96&d=mm&r=g\",\"contentUrl\":\"https:\/\/secure.gravatar.com\/avatar\/7c7abf72cfde9902b6a60efe60c88d4c?s=96&d=mm&r=g\",\"caption\":\"Mads Dreyer\"},\"description\":\"Skribent og fodboldn\u00f8rd, der lige nu fort\u00e6ller om alt og intet i fodboldverdenen p\u00e5 acefootball.com. Uddannet i kommunikation fra Aalborg Universitet.\",\"sameAs\":[\"https:\/\/www.linkedin.com\/in\/mads-dreyer-b9b08266\/\"],\"url\":\"https:\/\/acefootball.com\/da\/fodboldnyheder\/author\/mdnronaldo\/\"}]}<\/script>\n<!-- \/ Yoast SEO plugin. -->","yoast_head_json":{"title":"Melding fra Italien: \"Eriksen gik direkte i omkl\u00e6dningsrummet\"","description":"Christian Eriksen fik et enkelt minut p\u00e5 banen, da Inter slog Bologna med med 3-1, og det har angiveligt ikke passet danskeren","robots":{"index":"index","follow":"follow","max-snippet":"max-snippet:-1","max-image-preview":"max-image-preview:large","max-video-preview":"max-video-preview:-1"},"canonical":"https:\/\/acefootball.com\/da\/fodboldnyheder\/melding-fra-italien-eriksen-gik-direkte-i-omklaedningsrummet\/","og_locale":"en_US","og_type":"article","og_title":"Melding fra Italien: \"Eriksen gik direkte i omkl\u00e6dningsrummet\"","og_description":"Christian Eriksen fik et enkelt minut p\u00e5 banen, da Inter slog Bologna med med 3-1, og det har angiveligt ikke passet danskeren","og_url":"https:\/\/acefootball.com\/da\/fodboldnyheder\/melding-fra-italien-eriksen-gik-direkte-i-omklaedningsrummet\/","og_site_name":"Ace Football Danmark","article_publisher":"https:\/\/www.facebook.com\/acefootballdk","article_published_time":"2020-12-06T12:28:48+00:00","og_image":[{"width":1920,"height":1008,"url":"https:\/\/acefootball.com\/da\/wp-content\/uploads\/sites\/2\/2020\/12\/Copy-of-Ace-1-4.jpg","type":"image\/jpeg"}],"twitter_card":"summary_large_image","twitter_misc":{"Written by":"Mads Dreyer","Est. reading time":"1 minute"},"schema":{"@context":"https:\/\/schema.org","@graph":[{"@type":"Organization","@id":"https:\/\/acefootball.com\/da\/#organization","name":"Ace Football","url":"https:\/\/acefootball.com\/da\/","sameAs":["https:\/\/www.facebook.com\/acefootballdk"],"logo":{"@type":"ImageObject","@id":"https:\/\/acefootball.com\/da\/#logo","inLanguage":"en-US","url":"https:\/\/acefootball.com\/da\/wp-content\/uploads\/sites\/2\/2020\/07\/Ace-Football-30-07-2020-2.png","contentUrl":"https:\/\/acefootball.com\/da\/wp-content\/uploads\/sites\/2\/2020\/07\/Ace-Football-30-07-2020-2.png","width":1200,"height":600,"caption":"Ace Football"},"image":{"@id":"https:\/\/acefootball.com\/da\/#logo"}},{"@type":"WebSite","@id":"https:\/\/acefootball.com\/da\/#website","url":"https:\/\/acefootball.com\/da\/","name":"Ace Football Danmark","description":"Nyheder, Spiltips &amp; Livescore","publisher":{"@id":"https:\/\/acefootball.com\/da\/#organization"},"potentialAction":[{"@type":"SearchAction","target":{"@type":"EntryPoint","urlTemplate":"https:\/\/acefootball.com\/da\/?s={search_term_string}"},"query-input":"required name=search_term_string"}],"inLanguage":"en-US"},{"@type":"ImageObject","@id":"https:\/\/acefootball.com\/da\/fodboldnyheder\/melding-fra-italien-eriksen-gik-direkte-i-omklaedningsrummet\/#primaryimage","inLanguage":"en-US","url":"https:\/\/acefootball.com\/da\/wp-content\/uploads\/sites\/2\/2020\/12\/Copy-of-Ace-1-4.jpg","contentUrl":"https:\/\/acefootball.com\/da\/wp-content\/uploads\/sites\/2\/2020\/12\/Copy-of-Ace-1-4.jpg","width":1920,"height":1008},{"@type":"WebPage","@id":"https:\/\/acefootball.com\/da\/fodboldnyheder\/melding-fra-italien-eriksen-gik-direkte-i-omklaedningsrummet\/#webpage","url":"https:\/\/acefootball.com\/da\/fodboldnyheder\/melding-fra-italien-eriksen-gik-direkte-i-omklaedningsrummet\/","name":"Melding fra Italien: \"Eriksen gik direkte i omkl\u00e6dningsrummet\"","isPartOf":{"@id":"https:\/\/acefootball.com\/da\/#website"},"primaryImageOfPage":{"@id":"https:\/\/acefootball.com\/da\/fodboldnyheder\/melding-fra-italien-eriksen-gik-direkte-i-omklaedningsrummet\/#primaryimage"},"datePublished":"2020-12-06T12:28:48+00:00","dateModified":"2020-12-06T12:28:48+00:00","description":"Christian Eriksen fik et enkelt minut p\u00e5 banen, da Inter slog Bologna med med 3-1, og det har angiveligt ikke passet danskeren","breadcrumb":{"@id":"https:\/\/acefootball.com\/da\/fodboldnyheder\/melding-fra-italien-eriksen-gik-direkte-i-omklaedningsrummet\/#breadcrumb"},"inLanguage":"en-US","potentialAction":[{"@type":"ReadAction","target":["https:\/\/acefootball.com\/da\/fodboldnyheder\/melding-fra-italien-eriksen-gik-direkte-i-omklaedningsrummet\/"]}]},{"@type":"BreadcrumbList","@id":"https:\/\/acefootball.com\/da\/fodboldnyheder\/melding-fra-italien-eriksen-gik-direkte-i-omklaedningsrummet\/#breadcrumb","itemListElement":[{"@type":"ListItem","position":1,"name":"Home","item":"https:\/\/acefootball.com\/da\/"},{"@type":"ListItem","position":2,"name":"Melding fra Italien: &#8220;Eriksen gik direkte i omkl\u00e6dningsrummet&#8221;"}]},{"@type":"Article","@id":"https:\/\/acefootball.com\/da\/fodboldnyheder\/melding-fra-italien-eriksen-gik-direkte-i-omklaedningsrummet\/#article","isPartOf":{"@id":"https:\/\/acefootball.com\/da\/fodboldnyheder\/melding-fra-italien-eriksen-gik-direkte-i-omklaedningsrummet\/#webpage"},"author":{"@id":"https:\/\/acefootball.com\/da\/#\/schema\/person\/ee67e9cf04a276f144100ffa722f10cd"},"headline":"Melding fra Italien: &#8220;Eriksen gik direkte i omkl\u00e6dningsrummet&#8221;","datePublished":"2020-12-06T12:28:48+00:00","dateModified":"2020-12-06T12:28:48+00:00","mainEntityOfPage":{"@id":"https:\/\/acefootball.com\/da\/fodboldnyheder\/melding-fra-italien-eriksen-gik-direkte-i-omklaedningsrummet\/#webpage"},"wordCount":246,"commentCount":0,"publisher":{"@id":"https:\/\/acefootball.com\/da\/#organization"},"image":{"@id":"https:\/\/acefootball.com\/da\/fodboldnyheder\/melding-fra-italien-eriksen-gik-direkte-i-omklaedningsrummet\/#primaryimage"},"thumbnailUrl":"https:\/\/acefootball.com\/da\/wp-content\/uploads\/sites\/2\/2020\/10\/GettyImages-1228595649.jpg","keywords":["Christian Eriksen","Inter Milan","Serie A"],"articleSection":["Udtalelse"],"inLanguage":"en-US","potentialAction":[{"@type":"CommentAction","name":"Comment","target":["https:\/\/acefootball.com\/da\/fodboldnyheder\/melding-fra-italien-eriksen-gik-direkte-i-omklaedningsrummet\/#respond"]}]},{"@type":"Person","@id":"https:\/\/acefootball.com\/da\/#\/schema\/person\/ee67e9cf04a276f144100ffa722f10cd","name":"Mads Dreyer","image":{"@type":"ImageObject","@id":"https:\/\/acefootball.com\/da\/#personlogo","inLanguage":"en-US","url":"https:\/\/secure.gravatar.com\/avatar\/7c7abf72cfde9902b6a60efe60c88d4c?s=96&d=mm&r=g","contentUrl":"https:\/\/secure.gravatar.com\/avatar\/7c7abf72cfde9902b6a60efe60c88d4c?s=96&d=mm&r=g","caption":"Mads Dreyer"},"description":"Skribent og fodboldn\u00f8rd, der lige nu fort\u00e6ller om alt og intet i fodboldverdenen p\u00e5 acefootball.com. Uddannet i kommunikation fra Aalborg Universitet.","sameAs":["https:\/\/www.linkedin.com\/in\/mads-dreyer-b9b08266\/"],"url":"https:\/\/acefootball.com\/da\/fodboldnyheder\/author\/mdnronaldo\/"}]}},"fimg_url":"https:\/\/acefootball.com\/da\/wp-content\/uploads\/sites\/2\/2020\/10\/GettyImages-1228595649.jpg","_links":{"self":[{"href":"https:\/\/acefootball.com\/da\/wp-json\/wp\/v2\/posts\/245597"}],"collection":[{"href":"https:\/\/acefootball.com\/da\/wp-json\/wp\/v2\/posts"}],"about":[{"href":"https:\/\/acefootball.com\/da\/wp-json\/wp\/v2\/types\/post"}],"author":[{"embeddable":true,"href":"https:\/\/acefootball.com\/da\/wp-json\/wp\/v2\/users\/705"}],"replies":[{"embeddable":true,"href":"https:\/\/acefootball.com\/da\/wp-json\/wp\/v2\/comments?post=245597"}],"version-history":[{"count":0,"href":"https:\/\/acefootball.com\/da\/wp-json\/wp\/v2\/posts\/245597\/revisions"}],"wp:featuredmedia":[{"embeddable":true,"href":"https:\/\/acefootball.com\/da\/wp-json\/wp\/v2\/media\/240842"}],"wp:attachment":[{"href":"https:\/\/acefootball.com\/da\/wp-json\/wp\/v2\/media?parent=245597"}],"wp:term":[{"taxonomy":"category","embeddable":true,"href":"https:\/\/acefootball.com\/da\/wp-json\/wp\/v2\/categories?post=245597"},{"taxonomy":"post_tag","embeddable":true,"href":"https:\/\/acefootball.com\/da\/wp-json\/wp\/v2\/tags?post=245597"}],"curies":[{"name":"wp","href":"https:\/\/api.w.org\/{rel}","templated":true}]}}