{"id":245593,"date":"2020-12-06T12:47:39","date_gmt":"2020-12-06T11:47:39","guid":{"rendered":"https:\/\/acefootball.com\/da\/?p=245593"},"modified":"2020-12-06T12:50:09","modified_gmt":"2020-12-06T11:50:09","slug":"fri-paa-markedet-psg-ophaever-med-skandaleramt-evighedstalent","status":"publish","type":"post","link":"https:\/\/acefootball.com\/da\/fodboldnyheder\/fri-paa-markedet-psg-ophaever-med-skandaleramt-evighedstalent\/","title":{"rendered":"Fri p\u00e5 markedet: PSG oph\u00e6ver med skandaleramt evighedstalent"},"content":{"rendered":"\n<h2 id=\"h-psg-meddeler-at-klubben-har-afbrudt-samarbejdet-med-offensivspilleren-jes-der-ellers-havde-kontrakt-til-sommer\">PSG meddeler, at klubben har afbrudt samarbejdet med offensivspilleren Jes\u00e9, der ellers havde kontrakt til sommer<\/h2>\n\n\n\n<p>Der var k\u00e6mpe forventninger, da en ung Jes\u00e9 Rodr\u00edguez for en \u00e5rr\u00e6kke siden kom i gennem ungdomssystemet i Real Madrid og gjorde sin entr\u00e9 p\u00e5 f\u00f8rsteholdet.<\/p>\n\n\n\n<p>Det blev dog ikke til et endegyldigt gennembrud, og i 2016 tog PSG chancen med den flamboyante offensivspiller. Tiden hos de franske mestre har dog v\u00e6ret pr\u00e6get af et hav af lejeaftaler, og nu har man valgt at sige stop.<\/p>\n\n\n\n<p>PSG meddeler p\u00e5 sin <a href=\"https:\/\/www.psg.fr\/equipes\/equipe-premiere\/content\/jese-rodriguez-quitte-le-paris-saint-germain-officiel-psg\" target=\"_blank\" rel=\"noreferrer noopener\">hjemme<\/a><a href=\"https:\/\/www.psg.fr\/equipes\/equipe-premiere\/content\/jese-rodriguez-quitte-le-paris-saint-germain-officiel-psg\">side<\/a>, at kontrakten med den 27-\u00e5rige spanier er oph\u00e6vet. Det sker et halvt \u00e5r inden aftalens egentlige udl\u00f8bsdato.<\/p>\n\n\n\n<figure class=\"wp-block-embed-wordpress wp-block-embed is-type-wp-embed is-provider-ace-football-danmark\"><div class=\"wp-block-embed__wrapper\">\n<blockquote class=\"wp-embedded-content\" data-secret=\"IvQk1OgTX0\"><a href=\"https:\/\/acefootball.com\/da\/fodboldnyheder\/transferguru-afsloerer-mario-balotellis-nye-klub\/\">Transferguru afsl\u00f8rer Mario Balotellis nye klub<\/a><\/blockquote><iframe class=\"wp-embedded-content\" sandbox=\"allow-scripts\" security=\"restricted\" style=\"position: absolute; clip: rect(1px, 1px, 1px, 1px);\" title=\"&#8220;Transferguru afsl\u00f8rer Mario Balotellis nye klub&#8221; &#8212; Ace Football Danmark\" src=\"https:\/\/acefootball.com\/da\/fodboldnyheder\/transferguru-afsloerer-mario-balotellis-nye-klub\/embed\/#?secret=IvQk1OgTX0\" data-secret=\"IvQk1OgTX0\" width=\"600\" height=\"338\" frameborder=\"0\" marginwidth=\"0\" marginheight=\"0\" scrolling=\"no\"><\/iframe>\n<\/div><\/figure>\n\n\n\n<p>Ud over den manglende succes p\u00e5 banen er det ogs\u00e5 n\u00e6rliggende at tro, at Jes\u00e9s eskapader udenfor kridtstregerne har noget at g\u00f8re med opsigelsen.<\/p>\n\n\n\n<p>Den nu tidligere PSG-spiller har de senere \u00e5r taget de helt forkerte overskrifter. Senest skulle han have v\u00e6ret k\u00e6resten utro med en veninde, og for en m\u00e5ned siden florerede der billeder p\u00e5 sociale medier af en fest p\u00e5 Gran Canaria, hvor ikke mange corona-restriktioner blev overholdt.<\/p>\n\n\n\n<p>Nu har klubbens pr\u00e6sident, Nasser Al-Khelaifi angiveligt f\u00e5et nok af den d\u00e5rlige omtale og revet kontrakten i stykker.<\/p>\n\n\n\n<p>Det blev kun til 2 m\u00e5l og 18 kampe for PSG.<\/p>\n","protected":false},"excerpt":{"rendered":"<p>PSG meddeler, at klubben har afbrudt samarbejdet med offensivspilleren Jes\u00e9, der ellers havde kontrakt til sommer<\/p>\n","protected":false},"author":705,"featured_media":245595,"comment_status":"open","ping_status":"closed","sticky":false,"template":"","format":"standard","meta":{"om_disable_all_campaigns":false,"push_articles_ronaldo":{"active":false,"canonical":0,"publish":false},"force_updates":null},"categories":[1],"tags":[747,397,461],"enet_tags":{"player":["281085"],"league":["53"],"team":["9847"],"sport_events":[]},"yoast_head":"<!-- This site is optimized with the Yoast SEO plugin v18.3 - https:\/\/yoast.com\/wordpress\/plugins\/seo\/ -->\n<title>Fri p\u00e5 markedet: PSG oph\u00e6ver med skandaleramt evighedstalent<\/title>\n<meta name=\"description\" content=\"PSG meddeler, at klubben har afbrudt samarbejdet med offensivspilleren Jes\u00e9, der ellers havde kontrakt til sommer\" \/>\n<meta name=\"robots\" content=\"index, follow, max-snippet:-1, max-image-preview:large, max-video-preview:-1\" \/>\n<link rel=\"canonical\" href=\"https:\/\/acefootball.com\/da\/fodboldnyheder\/fri-paa-markedet-psg-ophaever-med-skandaleramt-evighedstalent\/\" \/>\n<meta property=\"og:locale\" content=\"en_US\" \/>\n<meta property=\"og:type\" content=\"article\" \/>\n<meta property=\"og:title\" content=\"Fri p\u00e5 markedet: PSG oph\u00e6ver med skandaleramt evighedstalent\" \/>\n<meta property=\"og:description\" content=\"PSG meddeler, at klubben har afbrudt samarbejdet med offensivspilleren Jes\u00e9, der ellers havde kontrakt til sommer\" \/>\n<meta property=\"og:url\" content=\"https:\/\/acefootball.com\/da\/fodboldnyheder\/fri-paa-markedet-psg-ophaever-med-skandaleramt-evighedstalent\/\" \/>\n<meta property=\"og:site_name\" content=\"Ace Football Danmark\" \/>\n<meta property=\"article:publisher\" content=\"https:\/\/www.facebook.com\/acefootballdk\" \/>\n<meta property=\"article:published_time\" content=\"2020-12-06T11:47:39+00:00\" \/>\n<meta property=\"article:modified_time\" content=\"2020-12-06T11:50:09+00:00\" \/>\n<meta property=\"og:image\" content=\"https:\/\/acefootball.com\/da\/wp-content\/uploads\/sites\/2\/2020\/12\/Copy-of-Ace-9.jpg\" \/>\n\t<meta property=\"og:image:width\" content=\"1920\" \/>\n\t<meta property=\"og:image:height\" content=\"1008\" \/>\n\t<meta property=\"og:image:type\" content=\"image\/jpeg\" \/>\n<meta name=\"twitter:card\" content=\"summary_large_image\" \/>\n<meta name=\"twitter:label1\" content=\"Written by\" \/>\n\t<meta name=\"twitter:data1\" content=\"Mads Dreyer\" \/>\n\t<meta name=\"twitter:label2\" content=\"Est. reading time\" \/>\n\t<meta name=\"twitter:data2\" content=\"1 minute\" \/>\n<script type=\"application\/ld+json\" class=\"yoast-schema-graph\">{\"@context\":\"https:\/\/schema.org\",\"@graph\":[{\"@type\":\"Organization\",\"@id\":\"https:\/\/acefootball.com\/da\/#organization\",\"name\":\"Ace Football\",\"url\":\"https:\/\/acefootball.com\/da\/\",\"sameAs\":[\"https:\/\/www.facebook.com\/acefootballdk\"],\"logo\":{\"@type\":\"ImageObject\",\"@id\":\"https:\/\/acefootball.com\/da\/#logo\",\"inLanguage\":\"en-US\",\"url\":\"https:\/\/acefootball.com\/da\/wp-content\/uploads\/sites\/2\/2020\/07\/Ace-Football-30-07-2020-2.png\",\"contentUrl\":\"https:\/\/acefootball.com\/da\/wp-content\/uploads\/sites\/2\/2020\/07\/Ace-Football-30-07-2020-2.png\",\"width\":1200,\"height\":600,\"caption\":\"Ace Football\"},\"image\":{\"@id\":\"https:\/\/acefootball.com\/da\/#logo\"}},{\"@type\":\"WebSite\",\"@id\":\"https:\/\/acefootball.com\/da\/#website\",\"url\":\"https:\/\/acefootball.com\/da\/\",\"name\":\"Ace Football Danmark\",\"description\":\"Nyheder, Spiltips &amp; Livescore\",\"publisher\":{\"@id\":\"https:\/\/acefootball.com\/da\/#organization\"},\"potentialAction\":[{\"@type\":\"SearchAction\",\"target\":{\"@type\":\"EntryPoint\",\"urlTemplate\":\"https:\/\/acefootball.com\/da\/?s={search_term_string}\"},\"query-input\":\"required name=search_term_string\"}],\"inLanguage\":\"en-US\"},{\"@type\":\"ImageObject\",\"@id\":\"https:\/\/acefootball.com\/da\/fodboldnyheder\/fri-paa-markedet-psg-ophaever-med-skandaleramt-evighedstalent\/#primaryimage\",\"inLanguage\":\"en-US\",\"url\":\"https:\/\/acefootball.com\/da\/wp-content\/uploads\/sites\/2\/2020\/12\/Copy-of-Ace-9.jpg\",\"contentUrl\":\"https:\/\/acefootball.com\/da\/wp-content\/uploads\/sites\/2\/2020\/12\/Copy-of-Ace-9.jpg\",\"width\":1920,\"height\":1008},{\"@type\":\"WebPage\",\"@id\":\"https:\/\/acefootball.com\/da\/fodboldnyheder\/fri-paa-markedet-psg-ophaever-med-skandaleramt-evighedstalent\/#webpage\",\"url\":\"https:\/\/acefootball.com\/da\/fodboldnyheder\/fri-paa-markedet-psg-ophaever-med-skandaleramt-evighedstalent\/\",\"name\":\"Fri p\u00e5 markedet: PSG oph\u00e6ver med skandaleramt evighedstalent\",\"isPartOf\":{\"@id\":\"https:\/\/acefootball.com\/da\/#website\"},\"primaryImageOfPage\":{\"@id\":\"https:\/\/acefootball.com\/da\/fodboldnyheder\/fri-paa-markedet-psg-ophaever-med-skandaleramt-evighedstalent\/#primaryimage\"},\"datePublished\":\"2020-12-06T11:47:39+00:00\",\"dateModified\":\"2020-12-06T11:50:09+00:00\",\"description\":\"PSG meddeler, at klubben har afbrudt samarbejdet med offensivspilleren Jes\u00e9, der ellers havde kontrakt til sommer\",\"breadcrumb\":{\"@id\":\"https:\/\/acefootball.com\/da\/fodboldnyheder\/fri-paa-markedet-psg-ophaever-med-skandaleramt-evighedstalent\/#breadcrumb\"},\"inLanguage\":\"en-US\",\"potentialAction\":[{\"@type\":\"ReadAction\",\"target\":[\"https:\/\/acefootball.com\/da\/fodboldnyheder\/fri-paa-markedet-psg-ophaever-med-skandaleramt-evighedstalent\/\"]}]},{\"@type\":\"BreadcrumbList\",\"@id\":\"https:\/\/acefootball.com\/da\/fodboldnyheder\/fri-paa-markedet-psg-ophaever-med-skandaleramt-evighedstalent\/#breadcrumb\",\"itemListElement\":[{\"@type\":\"ListItem\",\"position\":1,\"name\":\"Home\",\"item\":\"https:\/\/acefootball.com\/da\/\"},{\"@type\":\"ListItem\",\"position\":2,\"name\":\"Fri p\u00e5 markedet: PSG oph\u00e6ver med skandaleramt evighedstalent\"}]},{\"@type\":\"Article\",\"@id\":\"https:\/\/acefootball.com\/da\/fodboldnyheder\/fri-paa-markedet-psg-ophaever-med-skandaleramt-evighedstalent\/#article\",\"isPartOf\":{\"@id\":\"https:\/\/acefootball.com\/da\/fodboldnyheder\/fri-paa-markedet-psg-ophaever-med-skandaleramt-evighedstalent\/#webpage\"},\"author\":{\"@id\":\"https:\/\/acefootball.com\/da\/#\/schema\/person\/ee67e9cf04a276f144100ffa722f10cd\"},\"headline\":\"Fri p\u00e5 markedet: PSG oph\u00e6ver med skandaleramt evighedstalent\",\"datePublished\":\"2020-12-06T11:47:39+00:00\",\"dateModified\":\"2020-12-06T11:50:09+00:00\",\"mainEntityOfPage\":{\"@id\":\"https:\/\/acefootball.com\/da\/fodboldnyheder\/fri-paa-markedet-psg-ophaever-med-skandaleramt-evighedstalent\/#webpage\"},\"wordCount\":234,\"commentCount\":0,\"publisher\":{\"@id\":\"https:\/\/acefootball.com\/da\/#organization\"},\"image\":{\"@id\":\"https:\/\/acefootball.com\/da\/fodboldnyheder\/fri-paa-markedet-psg-ophaever-med-skandaleramt-evighedstalent\/#primaryimage\"},\"thumbnailUrl\":\"https:\/\/acefootball.com\/da\/wp-content\/uploads\/sites\/2\/2020\/12\/GettyImages-625346998.jpg\",\"keywords\":[\"Jes\u00e9 Rodriguez\",\"Ligue 1\",\"Paris Saint-Germain\"],\"articleSection\":[\"Nyhed\"],\"inLanguage\":\"en-US\",\"potentialAction\":[{\"@type\":\"CommentAction\",\"name\":\"Comment\",\"target\":[\"https:\/\/acefootball.com\/da\/fodboldnyheder\/fri-paa-markedet-psg-ophaever-med-skandaleramt-evighedstalent\/#respond\"]}]},{\"@type\":\"Person\",\"@id\":\"https:\/\/acefootball.com\/da\/#\/schema\/person\/ee67e9cf04a276f144100ffa722f10cd\",\"name\":\"Mads Dreyer\",\"image\":{\"@type\":\"ImageObject\",\"@id\":\"https:\/\/acefootball.com\/da\/#personlogo\",\"inLanguage\":\"en-US\",\"url\":\"https:\/\/secure.gravatar.com\/avatar\/7c7abf72cfde9902b6a60efe60c88d4c?s=96&d=mm&r=g\",\"contentUrl\":\"https:\/\/secure.gravatar.com\/avatar\/7c7abf72cfde9902b6a60efe60c88d4c?s=96&d=mm&r=g\",\"caption\":\"Mads Dreyer\"},\"description\":\"Skribent og fodboldn\u00f8rd, der lige nu fort\u00e6ller om alt og intet i fodboldverdenen p\u00e5 acefootball.com. Uddannet i kommunikation fra Aalborg Universitet.\",\"sameAs\":[\"https:\/\/www.linkedin.com\/in\/mads-dreyer-b9b08266\/\"],\"url\":\"https:\/\/acefootball.com\/da\/fodboldnyheder\/author\/mdnronaldo\/\"}]}<\/script>\n<!-- \/ Yoast SEO plugin. -->","yoast_head_json":{"title":"Fri p\u00e5 markedet: PSG oph\u00e6ver med skandaleramt evighedstalent","description":"PSG meddeler, at klubben har afbrudt samarbejdet med offensivspilleren Jes\u00e9, der ellers havde kontrakt til sommer","robots":{"index":"index","follow":"follow","max-snippet":"max-snippet:-1","max-image-preview":"max-image-preview:large","max-video-preview":"max-video-preview:-1"},"canonical":"https:\/\/acefootball.com\/da\/fodboldnyheder\/fri-paa-markedet-psg-ophaever-med-skandaleramt-evighedstalent\/","og_locale":"en_US","og_type":"article","og_title":"Fri p\u00e5 markedet: PSG oph\u00e6ver med skandaleramt evighedstalent","og_description":"PSG meddeler, at klubben har afbrudt samarbejdet med offensivspilleren Jes\u00e9, der ellers havde kontrakt til sommer","og_url":"https:\/\/acefootball.com\/da\/fodboldnyheder\/fri-paa-markedet-psg-ophaever-med-skandaleramt-evighedstalent\/","og_site_name":"Ace Football Danmark","article_publisher":"https:\/\/www.facebook.com\/acefootballdk","article_published_time":"2020-12-06T11:47:39+00:00","article_modified_time":"2020-12-06T11:50:09+00:00","og_image":[{"width":1920,"height":1008,"url":"https:\/\/acefootball.com\/da\/wp-content\/uploads\/sites\/2\/2020\/12\/Copy-of-Ace-9.jpg","type":"image\/jpeg"}],"twitter_card":"summary_large_image","twitter_misc":{"Written by":"Mads Dreyer","Est. reading time":"1 minute"},"schema":{"@context":"https:\/\/schema.org","@graph":[{"@type":"Organization","@id":"https:\/\/acefootball.com\/da\/#organization","name":"Ace Football","url":"https:\/\/acefootball.com\/da\/","sameAs":["https:\/\/www.facebook.com\/acefootballdk"],"logo":{"@type":"ImageObject","@id":"https:\/\/acefootball.com\/da\/#logo","inLanguage":"en-US","url":"https:\/\/acefootball.com\/da\/wp-content\/uploads\/sites\/2\/2020\/07\/Ace-Football-30-07-2020-2.png","contentUrl":"https:\/\/acefootball.com\/da\/wp-content\/uploads\/sites\/2\/2020\/07\/Ace-Football-30-07-2020-2.png","width":1200,"height":600,"caption":"Ace Football"},"image":{"@id":"https:\/\/acefootball.com\/da\/#logo"}},{"@type":"WebSite","@id":"https:\/\/acefootball.com\/da\/#website","url":"https:\/\/acefootball.com\/da\/","name":"Ace Football Danmark","description":"Nyheder, Spiltips &amp; Livescore","publisher":{"@id":"https:\/\/acefootball.com\/da\/#organization"},"potentialAction":[{"@type":"SearchAction","target":{"@type":"EntryPoint","urlTemplate":"https:\/\/acefootball.com\/da\/?s={search_term_string}"},"query-input":"required name=search_term_string"}],"inLanguage":"en-US"},{"@type":"ImageObject","@id":"https:\/\/acefootball.com\/da\/fodboldnyheder\/fri-paa-markedet-psg-ophaever-med-skandaleramt-evighedstalent\/#primaryimage","inLanguage":"en-US","url":"https:\/\/acefootball.com\/da\/wp-content\/uploads\/sites\/2\/2020\/12\/Copy-of-Ace-9.jpg","contentUrl":"https:\/\/acefootball.com\/da\/wp-content\/uploads\/sites\/2\/2020\/12\/Copy-of-Ace-9.jpg","width":1920,"height":1008},{"@type":"WebPage","@id":"https:\/\/acefootball.com\/da\/fodboldnyheder\/fri-paa-markedet-psg-ophaever-med-skandaleramt-evighedstalent\/#webpage","url":"https:\/\/acefootball.com\/da\/fodboldnyheder\/fri-paa-markedet-psg-ophaever-med-skandaleramt-evighedstalent\/","name":"Fri p\u00e5 markedet: PSG oph\u00e6ver med skandaleramt evighedstalent","isPartOf":{"@id":"https:\/\/acefootball.com\/da\/#website"},"primaryImageOfPage":{"@id":"https:\/\/acefootball.com\/da\/fodboldnyheder\/fri-paa-markedet-psg-ophaever-med-skandaleramt-evighedstalent\/#primaryimage"},"datePublished":"2020-12-06T11:47:39+00:00","dateModified":"2020-12-06T11:50:09+00:00","description":"PSG meddeler, at klubben har afbrudt samarbejdet med offensivspilleren Jes\u00e9, der ellers havde kontrakt til sommer","breadcrumb":{"@id":"https:\/\/acefootball.com\/da\/fodboldnyheder\/fri-paa-markedet-psg-ophaever-med-skandaleramt-evighedstalent\/#breadcrumb"},"inLanguage":"en-US","potentialAction":[{"@type":"ReadAction","target":["https:\/\/acefootball.com\/da\/fodboldnyheder\/fri-paa-markedet-psg-ophaever-med-skandaleramt-evighedstalent\/"]}]},{"@type":"BreadcrumbList","@id":"https:\/\/acefootball.com\/da\/fodboldnyheder\/fri-paa-markedet-psg-ophaever-med-skandaleramt-evighedstalent\/#breadcrumb","itemListElement":[{"@type":"ListItem","position":1,"name":"Home","item":"https:\/\/acefootball.com\/da\/"},{"@type":"ListItem","position":2,"name":"Fri p\u00e5 markedet: PSG oph\u00e6ver med skandaleramt evighedstalent"}]},{"@type":"Article","@id":"https:\/\/acefootball.com\/da\/fodboldnyheder\/fri-paa-markedet-psg-ophaever-med-skandaleramt-evighedstalent\/#article","isPartOf":{"@id":"https:\/\/acefootball.com\/da\/fodboldnyheder\/fri-paa-markedet-psg-ophaever-med-skandaleramt-evighedstalent\/#webpage"},"author":{"@id":"https:\/\/acefootball.com\/da\/#\/schema\/person\/ee67e9cf04a276f144100ffa722f10cd"},"headline":"Fri p\u00e5 markedet: PSG oph\u00e6ver med skandaleramt evighedstalent","datePublished":"2020-12-06T11:47:39+00:00","dateModified":"2020-12-06T11:50:09+00:00","mainEntityOfPage":{"@id":"https:\/\/acefootball.com\/da\/fodboldnyheder\/fri-paa-markedet-psg-ophaever-med-skandaleramt-evighedstalent\/#webpage"},"wordCount":234,"commentCount":0,"publisher":{"@id":"https:\/\/acefootball.com\/da\/#organization"},"image":{"@id":"https:\/\/acefootball.com\/da\/fodboldnyheder\/fri-paa-markedet-psg-ophaever-med-skandaleramt-evighedstalent\/#primaryimage"},"thumbnailUrl":"https:\/\/acefootball.com\/da\/wp-content\/uploads\/sites\/2\/2020\/12\/GettyImages-625346998.jpg","keywords":["Jes\u00e9 Rodriguez","Ligue 1","Paris Saint-Germain"],"articleSection":["Nyhed"],"inLanguage":"en-US","potentialAction":[{"@type":"CommentAction","name":"Comment","target":["https:\/\/acefootball.com\/da\/fodboldnyheder\/fri-paa-markedet-psg-ophaever-med-skandaleramt-evighedstalent\/#respond"]}]},{"@type":"Person","@id":"https:\/\/acefootball.com\/da\/#\/schema\/person\/ee67e9cf04a276f144100ffa722f10cd","name":"Mads Dreyer","image":{"@type":"ImageObject","@id":"https:\/\/acefootball.com\/da\/#personlogo","inLanguage":"en-US","url":"https:\/\/secure.gravatar.com\/avatar\/7c7abf72cfde9902b6a60efe60c88d4c?s=96&d=mm&r=g","contentUrl":"https:\/\/secure.gravatar.com\/avatar\/7c7abf72cfde9902b6a60efe60c88d4c?s=96&d=mm&r=g","caption":"Mads Dreyer"},"description":"Skribent og fodboldn\u00f8rd, der lige nu fort\u00e6ller om alt og intet i fodboldverdenen p\u00e5 acefootball.com. Uddannet i kommunikation fra Aalborg Universitet.","sameAs":["https:\/\/www.linkedin.com\/in\/mads-dreyer-b9b08266\/"],"url":"https:\/\/acefootball.com\/da\/fodboldnyheder\/author\/mdnronaldo\/"}]}},"fimg_url":"https:\/\/acefootball.com\/da\/wp-content\/uploads\/sites\/2\/2020\/12\/GettyImages-625346998.jpg","_links":{"self":[{"href":"https:\/\/acefootball.com\/da\/wp-json\/wp\/v2\/posts\/245593"}],"collection":[{"href":"https:\/\/acefootball.com\/da\/wp-json\/wp\/v2\/posts"}],"about":[{"href":"https:\/\/acefootball.com\/da\/wp-json\/wp\/v2\/types\/post"}],"author":[{"embeddable":true,"href":"https:\/\/acefootball.com\/da\/wp-json\/wp\/v2\/users\/705"}],"replies":[{"embeddable":true,"href":"https:\/\/acefootball.com\/da\/wp-json\/wp\/v2\/comments?post=245593"}],"version-history":[{"count":0,"href":"https:\/\/acefootball.com\/da\/wp-json\/wp\/v2\/posts\/245593\/revisions"}],"wp:featuredmedia":[{"embeddable":true,"href":"https:\/\/acefootball.com\/da\/wp-json\/wp\/v2\/media\/245595"}],"wp:attachment":[{"href":"https:\/\/acefootball.com\/da\/wp-json\/wp\/v2\/media?parent=245593"}],"wp:term":[{"taxonomy":"category","embeddable":true,"href":"https:\/\/acefootball.com\/da\/wp-json\/wp\/v2\/categories?post=245593"},{"taxonomy":"post_tag","embeddable":true,"href":"https:\/\/acefootball.com\/da\/wp-json\/wp\/v2\/tags?post=245593"}],"curies":[{"name":"wp","href":"https:\/\/api.w.org\/{rel}","templated":true}]}}