{"id":245408,"date":"2020-12-03T10:04:22","date_gmt":"2020-12-03T09:04:22","guid":{"rendered":"https:\/\/acefootball.com\/da\/?p=245408"},"modified":"2020-12-03T10:14:02","modified_gmt":"2020-12-03T09:14:02","slug":"breaking-staale-solbakken-bliver-norsk-landstraener","status":"publish","type":"post","link":"https:\/\/acefootball.com\/da\/fodboldnyheder\/breaking-staale-solbakken-bliver-norsk-landstraener\/","title":{"rendered":"BREAKING: St\u00e5le Solbakken bliver norsk landstr\u00e6ner"},"content":{"rendered":"\n<h2 id=\"h-det-norske-fodboldforbund-har-netop-pr-senteret-st-le-solbakken-som-ny-landstr-ner\">Det norske fodboldforbund har netop pr\u00e6senteret St\u00e5le Solbakken som ny landstr\u00e6ner<\/h2>\n\n\n\n<p>Efter fyringen i FC K\u00f8benhavn har der v\u00e6ret tvivl om, hvor St\u00e5le Solbakken skulle forts\u00e6tte tr\u00e6nerkarrieren, og det har v\u00e6ret spekuleret i, om der skulle en pause til for at rense tankerne.<\/p>\n\n\n\n<p>Den tidligere FCK-tr\u00e6ner blev dog hurtigt sat i forbindelse med et job i spidsen for det norske landshold, og det er nu bekr\u00e6ftet.<\/p>\n\n\n\n<p>Fodboldforbundet i Norge oplyser, at man har ansat Solbakken som ny landstr\u00e6ner, og at han allerede tiltr\u00e6der stillingen den 7. december.<\/p>\n\n\n\n<figure class=\"wp-block-embed-twitter wp-block-embed is-type-rich is-provider-twitter\"><div class=\"wp-block-embed__wrapper\">\n<blockquote class=\"twitter-tweet\" data-width=\"550\" data-dnt=\"true\"><p lang=\"no\" dir=\"ltr\">Vi \u00f8nsker St\u00e5le Solbakken velkommen som ny landslagssjef for A-herrer! \u26bd\ud83c\uddf3\ud83c\uddf4  <a href=\"https:\/\/t.co\/U644Fa9Jj2\">https:\/\/t.co\/U644Fa9Jj2<\/a><\/p>&mdash; NorgesFotballforbund (@nff_info) <a href=\"https:\/\/twitter.com\/nff_info\/status\/1334420597510729728?ref_src=twsrc%5Etfw\">December 3, 2020<\/a><\/blockquote><script async src=\"https:\/\/platform.twitter.com\/widgets.js\" charset=\"utf-8\"><\/script>\n<\/div><\/figure>\n\n\n\n<p>Det betyder, at den hidtidige landstr\u00e6ner, Lars Lagerb\u00e4ck, stopper med det samme. Svenskeren har p\u00e5 det seneste v\u00e6ret rygtet v\u00e6k, efter kvalifikationen til EM mislykkedes.<\/p>\n\n\n\n<p>&#8220;Jeg er stolt og be\u00e6ret over at have f\u00e5et tilbudt jobbet som ny landstr\u00e6ner. For mig er det et godt tidspunkt at tage over. Lars Lagerb\u00e4ck og Per Joar Hansen har gjort et godt stykke arbejde og lagt et fundament, som bliver sp\u00e6ndende at arbejde videre med,&#8221; udtaler solbakken.<\/p>\n\n\n\n<p>M\u00e5let for Norge er nu kvalifikationen til VM i 2022, som starter i for\u00e5ret.<\/p>\n","protected":false},"excerpt":{"rendered":"<p>Det norske fodboldforbund har netop pr\u00e6senteret St\u00e5le Solbakken som ny landstr\u00e6ner<\/p>\n","protected":false},"author":705,"featured_media":242287,"comment_status":"open","ping_status":"closed","sticky":false,"template":"","format":"standard","meta":{"om_disable_all_campaigns":false,"push_articles_ronaldo":{"active":false,"canonical":0,"publish":false},"force_updates":null},"categories":[8327],"tags":[16,1571,182],"enet_tags":{"team":["8391","8492"],"player":["78638"],"sport_events":[]},"yoast_head":"<!-- This site is optimized with the Yoast SEO plugin v18.3 - https:\/\/yoast.com\/wordpress\/plugins\/seo\/ -->\n<title>BREAKING: St\u00e5le Solbakken bliver norsk landstr\u00e6ner<\/title>\n<meta name=\"description\" content=\"Det norske fodboldforbund har netop pr\u00e6senteret St\u00e5le Solbakken som ny landstr\u00e6ner\" \/>\n<meta name=\"robots\" content=\"index, follow, max-snippet:-1, max-image-preview:large, max-video-preview:-1\" \/>\n<link rel=\"canonical\" href=\"https:\/\/acefootball.com\/da\/fodboldnyheder\/breaking-staale-solbakken-bliver-norsk-landstraener\/\" \/>\n<meta property=\"og:locale\" content=\"en_US\" \/>\n<meta property=\"og:type\" content=\"article\" \/>\n<meta property=\"og:title\" content=\"BREAKING: St\u00e5le Solbakken bliver norsk landstr\u00e6ner\" \/>\n<meta property=\"og:description\" content=\"Det norske fodboldforbund har netop pr\u00e6senteret St\u00e5le Solbakken som ny landstr\u00e6ner\" \/>\n<meta property=\"og:url\" content=\"https:\/\/acefootball.com\/da\/fodboldnyheder\/breaking-staale-solbakken-bliver-norsk-landstraener\/\" \/>\n<meta property=\"og:site_name\" content=\"Ace Football Danmark\" \/>\n<meta property=\"article:publisher\" content=\"https:\/\/www.facebook.com\/acefootballdk\" \/>\n<meta property=\"article:published_time\" content=\"2020-12-03T09:04:22+00:00\" \/>\n<meta property=\"article:modified_time\" content=\"2020-12-03T09:14:02+00:00\" \/>\n<meta property=\"og:image\" content=\"https:\/\/acefootball.com\/da\/wp-content\/uploads\/sites\/2\/2020\/12\/Copy-of-Ace-3-3.jpg\" \/>\n\t<meta property=\"og:image:width\" content=\"1920\" \/>\n\t<meta property=\"og:image:height\" content=\"1008\" \/>\n\t<meta property=\"og:image:type\" content=\"image\/jpeg\" \/>\n<meta name=\"twitter:card\" content=\"summary_large_image\" \/>\n<meta name=\"twitter:label1\" content=\"Written by\" \/>\n\t<meta name=\"twitter:data1\" content=\"Mads Dreyer\" \/>\n\t<meta name=\"twitter:label2\" content=\"Est. reading time\" \/>\n\t<meta name=\"twitter:data2\" content=\"1 minute\" \/>\n<script type=\"application\/ld+json\" class=\"yoast-schema-graph\">{\"@context\":\"https:\/\/schema.org\",\"@graph\":[{\"@type\":\"Organization\",\"@id\":\"https:\/\/acefootball.com\/da\/#organization\",\"name\":\"Ace Football\",\"url\":\"https:\/\/acefootball.com\/da\/\",\"sameAs\":[\"https:\/\/www.facebook.com\/acefootballdk\"],\"logo\":{\"@type\":\"ImageObject\",\"@id\":\"https:\/\/acefootball.com\/da\/#logo\",\"inLanguage\":\"en-US\",\"url\":\"https:\/\/acefootball.com\/da\/wp-content\/uploads\/sites\/2\/2020\/07\/Ace-Football-30-07-2020-2.png\",\"contentUrl\":\"https:\/\/acefootball.com\/da\/wp-content\/uploads\/sites\/2\/2020\/07\/Ace-Football-30-07-2020-2.png\",\"width\":1200,\"height\":600,\"caption\":\"Ace Football\"},\"image\":{\"@id\":\"https:\/\/acefootball.com\/da\/#logo\"}},{\"@type\":\"WebSite\",\"@id\":\"https:\/\/acefootball.com\/da\/#website\",\"url\":\"https:\/\/acefootball.com\/da\/\",\"name\":\"Ace Football Danmark\",\"description\":\"Nyheder, Spiltips &amp; Livescore\",\"publisher\":{\"@id\":\"https:\/\/acefootball.com\/da\/#organization\"},\"potentialAction\":[{\"@type\":\"SearchAction\",\"target\":{\"@type\":\"EntryPoint\",\"urlTemplate\":\"https:\/\/acefootball.com\/da\/?s={search_term_string}\"},\"query-input\":\"required name=search_term_string\"}],\"inLanguage\":\"en-US\"},{\"@type\":\"ImageObject\",\"@id\":\"https:\/\/acefootball.com\/da\/fodboldnyheder\/breaking-staale-solbakken-bliver-norsk-landstraener\/#primaryimage\",\"inLanguage\":\"en-US\",\"url\":\"https:\/\/acefootball.com\/da\/wp-content\/uploads\/sites\/2\/2020\/12\/Copy-of-Ace-3-3.jpg\",\"contentUrl\":\"https:\/\/acefootball.com\/da\/wp-content\/uploads\/sites\/2\/2020\/12\/Copy-of-Ace-3-3.jpg\",\"width\":1920,\"height\":1008},{\"@type\":\"WebPage\",\"@id\":\"https:\/\/acefootball.com\/da\/fodboldnyheder\/breaking-staale-solbakken-bliver-norsk-landstraener\/#webpage\",\"url\":\"https:\/\/acefootball.com\/da\/fodboldnyheder\/breaking-staale-solbakken-bliver-norsk-landstraener\/\",\"name\":\"BREAKING: St\u00e5le Solbakken bliver norsk landstr\u00e6ner\",\"isPartOf\":{\"@id\":\"https:\/\/acefootball.com\/da\/#website\"},\"primaryImageOfPage\":{\"@id\":\"https:\/\/acefootball.com\/da\/fodboldnyheder\/breaking-staale-solbakken-bliver-norsk-landstraener\/#primaryimage\"},\"datePublished\":\"2020-12-03T09:04:22+00:00\",\"dateModified\":\"2020-12-03T09:14:02+00:00\",\"description\":\"Det norske fodboldforbund har netop pr\u00e6senteret St\u00e5le Solbakken som ny landstr\u00e6ner\",\"breadcrumb\":{\"@id\":\"https:\/\/acefootball.com\/da\/fodboldnyheder\/breaking-staale-solbakken-bliver-norsk-landstraener\/#breadcrumb\"},\"inLanguage\":\"en-US\",\"potentialAction\":[{\"@type\":\"ReadAction\",\"target\":[\"https:\/\/acefootball.com\/da\/fodboldnyheder\/breaking-staale-solbakken-bliver-norsk-landstraener\/\"]}]},{\"@type\":\"BreadcrumbList\",\"@id\":\"https:\/\/acefootball.com\/da\/fodboldnyheder\/breaking-staale-solbakken-bliver-norsk-landstraener\/#breadcrumb\",\"itemListElement\":[{\"@type\":\"ListItem\",\"position\":1,\"name\":\"Home\",\"item\":\"https:\/\/acefootball.com\/da\/\"},{\"@type\":\"ListItem\",\"position\":2,\"name\":\"BREAKING: St\u00e5le Solbakken bliver norsk landstr\u00e6ner\"}]},{\"@type\":\"Article\",\"@id\":\"https:\/\/acefootball.com\/da\/fodboldnyheder\/breaking-staale-solbakken-bliver-norsk-landstraener\/#article\",\"isPartOf\":{\"@id\":\"https:\/\/acefootball.com\/da\/fodboldnyheder\/breaking-staale-solbakken-bliver-norsk-landstraener\/#webpage\"},\"author\":{\"@id\":\"https:\/\/acefootball.com\/da\/#\/schema\/person\/ee67e9cf04a276f144100ffa722f10cd\"},\"headline\":\"BREAKING: St\u00e5le Solbakken bliver norsk landstr\u00e6ner\",\"datePublished\":\"2020-12-03T09:04:22+00:00\",\"dateModified\":\"2020-12-03T09:14:02+00:00\",\"mainEntityOfPage\":{\"@id\":\"https:\/\/acefootball.com\/da\/fodboldnyheder\/breaking-staale-solbakken-bliver-norsk-landstraener\/#webpage\"},\"wordCount\":211,\"commentCount\":0,\"publisher\":{\"@id\":\"https:\/\/acefootball.com\/da\/#organization\"},\"image\":{\"@id\":\"https:\/\/acefootball.com\/da\/fodboldnyheder\/breaking-staale-solbakken-bliver-norsk-landstraener\/#primaryimage\"},\"thumbnailUrl\":\"https:\/\/acefootball.com\/da\/wp-content\/uploads\/sites\/2\/2020\/11\/GettyImages-1228209158.jpg\",\"keywords\":[\"FC K\u00f8benhavn\",\"Norge\",\"St\u00e5le Solbakken\"],\"articleSection\":[\"Topnyhed\"],\"inLanguage\":\"en-US\",\"potentialAction\":[{\"@type\":\"CommentAction\",\"name\":\"Comment\",\"target\":[\"https:\/\/acefootball.com\/da\/fodboldnyheder\/breaking-staale-solbakken-bliver-norsk-landstraener\/#respond\"]}]},{\"@type\":\"Person\",\"@id\":\"https:\/\/acefootball.com\/da\/#\/schema\/person\/ee67e9cf04a276f144100ffa722f10cd\",\"name\":\"Mads Dreyer\",\"image\":{\"@type\":\"ImageObject\",\"@id\":\"https:\/\/acefootball.com\/da\/#personlogo\",\"inLanguage\":\"en-US\",\"url\":\"https:\/\/secure.gravatar.com\/avatar\/7c7abf72cfde9902b6a60efe60c88d4c?s=96&d=mm&r=g\",\"contentUrl\":\"https:\/\/secure.gravatar.com\/avatar\/7c7abf72cfde9902b6a60efe60c88d4c?s=96&d=mm&r=g\",\"caption\":\"Mads Dreyer\"},\"description\":\"Skribent og fodboldn\u00f8rd, der lige nu fort\u00e6ller om alt og intet i fodboldverdenen p\u00e5 acefootball.com. Uddannet i kommunikation fra Aalborg Universitet.\",\"sameAs\":[\"https:\/\/www.linkedin.com\/in\/mads-dreyer-b9b08266\/\"],\"url\":\"https:\/\/acefootball.com\/da\/fodboldnyheder\/author\/mdnronaldo\/\"}]}<\/script>\n<!-- \/ Yoast SEO plugin. -->","yoast_head_json":{"title":"BREAKING: St\u00e5le Solbakken bliver norsk landstr\u00e6ner","description":"Det norske fodboldforbund har netop pr\u00e6senteret St\u00e5le Solbakken som ny landstr\u00e6ner","robots":{"index":"index","follow":"follow","max-snippet":"max-snippet:-1","max-image-preview":"max-image-preview:large","max-video-preview":"max-video-preview:-1"},"canonical":"https:\/\/acefootball.com\/da\/fodboldnyheder\/breaking-staale-solbakken-bliver-norsk-landstraener\/","og_locale":"en_US","og_type":"article","og_title":"BREAKING: St\u00e5le Solbakken bliver norsk landstr\u00e6ner","og_description":"Det norske fodboldforbund har netop pr\u00e6senteret St\u00e5le Solbakken som ny landstr\u00e6ner","og_url":"https:\/\/acefootball.com\/da\/fodboldnyheder\/breaking-staale-solbakken-bliver-norsk-landstraener\/","og_site_name":"Ace Football Danmark","article_publisher":"https:\/\/www.facebook.com\/acefootballdk","article_published_time":"2020-12-03T09:04:22+00:00","article_modified_time":"2020-12-03T09:14:02+00:00","og_image":[{"width":1920,"height":1008,"url":"https:\/\/acefootball.com\/da\/wp-content\/uploads\/sites\/2\/2020\/12\/Copy-of-Ace-3-3.jpg","type":"image\/jpeg"}],"twitter_card":"summary_large_image","twitter_misc":{"Written by":"Mads Dreyer","Est. reading time":"1 minute"},"schema":{"@context":"https:\/\/schema.org","@graph":[{"@type":"Organization","@id":"https:\/\/acefootball.com\/da\/#organization","name":"Ace Football","url":"https:\/\/acefootball.com\/da\/","sameAs":["https:\/\/www.facebook.com\/acefootballdk"],"logo":{"@type":"ImageObject","@id":"https:\/\/acefootball.com\/da\/#logo","inLanguage":"en-US","url":"https:\/\/acefootball.com\/da\/wp-content\/uploads\/sites\/2\/2020\/07\/Ace-Football-30-07-2020-2.png","contentUrl":"https:\/\/acefootball.com\/da\/wp-content\/uploads\/sites\/2\/2020\/07\/Ace-Football-30-07-2020-2.png","width":1200,"height":600,"caption":"Ace Football"},"image":{"@id":"https:\/\/acefootball.com\/da\/#logo"}},{"@type":"WebSite","@id":"https:\/\/acefootball.com\/da\/#website","url":"https:\/\/acefootball.com\/da\/","name":"Ace Football Danmark","description":"Nyheder, Spiltips &amp; Livescore","publisher":{"@id":"https:\/\/acefootball.com\/da\/#organization"},"potentialAction":[{"@type":"SearchAction","target":{"@type":"EntryPoint","urlTemplate":"https:\/\/acefootball.com\/da\/?s={search_term_string}"},"query-input":"required name=search_term_string"}],"inLanguage":"en-US"},{"@type":"ImageObject","@id":"https:\/\/acefootball.com\/da\/fodboldnyheder\/breaking-staale-solbakken-bliver-norsk-landstraener\/#primaryimage","inLanguage":"en-US","url":"https:\/\/acefootball.com\/da\/wp-content\/uploads\/sites\/2\/2020\/12\/Copy-of-Ace-3-3.jpg","contentUrl":"https:\/\/acefootball.com\/da\/wp-content\/uploads\/sites\/2\/2020\/12\/Copy-of-Ace-3-3.jpg","width":1920,"height":1008},{"@type":"WebPage","@id":"https:\/\/acefootball.com\/da\/fodboldnyheder\/breaking-staale-solbakken-bliver-norsk-landstraener\/#webpage","url":"https:\/\/acefootball.com\/da\/fodboldnyheder\/breaking-staale-solbakken-bliver-norsk-landstraener\/","name":"BREAKING: St\u00e5le Solbakken bliver norsk landstr\u00e6ner","isPartOf":{"@id":"https:\/\/acefootball.com\/da\/#website"},"primaryImageOfPage":{"@id":"https:\/\/acefootball.com\/da\/fodboldnyheder\/breaking-staale-solbakken-bliver-norsk-landstraener\/#primaryimage"},"datePublished":"2020-12-03T09:04:22+00:00","dateModified":"2020-12-03T09:14:02+00:00","description":"Det norske fodboldforbund har netop pr\u00e6senteret St\u00e5le Solbakken som ny landstr\u00e6ner","breadcrumb":{"@id":"https:\/\/acefootball.com\/da\/fodboldnyheder\/breaking-staale-solbakken-bliver-norsk-landstraener\/#breadcrumb"},"inLanguage":"en-US","potentialAction":[{"@type":"ReadAction","target":["https:\/\/acefootball.com\/da\/fodboldnyheder\/breaking-staale-solbakken-bliver-norsk-landstraener\/"]}]},{"@type":"BreadcrumbList","@id":"https:\/\/acefootball.com\/da\/fodboldnyheder\/breaking-staale-solbakken-bliver-norsk-landstraener\/#breadcrumb","itemListElement":[{"@type":"ListItem","position":1,"name":"Home","item":"https:\/\/acefootball.com\/da\/"},{"@type":"ListItem","position":2,"name":"BREAKING: St\u00e5le Solbakken bliver norsk landstr\u00e6ner"}]},{"@type":"Article","@id":"https:\/\/acefootball.com\/da\/fodboldnyheder\/breaking-staale-solbakken-bliver-norsk-landstraener\/#article","isPartOf":{"@id":"https:\/\/acefootball.com\/da\/fodboldnyheder\/breaking-staale-solbakken-bliver-norsk-landstraener\/#webpage"},"author":{"@id":"https:\/\/acefootball.com\/da\/#\/schema\/person\/ee67e9cf04a276f144100ffa722f10cd"},"headline":"BREAKING: St\u00e5le Solbakken bliver norsk landstr\u00e6ner","datePublished":"2020-12-03T09:04:22+00:00","dateModified":"2020-12-03T09:14:02+00:00","mainEntityOfPage":{"@id":"https:\/\/acefootball.com\/da\/fodboldnyheder\/breaking-staale-solbakken-bliver-norsk-landstraener\/#webpage"},"wordCount":211,"commentCount":0,"publisher":{"@id":"https:\/\/acefootball.com\/da\/#organization"},"image":{"@id":"https:\/\/acefootball.com\/da\/fodboldnyheder\/breaking-staale-solbakken-bliver-norsk-landstraener\/#primaryimage"},"thumbnailUrl":"https:\/\/acefootball.com\/da\/wp-content\/uploads\/sites\/2\/2020\/11\/GettyImages-1228209158.jpg","keywords":["FC K\u00f8benhavn","Norge","St\u00e5le Solbakken"],"articleSection":["Topnyhed"],"inLanguage":"en-US","potentialAction":[{"@type":"CommentAction","name":"Comment","target":["https:\/\/acefootball.com\/da\/fodboldnyheder\/breaking-staale-solbakken-bliver-norsk-landstraener\/#respond"]}]},{"@type":"Person","@id":"https:\/\/acefootball.com\/da\/#\/schema\/person\/ee67e9cf04a276f144100ffa722f10cd","name":"Mads Dreyer","image":{"@type":"ImageObject","@id":"https:\/\/acefootball.com\/da\/#personlogo","inLanguage":"en-US","url":"https:\/\/secure.gravatar.com\/avatar\/7c7abf72cfde9902b6a60efe60c88d4c?s=96&d=mm&r=g","contentUrl":"https:\/\/secure.gravatar.com\/avatar\/7c7abf72cfde9902b6a60efe60c88d4c?s=96&d=mm&r=g","caption":"Mads Dreyer"},"description":"Skribent og fodboldn\u00f8rd, der lige nu fort\u00e6ller om alt og intet i fodboldverdenen p\u00e5 acefootball.com. Uddannet i kommunikation fra Aalborg Universitet.","sameAs":["https:\/\/www.linkedin.com\/in\/mads-dreyer-b9b08266\/"],"url":"https:\/\/acefootball.com\/da\/fodboldnyheder\/author\/mdnronaldo\/"}]}},"fimg_url":"https:\/\/acefootball.com\/da\/wp-content\/uploads\/sites\/2\/2020\/11\/GettyImages-1228209158.jpg","_links":{"self":[{"href":"https:\/\/acefootball.com\/da\/wp-json\/wp\/v2\/posts\/245408"}],"collection":[{"href":"https:\/\/acefootball.com\/da\/wp-json\/wp\/v2\/posts"}],"about":[{"href":"https:\/\/acefootball.com\/da\/wp-json\/wp\/v2\/types\/post"}],"author":[{"embeddable":true,"href":"https:\/\/acefootball.com\/da\/wp-json\/wp\/v2\/users\/705"}],"replies":[{"embeddable":true,"href":"https:\/\/acefootball.com\/da\/wp-json\/wp\/v2\/comments?post=245408"}],"version-history":[{"count":0,"href":"https:\/\/acefootball.com\/da\/wp-json\/wp\/v2\/posts\/245408\/revisions"}],"wp:featuredmedia":[{"embeddable":true,"href":"https:\/\/acefootball.com\/da\/wp-json\/wp\/v2\/media\/242287"}],"wp:attachment":[{"href":"https:\/\/acefootball.com\/da\/wp-json\/wp\/v2\/media?parent=245408"}],"wp:term":[{"taxonomy":"category","embeddable":true,"href":"https:\/\/acefootball.com\/da\/wp-json\/wp\/v2\/categories?post=245408"},{"taxonomy":"post_tag","embeddable":true,"href":"https:\/\/acefootball.com\/da\/wp-json\/wp\/v2\/tags?post=245408"}],"curies":[{"name":"wp","href":"https:\/\/api.w.org\/{rel}","templated":true}]}}