{"id":245382,"date":"2020-12-02T20:30:03","date_gmt":"2020-12-02T19:30:03","guid":{"rendered":"https:\/\/acefootball.com\/da\/?p=245382"},"modified":"2020-12-02T20:33:59","modified_gmt":"2020-12-02T19:33:59","slug":"glem-zlatan-italiensk-avis-hylder-simon-kjaer","status":"publish","type":"post","link":"https:\/\/acefootball.com\/da\/fodboldnyheder\/glem-zlatan-italiensk-avis-hylder-simon-kjaer\/","title":{"rendered":"Glem Zlatan: Italiensk avis hylder Simon Kj\u00e6r"},"content":{"rendered":"\n<h2 id=\"h-simon-kj-r-h-ster-store-roser-fra-avisen-gazzetta-dello-sport-som-betegner-danskeren-som-uundv-rlig-for-ac-milan\">Simon Kj\u00e6r h\u00f8ster store roser fra avisen Gazzetta dello Sport, som betegner danskeren som uundv\u00e6rlig for AC Milan<\/h2>\n\n\n\n<p>Mange h\u00e6vede et \u00f8jenbryn, da Simon Kj\u00e6r for knap et \u00e5r siden tog til AC Milan, efter han var r\u00f8get helt ud i kulden hos Atalanta.<\/p>\n\n\n\n<p>Det har dog v\u00e6ret en fremragende beslutning, for den danske landsholdsanf\u00f8rer gik direkte ind p\u00e5 holdet og har vist sig som en sikker mand i midterforsvaret lige siden.<\/p>\n\n\n\n<p>I denne s\u00e6son har Kj\u00e6r fortsat de gode takter. Han har s\u00e5ledes spillet samtlige 16 kampe fra start og er kun en enkelt gang blevet udskiftet. Det skete i allerf\u00f8rste Serie A-runde mod Bologna.<\/p>\n\n\n\n<div class=\"wp-block-si-widget wp-block-si-widget--center\"><si-lb-widget widget-id=\"PlayerSeasonStatsSnap\" data-hide-controls=\"false\" width=\"440\" data-player-id=\"35112\" data-card=\"true\" data-theme-appearance=\"dark\"><\/si-lb-widget><\/div>\n\n\n\n<p>AC Milan ligger tilmed alene i spidsen af den italienske r\u00e6kke, og landets store sportsavis <a href=\"https:\/\/www.gazzetta.it\/Calcio\/Serie-A\/Milan\/02-12-2020\/kjaer-l-insostituibile-milan-vola-il-leader-gentile-3901339517804.shtml\" target=\"_blank\" rel=\"noreferrer noopener\">Gazzetta dello Sport<\/a> betegner den 31-\u00e5rige dansker som holdets vigtigste spiller.<\/p>\n\n\n\n<p>&#8220;Pil dem alle ud, men ikke Simon Kj\u00e6r. Dette sp\u00e6ndende Milan-hold skifter ofte, af forskellige grunde, men bliver ved med at vinde. Zlatan Ibrahimovic er stjernen, og Stefano Pioli er orkesterlederen, men den genf\u00f8dte danske forsvarsspiller er den uundv\u00e6rlige,&#8221; skriver avisen.<\/p>\n\n\n\n<p>Simon Kj\u00e6r bliver ogs\u00e5 rost for at holde skansen, n\u00e5r flere af holdkammeraterne har v\u00e6ret ude med skade og andre afbud.<\/p>\n\n\n\n<figure class=\"wp-block-embed-wordpress wp-block-embed is-type-wp-embed is-provider-ace-football-danmark\"><div class=\"wp-block-embed__wrapper\">\n<blockquote class=\"wp-embedded-content\" data-secret=\"YRFdVZ6uUw\"><a href=\"https:\/\/acefootball.com\/da\/fodboldnyheder\/uefa-planlaegger-ny-champions-league-saadan-bliver-formatet\/\">UEFA planl\u00e6gger ny Champions League: S\u00e5dan bliver formatet<\/a><\/blockquote><iframe class=\"wp-embedded-content\" sandbox=\"allow-scripts\" security=\"restricted\" style=\"position: absolute; clip: rect(1px, 1px, 1px, 1px);\" title=\"&#8220;UEFA planl\u00e6gger ny Champions League: S\u00e5dan bliver formatet&#8221; &#8212; Ace Football Danmark\" src=\"https:\/\/acefootball.com\/da\/fodboldnyheder\/uefa-planlaegger-ny-champions-league-saadan-bliver-formatet\/embed\/#?secret=YRFdVZ6uUw\" data-secret=\"YRFdVZ6uUw\" width=\"600\" height=\"338\" frameborder=\"0\" marginwidth=\"0\" marginheight=\"0\" scrolling=\"no\"><\/iframe>\n<\/div><\/figure>\n\n\n\n<p>&#8220;Med danskeren inde centralt har holdet spillet godt, og han har etableret sig som en ledende skikkelse blandt de unge holdkammerater. Han har kun f\u00e5et to gule kort i s\u00e6sonen, og i ligaen har vi altid givet ham gode karakterer.&#8221;<\/p>\n\n\n\n<p>Simon Kj\u00e6r skiftede i sommer til AC Milan p\u00e5 en permanent aftale. Han fik en kontrakt til 2022.<\/p>\n","protected":false},"excerpt":{"rendered":"<p>Simon Kj\u00e6r h\u00f8ster store roser fra avisen Gazzetta dello Sport, som betegner danskeren som uundv\u00e6rlig for AC Milan<\/p>\n","protected":false},"author":705,"featured_media":234317,"comment_status":"open","ping_status":"closed","sticky":false,"template":"","format":"standard","meta":{"om_disable_all_campaigns":false,"push_articles_ronaldo":{"active":false,"canonical":0,"publish":false},"force_updates":null},"categories":[8204],"tags":[66,692,131,363],"enet_tags":{"team":["8564","8238"],"league":["55"],"player":["35112"],"sport_events":[]},"yoast_head":"<!-- This site is optimized with the Yoast SEO plugin v18.3 - https:\/\/yoast.com\/wordpress\/plugins\/seo\/ -->\n<title>Glem Zlatan: Italiensk avis hylder Simon Kj\u00e6r<\/title>\n<meta name=\"description\" content=\"Simon Kj\u00e6r h\u00f8ster store roser fra avisen Gazzetta dello Sport, som betegner danskeren som uundv\u00e6rlig for AC Milan\" \/>\n<meta name=\"robots\" content=\"index, follow, max-snippet:-1, max-image-preview:large, max-video-preview:-1\" \/>\n<link rel=\"canonical\" href=\"https:\/\/acefootball.com\/da\/fodboldnyheder\/glem-zlatan-italiensk-avis-hylder-simon-kjaer\/\" \/>\n<meta property=\"og:locale\" content=\"en_US\" \/>\n<meta property=\"og:type\" content=\"article\" \/>\n<meta property=\"og:title\" content=\"Glem Zlatan: Italiensk avis hylder Simon Kj\u00e6r\" \/>\n<meta property=\"og:description\" content=\"Simon Kj\u00e6r h\u00f8ster store roser fra avisen Gazzetta dello Sport, som betegner danskeren som uundv\u00e6rlig for AC Milan\" \/>\n<meta property=\"og:url\" content=\"https:\/\/acefootball.com\/da\/fodboldnyheder\/glem-zlatan-italiensk-avis-hylder-simon-kjaer\/\" \/>\n<meta property=\"og:site_name\" content=\"Ace Football Danmark\" \/>\n<meta property=\"article:publisher\" content=\"https:\/\/www.facebook.com\/acefootballdk\" \/>\n<meta property=\"article:published_time\" content=\"2020-12-02T19:30:03+00:00\" \/>\n<meta property=\"article:modified_time\" content=\"2020-12-02T19:33:59+00:00\" \/>\n<meta property=\"og:image\" content=\"https:\/\/acefootball.com\/da\/wp-content\/uploads\/sites\/2\/2020\/12\/Copy-of-Ace-4-1.jpg\" \/>\n\t<meta property=\"og:image:width\" content=\"1920\" \/>\n\t<meta property=\"og:image:height\" content=\"1008\" \/>\n\t<meta property=\"og:image:type\" content=\"image\/jpeg\" \/>\n<meta name=\"twitter:card\" content=\"summary_large_image\" \/>\n<meta name=\"twitter:label1\" content=\"Written by\" \/>\n\t<meta name=\"twitter:data1\" content=\"Mads Dreyer\" \/>\n\t<meta name=\"twitter:label2\" content=\"Est. reading time\" \/>\n\t<meta name=\"twitter:data2\" content=\"1 minute\" \/>\n<script type=\"application\/ld+json\" class=\"yoast-schema-graph\">{\"@context\":\"https:\/\/schema.org\",\"@graph\":[{\"@type\":\"Organization\",\"@id\":\"https:\/\/acefootball.com\/da\/#organization\",\"name\":\"Ace Football\",\"url\":\"https:\/\/acefootball.com\/da\/\",\"sameAs\":[\"https:\/\/www.facebook.com\/acefootballdk\"],\"logo\":{\"@type\":\"ImageObject\",\"@id\":\"https:\/\/acefootball.com\/da\/#logo\",\"inLanguage\":\"en-US\",\"url\":\"https:\/\/acefootball.com\/da\/wp-content\/uploads\/sites\/2\/2020\/07\/Ace-Football-30-07-2020-2.png\",\"contentUrl\":\"https:\/\/acefootball.com\/da\/wp-content\/uploads\/sites\/2\/2020\/07\/Ace-Football-30-07-2020-2.png\",\"width\":1200,\"height\":600,\"caption\":\"Ace Football\"},\"image\":{\"@id\":\"https:\/\/acefootball.com\/da\/#logo\"}},{\"@type\":\"WebSite\",\"@id\":\"https:\/\/acefootball.com\/da\/#website\",\"url\":\"https:\/\/acefootball.com\/da\/\",\"name\":\"Ace Football Danmark\",\"description\":\"Nyheder, Spiltips &amp; Livescore\",\"publisher\":{\"@id\":\"https:\/\/acefootball.com\/da\/#organization\"},\"potentialAction\":[{\"@type\":\"SearchAction\",\"target\":{\"@type\":\"EntryPoint\",\"urlTemplate\":\"https:\/\/acefootball.com\/da\/?s={search_term_string}\"},\"query-input\":\"required name=search_term_string\"}],\"inLanguage\":\"en-US\"},{\"@type\":\"ImageObject\",\"@id\":\"https:\/\/acefootball.com\/da\/fodboldnyheder\/glem-zlatan-italiensk-avis-hylder-simon-kjaer\/#primaryimage\",\"inLanguage\":\"en-US\",\"url\":\"https:\/\/acefootball.com\/da\/wp-content\/uploads\/sites\/2\/2020\/12\/Copy-of-Ace-4-1.jpg\",\"contentUrl\":\"https:\/\/acefootball.com\/da\/wp-content\/uploads\/sites\/2\/2020\/12\/Copy-of-Ace-4-1.jpg\",\"width\":1920,\"height\":1008},{\"@type\":\"WebPage\",\"@id\":\"https:\/\/acefootball.com\/da\/fodboldnyheder\/glem-zlatan-italiensk-avis-hylder-simon-kjaer\/#webpage\",\"url\":\"https:\/\/acefootball.com\/da\/fodboldnyheder\/glem-zlatan-italiensk-avis-hylder-simon-kjaer\/\",\"name\":\"Glem Zlatan: Italiensk avis hylder Simon Kj\u00e6r\",\"isPartOf\":{\"@id\":\"https:\/\/acefootball.com\/da\/#website\"},\"primaryImageOfPage\":{\"@id\":\"https:\/\/acefootball.com\/da\/fodboldnyheder\/glem-zlatan-italiensk-avis-hylder-simon-kjaer\/#primaryimage\"},\"datePublished\":\"2020-12-02T19:30:03+00:00\",\"dateModified\":\"2020-12-02T19:33:59+00:00\",\"description\":\"Simon Kj\u00e6r h\u00f8ster store roser fra avisen Gazzetta dello Sport, som betegner danskeren som uundv\u00e6rlig for AC Milan\",\"breadcrumb\":{\"@id\":\"https:\/\/acefootball.com\/da\/fodboldnyheder\/glem-zlatan-italiensk-avis-hylder-simon-kjaer\/#breadcrumb\"},\"inLanguage\":\"en-US\",\"potentialAction\":[{\"@type\":\"ReadAction\",\"target\":[\"https:\/\/acefootball.com\/da\/fodboldnyheder\/glem-zlatan-italiensk-avis-hylder-simon-kjaer\/\"]}]},{\"@type\":\"BreadcrumbList\",\"@id\":\"https:\/\/acefootball.com\/da\/fodboldnyheder\/glem-zlatan-italiensk-avis-hylder-simon-kjaer\/#breadcrumb\",\"itemListElement\":[{\"@type\":\"ListItem\",\"position\":1,\"name\":\"Home\",\"item\":\"https:\/\/acefootball.com\/da\/\"},{\"@type\":\"ListItem\",\"position\":2,\"name\":\"Glem Zlatan: Italiensk avis hylder Simon Kj\u00e6r\"}]},{\"@type\":\"Article\",\"@id\":\"https:\/\/acefootball.com\/da\/fodboldnyheder\/glem-zlatan-italiensk-avis-hylder-simon-kjaer\/#article\",\"isPartOf\":{\"@id\":\"https:\/\/acefootball.com\/da\/fodboldnyheder\/glem-zlatan-italiensk-avis-hylder-simon-kjaer\/#webpage\"},\"author\":{\"@id\":\"https:\/\/acefootball.com\/da\/#\/schema\/person\/ee67e9cf04a276f144100ffa722f10cd\"},\"headline\":\"Glem Zlatan: Italiensk avis hylder Simon Kj\u00e6r\",\"datePublished\":\"2020-12-02T19:30:03+00:00\",\"dateModified\":\"2020-12-02T19:33:59+00:00\",\"mainEntityOfPage\":{\"@id\":\"https:\/\/acefootball.com\/da\/fodboldnyheder\/glem-zlatan-italiensk-avis-hylder-simon-kjaer\/#webpage\"},\"wordCount\":288,\"commentCount\":0,\"publisher\":{\"@id\":\"https:\/\/acefootball.com\/da\/#organization\"},\"image\":{\"@id\":\"https:\/\/acefootball.com\/da\/fodboldnyheder\/glem-zlatan-italiensk-avis-hylder-simon-kjaer\/#primaryimage\"},\"thumbnailUrl\":\"https:\/\/acefootball.com\/da\/wp-content\/uploads\/sites\/2\/2020\/08\/GettyImages-1255875085-1.jpg\",\"keywords\":[\"AC Milan\",\"Danmark\",\"Serie A\",\"Simon Kj\u00e6r\"],\"articleSection\":[\"Udtalelse\"],\"inLanguage\":\"en-US\",\"potentialAction\":[{\"@type\":\"CommentAction\",\"name\":\"Comment\",\"target\":[\"https:\/\/acefootball.com\/da\/fodboldnyheder\/glem-zlatan-italiensk-avis-hylder-simon-kjaer\/#respond\"]}]},{\"@type\":\"Person\",\"@id\":\"https:\/\/acefootball.com\/da\/#\/schema\/person\/ee67e9cf04a276f144100ffa722f10cd\",\"name\":\"Mads Dreyer\",\"image\":{\"@type\":\"ImageObject\",\"@id\":\"https:\/\/acefootball.com\/da\/#personlogo\",\"inLanguage\":\"en-US\",\"url\":\"https:\/\/secure.gravatar.com\/avatar\/7c7abf72cfde9902b6a60efe60c88d4c?s=96&d=mm&r=g\",\"contentUrl\":\"https:\/\/secure.gravatar.com\/avatar\/7c7abf72cfde9902b6a60efe60c88d4c?s=96&d=mm&r=g\",\"caption\":\"Mads Dreyer\"},\"description\":\"Skribent og fodboldn\u00f8rd, der lige nu fort\u00e6ller om alt og intet i fodboldverdenen p\u00e5 acefootball.com. Uddannet i kommunikation fra Aalborg Universitet.\",\"sameAs\":[\"https:\/\/www.linkedin.com\/in\/mads-dreyer-b9b08266\/\"],\"url\":\"https:\/\/acefootball.com\/da\/fodboldnyheder\/author\/mdnronaldo\/\"}]}<\/script>\n<!-- \/ Yoast SEO plugin. -->","yoast_head_json":{"title":"Glem Zlatan: Italiensk avis hylder Simon Kj\u00e6r","description":"Simon Kj\u00e6r h\u00f8ster store roser fra avisen Gazzetta dello Sport, som betegner danskeren som uundv\u00e6rlig for AC Milan","robots":{"index":"index","follow":"follow","max-snippet":"max-snippet:-1","max-image-preview":"max-image-preview:large","max-video-preview":"max-video-preview:-1"},"canonical":"https:\/\/acefootball.com\/da\/fodboldnyheder\/glem-zlatan-italiensk-avis-hylder-simon-kjaer\/","og_locale":"en_US","og_type":"article","og_title":"Glem Zlatan: Italiensk avis hylder Simon Kj\u00e6r","og_description":"Simon Kj\u00e6r h\u00f8ster store roser fra avisen Gazzetta dello Sport, som betegner danskeren som uundv\u00e6rlig for AC Milan","og_url":"https:\/\/acefootball.com\/da\/fodboldnyheder\/glem-zlatan-italiensk-avis-hylder-simon-kjaer\/","og_site_name":"Ace Football Danmark","article_publisher":"https:\/\/www.facebook.com\/acefootballdk","article_published_time":"2020-12-02T19:30:03+00:00","article_modified_time":"2020-12-02T19:33:59+00:00","og_image":[{"width":1920,"height":1008,"url":"https:\/\/acefootball.com\/da\/wp-content\/uploads\/sites\/2\/2020\/12\/Copy-of-Ace-4-1.jpg","type":"image\/jpeg"}],"twitter_card":"summary_large_image","twitter_misc":{"Written by":"Mads Dreyer","Est. reading time":"1 minute"},"schema":{"@context":"https:\/\/schema.org","@graph":[{"@type":"Organization","@id":"https:\/\/acefootball.com\/da\/#organization","name":"Ace Football","url":"https:\/\/acefootball.com\/da\/","sameAs":["https:\/\/www.facebook.com\/acefootballdk"],"logo":{"@type":"ImageObject","@id":"https:\/\/acefootball.com\/da\/#logo","inLanguage":"en-US","url":"https:\/\/acefootball.com\/da\/wp-content\/uploads\/sites\/2\/2020\/07\/Ace-Football-30-07-2020-2.png","contentUrl":"https:\/\/acefootball.com\/da\/wp-content\/uploads\/sites\/2\/2020\/07\/Ace-Football-30-07-2020-2.png","width":1200,"height":600,"caption":"Ace Football"},"image":{"@id":"https:\/\/acefootball.com\/da\/#logo"}},{"@type":"WebSite","@id":"https:\/\/acefootball.com\/da\/#website","url":"https:\/\/acefootball.com\/da\/","name":"Ace Football Danmark","description":"Nyheder, Spiltips &amp; Livescore","publisher":{"@id":"https:\/\/acefootball.com\/da\/#organization"},"potentialAction":[{"@type":"SearchAction","target":{"@type":"EntryPoint","urlTemplate":"https:\/\/acefootball.com\/da\/?s={search_term_string}"},"query-input":"required name=search_term_string"}],"inLanguage":"en-US"},{"@type":"ImageObject","@id":"https:\/\/acefootball.com\/da\/fodboldnyheder\/glem-zlatan-italiensk-avis-hylder-simon-kjaer\/#primaryimage","inLanguage":"en-US","url":"https:\/\/acefootball.com\/da\/wp-content\/uploads\/sites\/2\/2020\/12\/Copy-of-Ace-4-1.jpg","contentUrl":"https:\/\/acefootball.com\/da\/wp-content\/uploads\/sites\/2\/2020\/12\/Copy-of-Ace-4-1.jpg","width":1920,"height":1008},{"@type":"WebPage","@id":"https:\/\/acefootball.com\/da\/fodboldnyheder\/glem-zlatan-italiensk-avis-hylder-simon-kjaer\/#webpage","url":"https:\/\/acefootball.com\/da\/fodboldnyheder\/glem-zlatan-italiensk-avis-hylder-simon-kjaer\/","name":"Glem Zlatan: Italiensk avis hylder Simon Kj\u00e6r","isPartOf":{"@id":"https:\/\/acefootball.com\/da\/#website"},"primaryImageOfPage":{"@id":"https:\/\/acefootball.com\/da\/fodboldnyheder\/glem-zlatan-italiensk-avis-hylder-simon-kjaer\/#primaryimage"},"datePublished":"2020-12-02T19:30:03+00:00","dateModified":"2020-12-02T19:33:59+00:00","description":"Simon Kj\u00e6r h\u00f8ster store roser fra avisen Gazzetta dello Sport, som betegner danskeren som uundv\u00e6rlig for AC Milan","breadcrumb":{"@id":"https:\/\/acefootball.com\/da\/fodboldnyheder\/glem-zlatan-italiensk-avis-hylder-simon-kjaer\/#breadcrumb"},"inLanguage":"en-US","potentialAction":[{"@type":"ReadAction","target":["https:\/\/acefootball.com\/da\/fodboldnyheder\/glem-zlatan-italiensk-avis-hylder-simon-kjaer\/"]}]},{"@type":"BreadcrumbList","@id":"https:\/\/acefootball.com\/da\/fodboldnyheder\/glem-zlatan-italiensk-avis-hylder-simon-kjaer\/#breadcrumb","itemListElement":[{"@type":"ListItem","position":1,"name":"Home","item":"https:\/\/acefootball.com\/da\/"},{"@type":"ListItem","position":2,"name":"Glem Zlatan: Italiensk avis hylder Simon Kj\u00e6r"}]},{"@type":"Article","@id":"https:\/\/acefootball.com\/da\/fodboldnyheder\/glem-zlatan-italiensk-avis-hylder-simon-kjaer\/#article","isPartOf":{"@id":"https:\/\/acefootball.com\/da\/fodboldnyheder\/glem-zlatan-italiensk-avis-hylder-simon-kjaer\/#webpage"},"author":{"@id":"https:\/\/acefootball.com\/da\/#\/schema\/person\/ee67e9cf04a276f144100ffa722f10cd"},"headline":"Glem Zlatan: Italiensk avis hylder Simon Kj\u00e6r","datePublished":"2020-12-02T19:30:03+00:00","dateModified":"2020-12-02T19:33:59+00:00","mainEntityOfPage":{"@id":"https:\/\/acefootball.com\/da\/fodboldnyheder\/glem-zlatan-italiensk-avis-hylder-simon-kjaer\/#webpage"},"wordCount":288,"commentCount":0,"publisher":{"@id":"https:\/\/acefootball.com\/da\/#organization"},"image":{"@id":"https:\/\/acefootball.com\/da\/fodboldnyheder\/glem-zlatan-italiensk-avis-hylder-simon-kjaer\/#primaryimage"},"thumbnailUrl":"https:\/\/acefootball.com\/da\/wp-content\/uploads\/sites\/2\/2020\/08\/GettyImages-1255875085-1.jpg","keywords":["AC Milan","Danmark","Serie A","Simon Kj\u00e6r"],"articleSection":["Udtalelse"],"inLanguage":"en-US","potentialAction":[{"@type":"CommentAction","name":"Comment","target":["https:\/\/acefootball.com\/da\/fodboldnyheder\/glem-zlatan-italiensk-avis-hylder-simon-kjaer\/#respond"]}]},{"@type":"Person","@id":"https:\/\/acefootball.com\/da\/#\/schema\/person\/ee67e9cf04a276f144100ffa722f10cd","name":"Mads Dreyer","image":{"@type":"ImageObject","@id":"https:\/\/acefootball.com\/da\/#personlogo","inLanguage":"en-US","url":"https:\/\/secure.gravatar.com\/avatar\/7c7abf72cfde9902b6a60efe60c88d4c?s=96&d=mm&r=g","contentUrl":"https:\/\/secure.gravatar.com\/avatar\/7c7abf72cfde9902b6a60efe60c88d4c?s=96&d=mm&r=g","caption":"Mads Dreyer"},"description":"Skribent og fodboldn\u00f8rd, der lige nu fort\u00e6ller om alt og intet i fodboldverdenen p\u00e5 acefootball.com. Uddannet i kommunikation fra Aalborg Universitet.","sameAs":["https:\/\/www.linkedin.com\/in\/mads-dreyer-b9b08266\/"],"url":"https:\/\/acefootball.com\/da\/fodboldnyheder\/author\/mdnronaldo\/"}]}},"fimg_url":"https:\/\/acefootball.com\/da\/wp-content\/uploads\/sites\/2\/2020\/08\/GettyImages-1255875085-1.jpg","_links":{"self":[{"href":"https:\/\/acefootball.com\/da\/wp-json\/wp\/v2\/posts\/245382"}],"collection":[{"href":"https:\/\/acefootball.com\/da\/wp-json\/wp\/v2\/posts"}],"about":[{"href":"https:\/\/acefootball.com\/da\/wp-json\/wp\/v2\/types\/post"}],"author":[{"embeddable":true,"href":"https:\/\/acefootball.com\/da\/wp-json\/wp\/v2\/users\/705"}],"replies":[{"embeddable":true,"href":"https:\/\/acefootball.com\/da\/wp-json\/wp\/v2\/comments?post=245382"}],"version-history":[{"count":0,"href":"https:\/\/acefootball.com\/da\/wp-json\/wp\/v2\/posts\/245382\/revisions"}],"wp:featuredmedia":[{"embeddable":true,"href":"https:\/\/acefootball.com\/da\/wp-json\/wp\/v2\/media\/234317"}],"wp:attachment":[{"href":"https:\/\/acefootball.com\/da\/wp-json\/wp\/v2\/media?parent=245382"}],"wp:term":[{"taxonomy":"category","embeddable":true,"href":"https:\/\/acefootball.com\/da\/wp-json\/wp\/v2\/categories?post=245382"},{"taxonomy":"post_tag","embeddable":true,"href":"https:\/\/acefootball.com\/da\/wp-json\/wp\/v2\/tags?post=245382"}],"curies":[{"name":"wp","href":"https:\/\/api.w.org\/{rel}","templated":true}]}}