{"id":245228,"date":"2020-12-01T13:43:17","date_gmt":"2020-12-01T12:43:17","guid":{"rendered":"https:\/\/acefootball.com\/da\/?p=245228"},"modified":"2020-12-01T13:46:53","modified_gmt":"2020-12-01T12:46:53","slug":"giv-din-stemme-uefa-offentliggoer-de-nominerede-til-aarets-hold-2020","status":"publish","type":"post","link":"https:\/\/acefootball.com\/da\/fodboldnyheder\/giv-din-stemme-uefa-offentliggoer-de-nominerede-til-aarets-hold-2020\/","title":{"rendered":"Giv din stemme: UEFA offentligg\u00f8r de nominerede til &#8216;\u00c5rets Hold 2020&#8217;"},"content":{"rendered":"\n<h2 id=\"h-uefa-har-udgivet-en-liste-over-nominerede-spillere-til-k-ringen-af-rets-hold-for-2020-du-kan-selv-afgive-din-stemme\">UEFA har udgivet en liste over nominerede spillere til k\u00e5ringen af \u00e5rets hold for 2020. Du kan selv afgive din stemme<\/h2>\n\n\n\n<p>Et kaotisk 2020 n\u00e6rmer sig sin afslutning, og derfor er det ved at v\u00e6re tid til at s\u00e6tte navn p\u00e5 de 11 spillere, der skal udg\u00f8re \u00e5rets hold i europ\u00e6isk fodbold.<\/p>\n\n\n\n<p>Det har UEFA nu sat sig for, og i den forbindelse har de brug for fansenes hj\u00e6lp. P\u00e5 forbundets hjemmeside kan man s\u00e5ledes give sit eget bud p\u00e5 \u00e5rets bedste elleve spillere, som vil fungere som en stemme til det endelige valg.<\/p>\n\n\n\n<figure class=\"wp-block-embed-twitter wp-block-embed is-type-rich is-provider-twitter\"><div class=\"wp-block-embed__wrapper\">\n<blockquote class=\"twitter-tweet\" data-width=\"550\" data-dnt=\"true\"><p lang=\"en\" dir=\"ltr\">UEFA Fans\u2019 <a href=\"https:\/\/twitter.com\/hashtag\/TeamOfTheYear?src=hash&amp;ref_src=twsrc%5Etfw\">#TeamOfTheYear<\/a> is back! \ud83e\udd73<br><br>5\ufe0f\u20e30\ufe0f\u20e3 stars compete for YOUR vote \ud83d\udc4a<br>Who will you put in your top 11 of 2020? \ud83e\udd14 <br><br>\ud83d\udd3b\ud83d\udd3b PICK NOW! \ud83d\udd3b\ud83d\udd3b<\/p>&mdash; UEFA Champions League (@ChampionsLeague) <a href=\"https:\/\/twitter.com\/ChampionsLeague\/status\/1333703584509284354?ref_src=twsrc%5Etfw\">December 1, 2020<\/a><\/blockquote><script async src=\"https:\/\/platform.twitter.com\/widgets.js\" charset=\"utf-8\"><\/script>\n<\/div><\/figure>\n\n\n\n<p>Her er det muligt at v\u00e6lge blandt 50 spillere, og du kan se alle de nominerede herunder:<\/p>\n\n\n\n<p><strong>M\u00e5lm\u00e6nd:\u00a0<\/strong>Alisson Becker (Liverpool), Anthony Lopes (Lyon), Keylor Navas (PSG), Manuel Neuer (Bayern M\u00fcnchen), Jan Oblak (Atletico Madrid)<\/p>\n\n\n\n<p><strong>Forsvar:\u00a0<\/strong>David Alaba (Bayern M\u00fcnchen), Trent Alexander-Arnold (Liverpool),\u00a0Angeli\u00f1o (RB Leipzig), Juan Bernat (PSG), Alphonso Davies (Bayern M\u00fcnchen), Matthijs de Ligt (Juventus), Stefan de Vrij (Inter), Hans Hateboer (Atalanta), Joshua Kimmich (Bayern M\u00fcnchen), Presnel Kimpembe (PSG), Sergio Ramos (Real Madrid), Andy Robertson (Liverpool), Thiago Silva (PSG\/Chelsea), Dayot Upamecano (RB Leipzig), Virgil van Dijk (Liverpool)<\/p>\n\n\n\n<p><strong>Midtbane:\u00a0<\/strong>Thiago Alcantara (Bayern M\u00fcnchen\/Liverpool), Houssem Aouar (Lyon), Ever Banega (Sevilla\/Al-Shabab), Nicolo Barella (Inter), Kingsley Coman (Bayern M\u00fcnchen), Kevin De Bruyne (Man City), Bruno Fernandes (Manchester United), Alejandro Gomez (Atalanta), Leon Goretzka (Bayern M\u00fcnchen), Kai Havertz (Leverkusen\/Chelsea), Jordan Henderson (Liverpool), Josip Ilicic (Atalanta), Marquinhos (PSG), Thomas M\u00fcller (Bayern M\u00fcnchen), Marcel Sabitzer (RB Leipzig)<\/p>\n\n\n\n<p><strong>Angribere:\u00a0<\/strong>Erling H\u00e5land (Dortmund), Angel Di Maria (PSG), Joao Felix (Atletico Madrid), Serge Gnabry (Bayern M\u00fcnchen), Ciro Immobile (Lazio), Harry Kane (Tottenham), Robert Lewandowski (Bayern M\u00fcnchen), Romelu Lukaku (Inter), Sadio Man\u00e9 (Liverpool), Kylian Mbapp\u00e9 (PSG), Lionel Messi (Barcelona), Neymar (PSG), Cristiano Ronaldo (Juventus), Mohamed Salah (Liverpool), Raheem Sterling (Manchester City)<\/p>\n","protected":false},"excerpt":{"rendered":"<p>UEFA har udgivet en liste over nominerede spillere til k\u00e5ringen af \u00e5rets hold for 2020. Du kan selv afgive din stemme<\/p>\n","protected":false},"author":705,"featured_media":245237,"comment_status":"open","ping_status":"closed","sticky":false,"template":"","format":"standard","meta":{"om_disable_all_campaigns":false,"push_articles_ronaldo":{"active":false,"canonical":0,"publish":false},"force_updates":null},"categories":[1],"tags":[201,75,74,142,206,41,394,65,132,44,4315,461,351,85],"enet_tags":{"team":["8524","9906","9823","9789","8634","8636","9885","8650","8456","9748","9847","178475","8633"],"league":["42"],"sport_events":[]},"yoast_head":"<!-- This site is optimized with the Yoast SEO plugin v18.3 - https:\/\/yoast.com\/wordpress\/plugins\/seo\/ -->\n<title>Giv din stemme: UEFA offentligg\u00f8r de nominerede til &#039;\u00c5rets Hold 2020&#039;<\/title>\n<meta name=\"description\" content=\"UEFA har udgivet en liste over nominerede spillere til k\u00e5ringen af \u00e5rets hold for 2020. Du kan selv afgive din stemme\" \/>\n<meta name=\"robots\" content=\"index, follow, max-snippet:-1, max-image-preview:large, max-video-preview:-1\" \/>\n<link rel=\"canonical\" href=\"https:\/\/acefootball.com\/da\/fodboldnyheder\/giv-din-stemme-uefa-offentliggoer-de-nominerede-til-aarets-hold-2020\/\" \/>\n<meta property=\"og:locale\" content=\"en_US\" \/>\n<meta property=\"og:type\" content=\"article\" \/>\n<meta property=\"og:title\" content=\"Giv din stemme: UEFA offentligg\u00f8r de nominerede til &#039;\u00c5rets Hold 2020&#039;\" \/>\n<meta property=\"og:description\" content=\"UEFA har udgivet en liste over nominerede spillere til k\u00e5ringen af \u00e5rets hold for 2020. Du kan selv afgive din stemme\" \/>\n<meta property=\"og:url\" content=\"https:\/\/acefootball.com\/da\/fodboldnyheder\/giv-din-stemme-uefa-offentliggoer-de-nominerede-til-aarets-hold-2020\/\" \/>\n<meta property=\"og:site_name\" content=\"Ace Football Danmark\" \/>\n<meta property=\"article:publisher\" content=\"https:\/\/www.facebook.com\/acefootballdk\" \/>\n<meta property=\"article:published_time\" content=\"2020-12-01T12:43:17+00:00\" \/>\n<meta property=\"article:modified_time\" content=\"2020-12-01T12:46:53+00:00\" \/>\n<meta property=\"og:image\" content=\"https:\/\/acefootball.com\/da\/wp-content\/uploads\/sites\/2\/2020\/12\/Ace-36.jpg\" \/>\n\t<meta property=\"og:image:width\" content=\"1920\" \/>\n\t<meta property=\"og:image:height\" content=\"1008\" \/>\n\t<meta property=\"og:image:type\" content=\"image\/jpeg\" \/>\n<meta name=\"twitter:card\" content=\"summary_large_image\" \/>\n<meta name=\"twitter:label1\" content=\"Written by\" \/>\n\t<meta name=\"twitter:data1\" content=\"Mads Dreyer\" \/>\n\t<meta name=\"twitter:label2\" content=\"Est. reading time\" \/>\n\t<meta name=\"twitter:data2\" content=\"2 minutes\" \/>\n<script type=\"application\/ld+json\" class=\"yoast-schema-graph\">{\"@context\":\"https:\/\/schema.org\",\"@graph\":[{\"@type\":\"Organization\",\"@id\":\"https:\/\/acefootball.com\/da\/#organization\",\"name\":\"Ace Football\",\"url\":\"https:\/\/acefootball.com\/da\/\",\"sameAs\":[\"https:\/\/www.facebook.com\/acefootballdk\"],\"logo\":{\"@type\":\"ImageObject\",\"@id\":\"https:\/\/acefootball.com\/da\/#logo\",\"inLanguage\":\"en-US\",\"url\":\"https:\/\/acefootball.com\/da\/wp-content\/uploads\/sites\/2\/2020\/07\/Ace-Football-30-07-2020-2.png\",\"contentUrl\":\"https:\/\/acefootball.com\/da\/wp-content\/uploads\/sites\/2\/2020\/07\/Ace-Football-30-07-2020-2.png\",\"width\":1200,\"height\":600,\"caption\":\"Ace Football\"},\"image\":{\"@id\":\"https:\/\/acefootball.com\/da\/#logo\"}},{\"@type\":\"WebSite\",\"@id\":\"https:\/\/acefootball.com\/da\/#website\",\"url\":\"https:\/\/acefootball.com\/da\/\",\"name\":\"Ace Football Danmark\",\"description\":\"Nyheder, Spiltips &amp; Livescore\",\"publisher\":{\"@id\":\"https:\/\/acefootball.com\/da\/#organization\"},\"potentialAction\":[{\"@type\":\"SearchAction\",\"target\":{\"@type\":\"EntryPoint\",\"urlTemplate\":\"https:\/\/acefootball.com\/da\/?s={search_term_string}\"},\"query-input\":\"required name=search_term_string\"}],\"inLanguage\":\"en-US\"},{\"@type\":\"ImageObject\",\"@id\":\"https:\/\/acefootball.com\/da\/fodboldnyheder\/giv-din-stemme-uefa-offentliggoer-de-nominerede-til-aarets-hold-2020\/#primaryimage\",\"inLanguage\":\"en-US\",\"url\":\"https:\/\/acefootball.com\/da\/wp-content\/uploads\/sites\/2\/2020\/12\/Ace-36.jpg\",\"contentUrl\":\"https:\/\/acefootball.com\/da\/wp-content\/uploads\/sites\/2\/2020\/12\/Ace-36.jpg\",\"width\":1920,\"height\":1008},{\"@type\":\"WebPage\",\"@id\":\"https:\/\/acefootball.com\/da\/fodboldnyheder\/giv-din-stemme-uefa-offentliggoer-de-nominerede-til-aarets-hold-2020\/#webpage\",\"url\":\"https:\/\/acefootball.com\/da\/fodboldnyheder\/giv-din-stemme-uefa-offentliggoer-de-nominerede-til-aarets-hold-2020\/\",\"name\":\"Giv din stemme: UEFA offentligg\u00f8r de nominerede til '\u00c5rets Hold 2020'\",\"isPartOf\":{\"@id\":\"https:\/\/acefootball.com\/da\/#website\"},\"primaryImageOfPage\":{\"@id\":\"https:\/\/acefootball.com\/da\/fodboldnyheder\/giv-din-stemme-uefa-offentliggoer-de-nominerede-til-aarets-hold-2020\/#primaryimage\"},\"datePublished\":\"2020-12-01T12:43:17+00:00\",\"dateModified\":\"2020-12-01T12:46:53+00:00\",\"description\":\"UEFA har udgivet en liste over nominerede spillere til k\u00e5ringen af \u00e5rets hold for 2020. Du kan selv afgive din stemme\",\"breadcrumb\":{\"@id\":\"https:\/\/acefootball.com\/da\/fodboldnyheder\/giv-din-stemme-uefa-offentliggoer-de-nominerede-til-aarets-hold-2020\/#breadcrumb\"},\"inLanguage\":\"en-US\",\"potentialAction\":[{\"@type\":\"ReadAction\",\"target\":[\"https:\/\/acefootball.com\/da\/fodboldnyheder\/giv-din-stemme-uefa-offentliggoer-de-nominerede-til-aarets-hold-2020\/\"]}]},{\"@type\":\"BreadcrumbList\",\"@id\":\"https:\/\/acefootball.com\/da\/fodboldnyheder\/giv-din-stemme-uefa-offentliggoer-de-nominerede-til-aarets-hold-2020\/#breadcrumb\",\"itemListElement\":[{\"@type\":\"ListItem\",\"position\":1,\"name\":\"Home\",\"item\":\"https:\/\/acefootball.com\/da\/\"},{\"@type\":\"ListItem\",\"position\":2,\"name\":\"Giv din stemme: UEFA offentligg\u00f8r de nominerede til &#8216;\u00c5rets Hold 2020&#8217;\"}]},{\"@type\":\"Article\",\"@id\":\"https:\/\/acefootball.com\/da\/fodboldnyheder\/giv-din-stemme-uefa-offentliggoer-de-nominerede-til-aarets-hold-2020\/#article\",\"isPartOf\":{\"@id\":\"https:\/\/acefootball.com\/da\/fodboldnyheder\/giv-din-stemme-uefa-offentliggoer-de-nominerede-til-aarets-hold-2020\/#webpage\"},\"author\":{\"@id\":\"https:\/\/acefootball.com\/da\/#\/schema\/person\/ee67e9cf04a276f144100ffa722f10cd\"},\"headline\":\"Giv din stemme: UEFA offentligg\u00f8r de nominerede til &#8216;\u00c5rets Hold 2020&#8217;\",\"datePublished\":\"2020-12-01T12:43:17+00:00\",\"dateModified\":\"2020-12-01T12:46:53+00:00\",\"mainEntityOfPage\":{\"@id\":\"https:\/\/acefootball.com\/da\/fodboldnyheder\/giv-din-stemme-uefa-offentliggoer-de-nominerede-til-aarets-hold-2020\/#webpage\"},\"wordCount\":328,\"commentCount\":0,\"publisher\":{\"@id\":\"https:\/\/acefootball.com\/da\/#organization\"},\"image\":{\"@id\":\"https:\/\/acefootball.com\/da\/fodboldnyheder\/giv-din-stemme-uefa-offentliggoer-de-nominerede-til-aarets-hold-2020\/#primaryimage\"},\"thumbnailUrl\":\"https:\/\/acefootball.com\/da\/wp-content\/uploads\/sites\/2\/2020\/12\/Untitled-design-6.jpg\",\"keywords\":[\"Atalanta\",\"Atletico Madrid\",\"Bayern M\u00fcnchen\",\"Borussia Dortmund\",\"Champions League\",\"FC Barcelona\",\"Inter Milan\",\"Juventus\",\"Liverpool\",\"Manchester City\",\"Olympique Lyon\",\"Paris Saint-Germain\",\"RB Leipzig\",\"Real Madrid\"],\"articleSection\":[\"Nyhed\"],\"inLanguage\":\"en-US\",\"potentialAction\":[{\"@type\":\"CommentAction\",\"name\":\"Comment\",\"target\":[\"https:\/\/acefootball.com\/da\/fodboldnyheder\/giv-din-stemme-uefa-offentliggoer-de-nominerede-til-aarets-hold-2020\/#respond\"]}]},{\"@type\":\"Person\",\"@id\":\"https:\/\/acefootball.com\/da\/#\/schema\/person\/ee67e9cf04a276f144100ffa722f10cd\",\"name\":\"Mads Dreyer\",\"image\":{\"@type\":\"ImageObject\",\"@id\":\"https:\/\/acefootball.com\/da\/#personlogo\",\"inLanguage\":\"en-US\",\"url\":\"https:\/\/secure.gravatar.com\/avatar\/7c7abf72cfde9902b6a60efe60c88d4c?s=96&d=mm&r=g\",\"contentUrl\":\"https:\/\/secure.gravatar.com\/avatar\/7c7abf72cfde9902b6a60efe60c88d4c?s=96&d=mm&r=g\",\"caption\":\"Mads Dreyer\"},\"description\":\"Skribent og fodboldn\u00f8rd, der lige nu fort\u00e6ller om alt og intet i fodboldverdenen p\u00e5 acefootball.com. Uddannet i kommunikation fra Aalborg Universitet.\",\"sameAs\":[\"https:\/\/www.linkedin.com\/in\/mads-dreyer-b9b08266\/\"],\"url\":\"https:\/\/acefootball.com\/da\/fodboldnyheder\/author\/mdnronaldo\/\"}]}<\/script>\n<!-- \/ Yoast SEO plugin. -->","yoast_head_json":{"title":"Giv din stemme: UEFA offentligg\u00f8r de nominerede til '\u00c5rets Hold 2020'","description":"UEFA har udgivet en liste over nominerede spillere til k\u00e5ringen af \u00e5rets hold for 2020. Du kan selv afgive din stemme","robots":{"index":"index","follow":"follow","max-snippet":"max-snippet:-1","max-image-preview":"max-image-preview:large","max-video-preview":"max-video-preview:-1"},"canonical":"https:\/\/acefootball.com\/da\/fodboldnyheder\/giv-din-stemme-uefa-offentliggoer-de-nominerede-til-aarets-hold-2020\/","og_locale":"en_US","og_type":"article","og_title":"Giv din stemme: UEFA offentligg\u00f8r de nominerede til '\u00c5rets Hold 2020'","og_description":"UEFA har udgivet en liste over nominerede spillere til k\u00e5ringen af \u00e5rets hold for 2020. Du kan selv afgive din stemme","og_url":"https:\/\/acefootball.com\/da\/fodboldnyheder\/giv-din-stemme-uefa-offentliggoer-de-nominerede-til-aarets-hold-2020\/","og_site_name":"Ace Football Danmark","article_publisher":"https:\/\/www.facebook.com\/acefootballdk","article_published_time":"2020-12-01T12:43:17+00:00","article_modified_time":"2020-12-01T12:46:53+00:00","og_image":[{"width":1920,"height":1008,"url":"https:\/\/acefootball.com\/da\/wp-content\/uploads\/sites\/2\/2020\/12\/Ace-36.jpg","type":"image\/jpeg"}],"twitter_card":"summary_large_image","twitter_misc":{"Written by":"Mads Dreyer","Est. reading time":"2 minutes"},"schema":{"@context":"https:\/\/schema.org","@graph":[{"@type":"Organization","@id":"https:\/\/acefootball.com\/da\/#organization","name":"Ace Football","url":"https:\/\/acefootball.com\/da\/","sameAs":["https:\/\/www.facebook.com\/acefootballdk"],"logo":{"@type":"ImageObject","@id":"https:\/\/acefootball.com\/da\/#logo","inLanguage":"en-US","url":"https:\/\/acefootball.com\/da\/wp-content\/uploads\/sites\/2\/2020\/07\/Ace-Football-30-07-2020-2.png","contentUrl":"https:\/\/acefootball.com\/da\/wp-content\/uploads\/sites\/2\/2020\/07\/Ace-Football-30-07-2020-2.png","width":1200,"height":600,"caption":"Ace Football"},"image":{"@id":"https:\/\/acefootball.com\/da\/#logo"}},{"@type":"WebSite","@id":"https:\/\/acefootball.com\/da\/#website","url":"https:\/\/acefootball.com\/da\/","name":"Ace Football Danmark","description":"Nyheder, Spiltips &amp; Livescore","publisher":{"@id":"https:\/\/acefootball.com\/da\/#organization"},"potentialAction":[{"@type":"SearchAction","target":{"@type":"EntryPoint","urlTemplate":"https:\/\/acefootball.com\/da\/?s={search_term_string}"},"query-input":"required name=search_term_string"}],"inLanguage":"en-US"},{"@type":"ImageObject","@id":"https:\/\/acefootball.com\/da\/fodboldnyheder\/giv-din-stemme-uefa-offentliggoer-de-nominerede-til-aarets-hold-2020\/#primaryimage","inLanguage":"en-US","url":"https:\/\/acefootball.com\/da\/wp-content\/uploads\/sites\/2\/2020\/12\/Ace-36.jpg","contentUrl":"https:\/\/acefootball.com\/da\/wp-content\/uploads\/sites\/2\/2020\/12\/Ace-36.jpg","width":1920,"height":1008},{"@type":"WebPage","@id":"https:\/\/acefootball.com\/da\/fodboldnyheder\/giv-din-stemme-uefa-offentliggoer-de-nominerede-til-aarets-hold-2020\/#webpage","url":"https:\/\/acefootball.com\/da\/fodboldnyheder\/giv-din-stemme-uefa-offentliggoer-de-nominerede-til-aarets-hold-2020\/","name":"Giv din stemme: UEFA offentligg\u00f8r de nominerede til '\u00c5rets Hold 2020'","isPartOf":{"@id":"https:\/\/acefootball.com\/da\/#website"},"primaryImageOfPage":{"@id":"https:\/\/acefootball.com\/da\/fodboldnyheder\/giv-din-stemme-uefa-offentliggoer-de-nominerede-til-aarets-hold-2020\/#primaryimage"},"datePublished":"2020-12-01T12:43:17+00:00","dateModified":"2020-12-01T12:46:53+00:00","description":"UEFA har udgivet en liste over nominerede spillere til k\u00e5ringen af \u00e5rets hold for 2020. Du kan selv afgive din stemme","breadcrumb":{"@id":"https:\/\/acefootball.com\/da\/fodboldnyheder\/giv-din-stemme-uefa-offentliggoer-de-nominerede-til-aarets-hold-2020\/#breadcrumb"},"inLanguage":"en-US","potentialAction":[{"@type":"ReadAction","target":["https:\/\/acefootball.com\/da\/fodboldnyheder\/giv-din-stemme-uefa-offentliggoer-de-nominerede-til-aarets-hold-2020\/"]}]},{"@type":"BreadcrumbList","@id":"https:\/\/acefootball.com\/da\/fodboldnyheder\/giv-din-stemme-uefa-offentliggoer-de-nominerede-til-aarets-hold-2020\/#breadcrumb","itemListElement":[{"@type":"ListItem","position":1,"name":"Home","item":"https:\/\/acefootball.com\/da\/"},{"@type":"ListItem","position":2,"name":"Giv din stemme: UEFA offentligg\u00f8r de nominerede til &#8216;\u00c5rets Hold 2020&#8217;"}]},{"@type":"Article","@id":"https:\/\/acefootball.com\/da\/fodboldnyheder\/giv-din-stemme-uefa-offentliggoer-de-nominerede-til-aarets-hold-2020\/#article","isPartOf":{"@id":"https:\/\/acefootball.com\/da\/fodboldnyheder\/giv-din-stemme-uefa-offentliggoer-de-nominerede-til-aarets-hold-2020\/#webpage"},"author":{"@id":"https:\/\/acefootball.com\/da\/#\/schema\/person\/ee67e9cf04a276f144100ffa722f10cd"},"headline":"Giv din stemme: UEFA offentligg\u00f8r de nominerede til &#8216;\u00c5rets Hold 2020&#8217;","datePublished":"2020-12-01T12:43:17+00:00","dateModified":"2020-12-01T12:46:53+00:00","mainEntityOfPage":{"@id":"https:\/\/acefootball.com\/da\/fodboldnyheder\/giv-din-stemme-uefa-offentliggoer-de-nominerede-til-aarets-hold-2020\/#webpage"},"wordCount":328,"commentCount":0,"publisher":{"@id":"https:\/\/acefootball.com\/da\/#organization"},"image":{"@id":"https:\/\/acefootball.com\/da\/fodboldnyheder\/giv-din-stemme-uefa-offentliggoer-de-nominerede-til-aarets-hold-2020\/#primaryimage"},"thumbnailUrl":"https:\/\/acefootball.com\/da\/wp-content\/uploads\/sites\/2\/2020\/12\/Untitled-design-6.jpg","keywords":["Atalanta","Atletico Madrid","Bayern M\u00fcnchen","Borussia Dortmund","Champions League","FC Barcelona","Inter Milan","Juventus","Liverpool","Manchester City","Olympique Lyon","Paris Saint-Germain","RB Leipzig","Real Madrid"],"articleSection":["Nyhed"],"inLanguage":"en-US","potentialAction":[{"@type":"CommentAction","name":"Comment","target":["https:\/\/acefootball.com\/da\/fodboldnyheder\/giv-din-stemme-uefa-offentliggoer-de-nominerede-til-aarets-hold-2020\/#respond"]}]},{"@type":"Person","@id":"https:\/\/acefootball.com\/da\/#\/schema\/person\/ee67e9cf04a276f144100ffa722f10cd","name":"Mads Dreyer","image":{"@type":"ImageObject","@id":"https:\/\/acefootball.com\/da\/#personlogo","inLanguage":"en-US","url":"https:\/\/secure.gravatar.com\/avatar\/7c7abf72cfde9902b6a60efe60c88d4c?s=96&d=mm&r=g","contentUrl":"https:\/\/secure.gravatar.com\/avatar\/7c7abf72cfde9902b6a60efe60c88d4c?s=96&d=mm&r=g","caption":"Mads Dreyer"},"description":"Skribent og fodboldn\u00f8rd, der lige nu fort\u00e6ller om alt og intet i fodboldverdenen p\u00e5 acefootball.com. Uddannet i kommunikation fra Aalborg Universitet.","sameAs":["https:\/\/www.linkedin.com\/in\/mads-dreyer-b9b08266\/"],"url":"https:\/\/acefootball.com\/da\/fodboldnyheder\/author\/mdnronaldo\/"}]}},"fimg_url":"https:\/\/acefootball.com\/da\/wp-content\/uploads\/sites\/2\/2020\/12\/Untitled-design-6.jpg","_links":{"self":[{"href":"https:\/\/acefootball.com\/da\/wp-json\/wp\/v2\/posts\/245228"}],"collection":[{"href":"https:\/\/acefootball.com\/da\/wp-json\/wp\/v2\/posts"}],"about":[{"href":"https:\/\/acefootball.com\/da\/wp-json\/wp\/v2\/types\/post"}],"author":[{"embeddable":true,"href":"https:\/\/acefootball.com\/da\/wp-json\/wp\/v2\/users\/705"}],"replies":[{"embeddable":true,"href":"https:\/\/acefootball.com\/da\/wp-json\/wp\/v2\/comments?post=245228"}],"version-history":[{"count":0,"href":"https:\/\/acefootball.com\/da\/wp-json\/wp\/v2\/posts\/245228\/revisions"}],"wp:featuredmedia":[{"embeddable":true,"href":"https:\/\/acefootball.com\/da\/wp-json\/wp\/v2\/media\/245237"}],"wp:attachment":[{"href":"https:\/\/acefootball.com\/da\/wp-json\/wp\/v2\/media?parent=245228"}],"wp:term":[{"taxonomy":"category","embeddable":true,"href":"https:\/\/acefootball.com\/da\/wp-json\/wp\/v2\/categories?post=245228"},{"taxonomy":"post_tag","embeddable":true,"href":"https:\/\/acefootball.com\/da\/wp-json\/wp\/v2\/tags?post=245228"}],"curies":[{"name":"wp","href":"https:\/\/api.w.org\/{rel}","templated":true}]}}