{"id":245200,"date":"2020-12-01T09:18:18","date_gmt":"2020-12-01T08:18:18","guid":{"rendered":"https:\/\/acefootball.com\/da\/?p=245200"},"modified":"2020-12-01T09:19:20","modified_gmt":"2020-12-01T08:19:20","slug":"niels-frederiksen-om-fremtid-vi-maa-se-efter-efteraarssaesonen","status":"publish","type":"post","link":"https:\/\/acefootball.com\/da\/fodboldnyheder\/niels-frederiksen-om-fremtid-vi-maa-se-efter-efteraarssaesonen\/","title":{"rendered":"Niels Frederiksen om fremtid: Vi m\u00e5 se efter efter\u00e5rss\u00e6sonen"},"content":{"rendered":"\n<h2 id=\"h-niels-frederiksen-har-udl-b-i-br-ndby-if-efter-denne-s-son-og-der-er-umiddelbart-ikke-en-l-sning-p-vej-lige-forel-bigt\">Niels Frederiksen har udl\u00f8b i Br\u00f8ndby IF efter denne s\u00e6son, og der er umiddelbart ikke en l\u00f8sning p\u00e5 vej lige forel\u00f8bigt<\/h2>\n\n\n\n<div class=\"wp-block-si-widget wp-block-si-widget--center\"><si-lb-widget widget-id=\"MatchInfoWithOdds\" data-nopadding=\"true\" data-card=\"true\" width=\"440\" data-event-id=\"3389126\" data-theme-appearance=\"dark\"><\/si-lb-widget><\/div>\n\n\n\n<p>Br\u00f8ndby IF tog endnu en sejr mandag aften, da de bl\u00e5gule sendte Lyngby hjem med et 1-4-nederlag.<\/p>\n\n\n\n<p>Dermed ligger klubben fra Vestegnen igen etter i Superligaen og m\u00e5 siges at have f\u00e5et en glimrende start p\u00e5 s\u00e6sonen.<\/p>\n\n\n\n<p>Alligevel er der intet nyt om Niels Frederiksen, der som bekendt har kontraktudl\u00f8b til sommer, og det tyder ogs\u00e5 p\u00e5, at de mange Br\u00f8ndby-fans m\u00e5 vente et godt stykke tid endnu p\u00e5 en endelig udmelding.<\/p>\n\n\n\n<p>Cheftr\u00e6neren fort\u00e6ller nemlig, at man formentlig spiller efter\u00e5rss\u00e6sonen f\u00e6rdig, f\u00f8r der kommer en endelig udmelding.<\/p>\n\n\n\n<figure class=\"wp-block-embed-wordpress wp-block-embed is-type-wp-embed is-provider-ace-football-danmark\"><div class=\"wp-block-embed__wrapper\">\n<blockquote class=\"wp-embedded-content\" data-secret=\"1o6TNsoWId\"><a href=\"https:\/\/acefootball.com\/da\/fodboldnyheder\/varm-lindstroem-broendby-er-guldkandidater\/\">Varm Lindstr\u00f8m: Br\u00f8ndby er guldkandidater<\/a><\/blockquote><iframe class=\"wp-embedded-content\" sandbox=\"allow-scripts\" security=\"restricted\" style=\"position: absolute; clip: rect(1px, 1px, 1px, 1px);\" title=\"&#8220;Varm Lindstr\u00f8m: Br\u00f8ndby er guldkandidater&#8221; &#8212; Ace Football Danmark\" src=\"https:\/\/acefootball.com\/da\/fodboldnyheder\/varm-lindstroem-broendby-er-guldkandidater\/embed\/#?secret=1o6TNsoWId\" data-secret=\"1o6TNsoWId\" width=\"600\" height=\"338\" frameborder=\"0\" marginwidth=\"0\" marginheight=\"0\" scrolling=\"no\"><\/iframe>\n<\/div><\/figure>\n\n\n\n<p>&#8220;Alt med kontakten har jeg ikke yderligere kommentarer til, end at vi melder noget ud, n\u00e5r der er noget nyt. Det ved jeg ikke, hvorn\u00e5r bliver, men CV har vist sagt, at vi spiller efter\u00e5ret f\u00e6rdigt, og s\u00e5 m\u00e5 vi se, hvad vi g\u00f8r derfra,&#8221; udtaler Niels Frederiksen til <a href=\"https:\/\/www.bold.dk\/fodbold\/nyheder\/niels-f-har-udloeb-skal-vaere-det-rette-match\/\" target=\"_blank\" rel=\"noreferrer noopener\">bold.dk<\/a>.<\/p>\n\n\n\n<p>Br\u00f8ndby-tr\u00e6neren erkl\u00e6rer sig dog godt tilfreds i jobbet og ser det nuv\u00e6rende projekt som sp\u00e6ndende.<\/p>\n","protected":false},"excerpt":{"rendered":"<p>Niels Frederiksen har udl\u00f8b i Br\u00f8ndby IF efter denne s\u00e6son, og der er umiddelbart ikke en l\u00f8sning p\u00e5 vej lige forel\u00f8bigt<\/p>\n","protected":false},"author":705,"featured_media":235214,"comment_status":"open","ping_status":"closed","sticky":false,"template":"","format":"standard","meta":{"om_disable_all_campaigns":false,"push_articles_ronaldo":{"active":false,"canonical":0,"publish":false},"force_updates":null},"categories":[8204],"tags":[53,812,588],"enet_tags":{"team":["8595"],"player":["183862"],"league":["46"],"sport_events":[3389126]},"yoast_head":"<!-- This site is optimized with the Yoast SEO plugin v18.3 - https:\/\/yoast.com\/wordpress\/plugins\/seo\/ -->\n<title>Niels Frederiksen om fremtid: Vi m\u00e5 se efter efter\u00e5rss\u00e6sonen<\/title>\n<meta name=\"description\" content=\"Niels Frederiksen har udl\u00f8b i Br\u00f8ndby IF efter denne s\u00e6son, og der er umiddelbart ikke en l\u00f8sning p\u00e5 vej lige forel\u00f8bigt\" \/>\n<meta name=\"robots\" content=\"index, follow, max-snippet:-1, max-image-preview:large, max-video-preview:-1\" \/>\n<link rel=\"canonical\" href=\"https:\/\/acefootball.com\/da\/fodboldnyheder\/niels-frederiksen-om-fremtid-vi-maa-se-efter-efteraarssaesonen\/\" \/>\n<meta property=\"og:locale\" content=\"en_US\" \/>\n<meta property=\"og:type\" content=\"article\" \/>\n<meta property=\"og:title\" content=\"Niels Frederiksen om fremtid: Vi m\u00e5 se efter efter\u00e5rss\u00e6sonen\" \/>\n<meta property=\"og:description\" content=\"Niels Frederiksen har udl\u00f8b i Br\u00f8ndby IF efter denne s\u00e6son, og der er umiddelbart ikke en l\u00f8sning p\u00e5 vej lige forel\u00f8bigt\" \/>\n<meta property=\"og:url\" content=\"https:\/\/acefootball.com\/da\/fodboldnyheder\/niels-frederiksen-om-fremtid-vi-maa-se-efter-efteraarssaesonen\/\" \/>\n<meta property=\"og:site_name\" content=\"Ace Football Danmark\" \/>\n<meta property=\"article:publisher\" content=\"https:\/\/www.facebook.com\/acefootballdk\" \/>\n<meta property=\"article:published_time\" content=\"2020-12-01T08:18:18+00:00\" \/>\n<meta property=\"article:modified_time\" content=\"2020-12-01T08:19:20+00:00\" \/>\n<meta property=\"og:image\" content=\"https:\/\/acefootball.com\/da\/wp-content\/uploads\/sites\/2\/2020\/12\/Brondby-2.jpg\" \/>\n\t<meta property=\"og:image:width\" content=\"1920\" \/>\n\t<meta property=\"og:image:height\" content=\"1008\" \/>\n\t<meta property=\"og:image:type\" content=\"image\/jpeg\" \/>\n<meta name=\"twitter:card\" content=\"summary_large_image\" \/>\n<meta name=\"twitter:label1\" content=\"Written by\" \/>\n\t<meta name=\"twitter:data1\" content=\"Mads Dreyer\" \/>\n\t<meta name=\"twitter:label2\" content=\"Est. reading time\" \/>\n\t<meta name=\"twitter:data2\" content=\"1 minute\" \/>\n<script type=\"application\/ld+json\" class=\"yoast-schema-graph\">{\"@context\":\"https:\/\/schema.org\",\"@graph\":[{\"@type\":\"Organization\",\"@id\":\"https:\/\/acefootball.com\/da\/#organization\",\"name\":\"Ace Football\",\"url\":\"https:\/\/acefootball.com\/da\/\",\"sameAs\":[\"https:\/\/www.facebook.com\/acefootballdk\"],\"logo\":{\"@type\":\"ImageObject\",\"@id\":\"https:\/\/acefootball.com\/da\/#logo\",\"inLanguage\":\"en-US\",\"url\":\"https:\/\/acefootball.com\/da\/wp-content\/uploads\/sites\/2\/2020\/07\/Ace-Football-30-07-2020-2.png\",\"contentUrl\":\"https:\/\/acefootball.com\/da\/wp-content\/uploads\/sites\/2\/2020\/07\/Ace-Football-30-07-2020-2.png\",\"width\":1200,\"height\":600,\"caption\":\"Ace Football\"},\"image\":{\"@id\":\"https:\/\/acefootball.com\/da\/#logo\"}},{\"@type\":\"WebSite\",\"@id\":\"https:\/\/acefootball.com\/da\/#website\",\"url\":\"https:\/\/acefootball.com\/da\/\",\"name\":\"Ace Football Danmark\",\"description\":\"Nyheder, Spiltips &amp; Livescore\",\"publisher\":{\"@id\":\"https:\/\/acefootball.com\/da\/#organization\"},\"potentialAction\":[{\"@type\":\"SearchAction\",\"target\":{\"@type\":\"EntryPoint\",\"urlTemplate\":\"https:\/\/acefootball.com\/da\/?s={search_term_string}\"},\"query-input\":\"required name=search_term_string\"}],\"inLanguage\":\"en-US\"},{\"@type\":\"ImageObject\",\"@id\":\"https:\/\/acefootball.com\/da\/fodboldnyheder\/niels-frederiksen-om-fremtid-vi-maa-se-efter-efteraarssaesonen\/#primaryimage\",\"inLanguage\":\"en-US\",\"url\":\"https:\/\/acefootball.com\/da\/wp-content\/uploads\/sites\/2\/2020\/12\/Brondby-2.jpg\",\"contentUrl\":\"https:\/\/acefootball.com\/da\/wp-content\/uploads\/sites\/2\/2020\/12\/Brondby-2.jpg\",\"width\":1920,\"height\":1008},{\"@type\":\"WebPage\",\"@id\":\"https:\/\/acefootball.com\/da\/fodboldnyheder\/niels-frederiksen-om-fremtid-vi-maa-se-efter-efteraarssaesonen\/#webpage\",\"url\":\"https:\/\/acefootball.com\/da\/fodboldnyheder\/niels-frederiksen-om-fremtid-vi-maa-se-efter-efteraarssaesonen\/\",\"name\":\"Niels Frederiksen om fremtid: Vi m\u00e5 se efter efter\u00e5rss\u00e6sonen\",\"isPartOf\":{\"@id\":\"https:\/\/acefootball.com\/da\/#website\"},\"primaryImageOfPage\":{\"@id\":\"https:\/\/acefootball.com\/da\/fodboldnyheder\/niels-frederiksen-om-fremtid-vi-maa-se-efter-efteraarssaesonen\/#primaryimage\"},\"datePublished\":\"2020-12-01T08:18:18+00:00\",\"dateModified\":\"2020-12-01T08:19:20+00:00\",\"description\":\"Niels Frederiksen har udl\u00f8b i Br\u00f8ndby IF efter denne s\u00e6son, og der er umiddelbart ikke en l\u00f8sning p\u00e5 vej lige forel\u00f8bigt\",\"breadcrumb\":{\"@id\":\"https:\/\/acefootball.com\/da\/fodboldnyheder\/niels-frederiksen-om-fremtid-vi-maa-se-efter-efteraarssaesonen\/#breadcrumb\"},\"inLanguage\":\"en-US\",\"potentialAction\":[{\"@type\":\"ReadAction\",\"target\":[\"https:\/\/acefootball.com\/da\/fodboldnyheder\/niels-frederiksen-om-fremtid-vi-maa-se-efter-efteraarssaesonen\/\"]}]},{\"@type\":\"BreadcrumbList\",\"@id\":\"https:\/\/acefootball.com\/da\/fodboldnyheder\/niels-frederiksen-om-fremtid-vi-maa-se-efter-efteraarssaesonen\/#breadcrumb\",\"itemListElement\":[{\"@type\":\"ListItem\",\"position\":1,\"name\":\"Home\",\"item\":\"https:\/\/acefootball.com\/da\/\"},{\"@type\":\"ListItem\",\"position\":2,\"name\":\"Niels Frederiksen om fremtid: Vi m\u00e5 se efter efter\u00e5rss\u00e6sonen\"}]},{\"@type\":\"Article\",\"@id\":\"https:\/\/acefootball.com\/da\/fodboldnyheder\/niels-frederiksen-om-fremtid-vi-maa-se-efter-efteraarssaesonen\/#article\",\"isPartOf\":{\"@id\":\"https:\/\/acefootball.com\/da\/fodboldnyheder\/niels-frederiksen-om-fremtid-vi-maa-se-efter-efteraarssaesonen\/#webpage\"},\"author\":{\"@id\":\"https:\/\/acefootball.com\/da\/#\/schema\/person\/ee67e9cf04a276f144100ffa722f10cd\"},\"headline\":\"Niels Frederiksen om fremtid: Vi m\u00e5 se efter efter\u00e5rss\u00e6sonen\",\"datePublished\":\"2020-12-01T08:18:18+00:00\",\"dateModified\":\"2020-12-01T08:19:20+00:00\",\"mainEntityOfPage\":{\"@id\":\"https:\/\/acefootball.com\/da\/fodboldnyheder\/niels-frederiksen-om-fremtid-vi-maa-se-efter-efteraarssaesonen\/#webpage\"},\"wordCount\":219,\"commentCount\":0,\"publisher\":{\"@id\":\"https:\/\/acefootball.com\/da\/#organization\"},\"image\":{\"@id\":\"https:\/\/acefootball.com\/da\/fodboldnyheder\/niels-frederiksen-om-fremtid-vi-maa-se-efter-efteraarssaesonen\/#primaryimage\"},\"thumbnailUrl\":\"https:\/\/acefootball.com\/da\/wp-content\/uploads\/sites\/2\/2020\/08\/GettyImages-1204364047.jpg\",\"keywords\":[\"Br\u00f8ndby IF\",\"Niels Frederiksen\",\"Superligaen\"],\"articleSection\":[\"Udtalelse\"],\"inLanguage\":\"en-US\",\"potentialAction\":[{\"@type\":\"CommentAction\",\"name\":\"Comment\",\"target\":[\"https:\/\/acefootball.com\/da\/fodboldnyheder\/niels-frederiksen-om-fremtid-vi-maa-se-efter-efteraarssaesonen\/#respond\"]}]},{\"@type\":\"Person\",\"@id\":\"https:\/\/acefootball.com\/da\/#\/schema\/person\/ee67e9cf04a276f144100ffa722f10cd\",\"name\":\"Mads Dreyer\",\"image\":{\"@type\":\"ImageObject\",\"@id\":\"https:\/\/acefootball.com\/da\/#personlogo\",\"inLanguage\":\"en-US\",\"url\":\"https:\/\/secure.gravatar.com\/avatar\/7c7abf72cfde9902b6a60efe60c88d4c?s=96&d=mm&r=g\",\"contentUrl\":\"https:\/\/secure.gravatar.com\/avatar\/7c7abf72cfde9902b6a60efe60c88d4c?s=96&d=mm&r=g\",\"caption\":\"Mads Dreyer\"},\"description\":\"Skribent og fodboldn\u00f8rd, der lige nu fort\u00e6ller om alt og intet i fodboldverdenen p\u00e5 acefootball.com. Uddannet i kommunikation fra Aalborg Universitet.\",\"sameAs\":[\"https:\/\/www.linkedin.com\/in\/mads-dreyer-b9b08266\/\"],\"url\":\"https:\/\/acefootball.com\/da\/fodboldnyheder\/author\/mdnronaldo\/\"}]}<\/script>\n<!-- \/ Yoast SEO plugin. -->","yoast_head_json":{"title":"Niels Frederiksen om fremtid: Vi m\u00e5 se efter efter\u00e5rss\u00e6sonen","description":"Niels Frederiksen har udl\u00f8b i Br\u00f8ndby IF efter denne s\u00e6son, og der er umiddelbart ikke en l\u00f8sning p\u00e5 vej lige forel\u00f8bigt","robots":{"index":"index","follow":"follow","max-snippet":"max-snippet:-1","max-image-preview":"max-image-preview:large","max-video-preview":"max-video-preview:-1"},"canonical":"https:\/\/acefootball.com\/da\/fodboldnyheder\/niels-frederiksen-om-fremtid-vi-maa-se-efter-efteraarssaesonen\/","og_locale":"en_US","og_type":"article","og_title":"Niels Frederiksen om fremtid: Vi m\u00e5 se efter efter\u00e5rss\u00e6sonen","og_description":"Niels Frederiksen har udl\u00f8b i Br\u00f8ndby IF efter denne s\u00e6son, og der er umiddelbart ikke en l\u00f8sning p\u00e5 vej lige forel\u00f8bigt","og_url":"https:\/\/acefootball.com\/da\/fodboldnyheder\/niels-frederiksen-om-fremtid-vi-maa-se-efter-efteraarssaesonen\/","og_site_name":"Ace Football Danmark","article_publisher":"https:\/\/www.facebook.com\/acefootballdk","article_published_time":"2020-12-01T08:18:18+00:00","article_modified_time":"2020-12-01T08:19:20+00:00","og_image":[{"width":1920,"height":1008,"url":"https:\/\/acefootball.com\/da\/wp-content\/uploads\/sites\/2\/2020\/12\/Brondby-2.jpg","type":"image\/jpeg"}],"twitter_card":"summary_large_image","twitter_misc":{"Written by":"Mads Dreyer","Est. reading time":"1 minute"},"schema":{"@context":"https:\/\/schema.org","@graph":[{"@type":"Organization","@id":"https:\/\/acefootball.com\/da\/#organization","name":"Ace Football","url":"https:\/\/acefootball.com\/da\/","sameAs":["https:\/\/www.facebook.com\/acefootballdk"],"logo":{"@type":"ImageObject","@id":"https:\/\/acefootball.com\/da\/#logo","inLanguage":"en-US","url":"https:\/\/acefootball.com\/da\/wp-content\/uploads\/sites\/2\/2020\/07\/Ace-Football-30-07-2020-2.png","contentUrl":"https:\/\/acefootball.com\/da\/wp-content\/uploads\/sites\/2\/2020\/07\/Ace-Football-30-07-2020-2.png","width":1200,"height":600,"caption":"Ace Football"},"image":{"@id":"https:\/\/acefootball.com\/da\/#logo"}},{"@type":"WebSite","@id":"https:\/\/acefootball.com\/da\/#website","url":"https:\/\/acefootball.com\/da\/","name":"Ace Football Danmark","description":"Nyheder, Spiltips &amp; Livescore","publisher":{"@id":"https:\/\/acefootball.com\/da\/#organization"},"potentialAction":[{"@type":"SearchAction","target":{"@type":"EntryPoint","urlTemplate":"https:\/\/acefootball.com\/da\/?s={search_term_string}"},"query-input":"required name=search_term_string"}],"inLanguage":"en-US"},{"@type":"ImageObject","@id":"https:\/\/acefootball.com\/da\/fodboldnyheder\/niels-frederiksen-om-fremtid-vi-maa-se-efter-efteraarssaesonen\/#primaryimage","inLanguage":"en-US","url":"https:\/\/acefootball.com\/da\/wp-content\/uploads\/sites\/2\/2020\/12\/Brondby-2.jpg","contentUrl":"https:\/\/acefootball.com\/da\/wp-content\/uploads\/sites\/2\/2020\/12\/Brondby-2.jpg","width":1920,"height":1008},{"@type":"WebPage","@id":"https:\/\/acefootball.com\/da\/fodboldnyheder\/niels-frederiksen-om-fremtid-vi-maa-se-efter-efteraarssaesonen\/#webpage","url":"https:\/\/acefootball.com\/da\/fodboldnyheder\/niels-frederiksen-om-fremtid-vi-maa-se-efter-efteraarssaesonen\/","name":"Niels Frederiksen om fremtid: Vi m\u00e5 se efter efter\u00e5rss\u00e6sonen","isPartOf":{"@id":"https:\/\/acefootball.com\/da\/#website"},"primaryImageOfPage":{"@id":"https:\/\/acefootball.com\/da\/fodboldnyheder\/niels-frederiksen-om-fremtid-vi-maa-se-efter-efteraarssaesonen\/#primaryimage"},"datePublished":"2020-12-01T08:18:18+00:00","dateModified":"2020-12-01T08:19:20+00:00","description":"Niels Frederiksen har udl\u00f8b i Br\u00f8ndby IF efter denne s\u00e6son, og der er umiddelbart ikke en l\u00f8sning p\u00e5 vej lige forel\u00f8bigt","breadcrumb":{"@id":"https:\/\/acefootball.com\/da\/fodboldnyheder\/niels-frederiksen-om-fremtid-vi-maa-se-efter-efteraarssaesonen\/#breadcrumb"},"inLanguage":"en-US","potentialAction":[{"@type":"ReadAction","target":["https:\/\/acefootball.com\/da\/fodboldnyheder\/niels-frederiksen-om-fremtid-vi-maa-se-efter-efteraarssaesonen\/"]}]},{"@type":"BreadcrumbList","@id":"https:\/\/acefootball.com\/da\/fodboldnyheder\/niels-frederiksen-om-fremtid-vi-maa-se-efter-efteraarssaesonen\/#breadcrumb","itemListElement":[{"@type":"ListItem","position":1,"name":"Home","item":"https:\/\/acefootball.com\/da\/"},{"@type":"ListItem","position":2,"name":"Niels Frederiksen om fremtid: Vi m\u00e5 se efter efter\u00e5rss\u00e6sonen"}]},{"@type":"Article","@id":"https:\/\/acefootball.com\/da\/fodboldnyheder\/niels-frederiksen-om-fremtid-vi-maa-se-efter-efteraarssaesonen\/#article","isPartOf":{"@id":"https:\/\/acefootball.com\/da\/fodboldnyheder\/niels-frederiksen-om-fremtid-vi-maa-se-efter-efteraarssaesonen\/#webpage"},"author":{"@id":"https:\/\/acefootball.com\/da\/#\/schema\/person\/ee67e9cf04a276f144100ffa722f10cd"},"headline":"Niels Frederiksen om fremtid: Vi m\u00e5 se efter efter\u00e5rss\u00e6sonen","datePublished":"2020-12-01T08:18:18+00:00","dateModified":"2020-12-01T08:19:20+00:00","mainEntityOfPage":{"@id":"https:\/\/acefootball.com\/da\/fodboldnyheder\/niels-frederiksen-om-fremtid-vi-maa-se-efter-efteraarssaesonen\/#webpage"},"wordCount":219,"commentCount":0,"publisher":{"@id":"https:\/\/acefootball.com\/da\/#organization"},"image":{"@id":"https:\/\/acefootball.com\/da\/fodboldnyheder\/niels-frederiksen-om-fremtid-vi-maa-se-efter-efteraarssaesonen\/#primaryimage"},"thumbnailUrl":"https:\/\/acefootball.com\/da\/wp-content\/uploads\/sites\/2\/2020\/08\/GettyImages-1204364047.jpg","keywords":["Br\u00f8ndby IF","Niels Frederiksen","Superligaen"],"articleSection":["Udtalelse"],"inLanguage":"en-US","potentialAction":[{"@type":"CommentAction","name":"Comment","target":["https:\/\/acefootball.com\/da\/fodboldnyheder\/niels-frederiksen-om-fremtid-vi-maa-se-efter-efteraarssaesonen\/#respond"]}]},{"@type":"Person","@id":"https:\/\/acefootball.com\/da\/#\/schema\/person\/ee67e9cf04a276f144100ffa722f10cd","name":"Mads Dreyer","image":{"@type":"ImageObject","@id":"https:\/\/acefootball.com\/da\/#personlogo","inLanguage":"en-US","url":"https:\/\/secure.gravatar.com\/avatar\/7c7abf72cfde9902b6a60efe60c88d4c?s=96&d=mm&r=g","contentUrl":"https:\/\/secure.gravatar.com\/avatar\/7c7abf72cfde9902b6a60efe60c88d4c?s=96&d=mm&r=g","caption":"Mads Dreyer"},"description":"Skribent og fodboldn\u00f8rd, der lige nu fort\u00e6ller om alt og intet i fodboldverdenen p\u00e5 acefootball.com. Uddannet i kommunikation fra Aalborg Universitet.","sameAs":["https:\/\/www.linkedin.com\/in\/mads-dreyer-b9b08266\/"],"url":"https:\/\/acefootball.com\/da\/fodboldnyheder\/author\/mdnronaldo\/"}]}},"fimg_url":"https:\/\/acefootball.com\/da\/wp-content\/uploads\/sites\/2\/2020\/08\/GettyImages-1204364047.jpg","_links":{"self":[{"href":"https:\/\/acefootball.com\/da\/wp-json\/wp\/v2\/posts\/245200"}],"collection":[{"href":"https:\/\/acefootball.com\/da\/wp-json\/wp\/v2\/posts"}],"about":[{"href":"https:\/\/acefootball.com\/da\/wp-json\/wp\/v2\/types\/post"}],"author":[{"embeddable":true,"href":"https:\/\/acefootball.com\/da\/wp-json\/wp\/v2\/users\/705"}],"replies":[{"embeddable":true,"href":"https:\/\/acefootball.com\/da\/wp-json\/wp\/v2\/comments?post=245200"}],"version-history":[{"count":0,"href":"https:\/\/acefootball.com\/da\/wp-json\/wp\/v2\/posts\/245200\/revisions"}],"wp:featuredmedia":[{"embeddable":true,"href":"https:\/\/acefootball.com\/da\/wp-json\/wp\/v2\/media\/235214"}],"wp:attachment":[{"href":"https:\/\/acefootball.com\/da\/wp-json\/wp\/v2\/media?parent=245200"}],"wp:term":[{"taxonomy":"category","embeddable":true,"href":"https:\/\/acefootball.com\/da\/wp-json\/wp\/v2\/categories?post=245200"},{"taxonomy":"post_tag","embeddable":true,"href":"https:\/\/acefootball.com\/da\/wp-json\/wp\/v2\/tags?post=245200"}],"curies":[{"name":"wp","href":"https:\/\/api.w.org\/{rel}","templated":true}]}}