{"id":245161,"date":"2020-11-30T19:05:17","date_gmt":"2020-11-30T18:05:17","guid":{"rendered":"https:\/\/acefootball.com\/da\/?p=245161"},"modified":"2020-11-30T19:08:09","modified_gmt":"2020-11-30T18:08:09","slug":"belgisk-laege-giver-besynderlig-aarsag-til-hazard-skader","status":"publish","type":"post","link":"https:\/\/acefootball.com\/da\/fodboldnyheder\/belgisk-laege-giver-besynderlig-aarsag-til-hazard-skader\/","title":{"rendered":"Belgisk l\u00e6ge giver besynderlig \u00e5rsag til Hazard-skader"},"content":{"rendered":"\n<h2 id=\"h-eden-hazard-m-igen-tage-plads-p-tribunen-efter-real-madrid-har-meldt-den-belgiske-stjerne-ude-med-en-ny-skade\">Eden Hazard m\u00e5 igen tage plads p\u00e5 tribunen, efter Real Madrid har meldt den belgiske stjerne ude med en ny skade<\/h2>\n\n\n\n<div class=\"wp-block-si-widget wp-block-si-widget--center\"><si-lb-widget widget-id=\"MatchInfoWithOdds\" data-nopadding=\"true\" data-card=\"true\" width=\"440\" data-event-id=\"3424143\" data-theme-appearance=\"dark\"><\/si-lb-widget><\/div>\n\n\n\n<p>Da Real Madrid i l\u00f8rdags skuffede f\u00e6lt ved at tabe med 1-2 til Deportivo Alav\u00e9s, var det med Eden Hazard i startopstillingen, men den forn\u00f8jelse varede kort.<\/p>\n\n\n\n<p>Efter mindre end en halv times spil blev belgieren pillet ud, og klubben har i dag oplyst, at Hazard har p\u00e5draget sig en ny skade.<\/p>\n\n\n\n<p>Unders\u00f8gelser har vist, at verdensstjernen er blevet skadet i h\u00f8jre l\u00e5rmuskel, og det betyder formentlig, at han m\u00e5 sidde ude i omkring tre uger.<\/p>\n\n\n\n<div class=\"wp-block-si-widget wp-block-si-widget--center\"><si-lb-widget widget-id=\"PlayerSeasonStatsSnap\" data-hide-controls=\"false\" width=\"440\" data-player-id=\"107417\" data-card=\"true\" data-theme-appearance=\"dark\" data-national=\"false\"><\/si-lb-widget><\/div>\n\n\n\n<p>Det er dog ikke f\u00f8rste gang, at Hazard m\u00e5 tage plads p\u00e5 tribunen. I denne s\u00e6son har han s\u00e5ledes kun medvirket i seks kampe, ligesom han missede en stor del af sidste s\u00e6son med en alvorlig ankelskade.<\/p>\n\n\n\n<p>If\u00f8lge den belgiske landsholdsl\u00e6ge, Kris van Crombrugge, skyldes de mange skader dog muligvis ikke bare sort uheld.<\/p>\n\n\n\n<p>&#8220;Hazard siger tit, at han vil g\u00f8re alt, han kan, for fansene og tr\u00e6nerne. Han vil altid spille, s\u00e5 han l\u00e6gger pres p\u00e5 sig selv,&#8221; fort\u00e6ller van Crombrugge til <a href=\"https:\/\/www.hln.be\/buitenlands-voetbal\/bondsdokter-rode-duivels-linkt-miserie-hazard-aan-hoge-verwachtingen-bij-real-stress-maakt-hem-blessuregevoeliger~a7f2b0d3\/?referrer=https%3A%2F%2Fwww.google.com%2F\" target=\"_blank\" rel=\"noreferrer noopener\">HLN<\/a>.<\/p>\n\n\n\n<p>&#8220;Man kan ikke se det p\u00e5 ham, men Hazard er bare et menneske og et godt et af slagsen. Han vil have det bedste ud af sin krop, men han er over gr\u00e6nsen lige nu, og han kr\u00e6ver for meget af sin krop.&#8221;<\/p>\n\n\n\n<figure class=\"wp-block-embed-wordpress wp-block-embed is-type-wp-embed is-provider-ace-football-danmark\"><div class=\"wp-block-embed__wrapper\">\n<blockquote class=\"wp-embedded-content\" data-secret=\"gI0PxxZ4qs\"><a href=\"https:\/\/acefootball.com\/da\/fodboldnyheder\/top-10-dortmund-duo-er-steget-mest-i-vaerdi-i-november\/\">Top 10: Dortmund-duo er steget mest i v\u00e6rdi i november<\/a><\/blockquote><iframe class=\"wp-embedded-content\" sandbox=\"allow-scripts\" security=\"restricted\" style=\"position: absolute; clip: rect(1px, 1px, 1px, 1px);\" title=\"&#8220;Top 10: Dortmund-duo er steget mest i v\u00e6rdi i november&#8221; &#8212; Ace Football Danmark\" src=\"https:\/\/acefootball.com\/da\/fodboldnyheder\/top-10-dortmund-duo-er-steget-mest-i-vaerdi-i-november\/embed\/#?secret=gI0PxxZ4qs\" data-secret=\"gI0PxxZ4qs\" width=\"600\" height=\"338\" frameborder=\"0\" marginwidth=\"0\" marginheight=\"0\" scrolling=\"no\"><\/iframe>\n<\/div><\/figure>\n\n\n\n<p>&#8220;Real Madrid havde store forventninger til ham. Han tilgik det naturligt og med godt hum\u00f8r, men alle er udsat for et vist niveau af stress.&#8221;<\/p>\n\n\n\n<p>&#8220;Mentalt stress kan overf\u00f8res til musklerne. Jeg mener, at hans muskelsp\u00e6nding er lidt for h\u00f8j lige nu, hvilket g\u00f8r, at Hazard er mere udsat for skader.&#8221;<\/p>\n\n\n\n<p>Eden Hazard har kun spillet 28 kampe for Real Madrid siden ankomsten sidste sommer.<\/p>\n","protected":false},"excerpt":{"rendered":"<p>Eden Hazard m\u00e5 igen tage plads p\u00e5 tribunen, efter Real Madrid har meldt den belgiske stjerne ude med en ny skade<\/p>\n","protected":false},"author":705,"featured_media":245163,"comment_status":"open","ping_status":"closed","sticky":false,"template":"","format":"standard","meta":{"om_disable_all_campaigns":false,"push_articles_ronaldo":{"active":false,"canonical":0,"publish":false},"force_updates":null},"categories":[8204],"tags":[1018,636,303,85],"enet_tags":{"team":["8263","8633"],"player":["107417"],"league":["87"],"sport_events":[3424143]},"yoast_head":"<!-- This site is optimized with the Yoast SEO plugin v18.3 - https:\/\/yoast.com\/wordpress\/plugins\/seo\/ -->\n<title>Belgisk l\u00e6ge giver besynderlig \u00e5rsag til Hazard-skader<\/title>\n<meta name=\"description\" content=\"Eden Hazard m\u00e5 igen tage plads p\u00e5 tribunen, efter Real Madrid har meldt den belgiske stjerne ude med en ny skade\" \/>\n<meta name=\"robots\" content=\"index, follow, max-snippet:-1, max-image-preview:large, max-video-preview:-1\" \/>\n<link rel=\"canonical\" href=\"https:\/\/acefootball.com\/da\/fodboldnyheder\/belgisk-laege-giver-besynderlig-aarsag-til-hazard-skader\/\" \/>\n<meta property=\"og:locale\" content=\"en_US\" \/>\n<meta property=\"og:type\" content=\"article\" \/>\n<meta property=\"og:title\" content=\"Belgisk l\u00e6ge giver besynderlig \u00e5rsag til Hazard-skader\" \/>\n<meta property=\"og:description\" content=\"Eden Hazard m\u00e5 igen tage plads p\u00e5 tribunen, efter Real Madrid har meldt den belgiske stjerne ude med en ny skade\" \/>\n<meta property=\"og:url\" content=\"https:\/\/acefootball.com\/da\/fodboldnyheder\/belgisk-laege-giver-besynderlig-aarsag-til-hazard-skader\/\" \/>\n<meta property=\"og:site_name\" content=\"Ace Football Danmark\" \/>\n<meta property=\"article:publisher\" content=\"https:\/\/www.facebook.com\/acefootballdk\" \/>\n<meta property=\"article:published_time\" content=\"2020-11-30T18:05:17+00:00\" \/>\n<meta property=\"article:modified_time\" content=\"2020-11-30T18:08:09+00:00\" \/>\n<meta property=\"og:image\" content=\"https:\/\/acefootball.com\/da\/wp-content\/uploads\/sites\/2\/2020\/11\/Ace-5-18.jpg\" \/>\n\t<meta property=\"og:image:width\" content=\"1920\" \/>\n\t<meta property=\"og:image:height\" content=\"1008\" \/>\n\t<meta property=\"og:image:type\" content=\"image\/jpeg\" \/>\n<meta name=\"twitter:card\" content=\"summary_large_image\" \/>\n<meta name=\"twitter:label1\" content=\"Written by\" \/>\n\t<meta name=\"twitter:data1\" content=\"Mads Dreyer\" \/>\n\t<meta name=\"twitter:label2\" content=\"Est. reading time\" \/>\n\t<meta name=\"twitter:data2\" content=\"2 minutes\" \/>\n<script type=\"application\/ld+json\" class=\"yoast-schema-graph\">{\"@context\":\"https:\/\/schema.org\",\"@graph\":[{\"@type\":\"Organization\",\"@id\":\"https:\/\/acefootball.com\/da\/#organization\",\"name\":\"Ace Football\",\"url\":\"https:\/\/acefootball.com\/da\/\",\"sameAs\":[\"https:\/\/www.facebook.com\/acefootballdk\"],\"logo\":{\"@type\":\"ImageObject\",\"@id\":\"https:\/\/acefootball.com\/da\/#logo\",\"inLanguage\":\"en-US\",\"url\":\"https:\/\/acefootball.com\/da\/wp-content\/uploads\/sites\/2\/2020\/07\/Ace-Football-30-07-2020-2.png\",\"contentUrl\":\"https:\/\/acefootball.com\/da\/wp-content\/uploads\/sites\/2\/2020\/07\/Ace-Football-30-07-2020-2.png\",\"width\":1200,\"height\":600,\"caption\":\"Ace Football\"},\"image\":{\"@id\":\"https:\/\/acefootball.com\/da\/#logo\"}},{\"@type\":\"WebSite\",\"@id\":\"https:\/\/acefootball.com\/da\/#website\",\"url\":\"https:\/\/acefootball.com\/da\/\",\"name\":\"Ace Football Danmark\",\"description\":\"Nyheder, Spiltips &amp; Livescore\",\"publisher\":{\"@id\":\"https:\/\/acefootball.com\/da\/#organization\"},\"potentialAction\":[{\"@type\":\"SearchAction\",\"target\":{\"@type\":\"EntryPoint\",\"urlTemplate\":\"https:\/\/acefootball.com\/da\/?s={search_term_string}\"},\"query-input\":\"required name=search_term_string\"}],\"inLanguage\":\"en-US\"},{\"@type\":\"ImageObject\",\"@id\":\"https:\/\/acefootball.com\/da\/fodboldnyheder\/belgisk-laege-giver-besynderlig-aarsag-til-hazard-skader\/#primaryimage\",\"inLanguage\":\"en-US\",\"url\":\"https:\/\/acefootball.com\/da\/wp-content\/uploads\/sites\/2\/2020\/11\/Ace-5-18.jpg\",\"contentUrl\":\"https:\/\/acefootball.com\/da\/wp-content\/uploads\/sites\/2\/2020\/11\/Ace-5-18.jpg\",\"width\":1920,\"height\":1008},{\"@type\":\"WebPage\",\"@id\":\"https:\/\/acefootball.com\/da\/fodboldnyheder\/belgisk-laege-giver-besynderlig-aarsag-til-hazard-skader\/#webpage\",\"url\":\"https:\/\/acefootball.com\/da\/fodboldnyheder\/belgisk-laege-giver-besynderlig-aarsag-til-hazard-skader\/\",\"name\":\"Belgisk l\u00e6ge giver besynderlig \u00e5rsag til Hazard-skader\",\"isPartOf\":{\"@id\":\"https:\/\/acefootball.com\/da\/#website\"},\"primaryImageOfPage\":{\"@id\":\"https:\/\/acefootball.com\/da\/fodboldnyheder\/belgisk-laege-giver-besynderlig-aarsag-til-hazard-skader\/#primaryimage\"},\"datePublished\":\"2020-11-30T18:05:17+00:00\",\"dateModified\":\"2020-11-30T18:08:09+00:00\",\"description\":\"Eden Hazard m\u00e5 igen tage plads p\u00e5 tribunen, efter Real Madrid har meldt den belgiske stjerne ude med en ny skade\",\"breadcrumb\":{\"@id\":\"https:\/\/acefootball.com\/da\/fodboldnyheder\/belgisk-laege-giver-besynderlig-aarsag-til-hazard-skader\/#breadcrumb\"},\"inLanguage\":\"en-US\",\"potentialAction\":[{\"@type\":\"ReadAction\",\"target\":[\"https:\/\/acefootball.com\/da\/fodboldnyheder\/belgisk-laege-giver-besynderlig-aarsag-til-hazard-skader\/\"]}]},{\"@type\":\"BreadcrumbList\",\"@id\":\"https:\/\/acefootball.com\/da\/fodboldnyheder\/belgisk-laege-giver-besynderlig-aarsag-til-hazard-skader\/#breadcrumb\",\"itemListElement\":[{\"@type\":\"ListItem\",\"position\":1,\"name\":\"Home\",\"item\":\"https:\/\/acefootball.com\/da\/\"},{\"@type\":\"ListItem\",\"position\":2,\"name\":\"Belgisk l\u00e6ge giver besynderlig \u00e5rsag til Hazard-skader\"}]},{\"@type\":\"Article\",\"@id\":\"https:\/\/acefootball.com\/da\/fodboldnyheder\/belgisk-laege-giver-besynderlig-aarsag-til-hazard-skader\/#article\",\"isPartOf\":{\"@id\":\"https:\/\/acefootball.com\/da\/fodboldnyheder\/belgisk-laege-giver-besynderlig-aarsag-til-hazard-skader\/#webpage\"},\"author\":{\"@id\":\"https:\/\/acefootball.com\/da\/#\/schema\/person\/ee67e9cf04a276f144100ffa722f10cd\"},\"headline\":\"Belgisk l\u00e6ge giver besynderlig \u00e5rsag til Hazard-skader\",\"datePublished\":\"2020-11-30T18:05:17+00:00\",\"dateModified\":\"2020-11-30T18:08:09+00:00\",\"mainEntityOfPage\":{\"@id\":\"https:\/\/acefootball.com\/da\/fodboldnyheder\/belgisk-laege-giver-besynderlig-aarsag-til-hazard-skader\/#webpage\"},\"wordCount\":328,\"commentCount\":0,\"publisher\":{\"@id\":\"https:\/\/acefootball.com\/da\/#organization\"},\"image\":{\"@id\":\"https:\/\/acefootball.com\/da\/fodboldnyheder\/belgisk-laege-giver-besynderlig-aarsag-til-hazard-skader\/#primaryimage\"},\"thumbnailUrl\":\"https:\/\/acefootball.com\/da\/wp-content\/uploads\/sites\/2\/2020\/11\/GettyImages-1186569510.jpg\",\"keywords\":[\"Belgien\",\"Eden Hazard\",\"La Liga\",\"Real Madrid\"],\"articleSection\":[\"Udtalelse\"],\"inLanguage\":\"en-US\",\"potentialAction\":[{\"@type\":\"CommentAction\",\"name\":\"Comment\",\"target\":[\"https:\/\/acefootball.com\/da\/fodboldnyheder\/belgisk-laege-giver-besynderlig-aarsag-til-hazard-skader\/#respond\"]}]},{\"@type\":\"Person\",\"@id\":\"https:\/\/acefootball.com\/da\/#\/schema\/person\/ee67e9cf04a276f144100ffa722f10cd\",\"name\":\"Mads Dreyer\",\"image\":{\"@type\":\"ImageObject\",\"@id\":\"https:\/\/acefootball.com\/da\/#personlogo\",\"inLanguage\":\"en-US\",\"url\":\"https:\/\/secure.gravatar.com\/avatar\/7c7abf72cfde9902b6a60efe60c88d4c?s=96&d=mm&r=g\",\"contentUrl\":\"https:\/\/secure.gravatar.com\/avatar\/7c7abf72cfde9902b6a60efe60c88d4c?s=96&d=mm&r=g\",\"caption\":\"Mads Dreyer\"},\"description\":\"Skribent og fodboldn\u00f8rd, der lige nu fort\u00e6ller om alt og intet i fodboldverdenen p\u00e5 acefootball.com. Uddannet i kommunikation fra Aalborg Universitet.\",\"sameAs\":[\"https:\/\/www.linkedin.com\/in\/mads-dreyer-b9b08266\/\"],\"url\":\"https:\/\/acefootball.com\/da\/fodboldnyheder\/author\/mdnronaldo\/\"}]}<\/script>\n<!-- \/ Yoast SEO plugin. -->","yoast_head_json":{"title":"Belgisk l\u00e6ge giver besynderlig \u00e5rsag til Hazard-skader","description":"Eden Hazard m\u00e5 igen tage plads p\u00e5 tribunen, efter Real Madrid har meldt den belgiske stjerne ude med en ny skade","robots":{"index":"index","follow":"follow","max-snippet":"max-snippet:-1","max-image-preview":"max-image-preview:large","max-video-preview":"max-video-preview:-1"},"canonical":"https:\/\/acefootball.com\/da\/fodboldnyheder\/belgisk-laege-giver-besynderlig-aarsag-til-hazard-skader\/","og_locale":"en_US","og_type":"article","og_title":"Belgisk l\u00e6ge giver besynderlig \u00e5rsag til Hazard-skader","og_description":"Eden Hazard m\u00e5 igen tage plads p\u00e5 tribunen, efter Real Madrid har meldt den belgiske stjerne ude med en ny skade","og_url":"https:\/\/acefootball.com\/da\/fodboldnyheder\/belgisk-laege-giver-besynderlig-aarsag-til-hazard-skader\/","og_site_name":"Ace Football Danmark","article_publisher":"https:\/\/www.facebook.com\/acefootballdk","article_published_time":"2020-11-30T18:05:17+00:00","article_modified_time":"2020-11-30T18:08:09+00:00","og_image":[{"width":1920,"height":1008,"url":"https:\/\/acefootball.com\/da\/wp-content\/uploads\/sites\/2\/2020\/11\/Ace-5-18.jpg","type":"image\/jpeg"}],"twitter_card":"summary_large_image","twitter_misc":{"Written by":"Mads Dreyer","Est. reading time":"2 minutes"},"schema":{"@context":"https:\/\/schema.org","@graph":[{"@type":"Organization","@id":"https:\/\/acefootball.com\/da\/#organization","name":"Ace Football","url":"https:\/\/acefootball.com\/da\/","sameAs":["https:\/\/www.facebook.com\/acefootballdk"],"logo":{"@type":"ImageObject","@id":"https:\/\/acefootball.com\/da\/#logo","inLanguage":"en-US","url":"https:\/\/acefootball.com\/da\/wp-content\/uploads\/sites\/2\/2020\/07\/Ace-Football-30-07-2020-2.png","contentUrl":"https:\/\/acefootball.com\/da\/wp-content\/uploads\/sites\/2\/2020\/07\/Ace-Football-30-07-2020-2.png","width":1200,"height":600,"caption":"Ace Football"},"image":{"@id":"https:\/\/acefootball.com\/da\/#logo"}},{"@type":"WebSite","@id":"https:\/\/acefootball.com\/da\/#website","url":"https:\/\/acefootball.com\/da\/","name":"Ace Football Danmark","description":"Nyheder, Spiltips &amp; Livescore","publisher":{"@id":"https:\/\/acefootball.com\/da\/#organization"},"potentialAction":[{"@type":"SearchAction","target":{"@type":"EntryPoint","urlTemplate":"https:\/\/acefootball.com\/da\/?s={search_term_string}"},"query-input":"required name=search_term_string"}],"inLanguage":"en-US"},{"@type":"ImageObject","@id":"https:\/\/acefootball.com\/da\/fodboldnyheder\/belgisk-laege-giver-besynderlig-aarsag-til-hazard-skader\/#primaryimage","inLanguage":"en-US","url":"https:\/\/acefootball.com\/da\/wp-content\/uploads\/sites\/2\/2020\/11\/Ace-5-18.jpg","contentUrl":"https:\/\/acefootball.com\/da\/wp-content\/uploads\/sites\/2\/2020\/11\/Ace-5-18.jpg","width":1920,"height":1008},{"@type":"WebPage","@id":"https:\/\/acefootball.com\/da\/fodboldnyheder\/belgisk-laege-giver-besynderlig-aarsag-til-hazard-skader\/#webpage","url":"https:\/\/acefootball.com\/da\/fodboldnyheder\/belgisk-laege-giver-besynderlig-aarsag-til-hazard-skader\/","name":"Belgisk l\u00e6ge giver besynderlig \u00e5rsag til Hazard-skader","isPartOf":{"@id":"https:\/\/acefootball.com\/da\/#website"},"primaryImageOfPage":{"@id":"https:\/\/acefootball.com\/da\/fodboldnyheder\/belgisk-laege-giver-besynderlig-aarsag-til-hazard-skader\/#primaryimage"},"datePublished":"2020-11-30T18:05:17+00:00","dateModified":"2020-11-30T18:08:09+00:00","description":"Eden Hazard m\u00e5 igen tage plads p\u00e5 tribunen, efter Real Madrid har meldt den belgiske stjerne ude med en ny skade","breadcrumb":{"@id":"https:\/\/acefootball.com\/da\/fodboldnyheder\/belgisk-laege-giver-besynderlig-aarsag-til-hazard-skader\/#breadcrumb"},"inLanguage":"en-US","potentialAction":[{"@type":"ReadAction","target":["https:\/\/acefootball.com\/da\/fodboldnyheder\/belgisk-laege-giver-besynderlig-aarsag-til-hazard-skader\/"]}]},{"@type":"BreadcrumbList","@id":"https:\/\/acefootball.com\/da\/fodboldnyheder\/belgisk-laege-giver-besynderlig-aarsag-til-hazard-skader\/#breadcrumb","itemListElement":[{"@type":"ListItem","position":1,"name":"Home","item":"https:\/\/acefootball.com\/da\/"},{"@type":"ListItem","position":2,"name":"Belgisk l\u00e6ge giver besynderlig \u00e5rsag til Hazard-skader"}]},{"@type":"Article","@id":"https:\/\/acefootball.com\/da\/fodboldnyheder\/belgisk-laege-giver-besynderlig-aarsag-til-hazard-skader\/#article","isPartOf":{"@id":"https:\/\/acefootball.com\/da\/fodboldnyheder\/belgisk-laege-giver-besynderlig-aarsag-til-hazard-skader\/#webpage"},"author":{"@id":"https:\/\/acefootball.com\/da\/#\/schema\/person\/ee67e9cf04a276f144100ffa722f10cd"},"headline":"Belgisk l\u00e6ge giver besynderlig \u00e5rsag til Hazard-skader","datePublished":"2020-11-30T18:05:17+00:00","dateModified":"2020-11-30T18:08:09+00:00","mainEntityOfPage":{"@id":"https:\/\/acefootball.com\/da\/fodboldnyheder\/belgisk-laege-giver-besynderlig-aarsag-til-hazard-skader\/#webpage"},"wordCount":328,"commentCount":0,"publisher":{"@id":"https:\/\/acefootball.com\/da\/#organization"},"image":{"@id":"https:\/\/acefootball.com\/da\/fodboldnyheder\/belgisk-laege-giver-besynderlig-aarsag-til-hazard-skader\/#primaryimage"},"thumbnailUrl":"https:\/\/acefootball.com\/da\/wp-content\/uploads\/sites\/2\/2020\/11\/GettyImages-1186569510.jpg","keywords":["Belgien","Eden Hazard","La Liga","Real Madrid"],"articleSection":["Udtalelse"],"inLanguage":"en-US","potentialAction":[{"@type":"CommentAction","name":"Comment","target":["https:\/\/acefootball.com\/da\/fodboldnyheder\/belgisk-laege-giver-besynderlig-aarsag-til-hazard-skader\/#respond"]}]},{"@type":"Person","@id":"https:\/\/acefootball.com\/da\/#\/schema\/person\/ee67e9cf04a276f144100ffa722f10cd","name":"Mads Dreyer","image":{"@type":"ImageObject","@id":"https:\/\/acefootball.com\/da\/#personlogo","inLanguage":"en-US","url":"https:\/\/secure.gravatar.com\/avatar\/7c7abf72cfde9902b6a60efe60c88d4c?s=96&d=mm&r=g","contentUrl":"https:\/\/secure.gravatar.com\/avatar\/7c7abf72cfde9902b6a60efe60c88d4c?s=96&d=mm&r=g","caption":"Mads Dreyer"},"description":"Skribent og fodboldn\u00f8rd, der lige nu fort\u00e6ller om alt og intet i fodboldverdenen p\u00e5 acefootball.com. Uddannet i kommunikation fra Aalborg Universitet.","sameAs":["https:\/\/www.linkedin.com\/in\/mads-dreyer-b9b08266\/"],"url":"https:\/\/acefootball.com\/da\/fodboldnyheder\/author\/mdnronaldo\/"}]}},"fimg_url":"https:\/\/acefootball.com\/da\/wp-content\/uploads\/sites\/2\/2020\/11\/GettyImages-1186569510.jpg","_links":{"self":[{"href":"https:\/\/acefootball.com\/da\/wp-json\/wp\/v2\/posts\/245161"}],"collection":[{"href":"https:\/\/acefootball.com\/da\/wp-json\/wp\/v2\/posts"}],"about":[{"href":"https:\/\/acefootball.com\/da\/wp-json\/wp\/v2\/types\/post"}],"author":[{"embeddable":true,"href":"https:\/\/acefootball.com\/da\/wp-json\/wp\/v2\/users\/705"}],"replies":[{"embeddable":true,"href":"https:\/\/acefootball.com\/da\/wp-json\/wp\/v2\/comments?post=245161"}],"version-history":[{"count":0,"href":"https:\/\/acefootball.com\/da\/wp-json\/wp\/v2\/posts\/245161\/revisions"}],"wp:featuredmedia":[{"embeddable":true,"href":"https:\/\/acefootball.com\/da\/wp-json\/wp\/v2\/media\/245163"}],"wp:attachment":[{"href":"https:\/\/acefootball.com\/da\/wp-json\/wp\/v2\/media?parent=245161"}],"wp:term":[{"taxonomy":"category","embeddable":true,"href":"https:\/\/acefootball.com\/da\/wp-json\/wp\/v2\/categories?post=245161"},{"taxonomy":"post_tag","embeddable":true,"href":"https:\/\/acefootball.com\/da\/wp-json\/wp\/v2\/tags?post=245161"}],"curies":[{"name":"wp","href":"https:\/\/api.w.org\/{rel}","templated":true}]}}