{"id":245021,"date":"2020-11-29T12:07:11","date_gmt":"2020-11-29T11:07:11","guid":{"rendered":"https:\/\/acefootball.com\/da\/?p=245021"},"modified":"2020-11-29T12:07:12","modified_gmt":"2020-11-29T11:07:12","slug":"fck-spillere-saar-tvivl-om-staale-solbakken-i-nyt-interview","status":"publish","type":"post","link":"https:\/\/acefootball.com\/da\/fodboldnyheder\/fck-spillere-saar-tvivl-om-staale-solbakken-i-nyt-interview\/","title":{"rendered":"FCK-spillere s\u00e5r tvivl om St\u00e5le Solbakken i nyt interview"},"content":{"rendered":"\n<h2 id=\"h-i-et-interview-til-canal-9-deler-nicolai-boilesen-og-rasmus-falk-deres-tanker-om-livet-som-spiller-i-fc-k-benhavn-under-st-le-solbakken\">I et interview til Canal 9 deler Nicolai Boilesen og Rasmus Falk deres tanker om livet som spiller i FC K\u00f8benhavn under St\u00e5le Solbakken<\/h2>\n\n\n\n<p>Sidste s\u00f8ndag \u00e5bnede St\u00e5le Solbakken op om egne oplevelser i forbindelse med fyringen i FC K\u00f8benhavn for et par uger siden, og her blev der langet voldsomt ud efter klubbens ledelse.<\/p>\n\n\n\n<p>Nu modtager nordmanden dog ogs\u00e5 selv, hvad der kan tolkes som kritik, og den kommer fra profilerne Nicolai Boilesen og Rasmus Falk, som har \u00e5bnet op i et interview til Canal 9.<\/p>\n\n\n\n<figure class=\"wp-block-embed-wordpress wp-block-embed is-type-wp-embed is-provider-ace-football-danmark\"><div class=\"wp-block-embed__wrapper\">\n<blockquote class=\"wp-embedded-content\" data-secret=\"IWKLk5AkL2\"><a href=\"https:\/\/acefootball.com\/da\/fodboldnyheder\/corona-ramte-fc-koebenhavn-faar-problemer-i-haderslev\/\">Corona-ramte FC K\u00f8benhavn f\u00e5r problemer i Haderslev<\/a><\/blockquote><iframe class=\"wp-embedded-content\" sandbox=\"allow-scripts\" security=\"restricted\" style=\"position: absolute; clip: rect(1px, 1px, 1px, 1px);\" title=\"&#8220;Corona-ramte FC K\u00f8benhavn f\u00e5r problemer i Haderslev&#8221; &#8212; Ace Football Danmark\" src=\"https:\/\/acefootball.com\/da\/fodboldnyheder\/corona-ramte-fc-koebenhavn-faar-problemer-i-haderslev\/embed\/#?secret=IWKLk5AkL2\" data-secret=\"IWKLk5AkL2\" width=\"600\" height=\"338\" frameborder=\"0\" marginwidth=\"0\" marginheight=\"0\" scrolling=\"no\"><\/iframe>\n<\/div><\/figure>\n\n\n\n<p>&#8220;Der er rigtig, rigtig mange, der mangler enten selvtillid eller en tiltro til tingene og et sammenhold,&#8221; fort\u00e6ller Boilesen med reference til ledelsesstilen under Solbakken.<\/p>\n\n\n\n<p>Du kan se en bid af interviewet, som bliver vist som optakt til FC K\u00f8benhavns kamp mod S\u00f8nderjyskE i dag.<\/p>\n\n\n\n<figure class=\"wp-block-embed-twitter wp-block-embed is-type-rich is-provider-twitter\"><div class=\"wp-block-embed__wrapper\">\n<blockquote class=\"twitter-tweet\" data-width=\"550\" data-dnt=\"true\"><p lang=\"da\" dir=\"ltr\">For f\u00f8rste gang siden fyringen af St\u00e5le Solbakken har et par af spillerne i FC K\u00f8benhavn valgt at fort\u00e6lle om egne oplevelser af nordmandens mandskabsbehandling og ledelsesstil.<br><br>Se hele indslaget allerede fra klokken 14.00 i optakten til S\u00f8nderjyskE \u2013 FCK p\u00e5 Canal 9 og Dplay. <a href=\"https:\/\/t.co\/rf2iPbeQuL\">pic.twitter.com\/rf2iPbeQuL<\/a><\/p>&mdash; Canal9 (@Canal9dk) <a href=\"https:\/\/twitter.com\/Canal9dk\/status\/1332957468058501125?ref_src=twsrc%5Etfw\">November 29, 2020<\/a><\/blockquote><script async src=\"https:\/\/platform.twitter.com\/widgets.js\" charset=\"utf-8\"><\/script>\n<\/div><\/figure>\n","protected":false},"excerpt":{"rendered":"<p>I et interview til Canal 9 deler Nicolai Boilesen og Rasmus Falk deres tanker om livet som spiller i FC K\u00f8benhavn under St\u00e5le Solbakken<\/p>\n","protected":false},"author":705,"featured_media":234070,"comment_status":"open","ping_status":"closed","sticky":false,"template":"","format":"video","meta":{"om_disable_all_campaigns":false,"push_articles_ronaldo":{"active":false,"canonical":0,"publish":false},"force_updates":null},"categories":[8204],"tags":[16,230,648,182,588],"enet_tags":{"team":["8391"],"player":["191994","199818","78638"],"league":["46"],"sport_events":[]},"yoast_head":"<!-- This site is optimized with the Yoast SEO plugin v18.3 - https:\/\/yoast.com\/wordpress\/plugins\/seo\/ -->\n<title>FCK-spillere s\u00e5r tvivl om St\u00e5le Solbakken i nyt interview<\/title>\n<meta name=\"description\" content=\"I et interview til Canal 9 deler Nicolai Boilesen og Rasmus Falk deres tanker om livet som spiller i FC K\u00f8benhavn under St\u00e5le Solbakken\" \/>\n<meta name=\"robots\" content=\"index, follow, max-snippet:-1, max-image-preview:large, max-video-preview:-1\" \/>\n<link rel=\"canonical\" href=\"https:\/\/acefootball.com\/da\/fodboldnyheder\/fck-spillere-saar-tvivl-om-staale-solbakken-i-nyt-interview\/\" \/>\n<meta property=\"og:locale\" content=\"en_US\" \/>\n<meta property=\"og:type\" content=\"article\" \/>\n<meta property=\"og:title\" content=\"FCK-spillere s\u00e5r tvivl om St\u00e5le Solbakken i nyt interview\" \/>\n<meta property=\"og:description\" content=\"I et interview til Canal 9 deler Nicolai Boilesen og Rasmus Falk deres tanker om livet som spiller i FC K\u00f8benhavn under St\u00e5le Solbakken\" \/>\n<meta property=\"og:url\" content=\"https:\/\/acefootball.com\/da\/fodboldnyheder\/fck-spillere-saar-tvivl-om-staale-solbakken-i-nyt-interview\/\" \/>\n<meta property=\"og:site_name\" content=\"Ace Football Danmark\" \/>\n<meta property=\"article:publisher\" content=\"https:\/\/www.facebook.com\/acefootballdk\" \/>\n<meta property=\"article:published_time\" content=\"2020-11-29T11:07:11+00:00\" \/>\n<meta property=\"article:modified_time\" content=\"2020-11-29T11:07:12+00:00\" \/>\n<meta property=\"og:image\" content=\"https:\/\/acefootball.com\/da\/wp-content\/uploads\/sites\/2\/2020\/11\/Ace-1-17.jpg\" \/>\n\t<meta property=\"og:image:width\" content=\"1920\" \/>\n\t<meta property=\"og:image:height\" content=\"1008\" \/>\n\t<meta property=\"og:image:type\" content=\"image\/jpeg\" \/>\n<meta name=\"twitter:card\" content=\"summary_large_image\" \/>\n<meta name=\"twitter:label1\" content=\"Written by\" \/>\n\t<meta name=\"twitter:data1\" content=\"Mads Dreyer\" \/>\n\t<meta name=\"twitter:label2\" content=\"Est. reading time\" \/>\n\t<meta name=\"twitter:data2\" content=\"1 minute\" \/>\n<script type=\"application\/ld+json\" class=\"yoast-schema-graph\">{\"@context\":\"https:\/\/schema.org\",\"@graph\":[{\"@type\":\"Organization\",\"@id\":\"https:\/\/acefootball.com\/da\/#organization\",\"name\":\"Ace Football\",\"url\":\"https:\/\/acefootball.com\/da\/\",\"sameAs\":[\"https:\/\/www.facebook.com\/acefootballdk\"],\"logo\":{\"@type\":\"ImageObject\",\"@id\":\"https:\/\/acefootball.com\/da\/#logo\",\"inLanguage\":\"en-US\",\"url\":\"https:\/\/acefootball.com\/da\/wp-content\/uploads\/sites\/2\/2020\/07\/Ace-Football-30-07-2020-2.png\",\"contentUrl\":\"https:\/\/acefootball.com\/da\/wp-content\/uploads\/sites\/2\/2020\/07\/Ace-Football-30-07-2020-2.png\",\"width\":1200,\"height\":600,\"caption\":\"Ace Football\"},\"image\":{\"@id\":\"https:\/\/acefootball.com\/da\/#logo\"}},{\"@type\":\"WebSite\",\"@id\":\"https:\/\/acefootball.com\/da\/#website\",\"url\":\"https:\/\/acefootball.com\/da\/\",\"name\":\"Ace Football Danmark\",\"description\":\"Nyheder, Spiltips &amp; Livescore\",\"publisher\":{\"@id\":\"https:\/\/acefootball.com\/da\/#organization\"},\"potentialAction\":[{\"@type\":\"SearchAction\",\"target\":{\"@type\":\"EntryPoint\",\"urlTemplate\":\"https:\/\/acefootball.com\/da\/?s={search_term_string}\"},\"query-input\":\"required name=search_term_string\"}],\"inLanguage\":\"en-US\"},{\"@type\":\"ImageObject\",\"@id\":\"https:\/\/acefootball.com\/da\/fodboldnyheder\/fck-spillere-saar-tvivl-om-staale-solbakken-i-nyt-interview\/#primaryimage\",\"inLanguage\":\"en-US\",\"url\":\"https:\/\/acefootball.com\/da\/wp-content\/uploads\/sites\/2\/2020\/11\/Ace-1-17.jpg\",\"contentUrl\":\"https:\/\/acefootball.com\/da\/wp-content\/uploads\/sites\/2\/2020\/11\/Ace-1-17.jpg\",\"width\":1920,\"height\":1008},{\"@type\":\"WebPage\",\"@id\":\"https:\/\/acefootball.com\/da\/fodboldnyheder\/fck-spillere-saar-tvivl-om-staale-solbakken-i-nyt-interview\/#webpage\",\"url\":\"https:\/\/acefootball.com\/da\/fodboldnyheder\/fck-spillere-saar-tvivl-om-staale-solbakken-i-nyt-interview\/\",\"name\":\"FCK-spillere s\u00e5r tvivl om St\u00e5le Solbakken i nyt interview\",\"isPartOf\":{\"@id\":\"https:\/\/acefootball.com\/da\/#website\"},\"primaryImageOfPage\":{\"@id\":\"https:\/\/acefootball.com\/da\/fodboldnyheder\/fck-spillere-saar-tvivl-om-staale-solbakken-i-nyt-interview\/#primaryimage\"},\"datePublished\":\"2020-11-29T11:07:11+00:00\",\"dateModified\":\"2020-11-29T11:07:12+00:00\",\"description\":\"I et interview til Canal 9 deler Nicolai Boilesen og Rasmus Falk deres tanker om livet som spiller i FC K\u00f8benhavn under St\u00e5le Solbakken\",\"breadcrumb\":{\"@id\":\"https:\/\/acefootball.com\/da\/fodboldnyheder\/fck-spillere-saar-tvivl-om-staale-solbakken-i-nyt-interview\/#breadcrumb\"},\"inLanguage\":\"en-US\",\"potentialAction\":[{\"@type\":\"ReadAction\",\"target\":[\"https:\/\/acefootball.com\/da\/fodboldnyheder\/fck-spillere-saar-tvivl-om-staale-solbakken-i-nyt-interview\/\"]}]},{\"@type\":\"BreadcrumbList\",\"@id\":\"https:\/\/acefootball.com\/da\/fodboldnyheder\/fck-spillere-saar-tvivl-om-staale-solbakken-i-nyt-interview\/#breadcrumb\",\"itemListElement\":[{\"@type\":\"ListItem\",\"position\":1,\"name\":\"Home\",\"item\":\"https:\/\/acefootball.com\/da\/\"},{\"@type\":\"ListItem\",\"position\":2,\"name\":\"FCK-spillere s\u00e5r tvivl om St\u00e5le Solbakken i nyt interview\"}]},{\"@type\":\"Article\",\"@id\":\"https:\/\/acefootball.com\/da\/fodboldnyheder\/fck-spillere-saar-tvivl-om-staale-solbakken-i-nyt-interview\/#article\",\"isPartOf\":{\"@id\":\"https:\/\/acefootball.com\/da\/fodboldnyheder\/fck-spillere-saar-tvivl-om-staale-solbakken-i-nyt-interview\/#webpage\"},\"author\":{\"@id\":\"https:\/\/acefootball.com\/da\/#\/schema\/person\/ee67e9cf04a276f144100ffa722f10cd\"},\"headline\":\"FCK-spillere s\u00e5r tvivl om St\u00e5le Solbakken i nyt interview\",\"datePublished\":\"2020-11-29T11:07:11+00:00\",\"dateModified\":\"2020-11-29T11:07:12+00:00\",\"mainEntityOfPage\":{\"@id\":\"https:\/\/acefootball.com\/da\/fodboldnyheder\/fck-spillere-saar-tvivl-om-staale-solbakken-i-nyt-interview\/#webpage\"},\"wordCount\":161,\"commentCount\":0,\"publisher\":{\"@id\":\"https:\/\/acefootball.com\/da\/#organization\"},\"image\":{\"@id\":\"https:\/\/acefootball.com\/da\/fodboldnyheder\/fck-spillere-saar-tvivl-om-staale-solbakken-i-nyt-interview\/#primaryimage\"},\"thumbnailUrl\":\"https:\/\/acefootball.com\/da\/wp-content\/uploads\/sites\/2\/2020\/08\/GettyImages-1227694937.jpg\",\"keywords\":[\"FC K\u00f8benhavn\",\"Nicolai Boilesen\",\"Rasmus Falk\",\"St\u00e5le Solbakken\",\"Superligaen\"],\"articleSection\":[\"Udtalelse\"],\"inLanguage\":\"en-US\",\"potentialAction\":[{\"@type\":\"CommentAction\",\"name\":\"Comment\",\"target\":[\"https:\/\/acefootball.com\/da\/fodboldnyheder\/fck-spillere-saar-tvivl-om-staale-solbakken-i-nyt-interview\/#respond\"]}]},{\"@type\":\"Person\",\"@id\":\"https:\/\/acefootball.com\/da\/#\/schema\/person\/ee67e9cf04a276f144100ffa722f10cd\",\"name\":\"Mads Dreyer\",\"image\":{\"@type\":\"ImageObject\",\"@id\":\"https:\/\/acefootball.com\/da\/#personlogo\",\"inLanguage\":\"en-US\",\"url\":\"https:\/\/secure.gravatar.com\/avatar\/7c7abf72cfde9902b6a60efe60c88d4c?s=96&d=mm&r=g\",\"contentUrl\":\"https:\/\/secure.gravatar.com\/avatar\/7c7abf72cfde9902b6a60efe60c88d4c?s=96&d=mm&r=g\",\"caption\":\"Mads Dreyer\"},\"description\":\"Skribent og fodboldn\u00f8rd, der lige nu fort\u00e6ller om alt og intet i fodboldverdenen p\u00e5 acefootball.com. Uddannet i kommunikation fra Aalborg Universitet.\",\"sameAs\":[\"https:\/\/www.linkedin.com\/in\/mads-dreyer-b9b08266\/\"],\"url\":\"https:\/\/acefootball.com\/da\/fodboldnyheder\/author\/mdnronaldo\/\"}]}<\/script>\n<!-- \/ Yoast SEO plugin. -->","yoast_head_json":{"title":"FCK-spillere s\u00e5r tvivl om St\u00e5le Solbakken i nyt interview","description":"I et interview til Canal 9 deler Nicolai Boilesen og Rasmus Falk deres tanker om livet som spiller i FC K\u00f8benhavn under St\u00e5le Solbakken","robots":{"index":"index","follow":"follow","max-snippet":"max-snippet:-1","max-image-preview":"max-image-preview:large","max-video-preview":"max-video-preview:-1"},"canonical":"https:\/\/acefootball.com\/da\/fodboldnyheder\/fck-spillere-saar-tvivl-om-staale-solbakken-i-nyt-interview\/","og_locale":"en_US","og_type":"article","og_title":"FCK-spillere s\u00e5r tvivl om St\u00e5le Solbakken i nyt interview","og_description":"I et interview til Canal 9 deler Nicolai Boilesen og Rasmus Falk deres tanker om livet som spiller i FC K\u00f8benhavn under St\u00e5le Solbakken","og_url":"https:\/\/acefootball.com\/da\/fodboldnyheder\/fck-spillere-saar-tvivl-om-staale-solbakken-i-nyt-interview\/","og_site_name":"Ace Football Danmark","article_publisher":"https:\/\/www.facebook.com\/acefootballdk","article_published_time":"2020-11-29T11:07:11+00:00","article_modified_time":"2020-11-29T11:07:12+00:00","og_image":[{"width":1920,"height":1008,"url":"https:\/\/acefootball.com\/da\/wp-content\/uploads\/sites\/2\/2020\/11\/Ace-1-17.jpg","type":"image\/jpeg"}],"twitter_card":"summary_large_image","twitter_misc":{"Written by":"Mads Dreyer","Est. reading time":"1 minute"},"schema":{"@context":"https:\/\/schema.org","@graph":[{"@type":"Organization","@id":"https:\/\/acefootball.com\/da\/#organization","name":"Ace Football","url":"https:\/\/acefootball.com\/da\/","sameAs":["https:\/\/www.facebook.com\/acefootballdk"],"logo":{"@type":"ImageObject","@id":"https:\/\/acefootball.com\/da\/#logo","inLanguage":"en-US","url":"https:\/\/acefootball.com\/da\/wp-content\/uploads\/sites\/2\/2020\/07\/Ace-Football-30-07-2020-2.png","contentUrl":"https:\/\/acefootball.com\/da\/wp-content\/uploads\/sites\/2\/2020\/07\/Ace-Football-30-07-2020-2.png","width":1200,"height":600,"caption":"Ace Football"},"image":{"@id":"https:\/\/acefootball.com\/da\/#logo"}},{"@type":"WebSite","@id":"https:\/\/acefootball.com\/da\/#website","url":"https:\/\/acefootball.com\/da\/","name":"Ace Football Danmark","description":"Nyheder, Spiltips &amp; Livescore","publisher":{"@id":"https:\/\/acefootball.com\/da\/#organization"},"potentialAction":[{"@type":"SearchAction","target":{"@type":"EntryPoint","urlTemplate":"https:\/\/acefootball.com\/da\/?s={search_term_string}"},"query-input":"required name=search_term_string"}],"inLanguage":"en-US"},{"@type":"ImageObject","@id":"https:\/\/acefootball.com\/da\/fodboldnyheder\/fck-spillere-saar-tvivl-om-staale-solbakken-i-nyt-interview\/#primaryimage","inLanguage":"en-US","url":"https:\/\/acefootball.com\/da\/wp-content\/uploads\/sites\/2\/2020\/11\/Ace-1-17.jpg","contentUrl":"https:\/\/acefootball.com\/da\/wp-content\/uploads\/sites\/2\/2020\/11\/Ace-1-17.jpg","width":1920,"height":1008},{"@type":"WebPage","@id":"https:\/\/acefootball.com\/da\/fodboldnyheder\/fck-spillere-saar-tvivl-om-staale-solbakken-i-nyt-interview\/#webpage","url":"https:\/\/acefootball.com\/da\/fodboldnyheder\/fck-spillere-saar-tvivl-om-staale-solbakken-i-nyt-interview\/","name":"FCK-spillere s\u00e5r tvivl om St\u00e5le Solbakken i nyt interview","isPartOf":{"@id":"https:\/\/acefootball.com\/da\/#website"},"primaryImageOfPage":{"@id":"https:\/\/acefootball.com\/da\/fodboldnyheder\/fck-spillere-saar-tvivl-om-staale-solbakken-i-nyt-interview\/#primaryimage"},"datePublished":"2020-11-29T11:07:11+00:00","dateModified":"2020-11-29T11:07:12+00:00","description":"I et interview til Canal 9 deler Nicolai Boilesen og Rasmus Falk deres tanker om livet som spiller i FC K\u00f8benhavn under St\u00e5le Solbakken","breadcrumb":{"@id":"https:\/\/acefootball.com\/da\/fodboldnyheder\/fck-spillere-saar-tvivl-om-staale-solbakken-i-nyt-interview\/#breadcrumb"},"inLanguage":"en-US","potentialAction":[{"@type":"ReadAction","target":["https:\/\/acefootball.com\/da\/fodboldnyheder\/fck-spillere-saar-tvivl-om-staale-solbakken-i-nyt-interview\/"]}]},{"@type":"BreadcrumbList","@id":"https:\/\/acefootball.com\/da\/fodboldnyheder\/fck-spillere-saar-tvivl-om-staale-solbakken-i-nyt-interview\/#breadcrumb","itemListElement":[{"@type":"ListItem","position":1,"name":"Home","item":"https:\/\/acefootball.com\/da\/"},{"@type":"ListItem","position":2,"name":"FCK-spillere s\u00e5r tvivl om St\u00e5le Solbakken i nyt interview"}]},{"@type":"Article","@id":"https:\/\/acefootball.com\/da\/fodboldnyheder\/fck-spillere-saar-tvivl-om-staale-solbakken-i-nyt-interview\/#article","isPartOf":{"@id":"https:\/\/acefootball.com\/da\/fodboldnyheder\/fck-spillere-saar-tvivl-om-staale-solbakken-i-nyt-interview\/#webpage"},"author":{"@id":"https:\/\/acefootball.com\/da\/#\/schema\/person\/ee67e9cf04a276f144100ffa722f10cd"},"headline":"FCK-spillere s\u00e5r tvivl om St\u00e5le Solbakken i nyt interview","datePublished":"2020-11-29T11:07:11+00:00","dateModified":"2020-11-29T11:07:12+00:00","mainEntityOfPage":{"@id":"https:\/\/acefootball.com\/da\/fodboldnyheder\/fck-spillere-saar-tvivl-om-staale-solbakken-i-nyt-interview\/#webpage"},"wordCount":161,"commentCount":0,"publisher":{"@id":"https:\/\/acefootball.com\/da\/#organization"},"image":{"@id":"https:\/\/acefootball.com\/da\/fodboldnyheder\/fck-spillere-saar-tvivl-om-staale-solbakken-i-nyt-interview\/#primaryimage"},"thumbnailUrl":"https:\/\/acefootball.com\/da\/wp-content\/uploads\/sites\/2\/2020\/08\/GettyImages-1227694937.jpg","keywords":["FC K\u00f8benhavn","Nicolai Boilesen","Rasmus Falk","St\u00e5le Solbakken","Superligaen"],"articleSection":["Udtalelse"],"inLanguage":"en-US","potentialAction":[{"@type":"CommentAction","name":"Comment","target":["https:\/\/acefootball.com\/da\/fodboldnyheder\/fck-spillere-saar-tvivl-om-staale-solbakken-i-nyt-interview\/#respond"]}]},{"@type":"Person","@id":"https:\/\/acefootball.com\/da\/#\/schema\/person\/ee67e9cf04a276f144100ffa722f10cd","name":"Mads Dreyer","image":{"@type":"ImageObject","@id":"https:\/\/acefootball.com\/da\/#personlogo","inLanguage":"en-US","url":"https:\/\/secure.gravatar.com\/avatar\/7c7abf72cfde9902b6a60efe60c88d4c?s=96&d=mm&r=g","contentUrl":"https:\/\/secure.gravatar.com\/avatar\/7c7abf72cfde9902b6a60efe60c88d4c?s=96&d=mm&r=g","caption":"Mads Dreyer"},"description":"Skribent og fodboldn\u00f8rd, der lige nu fort\u00e6ller om alt og intet i fodboldverdenen p\u00e5 acefootball.com. Uddannet i kommunikation fra Aalborg Universitet.","sameAs":["https:\/\/www.linkedin.com\/in\/mads-dreyer-b9b08266\/"],"url":"https:\/\/acefootball.com\/da\/fodboldnyheder\/author\/mdnronaldo\/"}]}},"fimg_url":"https:\/\/acefootball.com\/da\/wp-content\/uploads\/sites\/2\/2020\/08\/GettyImages-1227694937.jpg","_links":{"self":[{"href":"https:\/\/acefootball.com\/da\/wp-json\/wp\/v2\/posts\/245021"}],"collection":[{"href":"https:\/\/acefootball.com\/da\/wp-json\/wp\/v2\/posts"}],"about":[{"href":"https:\/\/acefootball.com\/da\/wp-json\/wp\/v2\/types\/post"}],"author":[{"embeddable":true,"href":"https:\/\/acefootball.com\/da\/wp-json\/wp\/v2\/users\/705"}],"replies":[{"embeddable":true,"href":"https:\/\/acefootball.com\/da\/wp-json\/wp\/v2\/comments?post=245021"}],"version-history":[{"count":0,"href":"https:\/\/acefootball.com\/da\/wp-json\/wp\/v2\/posts\/245021\/revisions"}],"wp:featuredmedia":[{"embeddable":true,"href":"https:\/\/acefootball.com\/da\/wp-json\/wp\/v2\/media\/234070"}],"wp:attachment":[{"href":"https:\/\/acefootball.com\/da\/wp-json\/wp\/v2\/media?parent=245021"}],"wp:term":[{"taxonomy":"category","embeddable":true,"href":"https:\/\/acefootball.com\/da\/wp-json\/wp\/v2\/categories?post=245021"},{"taxonomy":"post_tag","embeddable":true,"href":"https:\/\/acefootball.com\/da\/wp-json\/wp\/v2\/tags?post=245021"}],"curies":[{"name":"wp","href":"https:\/\/api.w.org\/{rel}","templated":true}]}}