{"id":244974,"date":"2020-11-28T16:10:21","date_gmt":"2020-11-28T15:10:21","guid":{"rendered":"https:\/\/acefootball.com\/da\/?p=244974"},"modified":"2020-11-28T16:10:22","modified_gmt":"2020-11-28T15:10:22","slug":"et-lille-boost-fck-har-tre-store-profiler-tilbage-til-soenderjyske-moede","status":"publish","type":"post","link":"https:\/\/acefootball.com\/da\/fodboldnyheder\/et-lille-boost-fck-har-tre-store-profiler-tilbage-til-soenderjyske-moede\/","title":{"rendered":"Et lille boost: FCK har tre store profiler tilbage til S\u00f8nderjyskE-m\u00f8de"},"content":{"rendered":"\n<h2 id=\"h-fc-k-benhavn-har-f-et-lidt-af-et-boost-til-morgendagens-m-de-med-s-nderjyske-da-de-har-tre-normale-startere-tilbage-i-truppen\">FC K\u00f8benhavn har f\u00e5et lidt af et boost til morgendagens m\u00f8de med S\u00f8nderjyskE, da de har tre normale startere tilbage i truppen<\/h2>\n\n\n\n<div class=\"wp-block-si-widget wp-block-si-widget--center\"><si-lb-widget widget-id=\"MatchInfoWithOdds\" data-nopadding=\"true\" data-card=\"true\" width=\"440\" data-event-id=\"3389128\" data-provider=\"mrgreen\" data-theme-appearance=\"dark\"><\/si-lb-widget><\/div>\n\n\n\n<p>FC K\u00f8benhavn har f\u00e5et en meget skidt start i Superligaen under den nye tr\u00e6ner Jess Thorup, hvor det er blevet ti to nederlag i de f\u00f8rste to kampe.<\/p>\n\n\n\n<p>Derfor er det essentielt, at L\u00f8verne i morgen kan hive en sejr i land, n\u00e5r de skal p\u00e5 en meget sv\u00e6r udebane i Haderslev, hvor de m\u00f8der S\u00f8nderjyskE.<\/p>\n\n\n\n<p>Derfor er det meget h\u00e5rdt for holdet, at de m\u00e5 undv\u00e6re Jonas Wind, Victor Nelsson og Mikkel Kaufmann, der alle er testet positive for coronavirus.<\/p>\n\n\n\n<p>Heldigvis for hovedstadsklubben har de tre profiler tilbage i truppen i forhold til sidste kamp. Der er tale om anf\u00f8rer Carlos Zeca, kantspiller Viktor Fischer og midtbanemotor Jens Stage, hvilket m\u00e5 siges at v\u00e6re et boost.<\/p>\n\n\n\n<p><strong><a href=\"https:\/\/www.fck.dk\/nyhed\/truppen-mod-soenderjyske-40\" target=\"_blank\" rel=\"noreferrer noopener\">FC K\u00f8benhavn-truppen<\/a> mod S\u00f8nderjyskE:<\/strong><\/p>\n\n\n\n<p>Pierre Bengtsson<br>Jens Stage<br>Viktor Fischer<br>Nicolaj Thomsen<br>Kamil Wilczek<br>Carlos Zeca<br>Mohamed Daramy<br>Sten Grytebust<br>Pep Biel<br>Karlo Bartolec<br>Bryan Oviedo<br>Nicolai Boilesen<br>Karl-Johan Johnsson<br>Peter Ankersen<br>Robert Mudrazija<br>Mathias Zanka J\u00f8rgensen<br>Marios Oikonomou<br>Rasmus Falk<br>Victor Kristiansen<br>Valdemar Lund<\/p>\n","protected":false},"excerpt":{"rendered":"<p>FC K\u00f8benhavn har f\u00e5et lidt af et boost til morgendagens m\u00f8de med S\u00f8nderjyskE, da de har tre normale startere tilbage i truppen<\/p>\n","protected":false},"author":74,"featured_media":244975,"comment_status":"open","ping_status":"closed","sticky":false,"template":"","format":"standard","meta":{"om_disable_all_campaigns":false,"push_articles_ronaldo":{"active":false,"canonical":0,"publish":false},"force_updates":null},"categories":[1],"tags":[872,16,493,588,425],"enet_tags":{"player":["11798","528811","266526"],"team":["8391"],"league":["46"],"sport_events":[3389128]},"yoast_head":"<!-- This site is optimized with the Yoast SEO plugin v18.3 - https:\/\/yoast.com\/wordpress\/plugins\/seo\/ -->\n<title>Et lille boost: FCK har tre store profiler tilbage til S\u00f8nderjyskE-m\u00f8de<\/title>\n<meta name=\"description\" content=\"FC K\u00f8benhavn har f\u00e5et lidt af et boost til morgendagens m\u00f8de med S\u00f8nderjyskE, da de har tre normale startere tilbage i truppen\" \/>\n<meta name=\"robots\" content=\"index, follow, max-snippet:-1, max-image-preview:large, max-video-preview:-1\" \/>\n<link rel=\"canonical\" href=\"https:\/\/acefootball.com\/da\/fodboldnyheder\/et-lille-boost-fck-har-tre-store-profiler-tilbage-til-soenderjyske-moede\/\" \/>\n<meta property=\"og:locale\" content=\"en_US\" \/>\n<meta property=\"og:type\" content=\"article\" \/>\n<meta property=\"og:title\" content=\"Et lille boost: FCK har tre store profiler tilbage til S\u00f8nderjyskE-m\u00f8de\" \/>\n<meta property=\"og:description\" content=\"FC K\u00f8benhavn har f\u00e5et lidt af et boost til morgendagens m\u00f8de med S\u00f8nderjyskE, da de har tre normale startere tilbage i truppen\" \/>\n<meta property=\"og:url\" content=\"https:\/\/acefootball.com\/da\/fodboldnyheder\/et-lille-boost-fck-har-tre-store-profiler-tilbage-til-soenderjyske-moede\/\" \/>\n<meta property=\"og:site_name\" content=\"Ace Football Danmark\" \/>\n<meta property=\"article:publisher\" content=\"https:\/\/www.facebook.com\/acefootballdk\" \/>\n<meta property=\"article:published_time\" content=\"2020-11-28T15:10:21+00:00\" \/>\n<meta property=\"article:modified_time\" content=\"2020-11-28T15:10:22+00:00\" \/>\n<meta property=\"og:image\" content=\"https:\/\/acefootball.com\/da\/wp-content\/uploads\/sites\/2\/2020\/11\/FCK-1-7.jpg\" \/>\n\t<meta property=\"og:image:width\" content=\"1920\" \/>\n\t<meta property=\"og:image:height\" content=\"1008\" \/>\n\t<meta property=\"og:image:type\" content=\"image\/jpeg\" \/>\n<meta name=\"twitter:card\" content=\"summary_large_image\" \/>\n<meta name=\"twitter:label1\" content=\"Written by\" \/>\n\t<meta name=\"twitter:data1\" content=\"Patrick Hesselb\u00e6k\" \/>\n\t<meta name=\"twitter:label2\" content=\"Est. reading time\" \/>\n\t<meta name=\"twitter:data2\" content=\"1 minute\" \/>\n<script type=\"application\/ld+json\" class=\"yoast-schema-graph\">{\"@context\":\"https:\/\/schema.org\",\"@graph\":[{\"@type\":\"Organization\",\"@id\":\"https:\/\/acefootball.com\/da\/#organization\",\"name\":\"Ace Football\",\"url\":\"https:\/\/acefootball.com\/da\/\",\"sameAs\":[\"https:\/\/www.facebook.com\/acefootballdk\"],\"logo\":{\"@type\":\"ImageObject\",\"@id\":\"https:\/\/acefootball.com\/da\/#logo\",\"inLanguage\":\"en-US\",\"url\":\"https:\/\/acefootball.com\/da\/wp-content\/uploads\/sites\/2\/2020\/07\/Ace-Football-30-07-2020-2.png\",\"contentUrl\":\"https:\/\/acefootball.com\/da\/wp-content\/uploads\/sites\/2\/2020\/07\/Ace-Football-30-07-2020-2.png\",\"width\":1200,\"height\":600,\"caption\":\"Ace Football\"},\"image\":{\"@id\":\"https:\/\/acefootball.com\/da\/#logo\"}},{\"@type\":\"WebSite\",\"@id\":\"https:\/\/acefootball.com\/da\/#website\",\"url\":\"https:\/\/acefootball.com\/da\/\",\"name\":\"Ace Football Danmark\",\"description\":\"Nyheder, Spiltips &amp; Livescore\",\"publisher\":{\"@id\":\"https:\/\/acefootball.com\/da\/#organization\"},\"potentialAction\":[{\"@type\":\"SearchAction\",\"target\":{\"@type\":\"EntryPoint\",\"urlTemplate\":\"https:\/\/acefootball.com\/da\/?s={search_term_string}\"},\"query-input\":\"required name=search_term_string\"}],\"inLanguage\":\"en-US\"},{\"@type\":\"ImageObject\",\"@id\":\"https:\/\/acefootball.com\/da\/fodboldnyheder\/et-lille-boost-fck-har-tre-store-profiler-tilbage-til-soenderjyske-moede\/#primaryimage\",\"inLanguage\":\"en-US\",\"url\":\"https:\/\/acefootball.com\/da\/wp-content\/uploads\/sites\/2\/2020\/11\/FCK-1-7.jpg\",\"contentUrl\":\"https:\/\/acefootball.com\/da\/wp-content\/uploads\/sites\/2\/2020\/11\/FCK-1-7.jpg\",\"width\":1920,\"height\":1008},{\"@type\":\"WebPage\",\"@id\":\"https:\/\/acefootball.com\/da\/fodboldnyheder\/et-lille-boost-fck-har-tre-store-profiler-tilbage-til-soenderjyske-moede\/#webpage\",\"url\":\"https:\/\/acefootball.com\/da\/fodboldnyheder\/et-lille-boost-fck-har-tre-store-profiler-tilbage-til-soenderjyske-moede\/\",\"name\":\"Et lille boost: FCK har tre store profiler tilbage til S\u00f8nderjyskE-m\u00f8de\",\"isPartOf\":{\"@id\":\"https:\/\/acefootball.com\/da\/#website\"},\"primaryImageOfPage\":{\"@id\":\"https:\/\/acefootball.com\/da\/fodboldnyheder\/et-lille-boost-fck-har-tre-store-profiler-tilbage-til-soenderjyske-moede\/#primaryimage\"},\"datePublished\":\"2020-11-28T15:10:21+00:00\",\"dateModified\":\"2020-11-28T15:10:22+00:00\",\"description\":\"FC K\u00f8benhavn har f\u00e5et lidt af et boost til morgendagens m\u00f8de med S\u00f8nderjyskE, da de har tre normale startere tilbage i truppen\",\"breadcrumb\":{\"@id\":\"https:\/\/acefootball.com\/da\/fodboldnyheder\/et-lille-boost-fck-har-tre-store-profiler-tilbage-til-soenderjyske-moede\/#breadcrumb\"},\"inLanguage\":\"en-US\",\"potentialAction\":[{\"@type\":\"ReadAction\",\"target\":[\"https:\/\/acefootball.com\/da\/fodboldnyheder\/et-lille-boost-fck-har-tre-store-profiler-tilbage-til-soenderjyske-moede\/\"]}]},{\"@type\":\"BreadcrumbList\",\"@id\":\"https:\/\/acefootball.com\/da\/fodboldnyheder\/et-lille-boost-fck-har-tre-store-profiler-tilbage-til-soenderjyske-moede\/#breadcrumb\",\"itemListElement\":[{\"@type\":\"ListItem\",\"position\":1,\"name\":\"Home\",\"item\":\"https:\/\/acefootball.com\/da\/\"},{\"@type\":\"ListItem\",\"position\":2,\"name\":\"Et lille boost: FCK har tre store profiler tilbage til S\u00f8nderjyskE-m\u00f8de\"}]},{\"@type\":\"Article\",\"@id\":\"https:\/\/acefootball.com\/da\/fodboldnyheder\/et-lille-boost-fck-har-tre-store-profiler-tilbage-til-soenderjyske-moede\/#article\",\"isPartOf\":{\"@id\":\"https:\/\/acefootball.com\/da\/fodboldnyheder\/et-lille-boost-fck-har-tre-store-profiler-tilbage-til-soenderjyske-moede\/#webpage\"},\"author\":{\"@id\":\"https:\/\/acefootball.com\/da\/#\/schema\/person\/fd6223a1c033400b41da7853ddf88c84\"},\"headline\":\"Et lille boost: FCK har tre store profiler tilbage til S\u00f8nderjyskE-m\u00f8de\",\"datePublished\":\"2020-11-28T15:10:21+00:00\",\"dateModified\":\"2020-11-28T15:10:22+00:00\",\"mainEntityOfPage\":{\"@id\":\"https:\/\/acefootball.com\/da\/fodboldnyheder\/et-lille-boost-fck-har-tre-store-profiler-tilbage-til-soenderjyske-moede\/#webpage\"},\"wordCount\":198,\"commentCount\":0,\"publisher\":{\"@id\":\"https:\/\/acefootball.com\/da\/#organization\"},\"image\":{\"@id\":\"https:\/\/acefootball.com\/da\/fodboldnyheder\/et-lille-boost-fck-har-tre-store-profiler-tilbage-til-soenderjyske-moede\/#primaryimage\"},\"thumbnailUrl\":\"https:\/\/acefootball.com\/da\/wp-content\/uploads\/sites\/2\/2020\/11\/GettyImages-1189041565.jpg\",\"keywords\":[\"Carlos Zeca\",\"FC K\u00f8benhavn\",\"Jens Stage\",\"Superligaen\",\"Viktor Fischer\"],\"articleSection\":[\"Nyhed\"],\"inLanguage\":\"en-US\",\"potentialAction\":[{\"@type\":\"CommentAction\",\"name\":\"Comment\",\"target\":[\"https:\/\/acefootball.com\/da\/fodboldnyheder\/et-lille-boost-fck-har-tre-store-profiler-tilbage-til-soenderjyske-moede\/#respond\"]}]},{\"@type\":\"Person\",\"@id\":\"https:\/\/acefootball.com\/da\/#\/schema\/person\/fd6223a1c033400b41da7853ddf88c84\",\"name\":\"Patrick Hesselb\u00e6k\",\"image\":{\"@type\":\"ImageObject\",\"@id\":\"https:\/\/acefootball.com\/da\/#personlogo\",\"inLanguage\":\"en-US\",\"url\":\"https:\/\/secure.gravatar.com\/avatar\/7919060992759bffbffb199d6cbdce6f?s=96&d=mm&r=g\",\"contentUrl\":\"https:\/\/secure.gravatar.com\/avatar\/7919060992759bffbffb199d6cbdce6f?s=96&d=mm&r=g\",\"caption\":\"Patrick Hesselb\u00e6k\"},\"description\":\"Redakt\u00f8r p\u00e5 den danske Ace Football-redaktion. Uddannet i kommunikation fra Aalborg Universitet. Prim\u00e6rt fokus p\u00e5 den danske 3F Superliga og de st\u00f8rste europ\u00e6iske turneringer.\",\"sameAs\":[\"https:\/\/www.linkedin.com\/in\/patrick-hesselbk-2a4b1711a\/\"],\"url\":\"https:\/\/acefootball.com\/da\/fodboldnyheder\/author\/patrickhesselbaek\/\"}]}<\/script>\n<!-- \/ Yoast SEO plugin. -->","yoast_head_json":{"title":"Et lille boost: FCK har tre store profiler tilbage til S\u00f8nderjyskE-m\u00f8de","description":"FC K\u00f8benhavn har f\u00e5et lidt af et boost til morgendagens m\u00f8de med S\u00f8nderjyskE, da de har tre normale startere tilbage i truppen","robots":{"index":"index","follow":"follow","max-snippet":"max-snippet:-1","max-image-preview":"max-image-preview:large","max-video-preview":"max-video-preview:-1"},"canonical":"https:\/\/acefootball.com\/da\/fodboldnyheder\/et-lille-boost-fck-har-tre-store-profiler-tilbage-til-soenderjyske-moede\/","og_locale":"en_US","og_type":"article","og_title":"Et lille boost: FCK har tre store profiler tilbage til S\u00f8nderjyskE-m\u00f8de","og_description":"FC K\u00f8benhavn har f\u00e5et lidt af et boost til morgendagens m\u00f8de med S\u00f8nderjyskE, da de har tre normale startere tilbage i truppen","og_url":"https:\/\/acefootball.com\/da\/fodboldnyheder\/et-lille-boost-fck-har-tre-store-profiler-tilbage-til-soenderjyske-moede\/","og_site_name":"Ace Football Danmark","article_publisher":"https:\/\/www.facebook.com\/acefootballdk","article_published_time":"2020-11-28T15:10:21+00:00","article_modified_time":"2020-11-28T15:10:22+00:00","og_image":[{"width":1920,"height":1008,"url":"https:\/\/acefootball.com\/da\/wp-content\/uploads\/sites\/2\/2020\/11\/FCK-1-7.jpg","type":"image\/jpeg"}],"twitter_card":"summary_large_image","twitter_misc":{"Written by":"Patrick Hesselb\u00e6k","Est. reading time":"1 minute"},"schema":{"@context":"https:\/\/schema.org","@graph":[{"@type":"Organization","@id":"https:\/\/acefootball.com\/da\/#organization","name":"Ace Football","url":"https:\/\/acefootball.com\/da\/","sameAs":["https:\/\/www.facebook.com\/acefootballdk"],"logo":{"@type":"ImageObject","@id":"https:\/\/acefootball.com\/da\/#logo","inLanguage":"en-US","url":"https:\/\/acefootball.com\/da\/wp-content\/uploads\/sites\/2\/2020\/07\/Ace-Football-30-07-2020-2.png","contentUrl":"https:\/\/acefootball.com\/da\/wp-content\/uploads\/sites\/2\/2020\/07\/Ace-Football-30-07-2020-2.png","width":1200,"height":600,"caption":"Ace Football"},"image":{"@id":"https:\/\/acefootball.com\/da\/#logo"}},{"@type":"WebSite","@id":"https:\/\/acefootball.com\/da\/#website","url":"https:\/\/acefootball.com\/da\/","name":"Ace Football Danmark","description":"Nyheder, Spiltips &amp; Livescore","publisher":{"@id":"https:\/\/acefootball.com\/da\/#organization"},"potentialAction":[{"@type":"SearchAction","target":{"@type":"EntryPoint","urlTemplate":"https:\/\/acefootball.com\/da\/?s={search_term_string}"},"query-input":"required name=search_term_string"}],"inLanguage":"en-US"},{"@type":"ImageObject","@id":"https:\/\/acefootball.com\/da\/fodboldnyheder\/et-lille-boost-fck-har-tre-store-profiler-tilbage-til-soenderjyske-moede\/#primaryimage","inLanguage":"en-US","url":"https:\/\/acefootball.com\/da\/wp-content\/uploads\/sites\/2\/2020\/11\/FCK-1-7.jpg","contentUrl":"https:\/\/acefootball.com\/da\/wp-content\/uploads\/sites\/2\/2020\/11\/FCK-1-7.jpg","width":1920,"height":1008},{"@type":"WebPage","@id":"https:\/\/acefootball.com\/da\/fodboldnyheder\/et-lille-boost-fck-har-tre-store-profiler-tilbage-til-soenderjyske-moede\/#webpage","url":"https:\/\/acefootball.com\/da\/fodboldnyheder\/et-lille-boost-fck-har-tre-store-profiler-tilbage-til-soenderjyske-moede\/","name":"Et lille boost: FCK har tre store profiler tilbage til S\u00f8nderjyskE-m\u00f8de","isPartOf":{"@id":"https:\/\/acefootball.com\/da\/#website"},"primaryImageOfPage":{"@id":"https:\/\/acefootball.com\/da\/fodboldnyheder\/et-lille-boost-fck-har-tre-store-profiler-tilbage-til-soenderjyske-moede\/#primaryimage"},"datePublished":"2020-11-28T15:10:21+00:00","dateModified":"2020-11-28T15:10:22+00:00","description":"FC K\u00f8benhavn har f\u00e5et lidt af et boost til morgendagens m\u00f8de med S\u00f8nderjyskE, da de har tre normale startere tilbage i truppen","breadcrumb":{"@id":"https:\/\/acefootball.com\/da\/fodboldnyheder\/et-lille-boost-fck-har-tre-store-profiler-tilbage-til-soenderjyske-moede\/#breadcrumb"},"inLanguage":"en-US","potentialAction":[{"@type":"ReadAction","target":["https:\/\/acefootball.com\/da\/fodboldnyheder\/et-lille-boost-fck-har-tre-store-profiler-tilbage-til-soenderjyske-moede\/"]}]},{"@type":"BreadcrumbList","@id":"https:\/\/acefootball.com\/da\/fodboldnyheder\/et-lille-boost-fck-har-tre-store-profiler-tilbage-til-soenderjyske-moede\/#breadcrumb","itemListElement":[{"@type":"ListItem","position":1,"name":"Home","item":"https:\/\/acefootball.com\/da\/"},{"@type":"ListItem","position":2,"name":"Et lille boost: FCK har tre store profiler tilbage til S\u00f8nderjyskE-m\u00f8de"}]},{"@type":"Article","@id":"https:\/\/acefootball.com\/da\/fodboldnyheder\/et-lille-boost-fck-har-tre-store-profiler-tilbage-til-soenderjyske-moede\/#article","isPartOf":{"@id":"https:\/\/acefootball.com\/da\/fodboldnyheder\/et-lille-boost-fck-har-tre-store-profiler-tilbage-til-soenderjyske-moede\/#webpage"},"author":{"@id":"https:\/\/acefootball.com\/da\/#\/schema\/person\/fd6223a1c033400b41da7853ddf88c84"},"headline":"Et lille boost: FCK har tre store profiler tilbage til S\u00f8nderjyskE-m\u00f8de","datePublished":"2020-11-28T15:10:21+00:00","dateModified":"2020-11-28T15:10:22+00:00","mainEntityOfPage":{"@id":"https:\/\/acefootball.com\/da\/fodboldnyheder\/et-lille-boost-fck-har-tre-store-profiler-tilbage-til-soenderjyske-moede\/#webpage"},"wordCount":198,"commentCount":0,"publisher":{"@id":"https:\/\/acefootball.com\/da\/#organization"},"image":{"@id":"https:\/\/acefootball.com\/da\/fodboldnyheder\/et-lille-boost-fck-har-tre-store-profiler-tilbage-til-soenderjyske-moede\/#primaryimage"},"thumbnailUrl":"https:\/\/acefootball.com\/da\/wp-content\/uploads\/sites\/2\/2020\/11\/GettyImages-1189041565.jpg","keywords":["Carlos Zeca","FC K\u00f8benhavn","Jens Stage","Superligaen","Viktor Fischer"],"articleSection":["Nyhed"],"inLanguage":"en-US","potentialAction":[{"@type":"CommentAction","name":"Comment","target":["https:\/\/acefootball.com\/da\/fodboldnyheder\/et-lille-boost-fck-har-tre-store-profiler-tilbage-til-soenderjyske-moede\/#respond"]}]},{"@type":"Person","@id":"https:\/\/acefootball.com\/da\/#\/schema\/person\/fd6223a1c033400b41da7853ddf88c84","name":"Patrick Hesselb\u00e6k","image":{"@type":"ImageObject","@id":"https:\/\/acefootball.com\/da\/#personlogo","inLanguage":"en-US","url":"https:\/\/secure.gravatar.com\/avatar\/7919060992759bffbffb199d6cbdce6f?s=96&d=mm&r=g","contentUrl":"https:\/\/secure.gravatar.com\/avatar\/7919060992759bffbffb199d6cbdce6f?s=96&d=mm&r=g","caption":"Patrick Hesselb\u00e6k"},"description":"Redakt\u00f8r p\u00e5 den danske Ace Football-redaktion. Uddannet i kommunikation fra Aalborg Universitet. Prim\u00e6rt fokus p\u00e5 den danske 3F Superliga og de st\u00f8rste europ\u00e6iske turneringer.","sameAs":["https:\/\/www.linkedin.com\/in\/patrick-hesselbk-2a4b1711a\/"],"url":"https:\/\/acefootball.com\/da\/fodboldnyheder\/author\/patrickhesselbaek\/"}]}},"fimg_url":"https:\/\/acefootball.com\/da\/wp-content\/uploads\/sites\/2\/2020\/11\/GettyImages-1189041565.jpg","_links":{"self":[{"href":"https:\/\/acefootball.com\/da\/wp-json\/wp\/v2\/posts\/244974"}],"collection":[{"href":"https:\/\/acefootball.com\/da\/wp-json\/wp\/v2\/posts"}],"about":[{"href":"https:\/\/acefootball.com\/da\/wp-json\/wp\/v2\/types\/post"}],"author":[{"embeddable":true,"href":"https:\/\/acefootball.com\/da\/wp-json\/wp\/v2\/users\/74"}],"replies":[{"embeddable":true,"href":"https:\/\/acefootball.com\/da\/wp-json\/wp\/v2\/comments?post=244974"}],"version-history":[{"count":0,"href":"https:\/\/acefootball.com\/da\/wp-json\/wp\/v2\/posts\/244974\/revisions"}],"wp:featuredmedia":[{"embeddable":true,"href":"https:\/\/acefootball.com\/da\/wp-json\/wp\/v2\/media\/244975"}],"wp:attachment":[{"href":"https:\/\/acefootball.com\/da\/wp-json\/wp\/v2\/media?parent=244974"}],"wp:term":[{"taxonomy":"category","embeddable":true,"href":"https:\/\/acefootball.com\/da\/wp-json\/wp\/v2\/categories?post=244974"},{"taxonomy":"post_tag","embeddable":true,"href":"https:\/\/acefootball.com\/da\/wp-json\/wp\/v2\/tags?post=244974"}],"curies":[{"name":"wp","href":"https:\/\/api.w.org\/{rel}","templated":true}]}}